{"id":59348,"date":"2018-11-05T15:20:02","date_gmt":"2018-11-05T14:20:02","guid":{"rendered":"http:\/\/newsestlyonnais.fr\/site\/?p=59348"},"modified":"2018-11-05T15:27:22","modified_gmt":"2018-11-05T14:27:22","slug":"bron-les-manifestations-prevues-en-novembre-2018-sur-la-commune","status":"publish","type":"post","link":"https:\/\/newsestlyonnais.fr\/site\/2018\/11\/05\/bron-les-manifestations-prevues-en-novembre-2018-sur-la-commune\/","title":{"rendered":"BRON : Les manifestations pr\u00e9vues en novembre 2018 sur la commune"},"content":{"rendered":"<h4>Nombreux sont les \u00e9v\u00e8nements et manifestations qui se d\u00e9rouleront durant ce mois de novembre sur la commune, \u00e0 savoir :<\/h4>\n<ul>\n<li><strong>Jeudi 1\u00b0 Novembre \u00e0 11 H<\/strong>: <span style=\"text-decoration: underline\">C\u00e9r\u00e9monie de la Toussaint<\/span>. (Cimeti\u00e8re communal)<\/li>\n<li><strong>Mardi 6 Novembre<\/strong> : <span style=\"text-decoration: underline\">Mission Centenaire<\/span> <strong>\u00e0 18 H 30<\/strong> : <span style=\"text-decoration: underline\">Vernissage de l\u2019exposition de photos 3D<\/span>. \u201cHommes de la Grande Guerre\u201d. Ouverture publique avec les jeunes du Centre social G\u00e9rard Philippe. (M\u00e9diath\u00e8que Jean Pr\u00e9vost) <strong>&amp; \u00e0 19 H 30<\/strong> : <span style=\"text-decoration: underline\">Projection-Rencontre \u201cL\u2019h\u00e9ritage de la Grande Guerre\u201d,<\/span> avec Sylvie Cozzolino et le Pharmacien G\u00e9n\u00e9ral Inspecteur Yves Lemontey. (M\u00e9diath\u00e8que Jean Pr\u00e9vost).<\/li>\n<li><strong>Mercredi 7 Novembre<\/strong> : <span style=\"text-decoration: underline\">Mission Centenaire<\/span> <strong>\u00e0 12 H 30<\/strong> : Rendez-vous du midi avec un concert des musiciens de l\u2019Harmonie La Glaneuse. (M\u00e9diath\u00e8que Jean Pr\u00e9vost).<\/li>\n<li><strong>Jeudi 8 Novembre \u00e0 19 H<\/strong> : \u201cLes Belles Rencontres de la M\u00e9tropole\u201d. (Espace Albert Camus).<\/li>\n<li><strong>Samedi 10<\/strong> <strong>Novembre : <\/strong><span style=\"text-decoration: underline\">Mission Centenaire<\/span> <strong>\u00e0 16 H<\/strong> :<span style=\"text-decoration: underline\"> Conf\u00e9rence th\u00e9\u00e2tralis\u00e9e<\/span>. \u201cLa guerre qui lie, d\u00e9lie et<br \/>\nrelie : hommes et femmes dans la guerre\u201d par la Cie Cassandre et l\u2019historienne Caroline Muller. (M\u00e9diath\u00e8que Jean Pr\u00e9vost).<\/li>\n<li><strong>Dimanche 11<\/strong> <strong>Novembre : <\/strong><span style=\"text-decoration: underline\">Mission Centenaire<\/span> <strong>\u00e0 10 H<\/strong>: <span style=\"text-decoration: underline\">100\u00b0 comm\u00e9moration de l\u2019Armistice de 1918.<\/span> (Cimeti\u00e8re communal) <strong>&amp; \u00e0 16 H 30<\/strong> : <span style=\"text-decoration: underline\">Remise des r\u00e9compenses du Concours de Tir \u00e0 l\u2019arc<\/span> de l\u2019Arc club de Bron. (Gymnase Boulloche).<\/li>\n<li><strong>Mardi 13 Novembre \u00e0 18 H <\/strong>: <span style=\"text-decoration: underline\">2 \u00b0 Rencontres des acteurs \u00e9conomiques de Bron<\/span> sur le th\u00e8me \u201cEntreprendre et apprendre sur le territoire de Bron\u201d. (Campus de l\u2019Universit\u00e9 Lyon 2).<\/li>\n<li><strong>Mercredi 14 Novembre \u00e0 14 H<\/strong> : <span style=\"text-decoration: underline\">Rencontre nationale \u201cLa Culture se redessine dans les quartiers\u201d<\/span> organis\u00e9e<br \/>\ndans le cadre des \u201c40 ans de la Politique de la Ville\u201d. (Auditorium de Lyon) <strong>&amp; \u00e0 19 H<\/strong> : <span style=\"text-decoration: underline\">Assembl\u00e9e G\u00e9n\u00e9rale de l\u2019 Amicale La\u00efque de Bron<\/span>. (salle Guy Duboeuf).<\/li>\n<li><strong>Jeudi 15 Novembre : <\/strong><span style=\"text-decoration: underline\">Mission Centenaire<\/span> : <strong>\u00e0 20 H<\/strong> : <span style=\"text-decoration: underline\">Projection du film \u201cLes Gardiennes\u201d<\/span>. (cin\u00e9ma Les Aliz\u00e9s).<\/li>\n<li><strong>Vendredi 16 Novembre \u00e0 19 H<\/strong> : <span style=\"text-decoration: underline\">F\u00eate des Sports<\/span>. (Espace Albert Camus).<\/li>\n<li><strong>Samedi 17 Novembre de 11 H \u00e0 18 H<\/strong> : <span style=\"text-decoration: underline\">Prix litt\u00e9raire des Gen\u00eats<\/span>. (Biblioth\u00e8que des Gen\u00eats). <span style=\"text-decoration: underline\">Mission Centenaire<\/span> <strong>\u00e0 14 H 30<\/strong> : <span style=\"text-decoration: underline\">Atelier \u201cAdos \u00e0 Gogo\u201c<\/span>&#8211; Jeux vid\u00e9os \u00e9ducatifs avec un intervenant sur la Guerre 14\/18. (M\u00e9diath\u00e8que Jean Pr\u00e9vost).<\/li>\n<li><strong>Mardi 20 Novembre \u00e0 18 H 30<\/strong> : <span style=\"text-decoration: underline\">Assembl\u00e9e de Quartier \u201cReims\/Curial\/Saint Jean<\/span>\u201d. (salle Cosmos).<\/li>\n<li><strong>Mercredi 21 Novembre \u00e0 18 H 30<\/strong> : <span style=\"text-decoration: underline\">\u201cQuinzaine de la Solidarit\u00e9\u201d, th\u00e9\u00e2tre \u201cLes copains d\u2019en bas\u201d.<\/span> (Coll\u00e8ge Th\u00e9odore Monod) <strong>&amp; \u00e0 20 H<\/strong> : <span style=\"text-decoration: underline\">Projection du film : \u201cJusqu\u2019\u00e0 La Garde\u201d<\/span> de Xavier Legrand et d\u00e9bat \u00e0 l\u2019occasion<br \/>\nde la Journ\u00e9e internationale pour l\u2019\u00e9limination de la violence \u00e0 l\u2019\u00e9gard des femmes. (Cin\u00e9ma Les Aliz\u00e9s).<\/li>\n<li><strong>Vendredi 23 Novembre \u00e0 20 H<\/strong> : <span style=\"text-decoration: underline\">\u201cQuinzaine de la Solidarit\u00e9\u201d<\/span>, projection du film-documentaire \u201cBenvenuti\u201d. (Cin\u00e9ma Les Aliz\u00e9s).<\/li>\n<li><strong>Samedi 24 Novembre \u00e0 11 H<\/strong>: \u201c<span style=\"text-decoration: underline\">Quinzaine de la Solidarit\u00e9\u201d<\/span>, plantation del\u2019arbre des solidarit\u00e9s. (place Gaillard-Romanet) <strong>&amp; \u00e0 18 H:<\/strong> <span style=\"text-decoration: underline\">Concert de la Sainte C\u00e9cile<\/span>. (Espace Albert Camus).<\/li>\n<li><strong>Mardi 27 Novembre \u00e0 11 H<\/strong>: <span style=\"text-decoration: underline\">Inauguration de la r\u00e9sidence Roosevelt-ADOMA<\/span> <strong>&amp; \u00e0 18 H<\/strong>: <span style=\"text-decoration: underline\">Rencontres des Savoirs \u201cFemmes et hommes dans la ville, une question de genre ?<\/span>\u201d. (M\u00e9diath\u00e8que Jean-Pr\u00e9vost).<\/li>\n<li><strong>Mercredi 28 Novembre \u00e0 13 H 30<\/strong> :<span style=\"text-decoration: underline\"> 29\u00b0 anniversaire de la Convention Internationale des Droits de l\u2019Enfant.<\/span> (H\u00f4tel de Ville) <strong>&amp; \u00e0 18 H 30<\/strong> &#8211; <span style=\"text-decoration: underline\">\u201cQuinzaine de la Solidarit\u00e9\u201d<\/span>, conf\u00e9rence \u201cQuelles nouvelles<br \/>\nsolidarit\u00e9s ?\u201d. (M\u00e9diath\u00e8que Jean Pr\u00e9vost).<\/li>\n<li><strong>Jeudi 29 Novembre \u00e0 18 H 30<\/strong>: <span style=\"text-decoration: underline\">Assembl\u00e9e de Quartier de Parilly<\/span> (salle Galaxie).<\/li>\n<\/ul>\n<h4><strong>L\u2019ACTU de la commune est \u00e0 retrouver sur : <a href=\"https:\/\/www.ville-bron.fr\" target=\"_blank\" rel=\"noopener\">https:\/\/www.ville-bron.fr<\/a><\/strong><\/h4>\n","protected":false},"excerpt":{"rendered":"<p>Nombreux sont les \u00e9v\u00e8nements et manifestations qui se d\u00e9rouleront durant ce mois de novembre sur la commune, \u00e0 savoir : Jeudi 1\u00b0 Novembre \u00e0 11 H: C\u00e9r\u00e9monie de la Toussaint. (Cimeti\u00e8re communal) Mardi 6 Novembre : Mission Centenaire \u00e0 18 H 30 : Vernissage de l\u2019exposition de photos 3D. \u201cHommes de la Grande Guerre\u201d. Ouverture [&hellip;]<\/p>\n","protected":false},"author":4,"featured_media":10549,"comment_status":"open","ping_status":"open","sticky":false,"template":"","format":"standard","meta":{"footnotes":""},"categories":[30,19],"tags":[],"class_list":["post-59348","post","type-post","status-publish","format-standard","has-post-thumbnail","hentry","category-a-la-une","category-bron"],"yoast_head":"<!-- This site is optimized with the Yoast SEO plugin v27.2 - https:\/\/yoast.com\/product\/yoast-seo-wordpress\/ -->\n<title>BRON : Les manifestations pr\u00e9vues en novembre 2018 sur la commune<\/title>\n<meta name=\"description\" content=\"BRON : Les manifestations pr\u00e9vues en novembre 2018 sur la commune\" \/>\n<meta name=\"robots\" content=\"index, follow, max-snippet:-1, max-image-preview:large, max-video-preview:-1\" \/>\n<link rel=\"canonical\" href=\"https:\/\/newsestlyonnais.fr\/site\/2018\/11\/05\/bron-les-manifestations-prevues-en-novembre-2018-sur-la-commune\/\" \/>\n<meta property=\"og:locale\" content=\"fr_FR\" \/>\n<meta property=\"og:type\" content=\"article\" \/>\n<meta property=\"og:title\" content=\"BRON : Les manifestations pr\u00e9vues en novembre 2018 sur la commune\" \/>\n<meta property=\"og:description\" content=\"BRON : Les manifestations pr\u00e9vues en novembre 2018 sur la commune\" \/>\n<meta property=\"og:url\" content=\"https:\/\/newsestlyonnais.fr\/site\/2018\/11\/05\/bron-les-manifestations-prevues-en-novembre-2018-sur-la-commune\/\" \/>\n<meta property=\"og:site_name\" content=\"News Est Lyonnais\" \/>\n<meta property=\"article:author\" content=\"https:\/\/www.facebook.com\/pascal.oberson.1?fref=ts\" \/>\n<meta property=\"article:published_time\" content=\"2018-11-05T14:20:02+00:00\" \/>\n<meta property=\"article:modified_time\" content=\"2018-11-05T14:27:22+00:00\" \/>\n<meta property=\"og:image\" content=\"https:\/\/i2.wp.com\/newsestlyonnais.fr\/site\/wp-content\/uploads\/2016\/07\/NEWSESTLYONNAIS-PANNEAUBRON.jpg?fit=1000%2C750&ssl=1\" \/>\n\t<meta property=\"og:image:width\" content=\"1000\" \/>\n\t<meta property=\"og:image:height\" content=\"750\" \/>\n\t<meta property=\"og:image:type\" content=\"image\/jpeg\" \/>\n<meta name=\"author\" content=\"R\u00e9dac. NEWS\" \/>\n<meta name=\"twitter:card\" content=\"summary_large_image\" \/>\n<meta name=\"twitter:label1\" content=\"\u00c9crit par\" \/>\n\t<meta name=\"twitter:data1\" content=\"R\u00e9dac. NEWS\" \/>\n\t<meta name=\"twitter:label2\" content=\"Dur\u00e9e de lecture estim\u00e9e\" \/>\n\t<meta name=\"twitter:data2\" content=\"3 minutes\" \/>\n<script type=\"application\/ld+json\" class=\"yoast-schema-graph\">{\"@context\":\"https:\/\/schema.org\",\"@graph\":[{\"@type\":\"Article\",\"@id\":\"https:\/\/newsestlyonnais.fr\/site\/2018\/11\/05\/bron-les-manifestations-prevues-en-novembre-2018-sur-la-commune\/#article\",\"isPartOf\":{\"@id\":\"https:\/\/newsestlyonnais.fr\/site\/2018\/11\/05\/bron-les-manifestations-prevues-en-novembre-2018-sur-la-commune\/\"},\"author\":{\"name\":\"R\u00e9dac. NEWS\",\"@id\":\"https:\/\/newsestlyonnais.fr\/site\/#\/schema\/person\/3230d5615f390bb808365d673001e887\"},\"headline\":\"BRON : Les manifestations pr\u00e9vues en novembre 2018 sur la commune\",\"datePublished\":\"2018-11-05T14:20:02+00:00\",\"dateModified\":\"2018-11-05T14:27:22+00:00\",\"mainEntityOfPage\":{\"@id\":\"https:\/\/newsestlyonnais.fr\/site\/2018\/11\/05\/bron-les-manifestations-prevues-en-novembre-2018-sur-la-commune\/\"},\"wordCount\":547,\"commentCount\":0,\"publisher\":{\"@id\":\"https:\/\/newsestlyonnais.fr\/site\/#organization\"},\"image\":{\"@id\":\"https:\/\/newsestlyonnais.fr\/site\/2018\/11\/05\/bron-les-manifestations-prevues-en-novembre-2018-sur-la-commune\/#primaryimage\"},\"thumbnailUrl\":\"https:\/\/newsestlyonnais.fr\/site\/wp-content\/uploads\/2016\/07\/NEWSESTLYONNAIS-PANNEAUBRON.jpg\",\"articleSection\":[\"\u00e0 la une\",\"Bron\"],\"inLanguage\":\"fr-FR\",\"potentialAction\":[{\"@type\":\"CommentAction\",\"name\":\"Comment\",\"target\":[\"https:\/\/newsestlyonnais.fr\/site\/2018\/11\/05\/bron-les-manifestations-prevues-en-novembre-2018-sur-la-commune\/#respond\"]}]},{\"@type\":\"WebPage\",\"@id\":\"https:\/\/newsestlyonnais.fr\/site\/2018\/11\/05\/bron-les-manifestations-prevues-en-novembre-2018-sur-la-commune\/\",\"url\":\"https:\/\/newsestlyonnais.fr\/site\/2018\/11\/05\/bron-les-manifestations-prevues-en-novembre-2018-sur-la-commune\/\",\"name\":\"BRON : Les manifestations pr\u00e9vues en novembre 2018 sur la commune\",\"isPartOf\":{\"@id\":\"https:\/\/newsestlyonnais.fr\/site\/#website\"},\"primaryImageOfPage\":{\"@id\":\"https:\/\/newsestlyonnais.fr\/site\/2018\/11\/05\/bron-les-manifestations-prevues-en-novembre-2018-sur-la-commune\/#primaryimage\"},\"image\":{\"@id\":\"https:\/\/newsestlyonnais.fr\/site\/2018\/11\/05\/bron-les-manifestations-prevues-en-novembre-2018-sur-la-commune\/#primaryimage\"},\"thumbnailUrl\":\"https:\/\/newsestlyonnais.fr\/site\/wp-content\/uploads\/2016\/07\/NEWSESTLYONNAIS-PANNEAUBRON.jpg\",\"datePublished\":\"2018-11-05T14:20:02+00:00\",\"dateModified\":\"2018-11-05T14:27:22+00:00\",\"description\":\"BRON : Les manifestations pr\u00e9vues en novembre 2018 sur la commune\",\"breadcrumb\":{\"@id\":\"https:\/\/newsestlyonnais.fr\/site\/2018\/11\/05\/bron-les-manifestations-prevues-en-novembre-2018-sur-la-commune\/#breadcrumb\"},\"inLanguage\":\"fr-FR\",\"potentialAction\":[{\"@type\":\"ReadAction\",\"target\":[\"https:\/\/newsestlyonnais.fr\/site\/2018\/11\/05\/bron-les-manifestations-prevues-en-novembre-2018-sur-la-commune\/\"]}]},{\"@type\":\"ImageObject\",\"inLanguage\":\"fr-FR\",\"@id\":\"https:\/\/newsestlyonnais.fr\/site\/2018\/11\/05\/bron-les-manifestations-prevues-en-novembre-2018-sur-la-commune\/#primaryimage\",\"url\":\"https:\/\/newsestlyonnais.fr\/site\/wp-content\/uploads\/2016\/07\/NEWSESTLYONNAIS-PANNEAUBRON.jpg\",\"contentUrl\":\"https:\/\/newsestlyonnais.fr\/site\/wp-content\/uploads\/2016\/07\/NEWSESTLYONNAIS-PANNEAUBRON.jpg\",\"width\":1000,\"height\":750,\"caption\":\"NEWSESTLYONNAIS - PANNEAUBRON\"},{\"@type\":\"BreadcrumbList\",\"@id\":\"https:\/\/newsestlyonnais.fr\/site\/2018\/11\/05\/bron-les-manifestations-prevues-en-novembre-2018-sur-la-commune\/#breadcrumb\",\"itemListElement\":[{\"@type\":\"ListItem\",\"position\":1,\"name\":\"Accueil\",\"item\":\"https:\/\/newsestlyonnais.fr\/site\/\"},{\"@type\":\"ListItem\",\"position\":2,\"name\":\"BRON : Les manifestations pr\u00e9vues en novembre 2018 sur la commune\"}]},{\"@type\":\"WebSite\",\"@id\":\"https:\/\/newsestlyonnais.fr\/site\/#website\",\"url\":\"https:\/\/newsestlyonnais.fr\/site\/\",\"name\":\"News Est Lyonnais\",\"description\":\"L&#039;actualit\u00e9 au plus pr\u00e8s\",\"publisher\":{\"@id\":\"https:\/\/newsestlyonnais.fr\/site\/#organization\"},\"potentialAction\":[{\"@type\":\"SearchAction\",\"target\":{\"@type\":\"EntryPoint\",\"urlTemplate\":\"https:\/\/newsestlyonnais.fr\/site\/?s={search_term_string}\"},\"query-input\":{\"@type\":\"PropertyValueSpecification\",\"valueRequired\":true,\"valueName\":\"search_term_string\"}}],\"inLanguage\":\"fr-FR\"},{\"@type\":\"Organization\",\"@id\":\"https:\/\/newsestlyonnais.fr\/site\/#organization\",\"name\":\"News EST LYONNAIS\",\"url\":\"https:\/\/newsestlyonnais.fr\/site\/\",\"logo\":{\"@type\":\"ImageObject\",\"inLanguage\":\"fr-FR\",\"@id\":\"https:\/\/newsestlyonnais.fr\/site\/#\/schema\/logo\/image\/\",\"url\":\"\",\"contentUrl\":\"\",\"caption\":\"News EST LYONNAIS\"},\"image\":{\"@id\":\"https:\/\/newsestlyonnais.fr\/site\/#\/schema\/logo\/image\/\"}},{\"@type\":\"Person\",\"@id\":\"https:\/\/newsestlyonnais.fr\/site\/#\/schema\/person\/3230d5615f390bb808365d673001e887\",\"name\":\"R\u00e9dac. NEWS\",\"sameAs\":[\"http:\/\/www.newsestlyonnais.fr\",\"https:\/\/www.facebook.com\/pascal.oberson.1?fref=ts\",\"https:\/\/fr.linkedin.com\/in\/pascal-oberson-b17045113\"],\"url\":\"https:\/\/newsestlyonnais.fr\/site\/author\/nel\/\"}]}<\/script>\n<!-- \/ Yoast SEO plugin. -->","yoast_head_json":{"title":"BRON : Les manifestations pr\u00e9vues en novembre 2018 sur la commune","description":"BRON : Les manifestations pr\u00e9vues en novembre 2018 sur la commune","robots":{"index":"index","follow":"follow","max-snippet":"max-snippet:-1","max-image-preview":"max-image-preview:large","max-video-preview":"max-video-preview:-1"},"canonical":"https:\/\/newsestlyonnais.fr\/site\/2018\/11\/05\/bron-les-manifestations-prevues-en-novembre-2018-sur-la-commune\/","og_locale":"fr_FR","og_type":"article","og_title":"BRON : Les manifestations pr\u00e9vues en novembre 2018 sur la commune","og_description":"BRON : Les manifestations pr\u00e9vues en novembre 2018 sur la commune","og_url":"https:\/\/newsestlyonnais.fr\/site\/2018\/11\/05\/bron-les-manifestations-prevues-en-novembre-2018-sur-la-commune\/","og_site_name":"News Est Lyonnais","article_author":"https:\/\/www.facebook.com\/pascal.oberson.1?fref=ts","article_published_time":"2018-11-05T14:20:02+00:00","article_modified_time":"2018-11-05T14:27:22+00:00","og_image":[{"width":1000,"height":750,"url":"https:\/\/i2.wp.com\/newsestlyonnais.fr\/site\/wp-content\/uploads\/2016\/07\/NEWSESTLYONNAIS-PANNEAUBRON.jpg?fit=1000%2C750&ssl=1","type":"image\/jpeg"}],"author":"R\u00e9dac. NEWS","twitter_card":"summary_large_image","twitter_misc":{"\u00c9crit par":"R\u00e9dac. NEWS","Dur\u00e9e de lecture estim\u00e9e":"3 minutes"},"schema":{"@context":"https:\/\/schema.org","@graph":[{"@type":"Article","@id":"https:\/\/newsestlyonnais.fr\/site\/2018\/11\/05\/bron-les-manifestations-prevues-en-novembre-2018-sur-la-commune\/#article","isPartOf":{"@id":"https:\/\/newsestlyonnais.fr\/site\/2018\/11\/05\/bron-les-manifestations-prevues-en-novembre-2018-sur-la-commune\/"},"author":{"name":"R\u00e9dac. NEWS","@id":"https:\/\/newsestlyonnais.fr\/site\/#\/schema\/person\/3230d5615f390bb808365d673001e887"},"headline":"BRON : Les manifestations pr\u00e9vues en novembre 2018 sur la commune","datePublished":"2018-11-05T14:20:02+00:00","dateModified":"2018-11-05T14:27:22+00:00","mainEntityOfPage":{"@id":"https:\/\/newsestlyonnais.fr\/site\/2018\/11\/05\/bron-les-manifestations-prevues-en-novembre-2018-sur-la-commune\/"},"wordCount":547,"commentCount":0,"publisher":{"@id":"https:\/\/newsestlyonnais.fr\/site\/#organization"},"image":{"@id":"https:\/\/newsestlyonnais.fr\/site\/2018\/11\/05\/bron-les-manifestations-prevues-en-novembre-2018-sur-la-commune\/#primaryimage"},"thumbnailUrl":"https:\/\/newsestlyonnais.fr\/site\/wp-content\/uploads\/2016\/07\/NEWSESTLYONNAIS-PANNEAUBRON.jpg","articleSection":["\u00e0 la une","Bron"],"inLanguage":"fr-FR","potentialAction":[{"@type":"CommentAction","name":"Comment","target":["https:\/\/newsestlyonnais.fr\/site\/2018\/11\/05\/bron-les-manifestations-prevues-en-novembre-2018-sur-la-commune\/#respond"]}]},{"@type":"WebPage","@id":"https:\/\/newsestlyonnais.fr\/site\/2018\/11\/05\/bron-les-manifestations-prevues-en-novembre-2018-sur-la-commune\/","url":"https:\/\/newsestlyonnais.fr\/site\/2018\/11\/05\/bron-les-manifestations-prevues-en-novembre-2018-sur-la-commune\/","name":"BRON : Les manifestations pr\u00e9vues en novembre 2018 sur la commune","isPartOf":{"@id":"https:\/\/newsestlyonnais.fr\/site\/#website"},"primaryImageOfPage":{"@id":"https:\/\/newsestlyonnais.fr\/site\/2018\/11\/05\/bron-les-manifestations-prevues-en-novembre-2018-sur-la-commune\/#primaryimage"},"image":{"@id":"https:\/\/newsestlyonnais.fr\/site\/2018\/11\/05\/bron-les-manifestations-prevues-en-novembre-2018-sur-la-commune\/#primaryimage"},"thumbnailUrl":"https:\/\/newsestlyonnais.fr\/site\/wp-content\/uploads\/2016\/07\/NEWSESTLYONNAIS-PANNEAUBRON.jpg","datePublished":"2018-11-05T14:20:02+00:00","dateModified":"2018-11-05T14:27:22+00:00","description":"BRON : Les manifestations pr\u00e9vues en novembre 2018 sur la commune","breadcrumb":{"@id":"https:\/\/newsestlyonnais.fr\/site\/2018\/11\/05\/bron-les-manifestations-prevues-en-novembre-2018-sur-la-commune\/#breadcrumb"},"inLanguage":"fr-FR","potentialAction":[{"@type":"ReadAction","target":["https:\/\/newsestlyonnais.fr\/site\/2018\/11\/05\/bron-les-manifestations-prevues-en-novembre-2018-sur-la-commune\/"]}]},{"@type":"ImageObject","inLanguage":"fr-FR","@id":"https:\/\/newsestlyonnais.fr\/site\/2018\/11\/05\/bron-les-manifestations-prevues-en-novembre-2018-sur-la-commune\/#primaryimage","url":"https:\/\/newsestlyonnais.fr\/site\/wp-content\/uploads\/2016\/07\/NEWSESTLYONNAIS-PANNEAUBRON.jpg","contentUrl":"https:\/\/newsestlyonnais.fr\/site\/wp-content\/uploads\/2016\/07\/NEWSESTLYONNAIS-PANNEAUBRON.jpg","width":1000,"height":750,"caption":"NEWSESTLYONNAIS - PANNEAUBRON"},{"@type":"BreadcrumbList","@id":"https:\/\/newsestlyonnais.fr\/site\/2018\/11\/05\/bron-les-manifestations-prevues-en-novembre-2018-sur-la-commune\/#breadcrumb","itemListElement":[{"@type":"ListItem","position":1,"name":"Accueil","item":"https:\/\/newsestlyonnais.fr\/site\/"},{"@type":"ListItem","position":2,"name":"BRON : Les manifestations pr\u00e9vues en novembre 2018 sur la commune"}]},{"@type":"WebSite","@id":"https:\/\/newsestlyonnais.fr\/site\/#website","url":"https:\/\/newsestlyonnais.fr\/site\/","name":"News Est Lyonnais","description":"L&#039;actualit\u00e9 au plus pr\u00e8s","publisher":{"@id":"https:\/\/newsestlyonnais.fr\/site\/#organization"},"potentialAction":[{"@type":"SearchAction","target":{"@type":"EntryPoint","urlTemplate":"https:\/\/newsestlyonnais.fr\/site\/?s={search_term_string}"},"query-input":{"@type":"PropertyValueSpecification","valueRequired":true,"valueName":"search_term_string"}}],"inLanguage":"fr-FR"},{"@type":"Organization","@id":"https:\/\/newsestlyonnais.fr\/site\/#organization","name":"News EST LYONNAIS","url":"https:\/\/newsestlyonnais.fr\/site\/","logo":{"@type":"ImageObject","inLanguage":"fr-FR","@id":"https:\/\/newsestlyonnais.fr\/site\/#\/schema\/logo\/image\/","url":"","contentUrl":"","caption":"News EST LYONNAIS"},"image":{"@id":"https:\/\/newsestlyonnais.fr\/site\/#\/schema\/logo\/image\/"}},{"@type":"Person","@id":"https:\/\/newsestlyonnais.fr\/site\/#\/schema\/person\/3230d5615f390bb808365d673001e887","name":"R\u00e9dac. NEWS","sameAs":["http:\/\/www.newsestlyonnais.fr","https:\/\/www.facebook.com\/pascal.oberson.1?fref=ts","https:\/\/fr.linkedin.com\/in\/pascal-oberson-b17045113"],"url":"https:\/\/newsestlyonnais.fr\/site\/author\/nel\/"}]}},"_links":{"self":[{"href":"https:\/\/newsestlyonnais.fr\/site\/wp-json\/wp\/v2\/posts\/59348","targetHints":{"allow":["GET"]}}],"collection":[{"href":"https:\/\/newsestlyonnais.fr\/site\/wp-json\/wp\/v2\/posts"}],"about":[{"href":"https:\/\/newsestlyonnais.fr\/site\/wp-json\/wp\/v2\/types\/post"}],"author":[{"embeddable":true,"href":"https:\/\/newsestlyonnais.fr\/site\/wp-json\/wp\/v2\/users\/4"}],"replies":[{"embeddable":true,"href":"https:\/\/newsestlyonnais.fr\/site\/wp-json\/wp\/v2\/comments?post=59348"}],"version-history":[{"count":0,"href":"https:\/\/newsestlyonnais.fr\/site\/wp-json\/wp\/v2\/posts\/59348\/revisions"}],"wp:featuredmedia":[{"embeddable":true,"href":"https:\/\/newsestlyonnais.fr\/site\/wp-json\/wp\/v2\/media\/10549"}],"wp:attachment":[{"href":"https:\/\/newsestlyonnais.fr\/site\/wp-json\/wp\/v2\/media?parent=59348"}],"wp:term":[{"taxonomy":"category","embeddable":true,"href":"https:\/\/newsestlyonnais.fr\/site\/wp-json\/wp\/v2\/categories?post=59348"},{"taxonomy":"post_tag","embeddable":true,"href":"https:\/\/newsestlyonnais.fr\/site\/wp-json\/wp\/v2\/tags?post=59348"}],"curies":[{"name":"wp","href":"https:\/\/api.w.org\/{rel}","templated":true}]}}