{"id":59598,"date":"2018-11-05T17:49:03","date_gmt":"2018-11-05T16:49:03","guid":{"rendered":"http:\/\/newsestlyonnais.fr\/site\/?p=59598"},"modified":"2020-11-07T08:24:51","modified_gmt":"2020-11-07T07:24:51","slug":"saint-priest-les-evenements-de-la-premiere-quinzaine-de-novembre-2018","status":"publish","type":"post","link":"https:\/\/newsestlyonnais.fr\/site\/2018\/11\/05\/saint-priest-les-evenements-de-la-premiere-quinzaine-de-novembre-2018\/","title":{"rendered":"SAINT-PRIEST | Les \u00e9v\u00e9nements de la premi\u00e8re quinzaine de Novembre 2018"},"content":{"rendered":"<h4>De nombreux \u00e9v\u00e8nements et manifestations se d\u00e9rouleront sur la commune durant cette p\u00e9riode, \u00e0 savoir :<\/h4>\n<ul>\n<li><strong>Lundi 5 novembre \u00e0 18 h 30<\/strong> : <span style=\"text-decoration: underline\">Assembl\u00e9e de quartier Plaine de Sayhte\/Bel Air<\/span>. (MJC Jean Cocteau).<\/li>\n<li><strong>Mardi 6 novembre de 10 h \u00e0 11 h 30<\/strong>: <span style=\"text-decoration: underline\">D\u00e9couverte de l&rsquo;informatique et internet<\/span>, tests (Cyberbase), <strong>\u00e0 17 h 30<\/strong> :\u00a0 Comit\u00e9 de lecture des ados P\u00f4le jeunesse.(M\u00e9diath\u00e8que) <strong>&amp; \u00e0 19 h<\/strong> : <span style=\"text-decoration: underline\">Lecture-spectacle musicalis\u00e9e \u00ab\u00a0Le grand vacarme\u00a0\u00bb<\/span>. (Artoth\u00e8que).<\/li>\n<li><strong>A partir du 6 novembre<\/strong> : Grande exposition dans le cadre de l&rsquo;illustration : Julie Lannes et le bestiaire transg\u00e9nique au secteur jeunesse de la m\u00e9diath\u00e8que<\/li>\n<li><strong>Mercredi 7 novembre de 10 h 15 \u00e0 10 h 30<\/strong> : <span style=\"text-decoration: underline\">S\u00e9ance de contes pour les enfants de 3 \u00e0 5 ans<\/span>. <strong>&amp; de 10 h 45 \u00e0 11 h 15<\/strong> : <span style=\"text-decoration: underline\">pour les enfants de 6 \u00e0 8 ans<\/span>. (Secteur jeunsesse-m\u00e9diath\u00e8que), <strong>\u00e0 11 H <\/strong>: Inauguration du CAMSP. (20, rue Edmond Rostand), de <strong>18 h 30 \u00e0 20 h 30<\/strong>: <span style=\"text-decoration: underline\">Animations l&rsquo;apr\u00e8s-midi<\/span>.(La maison des projets).<strong> &amp; \u00e0 19 h 30<\/strong>: <span style=\"text-decoration: underline\">Conf\u00e9rence interactive sur le th\u00e8me de la communication parents\/enfants<\/span>. (MJC Jean Cocteau).<\/li>\n<li><strong>du Mercredi 7 novembre au vendredi 30 novembre<\/strong> : <span style=\"text-decoration: underline\">Exposition con\u00e7ue par la San-Priode<\/span> \u00e0 partir de photos, archives, costumes. (MJC Jean Cocteau).<\/li>\n<li><strong>Jeudi 8 novembre \u00e0 8 h 30<\/strong> : <span style=\"text-decoration: underline\">Matin\u00e9e des nouveaux agent<\/span>s. (Salon de l&rsquo;H\u00f4tel de ville), <strong>\u00e0 16 h<\/strong> : <span style=\"text-decoration: underline\">1\u00b0 Gentleman bouliste<\/span>. (Boulodrome Marius Joly) <strong>&amp; \u00e0 18 h 30<\/strong> : <span style=\"text-decoration: underline\">Inauguration du magasin \u00ab\u00a0YUCO B\u00a0\u00bb<\/span>( 84, route de Grenoble) <strong>&amp; \u00e0 19 h 30<\/strong> : <span style=\"text-decoration: underline\">Cabaret fantaisiste de Bernard Rozet<\/span> sur la premi\u00e8re guerre Mondiale (TTA).<\/li>\n<li><strong>Vendredi 9 novembre de 10 h \u00e0 11 h 30<\/strong> : <span style=\"text-decoration: underline\">Tablettes, g\u00e9n\u00e9ralit\u00e9s<\/span>. (Cyberbase), <strong>\u00e0 19 h 30<\/strong>:<span style=\"text-decoration: underline\"> Cabaret fantaisiste de Bernard Rozet<\/span> sur la premi\u00e8re guerre Mondiale. (TTA) <strong>&amp; \u00e0 20 h 30<\/strong>: <span style=\"text-decoration: underline\">Pi\u00e8ce adapt\u00e9e de la fresque historique d&rsquo;Elie Couston<\/span> interpr\u00e9t\u00e9e par la Cie l&rsquo;Entracte. (MJC Jean Cocteau).<\/li>\n<li><strong>Samedi 10 novembre de 10 h \u00e0 11 h 30<\/strong>: <span style=\"text-decoration: underline\">Service en ligne<\/span> : carte d&rsquo;identit\u00e9, passeport, les services administratifs en ligne , comment \u00e7a marche ? (Cyberbase), <strong>de 13 h 30 \u00e0 16 h 30<\/strong>: <span style=\"text-decoration: underline\">Atelier broyage des v\u00e9g\u00e9taux<\/span>. (Place Ferdinand Buisson), <strong>\u00e0 14 h 30<\/strong>: <span style=\"text-decoration: underline\">Th\u00e9 dansant<\/span>. (MJC Jean Cocteau) <strong>&amp; \u00e0 20 h 30<\/strong>: <span style=\"text-decoration: underline\">Pi\u00e8ce adapt\u00e9e de la fresque historique d&rsquo;Elie Couston<\/span> interpr\u00e9t\u00e9e par la Cie l&rsquo;Entracte. (MJC Jean Cocteau).<\/li>\n<li><strong>Dimanche 11 novembre \u00e0 11 h<\/strong> : <span style=\"text-decoration: underline\">Comm\u00e9moration : Armistice du 11 novembre 1918 au ch\u00e2teau<\/span> <strong>&amp; \u00e0 15 h<\/strong> :\u00a0 <span style=\"text-decoration: underline\">Pi\u00e8ce adapt\u00e9e de la fresque historique d&rsquo;Elie Couston<\/span> interpr\u00e9t\u00e9e par la Cie l&rsquo;Entracte. (MJC Jean Cocteau).<\/li>\n<li><strong>Lundi 12 novembre \u00e0 11 h 30<\/strong> : <span style=\"text-decoration: underline\">Inauguration du SITTEP<\/span> <strong>&amp; \u00e0 18 h 30<\/strong>: <span style=\"text-decoration: underline\">Rencontre annuelle des conseils de quartier<\/span>. (Espace Mosa\u00efque).<\/li>\n<li><strong>Mardi 13 novembre de 10 h \u00e0 11 h 30<\/strong>: <span style=\"text-decoration: underline\">D\u00e9couverte de l&rsquo;informatique et internet, aller sur internet<\/span>.(Cyberbase), \u00e0<strong> 18 h<\/strong>: Remise du dipl\u00f4me DNB du coll\u00e8ge. (Coll\u00e8ge Colette) <strong>&amp; \u00e0 18 h 45<\/strong> : Conf\u00e9rence N\u00b03 du cycle \u00ab\u00a0Une petite histoire du chant choral\u00a0\u00bb, du madrigal aux grands oratios. (Cin\u00e9ma Le Sc\u00e9nario).<\/li>\n<li><strong>Mercredi 14 novembre de 10 h 15 \u00e0 10 h 30<\/strong>: <span style=\"text-decoration: underline\">S\u00e9ance de contes pour les enfants de 3 \u00e0 5 ans<\/span>. <strong>&amp; de 10 h 45 \u00e0 11 h 15<\/strong> :<span style=\"text-decoration: underline\"> pour les enfants de 6 \u00e0 8 ans<\/span>. (Secteur jeunsesse-m\u00e9diath\u00e8que) <strong>&amp; de 9 h \u00e0\u00a0 17 h<\/strong>: <span style=\"text-decoration: underline\">Journ\u00e9e de formation.<\/span> \u00e0 destination des acteurs travaillant aupr\u00e8s des personnes victimes de violences dans le couple. (Cin\u00e9ma Le Sc\u00e9nario).<\/li>\n<li><strong>Jeudi 15 novembre \u00e0 11 h 45<\/strong> : <span style=\"text-decoration: underline\">Repas \u00e0 th\u00e8me<\/span> propos\u00e9 par l&rsquo;Auberge le Bon Temps. (r\u00e9sidence FLPA<br \/>\ndu Clairon) <strong>&amp; de 14 h \u00e0 17 h<\/strong>: 8\u00b0 <span style=\"text-decoration: underline\">Rencontre emploi<\/span>. (Espace Mosaique).<\/li>\n<\/ul>\n<p><strong>Retrouvez toute l\u2019ACTU de la commune sur : <a href=\"http:\/\/www.ville-saint-priest.fr\/accueil.547.0.html\" target=\"_blank\" rel=\"noopener noreferrer\">http:\/\/www.ville-saint-priest.fr\/accueil.547.0.html<\/a><\/strong><\/p>\n","protected":false},"excerpt":{"rendered":"<p>De nombreux \u00e9v\u00e8nements et manifestations se d\u00e9rouleront sur la commune durant cette p\u00e9riode, \u00e0 savoir : Lundi 5 novembre \u00e0 18 h 30 : Assembl\u00e9e de quartier Plaine de Sayhte\/Bel Air. (MJC Jean Cocteau). Mardi 6 novembre de 10 h \u00e0 11 h 30: D\u00e9couverte de l&rsquo;informatique et internet, tests (Cyberbase), \u00e0 17 h 30 [&hellip;]<\/p>\n","protected":false},"author":4,"featured_media":45967,"comment_status":"open","ping_status":"open","sticky":false,"template":"","format":"standard","meta":{"footnotes":""},"categories":[1296],"tags":[],"class_list":["post-59598","post","type-post","status-publish","format-standard","has-post-thumbnail","hentry","category-sain-priest"],"yoast_head":"<!-- This site is optimized with the Yoast SEO plugin v27.2 - https:\/\/yoast.com\/product\/yoast-seo-wordpress\/ -->\n<title>SAINT PRIEST : Les \u00e9v\u00e9nements pr\u00e9vus sur la commune durant la premi\u00e8re quinzaine de Novembre 2018<\/title>\n<meta name=\"description\" content=\"SAINT PRIEST : Les \u00e9v\u00e9nements pr\u00e9vus sur la commune durant la premi\u00e8re quinzaine de Novembre 2018\" \/>\n<meta name=\"robots\" content=\"index, follow, max-snippet:-1, max-image-preview:large, max-video-preview:-1\" \/>\n<link rel=\"canonical\" href=\"https:\/\/newsestlyonnais.fr\/site\/2018\/11\/05\/saint-priest-les-evenements-de-la-premiere-quinzaine-de-novembre-2018\/\" \/>\n<meta property=\"og:locale\" content=\"fr_FR\" \/>\n<meta property=\"og:type\" content=\"article\" \/>\n<meta property=\"og:title\" content=\"SAINT PRIEST : Les \u00e9v\u00e9nements pr\u00e9vus sur la commune durant la premi\u00e8re quinzaine de Novembre 2018\" \/>\n<meta property=\"og:description\" content=\"SAINT PRIEST : Les \u00e9v\u00e9nements pr\u00e9vus sur la commune durant la premi\u00e8re quinzaine de Novembre 2018\" \/>\n<meta property=\"og:url\" content=\"https:\/\/newsestlyonnais.fr\/site\/2018\/11\/05\/saint-priest-les-evenements-de-la-premiere-quinzaine-de-novembre-2018\/\" \/>\n<meta property=\"og:site_name\" content=\"News Est Lyonnais\" \/>\n<meta property=\"article:author\" content=\"https:\/\/www.facebook.com\/pascal.oberson.1?fref=ts\" \/>\n<meta property=\"article:published_time\" content=\"2018-11-05T16:49:03+00:00\" \/>\n<meta property=\"article:modified_time\" content=\"2020-11-07T07:24:51+00:00\" \/>\n<meta property=\"og:image\" content=\"https:\/\/i1.wp.com\/newsestlyonnais.fr\/site\/wp-content\/uploads\/2018\/03\/NEWSESTLYONNAIS-PANNEAU-ST-PRIEST.png?fit=466%2C108&ssl=1\" \/>\n\t<meta property=\"og:image:width\" content=\"466\" \/>\n\t<meta property=\"og:image:height\" content=\"108\" \/>\n\t<meta property=\"og:image:type\" content=\"image\/png\" \/>\n<meta name=\"author\" content=\"R\u00e9dac. NEWS\" \/>\n<meta name=\"twitter:card\" content=\"summary_large_image\" \/>\n<meta name=\"twitter:label1\" content=\"\u00c9crit par\" \/>\n\t<meta name=\"twitter:data1\" content=\"R\u00e9dac. NEWS\" \/>\n\t<meta name=\"twitter:label2\" content=\"Dur\u00e9e de lecture estim\u00e9e\" \/>\n\t<meta name=\"twitter:data2\" content=\"3 minutes\" \/>\n<script type=\"application\/ld+json\" class=\"yoast-schema-graph\">{\"@context\":\"https:\/\/schema.org\",\"@graph\":[{\"@type\":\"Article\",\"@id\":\"https:\/\/newsestlyonnais.fr\/site\/2018\/11\/05\/saint-priest-les-evenements-de-la-premiere-quinzaine-de-novembre-2018\/#article\",\"isPartOf\":{\"@id\":\"https:\/\/newsestlyonnais.fr\/site\/2018\/11\/05\/saint-priest-les-evenements-de-la-premiere-quinzaine-de-novembre-2018\/\"},\"author\":{\"name\":\"R\u00e9dac. NEWS\",\"@id\":\"https:\/\/newsestlyonnais.fr\/site\/#\/schema\/person\/3230d5615f390bb808365d673001e887\"},\"headline\":\"SAINT-PRIEST | Les \u00e9v\u00e9nements de la premi\u00e8re quinzaine de Novembre 2018\",\"datePublished\":\"2018-11-05T16:49:03+00:00\",\"dateModified\":\"2020-11-07T07:24:51+00:00\",\"mainEntityOfPage\":{\"@id\":\"https:\/\/newsestlyonnais.fr\/site\/2018\/11\/05\/saint-priest-les-evenements-de-la-premiere-quinzaine-de-novembre-2018\/\"},\"wordCount\":541,\"commentCount\":0,\"publisher\":{\"@id\":\"https:\/\/newsestlyonnais.fr\/site\/#organization\"},\"image\":{\"@id\":\"https:\/\/newsestlyonnais.fr\/site\/2018\/11\/05\/saint-priest-les-evenements-de-la-premiere-quinzaine-de-novembre-2018\/#primaryimage\"},\"thumbnailUrl\":\"https:\/\/newsestlyonnais.fr\/site\/wp-content\/uploads\/2018\/03\/NEWSESTLYONNAIS-PANNEAU-ST-PRIEST.png\",\"articleSection\":[\"Saint-Priest\"],\"inLanguage\":\"fr-FR\",\"potentialAction\":[{\"@type\":\"CommentAction\",\"name\":\"Comment\",\"target\":[\"https:\/\/newsestlyonnais.fr\/site\/2018\/11\/05\/saint-priest-les-evenements-de-la-premiere-quinzaine-de-novembre-2018\/#respond\"]}]},{\"@type\":\"WebPage\",\"@id\":\"https:\/\/newsestlyonnais.fr\/site\/2018\/11\/05\/saint-priest-les-evenements-de-la-premiere-quinzaine-de-novembre-2018\/\",\"url\":\"https:\/\/newsestlyonnais.fr\/site\/2018\/11\/05\/saint-priest-les-evenements-de-la-premiere-quinzaine-de-novembre-2018\/\",\"name\":\"SAINT PRIEST : Les \u00e9v\u00e9nements pr\u00e9vus sur la commune durant la premi\u00e8re quinzaine de Novembre 2018\",\"isPartOf\":{\"@id\":\"https:\/\/newsestlyonnais.fr\/site\/#website\"},\"primaryImageOfPage\":{\"@id\":\"https:\/\/newsestlyonnais.fr\/site\/2018\/11\/05\/saint-priest-les-evenements-de-la-premiere-quinzaine-de-novembre-2018\/#primaryimage\"},\"image\":{\"@id\":\"https:\/\/newsestlyonnais.fr\/site\/2018\/11\/05\/saint-priest-les-evenements-de-la-premiere-quinzaine-de-novembre-2018\/#primaryimage\"},\"thumbnailUrl\":\"https:\/\/newsestlyonnais.fr\/site\/wp-content\/uploads\/2018\/03\/NEWSESTLYONNAIS-PANNEAU-ST-PRIEST.png\",\"datePublished\":\"2018-11-05T16:49:03+00:00\",\"dateModified\":\"2020-11-07T07:24:51+00:00\",\"description\":\"SAINT PRIEST : Les \u00e9v\u00e9nements pr\u00e9vus sur la commune durant la premi\u00e8re quinzaine de Novembre 2018\",\"breadcrumb\":{\"@id\":\"https:\/\/newsestlyonnais.fr\/site\/2018\/11\/05\/saint-priest-les-evenements-de-la-premiere-quinzaine-de-novembre-2018\/#breadcrumb\"},\"inLanguage\":\"fr-FR\",\"potentialAction\":[{\"@type\":\"ReadAction\",\"target\":[\"https:\/\/newsestlyonnais.fr\/site\/2018\/11\/05\/saint-priest-les-evenements-de-la-premiere-quinzaine-de-novembre-2018\/\"]}]},{\"@type\":\"ImageObject\",\"inLanguage\":\"fr-FR\",\"@id\":\"https:\/\/newsestlyonnais.fr\/site\/2018\/11\/05\/saint-priest-les-evenements-de-la-premiere-quinzaine-de-novembre-2018\/#primaryimage\",\"url\":\"https:\/\/newsestlyonnais.fr\/site\/wp-content\/uploads\/2018\/03\/NEWSESTLYONNAIS-PANNEAU-ST-PRIEST.png\",\"contentUrl\":\"https:\/\/newsestlyonnais.fr\/site\/wp-content\/uploads\/2018\/03\/NEWSESTLYONNAIS-PANNEAU-ST-PRIEST.png\",\"width\":466,\"height\":108,\"caption\":\"NEWSESTLYONNAIS - PANNEAU ST PRIEST\"},{\"@type\":\"BreadcrumbList\",\"@id\":\"https:\/\/newsestlyonnais.fr\/site\/2018\/11\/05\/saint-priest-les-evenements-de-la-premiere-quinzaine-de-novembre-2018\/#breadcrumb\",\"itemListElement\":[{\"@type\":\"ListItem\",\"position\":1,\"name\":\"Accueil\",\"item\":\"https:\/\/newsestlyonnais.fr\/site\/\"},{\"@type\":\"ListItem\",\"position\":2,\"name\":\"SAINT-PRIEST | Les \u00e9v\u00e9nements de la premi\u00e8re quinzaine de Novembre 2018\"}]},{\"@type\":\"WebSite\",\"@id\":\"https:\/\/newsestlyonnais.fr\/site\/#website\",\"url\":\"https:\/\/newsestlyonnais.fr\/site\/\",\"name\":\"News Est Lyonnais\",\"description\":\"L&#039;actualit\u00e9 au plus pr\u00e8s\",\"publisher\":{\"@id\":\"https:\/\/newsestlyonnais.fr\/site\/#organization\"},\"potentialAction\":[{\"@type\":\"SearchAction\",\"target\":{\"@type\":\"EntryPoint\",\"urlTemplate\":\"https:\/\/newsestlyonnais.fr\/site\/?s={search_term_string}\"},\"query-input\":{\"@type\":\"PropertyValueSpecification\",\"valueRequired\":true,\"valueName\":\"search_term_string\"}}],\"inLanguage\":\"fr-FR\"},{\"@type\":\"Organization\",\"@id\":\"https:\/\/newsestlyonnais.fr\/site\/#organization\",\"name\":\"News EST LYONNAIS\",\"url\":\"https:\/\/newsestlyonnais.fr\/site\/\",\"logo\":{\"@type\":\"ImageObject\",\"inLanguage\":\"fr-FR\",\"@id\":\"https:\/\/newsestlyonnais.fr\/site\/#\/schema\/logo\/image\/\",\"url\":\"\",\"contentUrl\":\"\",\"caption\":\"News EST LYONNAIS\"},\"image\":{\"@id\":\"https:\/\/newsestlyonnais.fr\/site\/#\/schema\/logo\/image\/\"}},{\"@type\":\"Person\",\"@id\":\"https:\/\/newsestlyonnais.fr\/site\/#\/schema\/person\/3230d5615f390bb808365d673001e887\",\"name\":\"R\u00e9dac. NEWS\",\"sameAs\":[\"http:\/\/www.newsestlyonnais.fr\",\"https:\/\/www.facebook.com\/pascal.oberson.1?fref=ts\",\"https:\/\/fr.linkedin.com\/in\/pascal-oberson-b17045113\"],\"url\":\"https:\/\/newsestlyonnais.fr\/site\/author\/nel\/\"}]}<\/script>\n<!-- \/ Yoast SEO plugin. -->","yoast_head_json":{"title":"SAINT PRIEST : Les \u00e9v\u00e9nements pr\u00e9vus sur la commune durant la premi\u00e8re quinzaine de Novembre 2018","description":"SAINT PRIEST : Les \u00e9v\u00e9nements pr\u00e9vus sur la commune durant la premi\u00e8re quinzaine de Novembre 2018","robots":{"index":"index","follow":"follow","max-snippet":"max-snippet:-1","max-image-preview":"max-image-preview:large","max-video-preview":"max-video-preview:-1"},"canonical":"https:\/\/newsestlyonnais.fr\/site\/2018\/11\/05\/saint-priest-les-evenements-de-la-premiere-quinzaine-de-novembre-2018\/","og_locale":"fr_FR","og_type":"article","og_title":"SAINT PRIEST : Les \u00e9v\u00e9nements pr\u00e9vus sur la commune durant la premi\u00e8re quinzaine de Novembre 2018","og_description":"SAINT PRIEST : Les \u00e9v\u00e9nements pr\u00e9vus sur la commune durant la premi\u00e8re quinzaine de Novembre 2018","og_url":"https:\/\/newsestlyonnais.fr\/site\/2018\/11\/05\/saint-priest-les-evenements-de-la-premiere-quinzaine-de-novembre-2018\/","og_site_name":"News Est Lyonnais","article_author":"https:\/\/www.facebook.com\/pascal.oberson.1?fref=ts","article_published_time":"2018-11-05T16:49:03+00:00","article_modified_time":"2020-11-07T07:24:51+00:00","og_image":[{"width":466,"height":108,"url":"https:\/\/i1.wp.com\/newsestlyonnais.fr\/site\/wp-content\/uploads\/2018\/03\/NEWSESTLYONNAIS-PANNEAU-ST-PRIEST.png?fit=466%2C108&ssl=1","type":"image\/png"}],"author":"R\u00e9dac. NEWS","twitter_card":"summary_large_image","twitter_misc":{"\u00c9crit par":"R\u00e9dac. NEWS","Dur\u00e9e de lecture estim\u00e9e":"3 minutes"},"schema":{"@context":"https:\/\/schema.org","@graph":[{"@type":"Article","@id":"https:\/\/newsestlyonnais.fr\/site\/2018\/11\/05\/saint-priest-les-evenements-de-la-premiere-quinzaine-de-novembre-2018\/#article","isPartOf":{"@id":"https:\/\/newsestlyonnais.fr\/site\/2018\/11\/05\/saint-priest-les-evenements-de-la-premiere-quinzaine-de-novembre-2018\/"},"author":{"name":"R\u00e9dac. NEWS","@id":"https:\/\/newsestlyonnais.fr\/site\/#\/schema\/person\/3230d5615f390bb808365d673001e887"},"headline":"SAINT-PRIEST | Les \u00e9v\u00e9nements de la premi\u00e8re quinzaine de Novembre 2018","datePublished":"2018-11-05T16:49:03+00:00","dateModified":"2020-11-07T07:24:51+00:00","mainEntityOfPage":{"@id":"https:\/\/newsestlyonnais.fr\/site\/2018\/11\/05\/saint-priest-les-evenements-de-la-premiere-quinzaine-de-novembre-2018\/"},"wordCount":541,"commentCount":0,"publisher":{"@id":"https:\/\/newsestlyonnais.fr\/site\/#organization"},"image":{"@id":"https:\/\/newsestlyonnais.fr\/site\/2018\/11\/05\/saint-priest-les-evenements-de-la-premiere-quinzaine-de-novembre-2018\/#primaryimage"},"thumbnailUrl":"https:\/\/newsestlyonnais.fr\/site\/wp-content\/uploads\/2018\/03\/NEWSESTLYONNAIS-PANNEAU-ST-PRIEST.png","articleSection":["Saint-Priest"],"inLanguage":"fr-FR","potentialAction":[{"@type":"CommentAction","name":"Comment","target":["https:\/\/newsestlyonnais.fr\/site\/2018\/11\/05\/saint-priest-les-evenements-de-la-premiere-quinzaine-de-novembre-2018\/#respond"]}]},{"@type":"WebPage","@id":"https:\/\/newsestlyonnais.fr\/site\/2018\/11\/05\/saint-priest-les-evenements-de-la-premiere-quinzaine-de-novembre-2018\/","url":"https:\/\/newsestlyonnais.fr\/site\/2018\/11\/05\/saint-priest-les-evenements-de-la-premiere-quinzaine-de-novembre-2018\/","name":"SAINT PRIEST : Les \u00e9v\u00e9nements pr\u00e9vus sur la commune durant la premi\u00e8re quinzaine de Novembre 2018","isPartOf":{"@id":"https:\/\/newsestlyonnais.fr\/site\/#website"},"primaryImageOfPage":{"@id":"https:\/\/newsestlyonnais.fr\/site\/2018\/11\/05\/saint-priest-les-evenements-de-la-premiere-quinzaine-de-novembre-2018\/#primaryimage"},"image":{"@id":"https:\/\/newsestlyonnais.fr\/site\/2018\/11\/05\/saint-priest-les-evenements-de-la-premiere-quinzaine-de-novembre-2018\/#primaryimage"},"thumbnailUrl":"https:\/\/newsestlyonnais.fr\/site\/wp-content\/uploads\/2018\/03\/NEWSESTLYONNAIS-PANNEAU-ST-PRIEST.png","datePublished":"2018-11-05T16:49:03+00:00","dateModified":"2020-11-07T07:24:51+00:00","description":"SAINT PRIEST : Les \u00e9v\u00e9nements pr\u00e9vus sur la commune durant la premi\u00e8re quinzaine de Novembre 2018","breadcrumb":{"@id":"https:\/\/newsestlyonnais.fr\/site\/2018\/11\/05\/saint-priest-les-evenements-de-la-premiere-quinzaine-de-novembre-2018\/#breadcrumb"},"inLanguage":"fr-FR","potentialAction":[{"@type":"ReadAction","target":["https:\/\/newsestlyonnais.fr\/site\/2018\/11\/05\/saint-priest-les-evenements-de-la-premiere-quinzaine-de-novembre-2018\/"]}]},{"@type":"ImageObject","inLanguage":"fr-FR","@id":"https:\/\/newsestlyonnais.fr\/site\/2018\/11\/05\/saint-priest-les-evenements-de-la-premiere-quinzaine-de-novembre-2018\/#primaryimage","url":"https:\/\/newsestlyonnais.fr\/site\/wp-content\/uploads\/2018\/03\/NEWSESTLYONNAIS-PANNEAU-ST-PRIEST.png","contentUrl":"https:\/\/newsestlyonnais.fr\/site\/wp-content\/uploads\/2018\/03\/NEWSESTLYONNAIS-PANNEAU-ST-PRIEST.png","width":466,"height":108,"caption":"NEWSESTLYONNAIS - PANNEAU ST PRIEST"},{"@type":"BreadcrumbList","@id":"https:\/\/newsestlyonnais.fr\/site\/2018\/11\/05\/saint-priest-les-evenements-de-la-premiere-quinzaine-de-novembre-2018\/#breadcrumb","itemListElement":[{"@type":"ListItem","position":1,"name":"Accueil","item":"https:\/\/newsestlyonnais.fr\/site\/"},{"@type":"ListItem","position":2,"name":"SAINT-PRIEST | Les \u00e9v\u00e9nements de la premi\u00e8re quinzaine de Novembre 2018"}]},{"@type":"WebSite","@id":"https:\/\/newsestlyonnais.fr\/site\/#website","url":"https:\/\/newsestlyonnais.fr\/site\/","name":"News Est Lyonnais","description":"L&#039;actualit\u00e9 au plus pr\u00e8s","publisher":{"@id":"https:\/\/newsestlyonnais.fr\/site\/#organization"},"potentialAction":[{"@type":"SearchAction","target":{"@type":"EntryPoint","urlTemplate":"https:\/\/newsestlyonnais.fr\/site\/?s={search_term_string}"},"query-input":{"@type":"PropertyValueSpecification","valueRequired":true,"valueName":"search_term_string"}}],"inLanguage":"fr-FR"},{"@type":"Organization","@id":"https:\/\/newsestlyonnais.fr\/site\/#organization","name":"News EST LYONNAIS","url":"https:\/\/newsestlyonnais.fr\/site\/","logo":{"@type":"ImageObject","inLanguage":"fr-FR","@id":"https:\/\/newsestlyonnais.fr\/site\/#\/schema\/logo\/image\/","url":"","contentUrl":"","caption":"News EST LYONNAIS"},"image":{"@id":"https:\/\/newsestlyonnais.fr\/site\/#\/schema\/logo\/image\/"}},{"@type":"Person","@id":"https:\/\/newsestlyonnais.fr\/site\/#\/schema\/person\/3230d5615f390bb808365d673001e887","name":"R\u00e9dac. NEWS","sameAs":["http:\/\/www.newsestlyonnais.fr","https:\/\/www.facebook.com\/pascal.oberson.1?fref=ts","https:\/\/fr.linkedin.com\/in\/pascal-oberson-b17045113"],"url":"https:\/\/newsestlyonnais.fr\/site\/author\/nel\/"}]}},"_links":{"self":[{"href":"https:\/\/newsestlyonnais.fr\/site\/wp-json\/wp\/v2\/posts\/59598","targetHints":{"allow":["GET"]}}],"collection":[{"href":"https:\/\/newsestlyonnais.fr\/site\/wp-json\/wp\/v2\/posts"}],"about":[{"href":"https:\/\/newsestlyonnais.fr\/site\/wp-json\/wp\/v2\/types\/post"}],"author":[{"embeddable":true,"href":"https:\/\/newsestlyonnais.fr\/site\/wp-json\/wp\/v2\/users\/4"}],"replies":[{"embeddable":true,"href":"https:\/\/newsestlyonnais.fr\/site\/wp-json\/wp\/v2\/comments?post=59598"}],"version-history":[{"count":0,"href":"https:\/\/newsestlyonnais.fr\/site\/wp-json\/wp\/v2\/posts\/59598\/revisions"}],"wp:featuredmedia":[{"embeddable":true,"href":"https:\/\/newsestlyonnais.fr\/site\/wp-json\/wp\/v2\/media\/45967"}],"wp:attachment":[{"href":"https:\/\/newsestlyonnais.fr\/site\/wp-json\/wp\/v2\/media?parent=59598"}],"wp:term":[{"taxonomy":"category","embeddable":true,"href":"https:\/\/newsestlyonnais.fr\/site\/wp-json\/wp\/v2\/categories?post=59598"},{"taxonomy":"post_tag","embeddable":true,"href":"https:\/\/newsestlyonnais.fr\/site\/wp-json\/wp\/v2\/tags?post=59598"}],"curies":[{"name":"wp","href":"https:\/\/api.w.org\/{rel}","templated":true}]}}