{"id":59672,"date":"2018-11-06T13:53:29","date_gmt":"2018-11-06T12:53:29","guid":{"rendered":"http:\/\/newsestlyonnais.fr\/site\/?p=59672"},"modified":"2020-11-15T07:59:51","modified_gmt":"2020-11-15T06:59:51","slug":"genas-le-beaujolais-nouveau-arrive-sur-la-place-du-marche-jeudi-15-novembre","status":"publish","type":"post","link":"https:\/\/newsestlyonnais.fr\/site\/2018\/11\/06\/genas-le-beaujolais-nouveau-arrive-sur-la-place-du-marche-jeudi-15-novembre\/","title":{"rendered":"GENAS | Arriv\u00e9e du Beaujolais nouveau jeudi 15 novembre"},"content":{"rendered":"<h4>Toute la dynamique \u00e9quipe du Comit\u00e9 des F\u00eates de Genas, pr\u00e9sid\u00e9 par Fernand Rouget organise le jeudi 15 novembre une d\u00e9gustation et vente de Beaujolais nouveau sous la Halle du March\u00e9.<\/h4>\n<p>La restauration (cochonnailles &#8211; diots) sera \u00e9galement propos\u00e9e sur place midi et soir au prix de 13 \u20ac.<\/p>\n<p>Venez nombreux ! F\u00eater et d\u00e9guster le Beaujolais nouveau<\/p>\n<p>L\u2019abus d\u2019alcool est dangereux pour la sant\u00e9, \u00e0 consommer avec mod\u00e9ration.<\/p>\n<div>\n<p><span style=\"text-decoration: underline\"><span style=\"line-height: 107%;font-family: 'Times New Roman','serif';font-size: 12pt\"><strong>Jeudi 15 novembre 2018 de 9 h \u00e0 23 h 30 h, sous la halle du march\u00e9, place Ronshausen.<\/strong> <\/span><\/span><\/p>\n<\/div>\n<ul>\n<li><em><strong>Retrouvez l&rsquo;ACTU du Comit\u00e9 des F\u00eates sur :\u00a0<a href=\"https:\/\/www.facebook.com\/cdfgenas.fr\" target=\"_blank\" rel=\"noopener noreferrer\">https:\/\/www.facebook.com\/cdfgenas.fr<\/a> <\/strong><\/em><\/li>\n<\/ul>\n<div id='gallery-1' class='gallery galleryid-59672 gallery-columns-3 gallery-size-thumbnail'><figure class='gallery-item'>\n\t\t\t<div class='gallery-icon portrait'>\n\t\t\t\t<a href='https:\/\/newsestlyonnais.fr\/site\/2018\/11\/06\/genas-le-beaujolais-nouveau-arrive-sur-la-place-du-marche-jeudi-15-novembre\/newsestlyonnais-genas-beaujoalis-nouveau\/'><img loading=\"lazy\" decoding=\"async\" width=\"150\" height=\"150\" src=\"https:\/\/newsestlyonnais.fr\/site\/wp-content\/uploads\/2018\/11\/NEWSESTLYONNAIS-GENAS-BEAUJOALIS-NOUVEAU-150x150.png\" class=\"attachment-thumbnail size-thumbnail\" alt=\"NEWSESTLYONNAIS GENAS BEAUJOALIS NOUVEAU\" \/><\/a>\n\t\t\t<\/div><\/figure>\n\t\t<\/div>\n\n","protected":false},"excerpt":{"rendered":"<p>Toute la dynamique \u00e9quipe du Comit\u00e9 des F\u00eates de Genas, pr\u00e9sid\u00e9 par Fernand Rouget organise le jeudi 15 novembre une d\u00e9gustation et vente de Beaujolais nouveau sous la Halle du March\u00e9. La restauration (cochonnailles &#8211; diots) sera \u00e9galement propos\u00e9e sur place midi et soir au prix de 13 \u20ac. Venez nombreux ! F\u00eater et d\u00e9guster [&hellip;]<\/p>\n","protected":false},"author":4,"featured_media":59676,"comment_status":"open","ping_status":"open","sticky":false,"template":"","format":"standard","meta":{"footnotes":""},"categories":[270,3437,3424,1598],"tags":[2070,2071,2005],"class_list":["post-59672","post","type-post","status-publish","format-standard","has-post-thumbnail","hentry","category-cte-de-communes-c-c-e-l","category-comite-fetes-sou-des-ecoles-classes","category-cuisine-gastronomie","category-genas","tag-beaujolais-nouveau","tag-comite-fetes","tag-genas"],"yoast_head":"<!-- This site is optimized with the Yoast SEO plugin v27.2 - https:\/\/yoast.com\/product\/yoast-seo-wordpress\/ -->\n<title>GENAS : Le beaujolais nouveau arrive sur la place du march\u00e9 le jeudi 15 novembre<\/title>\n<meta name=\"description\" content=\"GENAS : Le beaujolais nouveau arrive sur la place du march\u00e9 le jeudi 15 novembre\" \/>\n<meta name=\"robots\" content=\"index, follow, max-snippet:-1, max-image-preview:large, max-video-preview:-1\" \/>\n<link rel=\"canonical\" href=\"https:\/\/newsestlyonnais.fr\/site\/2018\/11\/06\/genas-le-beaujolais-nouveau-arrive-sur-la-place-du-marche-jeudi-15-novembre\/\" \/>\n<meta property=\"og:locale\" content=\"fr_FR\" \/>\n<meta property=\"og:type\" content=\"article\" \/>\n<meta property=\"og:title\" content=\"GENAS : Le beaujolais nouveau arrive sur la place du march\u00e9 le jeudi 15 novembre\" \/>\n<meta property=\"og:description\" content=\"GENAS : Le beaujolais nouveau arrive sur la place du march\u00e9 le jeudi 15 novembre\" \/>\n<meta property=\"og:url\" content=\"https:\/\/newsestlyonnais.fr\/site\/2018\/11\/06\/genas-le-beaujolais-nouveau-arrive-sur-la-place-du-marche-jeudi-15-novembre\/\" \/>\n<meta property=\"og:site_name\" content=\"News Est Lyonnais\" \/>\n<meta property=\"article:author\" content=\"https:\/\/www.facebook.com\/pascal.oberson.1?fref=ts\" \/>\n<meta property=\"article:published_time\" content=\"2018-11-06T12:53:29+00:00\" \/>\n<meta property=\"article:modified_time\" content=\"2020-11-15T06:59:51+00:00\" \/>\n<meta property=\"og:image\" content=\"https:\/\/i2.wp.com\/newsestlyonnais.fr\/site\/wp-content\/uploads\/2018\/11\/NEWSESTLYONANIS-BEAUJOLAIS-GENAS.png?fit=390%2C416&ssl=1\" \/>\n\t<meta property=\"og:image:width\" content=\"390\" \/>\n\t<meta property=\"og:image:height\" content=\"416\" \/>\n\t<meta property=\"og:image:type\" content=\"image\/png\" \/>\n<meta name=\"author\" content=\"R\u00e9dac. NEWS\" \/>\n<meta name=\"twitter:card\" content=\"summary_large_image\" \/>\n<meta name=\"twitter:label1\" content=\"\u00c9crit par\" \/>\n\t<meta name=\"twitter:data1\" content=\"R\u00e9dac. NEWS\" \/>\n\t<meta name=\"twitter:label2\" content=\"Dur\u00e9e de lecture estim\u00e9e\" \/>\n\t<meta name=\"twitter:data2\" content=\"1 minute\" \/>\n<script type=\"application\/ld+json\" class=\"yoast-schema-graph\">{\"@context\":\"https:\/\/schema.org\",\"@graph\":[{\"@type\":\"Article\",\"@id\":\"https:\/\/newsestlyonnais.fr\/site\/2018\/11\/06\/genas-le-beaujolais-nouveau-arrive-sur-la-place-du-marche-jeudi-15-novembre\/#article\",\"isPartOf\":{\"@id\":\"https:\/\/newsestlyonnais.fr\/site\/2018\/11\/06\/genas-le-beaujolais-nouveau-arrive-sur-la-place-du-marche-jeudi-15-novembre\/\"},\"author\":{\"name\":\"R\u00e9dac. NEWS\",\"@id\":\"https:\/\/newsestlyonnais.fr\/site\/#\/schema\/person\/3230d5615f390bb808365d673001e887\"},\"headline\":\"GENAS | Arriv\u00e9e du Beaujolais nouveau jeudi 15 novembre\",\"datePublished\":\"2018-11-06T12:53:29+00:00\",\"dateModified\":\"2020-11-15T06:59:51+00:00\",\"mainEntityOfPage\":{\"@id\":\"https:\/\/newsestlyonnais.fr\/site\/2018\/11\/06\/genas-le-beaujolais-nouveau-arrive-sur-la-place-du-marche-jeudi-15-novembre\/\"},\"wordCount\":113,\"commentCount\":0,\"publisher\":{\"@id\":\"https:\/\/newsestlyonnais.fr\/site\/#organization\"},\"image\":{\"@id\":\"https:\/\/newsestlyonnais.fr\/site\/2018\/11\/06\/genas-le-beaujolais-nouveau-arrive-sur-la-place-du-marche-jeudi-15-novembre\/#primaryimage\"},\"thumbnailUrl\":\"https:\/\/newsestlyonnais.fr\/site\/wp-content\/uploads\/2018\/11\/NEWSESTLYONANIS-BEAUJOLAIS-GENAS.png\",\"keywords\":[\"BEAUJOLAIS NOUVEAU\",\"COMITE FETES\",\"GENAS\"],\"articleSection\":[\"CCEL | Communes\",\"Comit\u00e9 F\u00eates | Sou des Ecoles | Classes\",\"Cuisine | Gastronomie\",\"Genas\"],\"inLanguage\":\"fr-FR\",\"potentialAction\":[{\"@type\":\"CommentAction\",\"name\":\"Comment\",\"target\":[\"https:\/\/newsestlyonnais.fr\/site\/2018\/11\/06\/genas-le-beaujolais-nouveau-arrive-sur-la-place-du-marche-jeudi-15-novembre\/#respond\"]}]},{\"@type\":\"WebPage\",\"@id\":\"https:\/\/newsestlyonnais.fr\/site\/2018\/11\/06\/genas-le-beaujolais-nouveau-arrive-sur-la-place-du-marche-jeudi-15-novembre\/\",\"url\":\"https:\/\/newsestlyonnais.fr\/site\/2018\/11\/06\/genas-le-beaujolais-nouveau-arrive-sur-la-place-du-marche-jeudi-15-novembre\/\",\"name\":\"GENAS : Le beaujolais nouveau arrive sur la place du march\u00e9 le jeudi 15 novembre\",\"isPartOf\":{\"@id\":\"https:\/\/newsestlyonnais.fr\/site\/#website\"},\"primaryImageOfPage\":{\"@id\":\"https:\/\/newsestlyonnais.fr\/site\/2018\/11\/06\/genas-le-beaujolais-nouveau-arrive-sur-la-place-du-marche-jeudi-15-novembre\/#primaryimage\"},\"image\":{\"@id\":\"https:\/\/newsestlyonnais.fr\/site\/2018\/11\/06\/genas-le-beaujolais-nouveau-arrive-sur-la-place-du-marche-jeudi-15-novembre\/#primaryimage\"},\"thumbnailUrl\":\"https:\/\/newsestlyonnais.fr\/site\/wp-content\/uploads\/2018\/11\/NEWSESTLYONANIS-BEAUJOLAIS-GENAS.png\",\"datePublished\":\"2018-11-06T12:53:29+00:00\",\"dateModified\":\"2020-11-15T06:59:51+00:00\",\"description\":\"GENAS : Le beaujolais nouveau arrive sur la place du march\u00e9 le jeudi 15 novembre\",\"breadcrumb\":{\"@id\":\"https:\/\/newsestlyonnais.fr\/site\/2018\/11\/06\/genas-le-beaujolais-nouveau-arrive-sur-la-place-du-marche-jeudi-15-novembre\/#breadcrumb\"},\"inLanguage\":\"fr-FR\",\"potentialAction\":[{\"@type\":\"ReadAction\",\"target\":[\"https:\/\/newsestlyonnais.fr\/site\/2018\/11\/06\/genas-le-beaujolais-nouveau-arrive-sur-la-place-du-marche-jeudi-15-novembre\/\"]}]},{\"@type\":\"ImageObject\",\"inLanguage\":\"fr-FR\",\"@id\":\"https:\/\/newsestlyonnais.fr\/site\/2018\/11\/06\/genas-le-beaujolais-nouveau-arrive-sur-la-place-du-marche-jeudi-15-novembre\/#primaryimage\",\"url\":\"https:\/\/newsestlyonnais.fr\/site\/wp-content\/uploads\/2018\/11\/NEWSESTLYONANIS-BEAUJOLAIS-GENAS.png\",\"contentUrl\":\"https:\/\/newsestlyonnais.fr\/site\/wp-content\/uploads\/2018\/11\/NEWSESTLYONANIS-BEAUJOLAIS-GENAS.png\",\"width\":390,\"height\":416,\"caption\":\"NEWSESTLYONNAIS BEAUJOLAIS GENAS\"},{\"@type\":\"BreadcrumbList\",\"@id\":\"https:\/\/newsestlyonnais.fr\/site\/2018\/11\/06\/genas-le-beaujolais-nouveau-arrive-sur-la-place-du-marche-jeudi-15-novembre\/#breadcrumb\",\"itemListElement\":[{\"@type\":\"ListItem\",\"position\":1,\"name\":\"Accueil\",\"item\":\"https:\/\/newsestlyonnais.fr\/site\/\"},{\"@type\":\"ListItem\",\"position\":2,\"name\":\"GENAS | Arriv\u00e9e du Beaujolais nouveau jeudi 15 novembre\"}]},{\"@type\":\"WebSite\",\"@id\":\"https:\/\/newsestlyonnais.fr\/site\/#website\",\"url\":\"https:\/\/newsestlyonnais.fr\/site\/\",\"name\":\"News Est Lyonnais\",\"description\":\"L&#039;actualit\u00e9 au plus pr\u00e8s\",\"publisher\":{\"@id\":\"https:\/\/newsestlyonnais.fr\/site\/#organization\"},\"potentialAction\":[{\"@type\":\"SearchAction\",\"target\":{\"@type\":\"EntryPoint\",\"urlTemplate\":\"https:\/\/newsestlyonnais.fr\/site\/?s={search_term_string}\"},\"query-input\":{\"@type\":\"PropertyValueSpecification\",\"valueRequired\":true,\"valueName\":\"search_term_string\"}}],\"inLanguage\":\"fr-FR\"},{\"@type\":\"Organization\",\"@id\":\"https:\/\/newsestlyonnais.fr\/site\/#organization\",\"name\":\"News EST LYONNAIS\",\"url\":\"https:\/\/newsestlyonnais.fr\/site\/\",\"logo\":{\"@type\":\"ImageObject\",\"inLanguage\":\"fr-FR\",\"@id\":\"https:\/\/newsestlyonnais.fr\/site\/#\/schema\/logo\/image\/\",\"url\":\"\",\"contentUrl\":\"\",\"caption\":\"News EST LYONNAIS\"},\"image\":{\"@id\":\"https:\/\/newsestlyonnais.fr\/site\/#\/schema\/logo\/image\/\"}},{\"@type\":\"Person\",\"@id\":\"https:\/\/newsestlyonnais.fr\/site\/#\/schema\/person\/3230d5615f390bb808365d673001e887\",\"name\":\"R\u00e9dac. NEWS\",\"sameAs\":[\"http:\/\/www.newsestlyonnais.fr\",\"https:\/\/www.facebook.com\/pascal.oberson.1?fref=ts\",\"https:\/\/fr.linkedin.com\/in\/pascal-oberson-b17045113\"],\"url\":\"https:\/\/newsestlyonnais.fr\/site\/author\/nel\/\"}]}<\/script>\n<!-- \/ Yoast SEO plugin. -->","yoast_head_json":{"title":"GENAS : Le beaujolais nouveau arrive sur la place du march\u00e9 le jeudi 15 novembre","description":"GENAS : Le beaujolais nouveau arrive sur la place du march\u00e9 le jeudi 15 novembre","robots":{"index":"index","follow":"follow","max-snippet":"max-snippet:-1","max-image-preview":"max-image-preview:large","max-video-preview":"max-video-preview:-1"},"canonical":"https:\/\/newsestlyonnais.fr\/site\/2018\/11\/06\/genas-le-beaujolais-nouveau-arrive-sur-la-place-du-marche-jeudi-15-novembre\/","og_locale":"fr_FR","og_type":"article","og_title":"GENAS : Le beaujolais nouveau arrive sur la place du march\u00e9 le jeudi 15 novembre","og_description":"GENAS : Le beaujolais nouveau arrive sur la place du march\u00e9 le jeudi 15 novembre","og_url":"https:\/\/newsestlyonnais.fr\/site\/2018\/11\/06\/genas-le-beaujolais-nouveau-arrive-sur-la-place-du-marche-jeudi-15-novembre\/","og_site_name":"News Est Lyonnais","article_author":"https:\/\/www.facebook.com\/pascal.oberson.1?fref=ts","article_published_time":"2018-11-06T12:53:29+00:00","article_modified_time":"2020-11-15T06:59:51+00:00","og_image":[{"width":390,"height":416,"url":"https:\/\/i2.wp.com\/newsestlyonnais.fr\/site\/wp-content\/uploads\/2018\/11\/NEWSESTLYONANIS-BEAUJOLAIS-GENAS.png?fit=390%2C416&ssl=1","type":"image\/png"}],"author":"R\u00e9dac. NEWS","twitter_card":"summary_large_image","twitter_misc":{"\u00c9crit par":"R\u00e9dac. NEWS","Dur\u00e9e de lecture estim\u00e9e":"1 minute"},"schema":{"@context":"https:\/\/schema.org","@graph":[{"@type":"Article","@id":"https:\/\/newsestlyonnais.fr\/site\/2018\/11\/06\/genas-le-beaujolais-nouveau-arrive-sur-la-place-du-marche-jeudi-15-novembre\/#article","isPartOf":{"@id":"https:\/\/newsestlyonnais.fr\/site\/2018\/11\/06\/genas-le-beaujolais-nouveau-arrive-sur-la-place-du-marche-jeudi-15-novembre\/"},"author":{"name":"R\u00e9dac. NEWS","@id":"https:\/\/newsestlyonnais.fr\/site\/#\/schema\/person\/3230d5615f390bb808365d673001e887"},"headline":"GENAS | Arriv\u00e9e du Beaujolais nouveau jeudi 15 novembre","datePublished":"2018-11-06T12:53:29+00:00","dateModified":"2020-11-15T06:59:51+00:00","mainEntityOfPage":{"@id":"https:\/\/newsestlyonnais.fr\/site\/2018\/11\/06\/genas-le-beaujolais-nouveau-arrive-sur-la-place-du-marche-jeudi-15-novembre\/"},"wordCount":113,"commentCount":0,"publisher":{"@id":"https:\/\/newsestlyonnais.fr\/site\/#organization"},"image":{"@id":"https:\/\/newsestlyonnais.fr\/site\/2018\/11\/06\/genas-le-beaujolais-nouveau-arrive-sur-la-place-du-marche-jeudi-15-novembre\/#primaryimage"},"thumbnailUrl":"https:\/\/newsestlyonnais.fr\/site\/wp-content\/uploads\/2018\/11\/NEWSESTLYONANIS-BEAUJOLAIS-GENAS.png","keywords":["BEAUJOLAIS NOUVEAU","COMITE FETES","GENAS"],"articleSection":["CCEL | Communes","Comit\u00e9 F\u00eates | Sou des Ecoles | Classes","Cuisine | Gastronomie","Genas"],"inLanguage":"fr-FR","potentialAction":[{"@type":"CommentAction","name":"Comment","target":["https:\/\/newsestlyonnais.fr\/site\/2018\/11\/06\/genas-le-beaujolais-nouveau-arrive-sur-la-place-du-marche-jeudi-15-novembre\/#respond"]}]},{"@type":"WebPage","@id":"https:\/\/newsestlyonnais.fr\/site\/2018\/11\/06\/genas-le-beaujolais-nouveau-arrive-sur-la-place-du-marche-jeudi-15-novembre\/","url":"https:\/\/newsestlyonnais.fr\/site\/2018\/11\/06\/genas-le-beaujolais-nouveau-arrive-sur-la-place-du-marche-jeudi-15-novembre\/","name":"GENAS : Le beaujolais nouveau arrive sur la place du march\u00e9 le jeudi 15 novembre","isPartOf":{"@id":"https:\/\/newsestlyonnais.fr\/site\/#website"},"primaryImageOfPage":{"@id":"https:\/\/newsestlyonnais.fr\/site\/2018\/11\/06\/genas-le-beaujolais-nouveau-arrive-sur-la-place-du-marche-jeudi-15-novembre\/#primaryimage"},"image":{"@id":"https:\/\/newsestlyonnais.fr\/site\/2018\/11\/06\/genas-le-beaujolais-nouveau-arrive-sur-la-place-du-marche-jeudi-15-novembre\/#primaryimage"},"thumbnailUrl":"https:\/\/newsestlyonnais.fr\/site\/wp-content\/uploads\/2018\/11\/NEWSESTLYONANIS-BEAUJOLAIS-GENAS.png","datePublished":"2018-11-06T12:53:29+00:00","dateModified":"2020-11-15T06:59:51+00:00","description":"GENAS : Le beaujolais nouveau arrive sur la place du march\u00e9 le jeudi 15 novembre","breadcrumb":{"@id":"https:\/\/newsestlyonnais.fr\/site\/2018\/11\/06\/genas-le-beaujolais-nouveau-arrive-sur-la-place-du-marche-jeudi-15-novembre\/#breadcrumb"},"inLanguage":"fr-FR","potentialAction":[{"@type":"ReadAction","target":["https:\/\/newsestlyonnais.fr\/site\/2018\/11\/06\/genas-le-beaujolais-nouveau-arrive-sur-la-place-du-marche-jeudi-15-novembre\/"]}]},{"@type":"ImageObject","inLanguage":"fr-FR","@id":"https:\/\/newsestlyonnais.fr\/site\/2018\/11\/06\/genas-le-beaujolais-nouveau-arrive-sur-la-place-du-marche-jeudi-15-novembre\/#primaryimage","url":"https:\/\/newsestlyonnais.fr\/site\/wp-content\/uploads\/2018\/11\/NEWSESTLYONANIS-BEAUJOLAIS-GENAS.png","contentUrl":"https:\/\/newsestlyonnais.fr\/site\/wp-content\/uploads\/2018\/11\/NEWSESTLYONANIS-BEAUJOLAIS-GENAS.png","width":390,"height":416,"caption":"NEWSESTLYONNAIS BEAUJOLAIS GENAS"},{"@type":"BreadcrumbList","@id":"https:\/\/newsestlyonnais.fr\/site\/2018\/11\/06\/genas-le-beaujolais-nouveau-arrive-sur-la-place-du-marche-jeudi-15-novembre\/#breadcrumb","itemListElement":[{"@type":"ListItem","position":1,"name":"Accueil","item":"https:\/\/newsestlyonnais.fr\/site\/"},{"@type":"ListItem","position":2,"name":"GENAS | Arriv\u00e9e du Beaujolais nouveau jeudi 15 novembre"}]},{"@type":"WebSite","@id":"https:\/\/newsestlyonnais.fr\/site\/#website","url":"https:\/\/newsestlyonnais.fr\/site\/","name":"News Est Lyonnais","description":"L&#039;actualit\u00e9 au plus pr\u00e8s","publisher":{"@id":"https:\/\/newsestlyonnais.fr\/site\/#organization"},"potentialAction":[{"@type":"SearchAction","target":{"@type":"EntryPoint","urlTemplate":"https:\/\/newsestlyonnais.fr\/site\/?s={search_term_string}"},"query-input":{"@type":"PropertyValueSpecification","valueRequired":true,"valueName":"search_term_string"}}],"inLanguage":"fr-FR"},{"@type":"Organization","@id":"https:\/\/newsestlyonnais.fr\/site\/#organization","name":"News EST LYONNAIS","url":"https:\/\/newsestlyonnais.fr\/site\/","logo":{"@type":"ImageObject","inLanguage":"fr-FR","@id":"https:\/\/newsestlyonnais.fr\/site\/#\/schema\/logo\/image\/","url":"","contentUrl":"","caption":"News EST LYONNAIS"},"image":{"@id":"https:\/\/newsestlyonnais.fr\/site\/#\/schema\/logo\/image\/"}},{"@type":"Person","@id":"https:\/\/newsestlyonnais.fr\/site\/#\/schema\/person\/3230d5615f390bb808365d673001e887","name":"R\u00e9dac. NEWS","sameAs":["http:\/\/www.newsestlyonnais.fr","https:\/\/www.facebook.com\/pascal.oberson.1?fref=ts","https:\/\/fr.linkedin.com\/in\/pascal-oberson-b17045113"],"url":"https:\/\/newsestlyonnais.fr\/site\/author\/nel\/"}]}},"_links":{"self":[{"href":"https:\/\/newsestlyonnais.fr\/site\/wp-json\/wp\/v2\/posts\/59672","targetHints":{"allow":["GET"]}}],"collection":[{"href":"https:\/\/newsestlyonnais.fr\/site\/wp-json\/wp\/v2\/posts"}],"about":[{"href":"https:\/\/newsestlyonnais.fr\/site\/wp-json\/wp\/v2\/types\/post"}],"author":[{"embeddable":true,"href":"https:\/\/newsestlyonnais.fr\/site\/wp-json\/wp\/v2\/users\/4"}],"replies":[{"embeddable":true,"href":"https:\/\/newsestlyonnais.fr\/site\/wp-json\/wp\/v2\/comments?post=59672"}],"version-history":[{"count":0,"href":"https:\/\/newsestlyonnais.fr\/site\/wp-json\/wp\/v2\/posts\/59672\/revisions"}],"wp:featuredmedia":[{"embeddable":true,"href":"https:\/\/newsestlyonnais.fr\/site\/wp-json\/wp\/v2\/media\/59676"}],"wp:attachment":[{"href":"https:\/\/newsestlyonnais.fr\/site\/wp-json\/wp\/v2\/media?parent=59672"}],"wp:term":[{"taxonomy":"category","embeddable":true,"href":"https:\/\/newsestlyonnais.fr\/site\/wp-json\/wp\/v2\/categories?post=59672"},{"taxonomy":"post_tag","embeddable":true,"href":"https:\/\/newsestlyonnais.fr\/site\/wp-json\/wp\/v2\/tags?post=59672"}],"curies":[{"name":"wp","href":"https:\/\/api.w.org\/{rel}","templated":true}]}}