{"id":59777,"date":"2018-11-05T13:38:40","date_gmt":"2018-11-05T12:38:40","guid":{"rendered":"http:\/\/newsestlyonnais.fr\/site\/?p=59777"},"modified":"2020-06-11T08:50:36","modified_gmt":"2020-06-11T07:50:36","slug":"saint-laurent-de-mure-les-manifestations-au-11-janvier-2019","status":"publish","type":"post","link":"https:\/\/newsestlyonnais.fr\/site\/2018\/11\/05\/saint-laurent-de-mure-les-manifestations-au-11-janvier-2019\/","title":{"rendered":"SAINT-LAURENT-DE-MURE | Les manifestations au 11 janvier 2019"},"content":{"rendered":"<h4>Nombreux sont les \u00e9v\u00e8nements et manifestations qui se d\u00e9rouleront durant cette p\u00e9riode, sur la commune, \u00e0 savoir :<\/h4>\n<ul>\n<li class=\"ox-0b914b18d5-MsoNormal\"><b>Du Mardi 6 au Samedi 24 novembre : <\/b><span style=\"text-decoration: underline\">Exposition le Rh\u00f4ne pendant la Grande Guerre<\/span>. (Salle d\u2019exposition Docteur Sondaz, 2\u00b0 \u00e9tage de la B\u00e2tisse du Bois du Baron).<\/li>\n<li class=\"ox-0b914b18d5-MsoNormal\"><b>Samedi 10 novembre<\/b> : <span style=\"text-decoration: underline\">Lecture de Contes \u00ab\u00a0Cr\u00e9atures fantastiques\u00a0\u00bb<\/span> <strong>\u00e0 10 h 15<\/strong> pour les 4 \u2013 6 ans <strong>&amp; \u00e0 11 h<\/strong> pour les 7 ans et plus. (M\u00e9diath\u00e8que Intercommunale Muroise). Entr\u00e9e gratuite \/ Pr\u00e9sence possible des parents. Inscription \u00e0 la m\u00e9diath\u00e8que au 04. 78. 40. 75. 82.<\/li>\n<li class=\"ox-0b914b18d5-MsoNormal\"><b>Dimanche 11 novembre. <\/b><span style=\"text-decoration: underline\">Comm\u00e9moration\u00a0du Centenaire de la Lib\u00e9ration<\/span> \u2013 d\u00e9part du d\u00e9fil\u00e9 <strong>\u00e0 11 h<\/strong> devant le parvis de la mairie.<\/li>\n<li><b>Vendredi 16 novembre de 19 h \u00e0 21 h 30 : <\/b><span style=\"text-decoration: underline\">Beaujolais Nouveau<\/span> par le Comit\u00e9 des f\u00eates (Salle de la Concorde) <b>&amp; <\/b><b>\u00e0 <\/b><strong>20 h 30<\/strong> : <span style=\"text-decoration: underline\">Spectacle\u00a0: <i>Chagrin d\u2019amour<\/i> d\u2019Audrey Vernon<\/span>. (Salle de la Fruiti\u00e8re \u2013 B\u00e2tisse Bois du Baron).<\/li>\n<li><strong>Samedi 17 novembre de 8 h 30 \u00e0 18 h<\/strong> : <span style=\"text-decoration: underline\">Vente de tripes<\/span> par \u00a0\u00bb Les Roules Peut-\u00catre\u00a0\u00bb<b>. <\/b>(Salle de la Concorde).<\/li>\n<li><strong>Dimanche 18 novembre de 13 h 30 \u00e0 19 h<\/strong> : <span style=\"text-decoration: underline\">Concours de Belote<\/span>. (Salle de la Concorde).<\/li>\n<li><b>Dimanche 25 <\/b><b>novembre<\/b> <strong>de 15 h \u00e0 20 h<\/strong> : <span style=\"text-decoration: underline\">Concert de la Batterie-fanfare<\/span>. (Salle de la Concorde).<\/li>\n<li><b>Du Vendredi 30 novembre au Lundi 3 d\u00e9cembre<\/b> : <span style=\"text-decoration: underline\">Exposition talents locaux<\/span>. (Salle de la Concorde).<\/li>\n<li><strong>Samedi 8 d\u00e9cembre<\/strong>\u00a0: <span style=\"text-decoration: underline\">F\u00eate des Lumi\u00e8res<\/span> <strong>\u00e0 18 h 30<\/strong>\u00a0:<span style=\"text-decoration: underline\"> descente des flambeaux<\/span> depuis l\u2019\u00e9cole \u00e9l\u00e9mentaire. <strong>\u00e0 19 h<\/strong>\u00a0: <span style=\"text-decoration: underline\">spectacle vivant<\/span> et\u00a0effets sp\u00e9ciaux sur la fa\u00e7ade de la mairie <strong>&amp; \u00e0 19 h 30<\/strong>\u00a0: <span style=\"text-decoration: underline\">stands de restauration<\/span> sur le parvis de la mairie.<\/li>\n<li><strong>Dimanche 9 d\u00e9cembre \u00e0 12 h<\/strong> : <span style=\"text-decoration: underline\">Repas des a\u00een\u00e9s<\/span>. (Salle de la Concorde).<\/li>\n<li><strong>Samedi 15 d\u00e9cembre \u00e0 16 h<\/strong>\u00a0: <span style=\"text-decoration: underline\">Le Bal pour les M\u00f4mes<\/span>. (Salle de la Concorde). Spectacle offert par la municipalit\u00e9.<\/li>\n<li><strong>Jeudi 20 d\u00e9cembre\u00a0: \u00e0 16 h 30<\/strong> : <span style=\"text-decoration: underline\">Spectacle petite enfance<\/span>. (Salle de la Fruiti\u00e8re \u2013 B\u00e2tisse du Bois du Baron).\u00a0 Spectacle pour les enfants des Renardeaux et du Ludo\u2019espace.<\/li>\n<li><strong>Dimanche 6 janvier \u00e0 11 h 30<\/strong>: <span style=\"text-decoration: underline\">C\u00e9r\u00e9monie des v\u0153ux du Maire<\/span>. (Salle de la Concorde).<\/li>\n<li><strong>Vendredi 11 janvier \u00e0 20 h 30<\/strong>: <span style=\"text-decoration: underline\">Spectacle du TNP<\/span> : <i>La Chanson de Roland<\/i> et <i>Le Roman de Renart. (<\/i>Salle de la Fruiti\u00e8re \u2013 B\u00e2tisse du Bois du Baron).<\/li>\n<\/ul>\n<h4>Retrouvez l\u2019ACTU de la commune sur : <a href=\"http:\/\/www.saintlaurentdemure.org\" target=\"_blank\" rel=\"noopener noreferrer\">http:\/\/www.saintlaurentdemure.org<\/a><\/h4>\n","protected":false},"excerpt":{"rendered":"<p>Nombreux sont les \u00e9v\u00e8nements et manifestations qui se d\u00e9rouleront durant cette p\u00e9riode, sur la commune, \u00e0 savoir : Du Mardi 6 au Samedi 24 novembre : Exposition le Rh\u00f4ne pendant la Grande Guerre. (Salle d\u2019exposition Docteur Sondaz, 2\u00b0 \u00e9tage de la B\u00e2tisse du Bois du Baron). Samedi 10 novembre : Lecture de Contes \u00ab\u00a0Cr\u00e9atures fantastiques\u00a0\u00bb [&hellip;]<\/p>\n","protected":false},"author":4,"featured_media":50149,"comment_status":"open","ping_status":"open","sticky":false,"template":"","format":"standard","meta":{"footnotes":""},"categories":[30,270,1282],"tags":[],"class_list":["post-59777","post","type-post","status-publish","format-standard","has-post-thumbnail","hentry","category-a-la-une","category-cte-de-communes-c-c-e-l","category-st-bonnet-st-laurent-de-mure"],"yoast_head":"<!-- This site is optimized with the Yoast SEO plugin v27.2 - https:\/\/yoast.com\/product\/yoast-seo-wordpress\/ -->\n<title>SAINT LAURENT DE MURE : L\u2019agenda des manifestations jusqu&#039;au 11 janvier 2019<\/title>\n<meta name=\"description\" content=\"SAINT LAURENT DE MURE : L\u2019agenda des manifestations jusqu&#039;au 11 janvier 2019\" \/>\n<meta name=\"robots\" content=\"index, follow, max-snippet:-1, max-image-preview:large, max-video-preview:-1\" \/>\n<link rel=\"canonical\" href=\"https:\/\/newsestlyonnais.fr\/site\/2018\/11\/05\/saint-laurent-de-mure-les-manifestations-au-11-janvier-2019\/\" \/>\n<meta property=\"og:locale\" content=\"fr_FR\" \/>\n<meta property=\"og:type\" content=\"article\" \/>\n<meta property=\"og:title\" content=\"SAINT LAURENT DE MURE : L\u2019agenda des manifestations jusqu&#039;au 11 janvier 2019\" \/>\n<meta property=\"og:description\" content=\"SAINT LAURENT DE MURE : L\u2019agenda des manifestations jusqu&#039;au 11 janvier 2019\" \/>\n<meta property=\"og:url\" content=\"https:\/\/newsestlyonnais.fr\/site\/2018\/11\/05\/saint-laurent-de-mure-les-manifestations-au-11-janvier-2019\/\" \/>\n<meta property=\"og:site_name\" content=\"News Est Lyonnais\" \/>\n<meta property=\"article:author\" content=\"https:\/\/www.facebook.com\/pascal.oberson.1?fref=ts\" \/>\n<meta property=\"article:published_time\" content=\"2018-11-05T12:38:40+00:00\" \/>\n<meta property=\"article:modified_time\" content=\"2020-06-11T07:50:36+00:00\" \/>\n<meta property=\"og:image\" content=\"https:\/\/i2.wp.com\/newsestlyonnais.fr\/site\/wp-content\/uploads\/2018\/05\/P1280739.jpg?fit=2048%2C1536&ssl=1\" \/>\n\t<meta property=\"og:image:width\" content=\"2048\" \/>\n\t<meta property=\"og:image:height\" content=\"1536\" \/>\n\t<meta property=\"og:image:type\" content=\"image\/jpeg\" \/>\n<meta name=\"author\" content=\"R\u00e9dac. NEWS\" \/>\n<meta name=\"twitter:card\" content=\"summary_large_image\" \/>\n<meta name=\"twitter:label1\" content=\"\u00c9crit par\" \/>\n\t<meta name=\"twitter:data1\" content=\"R\u00e9dac. NEWS\" \/>\n\t<meta name=\"twitter:label2\" content=\"Dur\u00e9e de lecture estim\u00e9e\" \/>\n\t<meta name=\"twitter:data2\" content=\"2 minutes\" \/>\n<script type=\"application\/ld+json\" class=\"yoast-schema-graph\">{\"@context\":\"https:\/\/schema.org\",\"@graph\":[{\"@type\":\"Article\",\"@id\":\"https:\/\/newsestlyonnais.fr\/site\/2018\/11\/05\/saint-laurent-de-mure-les-manifestations-au-11-janvier-2019\/#article\",\"isPartOf\":{\"@id\":\"https:\/\/newsestlyonnais.fr\/site\/2018\/11\/05\/saint-laurent-de-mure-les-manifestations-au-11-janvier-2019\/\"},\"author\":{\"name\":\"R\u00e9dac. NEWS\",\"@id\":\"https:\/\/newsestlyonnais.fr\/site\/#\/schema\/person\/3230d5615f390bb808365d673001e887\"},\"headline\":\"SAINT-LAURENT-DE-MURE | Les manifestations au 11 janvier 2019\",\"datePublished\":\"2018-11-05T12:38:40+00:00\",\"dateModified\":\"2020-06-11T07:50:36+00:00\",\"mainEntityOfPage\":{\"@id\":\"https:\/\/newsestlyonnais.fr\/site\/2018\/11\/05\/saint-laurent-de-mure-les-manifestations-au-11-janvier-2019\/\"},\"wordCount\":357,\"commentCount\":0,\"publisher\":{\"@id\":\"https:\/\/newsestlyonnais.fr\/site\/#organization\"},\"image\":{\"@id\":\"https:\/\/newsestlyonnais.fr\/site\/2018\/11\/05\/saint-laurent-de-mure-les-manifestations-au-11-janvier-2019\/#primaryimage\"},\"thumbnailUrl\":\"https:\/\/newsestlyonnais.fr\/site\/wp-content\/uploads\/2018\/05\/P1280739.jpg\",\"articleSection\":[\"\u00e0 la une\",\"CCEL | Communes\",\"St Bonnet | St Laurent de Mure\"],\"inLanguage\":\"fr-FR\",\"potentialAction\":[{\"@type\":\"CommentAction\",\"name\":\"Comment\",\"target\":[\"https:\/\/newsestlyonnais.fr\/site\/2018\/11\/05\/saint-laurent-de-mure-les-manifestations-au-11-janvier-2019\/#respond\"]}]},{\"@type\":\"WebPage\",\"@id\":\"https:\/\/newsestlyonnais.fr\/site\/2018\/11\/05\/saint-laurent-de-mure-les-manifestations-au-11-janvier-2019\/\",\"url\":\"https:\/\/newsestlyonnais.fr\/site\/2018\/11\/05\/saint-laurent-de-mure-les-manifestations-au-11-janvier-2019\/\",\"name\":\"SAINT LAURENT DE MURE : L\u2019agenda des manifestations jusqu'au 11 janvier 2019\",\"isPartOf\":{\"@id\":\"https:\/\/newsestlyonnais.fr\/site\/#website\"},\"primaryImageOfPage\":{\"@id\":\"https:\/\/newsestlyonnais.fr\/site\/2018\/11\/05\/saint-laurent-de-mure-les-manifestations-au-11-janvier-2019\/#primaryimage\"},\"image\":{\"@id\":\"https:\/\/newsestlyonnais.fr\/site\/2018\/11\/05\/saint-laurent-de-mure-les-manifestations-au-11-janvier-2019\/#primaryimage\"},\"thumbnailUrl\":\"https:\/\/newsestlyonnais.fr\/site\/wp-content\/uploads\/2018\/05\/P1280739.jpg\",\"datePublished\":\"2018-11-05T12:38:40+00:00\",\"dateModified\":\"2020-06-11T07:50:36+00:00\",\"description\":\"SAINT LAURENT DE MURE : L\u2019agenda des manifestations jusqu'au 11 janvier 2019\",\"breadcrumb\":{\"@id\":\"https:\/\/newsestlyonnais.fr\/site\/2018\/11\/05\/saint-laurent-de-mure-les-manifestations-au-11-janvier-2019\/#breadcrumb\"},\"inLanguage\":\"fr-FR\",\"potentialAction\":[{\"@type\":\"ReadAction\",\"target\":[\"https:\/\/newsestlyonnais.fr\/site\/2018\/11\/05\/saint-laurent-de-mure-les-manifestations-au-11-janvier-2019\/\"]}]},{\"@type\":\"ImageObject\",\"inLanguage\":\"fr-FR\",\"@id\":\"https:\/\/newsestlyonnais.fr\/site\/2018\/11\/05\/saint-laurent-de-mure-les-manifestations-au-11-janvier-2019\/#primaryimage\",\"url\":\"https:\/\/newsestlyonnais.fr\/site\/wp-content\/uploads\/2018\/05\/P1280739.jpg\",\"contentUrl\":\"https:\/\/newsestlyonnais.fr\/site\/wp-content\/uploads\/2018\/05\/P1280739.jpg\",\"width\":2048,\"height\":1536,\"caption\":\"NEWSESTLYONNAIS PANNEAU ST LAURENT\"},{\"@type\":\"BreadcrumbList\",\"@id\":\"https:\/\/newsestlyonnais.fr\/site\/2018\/11\/05\/saint-laurent-de-mure-les-manifestations-au-11-janvier-2019\/#breadcrumb\",\"itemListElement\":[{\"@type\":\"ListItem\",\"position\":1,\"name\":\"Accueil\",\"item\":\"https:\/\/newsestlyonnais.fr\/site\/\"},{\"@type\":\"ListItem\",\"position\":2,\"name\":\"SAINT-LAURENT-DE-MURE | Les manifestations au 11 janvier 2019\"}]},{\"@type\":\"WebSite\",\"@id\":\"https:\/\/newsestlyonnais.fr\/site\/#website\",\"url\":\"https:\/\/newsestlyonnais.fr\/site\/\",\"name\":\"News Est Lyonnais\",\"description\":\"L&#039;actualit\u00e9 au plus pr\u00e8s\",\"publisher\":{\"@id\":\"https:\/\/newsestlyonnais.fr\/site\/#organization\"},\"potentialAction\":[{\"@type\":\"SearchAction\",\"target\":{\"@type\":\"EntryPoint\",\"urlTemplate\":\"https:\/\/newsestlyonnais.fr\/site\/?s={search_term_string}\"},\"query-input\":{\"@type\":\"PropertyValueSpecification\",\"valueRequired\":true,\"valueName\":\"search_term_string\"}}],\"inLanguage\":\"fr-FR\"},{\"@type\":\"Organization\",\"@id\":\"https:\/\/newsestlyonnais.fr\/site\/#organization\",\"name\":\"News EST LYONNAIS\",\"url\":\"https:\/\/newsestlyonnais.fr\/site\/\",\"logo\":{\"@type\":\"ImageObject\",\"inLanguage\":\"fr-FR\",\"@id\":\"https:\/\/newsestlyonnais.fr\/site\/#\/schema\/logo\/image\/\",\"url\":\"\",\"contentUrl\":\"\",\"caption\":\"News EST LYONNAIS\"},\"image\":{\"@id\":\"https:\/\/newsestlyonnais.fr\/site\/#\/schema\/logo\/image\/\"}},{\"@type\":\"Person\",\"@id\":\"https:\/\/newsestlyonnais.fr\/site\/#\/schema\/person\/3230d5615f390bb808365d673001e887\",\"name\":\"R\u00e9dac. NEWS\",\"sameAs\":[\"http:\/\/www.newsestlyonnais.fr\",\"https:\/\/www.facebook.com\/pascal.oberson.1?fref=ts\",\"https:\/\/fr.linkedin.com\/in\/pascal-oberson-b17045113\"],\"url\":\"https:\/\/newsestlyonnais.fr\/site\/author\/nel\/\"}]}<\/script>\n<!-- \/ Yoast SEO plugin. -->","yoast_head_json":{"title":"SAINT LAURENT DE MURE : L\u2019agenda des manifestations jusqu'au 11 janvier 2019","description":"SAINT LAURENT DE MURE : L\u2019agenda des manifestations jusqu'au 11 janvier 2019","robots":{"index":"index","follow":"follow","max-snippet":"max-snippet:-1","max-image-preview":"max-image-preview:large","max-video-preview":"max-video-preview:-1"},"canonical":"https:\/\/newsestlyonnais.fr\/site\/2018\/11\/05\/saint-laurent-de-mure-les-manifestations-au-11-janvier-2019\/","og_locale":"fr_FR","og_type":"article","og_title":"SAINT LAURENT DE MURE : L\u2019agenda des manifestations jusqu'au 11 janvier 2019","og_description":"SAINT LAURENT DE MURE : L\u2019agenda des manifestations jusqu'au 11 janvier 2019","og_url":"https:\/\/newsestlyonnais.fr\/site\/2018\/11\/05\/saint-laurent-de-mure-les-manifestations-au-11-janvier-2019\/","og_site_name":"News Est Lyonnais","article_author":"https:\/\/www.facebook.com\/pascal.oberson.1?fref=ts","article_published_time":"2018-11-05T12:38:40+00:00","article_modified_time":"2020-06-11T07:50:36+00:00","og_image":[{"width":2048,"height":1536,"url":"https:\/\/i2.wp.com\/newsestlyonnais.fr\/site\/wp-content\/uploads\/2018\/05\/P1280739.jpg?fit=2048%2C1536&ssl=1","type":"image\/jpeg"}],"author":"R\u00e9dac. NEWS","twitter_card":"summary_large_image","twitter_misc":{"\u00c9crit par":"R\u00e9dac. NEWS","Dur\u00e9e de lecture estim\u00e9e":"2 minutes"},"schema":{"@context":"https:\/\/schema.org","@graph":[{"@type":"Article","@id":"https:\/\/newsestlyonnais.fr\/site\/2018\/11\/05\/saint-laurent-de-mure-les-manifestations-au-11-janvier-2019\/#article","isPartOf":{"@id":"https:\/\/newsestlyonnais.fr\/site\/2018\/11\/05\/saint-laurent-de-mure-les-manifestations-au-11-janvier-2019\/"},"author":{"name":"R\u00e9dac. NEWS","@id":"https:\/\/newsestlyonnais.fr\/site\/#\/schema\/person\/3230d5615f390bb808365d673001e887"},"headline":"SAINT-LAURENT-DE-MURE | Les manifestations au 11 janvier 2019","datePublished":"2018-11-05T12:38:40+00:00","dateModified":"2020-06-11T07:50:36+00:00","mainEntityOfPage":{"@id":"https:\/\/newsestlyonnais.fr\/site\/2018\/11\/05\/saint-laurent-de-mure-les-manifestations-au-11-janvier-2019\/"},"wordCount":357,"commentCount":0,"publisher":{"@id":"https:\/\/newsestlyonnais.fr\/site\/#organization"},"image":{"@id":"https:\/\/newsestlyonnais.fr\/site\/2018\/11\/05\/saint-laurent-de-mure-les-manifestations-au-11-janvier-2019\/#primaryimage"},"thumbnailUrl":"https:\/\/newsestlyonnais.fr\/site\/wp-content\/uploads\/2018\/05\/P1280739.jpg","articleSection":["\u00e0 la une","CCEL | Communes","St Bonnet | St Laurent de Mure"],"inLanguage":"fr-FR","potentialAction":[{"@type":"CommentAction","name":"Comment","target":["https:\/\/newsestlyonnais.fr\/site\/2018\/11\/05\/saint-laurent-de-mure-les-manifestations-au-11-janvier-2019\/#respond"]}]},{"@type":"WebPage","@id":"https:\/\/newsestlyonnais.fr\/site\/2018\/11\/05\/saint-laurent-de-mure-les-manifestations-au-11-janvier-2019\/","url":"https:\/\/newsestlyonnais.fr\/site\/2018\/11\/05\/saint-laurent-de-mure-les-manifestations-au-11-janvier-2019\/","name":"SAINT LAURENT DE MURE : L\u2019agenda des manifestations jusqu'au 11 janvier 2019","isPartOf":{"@id":"https:\/\/newsestlyonnais.fr\/site\/#website"},"primaryImageOfPage":{"@id":"https:\/\/newsestlyonnais.fr\/site\/2018\/11\/05\/saint-laurent-de-mure-les-manifestations-au-11-janvier-2019\/#primaryimage"},"image":{"@id":"https:\/\/newsestlyonnais.fr\/site\/2018\/11\/05\/saint-laurent-de-mure-les-manifestations-au-11-janvier-2019\/#primaryimage"},"thumbnailUrl":"https:\/\/newsestlyonnais.fr\/site\/wp-content\/uploads\/2018\/05\/P1280739.jpg","datePublished":"2018-11-05T12:38:40+00:00","dateModified":"2020-06-11T07:50:36+00:00","description":"SAINT LAURENT DE MURE : L\u2019agenda des manifestations jusqu'au 11 janvier 2019","breadcrumb":{"@id":"https:\/\/newsestlyonnais.fr\/site\/2018\/11\/05\/saint-laurent-de-mure-les-manifestations-au-11-janvier-2019\/#breadcrumb"},"inLanguage":"fr-FR","potentialAction":[{"@type":"ReadAction","target":["https:\/\/newsestlyonnais.fr\/site\/2018\/11\/05\/saint-laurent-de-mure-les-manifestations-au-11-janvier-2019\/"]}]},{"@type":"ImageObject","inLanguage":"fr-FR","@id":"https:\/\/newsestlyonnais.fr\/site\/2018\/11\/05\/saint-laurent-de-mure-les-manifestations-au-11-janvier-2019\/#primaryimage","url":"https:\/\/newsestlyonnais.fr\/site\/wp-content\/uploads\/2018\/05\/P1280739.jpg","contentUrl":"https:\/\/newsestlyonnais.fr\/site\/wp-content\/uploads\/2018\/05\/P1280739.jpg","width":2048,"height":1536,"caption":"NEWSESTLYONNAIS PANNEAU ST LAURENT"},{"@type":"BreadcrumbList","@id":"https:\/\/newsestlyonnais.fr\/site\/2018\/11\/05\/saint-laurent-de-mure-les-manifestations-au-11-janvier-2019\/#breadcrumb","itemListElement":[{"@type":"ListItem","position":1,"name":"Accueil","item":"https:\/\/newsestlyonnais.fr\/site\/"},{"@type":"ListItem","position":2,"name":"SAINT-LAURENT-DE-MURE | Les manifestations au 11 janvier 2019"}]},{"@type":"WebSite","@id":"https:\/\/newsestlyonnais.fr\/site\/#website","url":"https:\/\/newsestlyonnais.fr\/site\/","name":"News Est Lyonnais","description":"L&#039;actualit\u00e9 au plus pr\u00e8s","publisher":{"@id":"https:\/\/newsestlyonnais.fr\/site\/#organization"},"potentialAction":[{"@type":"SearchAction","target":{"@type":"EntryPoint","urlTemplate":"https:\/\/newsestlyonnais.fr\/site\/?s={search_term_string}"},"query-input":{"@type":"PropertyValueSpecification","valueRequired":true,"valueName":"search_term_string"}}],"inLanguage":"fr-FR"},{"@type":"Organization","@id":"https:\/\/newsestlyonnais.fr\/site\/#organization","name":"News EST LYONNAIS","url":"https:\/\/newsestlyonnais.fr\/site\/","logo":{"@type":"ImageObject","inLanguage":"fr-FR","@id":"https:\/\/newsestlyonnais.fr\/site\/#\/schema\/logo\/image\/","url":"","contentUrl":"","caption":"News EST LYONNAIS"},"image":{"@id":"https:\/\/newsestlyonnais.fr\/site\/#\/schema\/logo\/image\/"}},{"@type":"Person","@id":"https:\/\/newsestlyonnais.fr\/site\/#\/schema\/person\/3230d5615f390bb808365d673001e887","name":"R\u00e9dac. NEWS","sameAs":["http:\/\/www.newsestlyonnais.fr","https:\/\/www.facebook.com\/pascal.oberson.1?fref=ts","https:\/\/fr.linkedin.com\/in\/pascal-oberson-b17045113"],"url":"https:\/\/newsestlyonnais.fr\/site\/author\/nel\/"}]}},"_links":{"self":[{"href":"https:\/\/newsestlyonnais.fr\/site\/wp-json\/wp\/v2\/posts\/59777","targetHints":{"allow":["GET"]}}],"collection":[{"href":"https:\/\/newsestlyonnais.fr\/site\/wp-json\/wp\/v2\/posts"}],"about":[{"href":"https:\/\/newsestlyonnais.fr\/site\/wp-json\/wp\/v2\/types\/post"}],"author":[{"embeddable":true,"href":"https:\/\/newsestlyonnais.fr\/site\/wp-json\/wp\/v2\/users\/4"}],"replies":[{"embeddable":true,"href":"https:\/\/newsestlyonnais.fr\/site\/wp-json\/wp\/v2\/comments?post=59777"}],"version-history":[{"count":0,"href":"https:\/\/newsestlyonnais.fr\/site\/wp-json\/wp\/v2\/posts\/59777\/revisions"}],"wp:featuredmedia":[{"embeddable":true,"href":"https:\/\/newsestlyonnais.fr\/site\/wp-json\/wp\/v2\/media\/50149"}],"wp:attachment":[{"href":"https:\/\/newsestlyonnais.fr\/site\/wp-json\/wp\/v2\/media?parent=59777"}],"wp:term":[{"taxonomy":"category","embeddable":true,"href":"https:\/\/newsestlyonnais.fr\/site\/wp-json\/wp\/v2\/categories?post=59777"},{"taxonomy":"post_tag","embeddable":true,"href":"https:\/\/newsestlyonnais.fr\/site\/wp-json\/wp\/v2\/tags?post=59777"}],"curies":[{"name":"wp","href":"https:\/\/api.w.org\/{rel}","templated":true}]}}