{"id":59800,"date":"2018-11-09T09:32:53","date_gmt":"2018-11-09T08:32:53","guid":{"rendered":"http:\/\/newsestlyonnais.fr\/site\/?p=59800"},"modified":"2020-11-05T20:45:15","modified_gmt":"2020-11-05T19:45:15","slug":"chassieu-les-manifestations-sur-la-commune-en-novembre-2018","status":"publish","type":"post","link":"https:\/\/newsestlyonnais.fr\/site\/2018\/11\/09\/chassieu-les-manifestations-sur-la-commune-en-novembre-2018\/","title":{"rendered":"CHASSIEU | Les manifestations sur la commune en Novembre 2018"},"content":{"rendered":"<h4>Plusieurs \u00e9v\u00e8nements et manifestations se d\u00e9rouleront durant ce mois sur la commune, \u00e0 savoir :<\/h4>\n<ul>\n<li><strong>Novembre, mois sans tabac !<\/strong> <span style=\"text-decoration: underline\">Diverses actions de pr\u00e9vention<\/span> autour des m\u00e9faits du tabac et du sevrage tabagique sont organis\u00e9es en collaboration avec la Ligue contre le cancer et une infirmi\u00e8re de sant\u00e9 publique ASALEE. Programme \u00e0 l\u2019accueil du CCAS. T\u00e9l :04 37 25 99 90.<\/li>\n<\/ul>\n<ul>\n<li><strong>Du mardi 6 au Samedi 24 novembre<\/strong> : <span style=\"text-decoration: underline\">\u00ab\u00a0Un village \u00e0 l\u2019\u00e9preuve de la premi\u00e8re guerre mondiale\u00a0\u00bb.\u00a0<\/span> Exposition cr\u00e9\u00e9e en 2014 par les Archives de Chassieu, \u00e0 partir des documents conserv\u00e9s dans le service. Panneaux r\u00e9partis par th\u00e9matique dans diff\u00e9rents lieux publics de la ville (Conservatoire, R\u00e9sidence Les Roses<br \/>\nTr\u00e9mi\u00e8res, Centre nautique, H\u00f4tel de ville).<\/li>\n<li><strong>Du vendredi 9 au samedi 17 novembre<\/strong> : <span style=\"text-decoration: underline\">Semaine solidaire<\/span>. Plus d&rsquo;infos sur :\u00a0 <a href=\"http:\/\/www.chassieu.fr\" target=\"_blank\" rel=\"noopener noreferrer\">http:\/\/www.chassieu.fr<\/a><\/li>\n<li><strong>Dimanche 11 <\/strong><strong>novembre<\/strong> :<strong> \u00e0 11 h 15<\/strong> : <span style=\"text-decoration: underline\">C\u00e9r\u00e9monie du 11 novembre<\/span> \u00e0 l\u2019occasion du centenaire de l\u2019armistice de la premi\u00e8re guerre mondiale devant le monument aux morts, en pr\u00e9sence des officiels et de l\u2019Ensemble orchestral. (Place de la Mairie). Rendez-vous \u00e0 11 h \u00e0 la maison des anciens combattants, all\u00e9e du Luminier.<\/li>\n<li><strong>Vendredi 16 (\u00e0 partir de 16 h) &amp; samedi 17 novembre<\/strong> <strong>(\u00e0 partir de 10 h)<\/strong> : <span style=\"text-decoration: underline\">Beaujolais nouveau<\/span>. Centre (Commercial des Tarentelles). Vente et d\u00e9gustation. Propos\u00e9e par l\u2019association des commer\u00e7ants de l\u2019ouest<br \/>\nchasseland.<\/li>\n<li><strong>Samedi 17 novembre de 9 h \u00e0 12 h 30 : <\/strong><span style=\"text-decoration: underline\">Vente de sabodets<\/span> : (Place Coponat), par Chassieu rugby. Contact: 06 03 43 50 44 ou contact@chassieurugby.fr<strong><br \/>\n<\/strong><\/li>\n<li><strong>Dimanche 18<\/strong> <strong>novembre de 13 h \u00e0 18 h : <\/strong><span style=\"text-decoration: underline\">Jeu de piste<\/span>. (Salle des F\u00eates). organis\u00e9 par les parents b\u00e9n\u00e9voles du Sou des \u00e9coles. Contact : 06 65 45 23 98.<strong><br \/>\n<\/strong><\/li>\n<li><strong>Vendredi 23 novembre \u00e0 20 h : <\/strong><span style=\"text-decoration: underline\">Concert des professeurs.<\/span> (Salle des F\u00eates). Ouverture de la billetterie<br \/>\nlundi 5 novembre. R\u00e9servations au Conservatoire, 04 78 49 84 12.<\/li>\n<li><strong>Dimanche 25<\/strong> <strong>novembre de 9 h 30 \u00e0 17 h :\u00a0<\/strong><span style=\"text-decoration: underline\">Bourse aux jouets<\/span>. (Salle des F\u00eates). Location de table 5 \u20ac. Date limite pour r\u00e9server votre table : 17 novembre. Propos\u00e9e par Chassieu Solidarit\u00e9 Citoyenne. Contact :\u00a0 bouvet.corinne@hotmail.fr<\/li>\n<\/ul>\n<p><em><strong>Retrouvez l\u2019ACTU de la commune sur :\u00a0<a href=\"http:\/\/www.chassieu.fr\" target=\"_blank\" rel=\"noopener noreferrer\">http:\/\/www.chassieu.fr<\/a> <\/strong><\/em><\/p>\n<div id='gallery-1' class='gallery galleryid-59800 gallery-columns-3 gallery-size-thumbnail'><figure class='gallery-item'>\n\t\t\t<div class='gallery-icon portrait'>\n\t\t\t\t<a href='https:\/\/newsestlyonnais.fr\/site\/newsestlyonnais-chassieu-images-guerre\/'><img loading=\"lazy\" decoding=\"async\" width=\"150\" height=\"150\" src=\"https:\/\/newsestlyonnais.fr\/site\/wp-content\/uploads\/2018\/10\/NEWSESTLYONNAIS-CHASSIEU-IMAGES-GUERRE-150x150.jpg\" class=\"attachment-thumbnail size-thumbnail\" alt=\"NEWSESTLYONNAIS CHASSIEU IMAGES GUERRE\" aria-describedby=\"gallery-1-58613\" \/><\/a>\n\t\t\t<\/div>\n\t\t\t\t<figcaption class='wp-caption-text gallery-caption' id='gallery-1-58613'>\n\t\t\t\tExpo : Images de la grande guerre \n\t\t\t\t<\/figcaption><\/figure><figure class='gallery-item'>\n\t\t\t<div class='gallery-icon portrait'>\n\t\t\t\t<a href='https:\/\/newsestlyonnais.fr\/site\/newsestlyonnais-matinee-saucisses-rugby-chassieu\/'><img loading=\"lazy\" decoding=\"async\" width=\"150\" height=\"150\" src=\"https:\/\/newsestlyonnais.fr\/site\/wp-content\/uploads\/2018\/10\/NEWSESTLYONNAIS-MATINEE-SAUCISSES-RUGBY-CHASSIEU-150x150.jpg\" class=\"attachment-thumbnail size-thumbnail\" alt=\"NEWSESTLYONNAIS MATINEE SAUCISSES RUGBY CHASSIEU\" aria-describedby=\"gallery-1-59252\" \/><\/a>\n\t\t\t<\/div>\n\t\t\t\t<figcaption class='wp-caption-text gallery-caption' id='gallery-1-59252'>\n\t\t\t\tVente de sabodets\n\t\t\t\t<\/figcaption><\/figure><figure class='gallery-item'>\n\t\t\t<div class='gallery-icon portrait'>\n\t\t\t\t<a href='https:\/\/newsestlyonnais.fr\/site\/2018\/11\/09\/chassieu-les-manifestations-sur-la-commune-en-novembre-2018\/newsestlyonnais-chassieu-bourse\/'><img loading=\"lazy\" decoding=\"async\" width=\"150\" height=\"150\" src=\"https:\/\/newsestlyonnais.fr\/site\/wp-content\/uploads\/2018\/11\/NEWSESTLYONNAIS-CHASSIEU-BOURSE-150x150.jpg\" class=\"attachment-thumbnail size-thumbnail\" alt=\"NEWSESTLYONNAIS CHASSIEU BOURSE\" aria-describedby=\"gallery-1-59827\" \/><\/a>\n\t\t\t<\/div>\n\t\t\t\t<figcaption class='wp-caption-text gallery-caption' id='gallery-1-59827'>\n\t\t\t\tBourse aux Jouets \n\t\t\t\t<\/figcaption><\/figure>\n\t\t<\/div>\n\n","protected":false},"excerpt":{"rendered":"<p>Plusieurs \u00e9v\u00e8nements et manifestations se d\u00e9rouleront durant ce mois sur la commune, \u00e0 savoir : Novembre, mois sans tabac ! Diverses actions de pr\u00e9vention autour des m\u00e9faits du tabac et du sevrage tabagique sont organis\u00e9es en collaboration avec la Ligue contre le cancer et une infirmi\u00e8re de sant\u00e9 publique ASALEE. Programme \u00e0 l\u2019accueil du CCAS. [&hellip;]<\/p>\n","protected":false},"author":4,"featured_media":51783,"comment_status":"open","ping_status":"open","sticky":false,"template":"","format":"standard","meta":{"footnotes":""},"categories":[1283],"tags":[],"class_list":["post-59800","post","type-post","status-publish","format-standard","has-post-thumbnail","hentry","category-chassieu-communes-diverses"],"yoast_head":"<!-- This site is optimized with the Yoast SEO plugin v27.2 - https:\/\/yoast.com\/product\/yoast-seo-wordpress\/ -->\n<title>CHASSIEU : Les manifestations pr\u00e9vues sur la commune en Novembre 2018<\/title>\n<meta name=\"description\" content=\"CHASSIEU : Les manifestations pr\u00e9vues sur la commune en Novembre 2018\" \/>\n<meta name=\"robots\" content=\"index, follow, max-snippet:-1, max-image-preview:large, max-video-preview:-1\" \/>\n<link rel=\"canonical\" href=\"https:\/\/newsestlyonnais.fr\/site\/2018\/11\/09\/chassieu-les-manifestations-sur-la-commune-en-novembre-2018\/\" \/>\n<meta property=\"og:locale\" content=\"fr_FR\" \/>\n<meta property=\"og:type\" content=\"article\" \/>\n<meta property=\"og:title\" content=\"CHASSIEU : Les manifestations pr\u00e9vues sur la commune en Novembre 2018\" \/>\n<meta property=\"og:description\" content=\"CHASSIEU : Les manifestations pr\u00e9vues sur la commune en Novembre 2018\" \/>\n<meta property=\"og:url\" content=\"https:\/\/newsestlyonnais.fr\/site\/2018\/11\/09\/chassieu-les-manifestations-sur-la-commune-en-novembre-2018\/\" \/>\n<meta property=\"og:site_name\" content=\"News Est Lyonnais\" \/>\n<meta property=\"article:author\" content=\"https:\/\/www.facebook.com\/pascal.oberson.1?fref=ts\" \/>\n<meta property=\"article:published_time\" content=\"2018-11-09T08:32:53+00:00\" \/>\n<meta property=\"article:modified_time\" content=\"2020-11-05T19:45:15+00:00\" \/>\n<meta property=\"og:image\" content=\"https:\/\/i0.wp.com\/newsestlyonnais.fr\/site\/wp-content\/uploads\/2018\/06\/NEWSESTLYONNAIS-PANNEAU-CHASSIEU.jpeg?fit=405%2C124&ssl=1\" \/>\n\t<meta property=\"og:image:width\" content=\"405\" \/>\n\t<meta property=\"og:image:height\" content=\"124\" \/>\n\t<meta property=\"og:image:type\" content=\"image\/jpeg\" \/>\n<meta name=\"author\" content=\"R\u00e9dac. NEWS\" \/>\n<meta name=\"twitter:card\" content=\"summary_large_image\" \/>\n<meta name=\"twitter:label1\" content=\"\u00c9crit par\" \/>\n\t<meta name=\"twitter:data1\" content=\"R\u00e9dac. NEWS\" \/>\n\t<meta name=\"twitter:label2\" content=\"Dur\u00e9e de lecture estim\u00e9e\" \/>\n\t<meta name=\"twitter:data2\" content=\"2 minutes\" \/>\n<script type=\"application\/ld+json\" class=\"yoast-schema-graph\">{\"@context\":\"https:\/\/schema.org\",\"@graph\":[{\"@type\":\"Article\",\"@id\":\"https:\/\/newsestlyonnais.fr\/site\/2018\/11\/09\/chassieu-les-manifestations-sur-la-commune-en-novembre-2018\/#article\",\"isPartOf\":{\"@id\":\"https:\/\/newsestlyonnais.fr\/site\/2018\/11\/09\/chassieu-les-manifestations-sur-la-commune-en-novembre-2018\/\"},\"author\":{\"name\":\"R\u00e9dac. NEWS\",\"@id\":\"https:\/\/newsestlyonnais.fr\/site\/#\/schema\/person\/3230d5615f390bb808365d673001e887\"},\"headline\":\"CHASSIEU | Les manifestations sur la commune en Novembre 2018\",\"datePublished\":\"2018-11-09T08:32:53+00:00\",\"dateModified\":\"2020-11-05T19:45:15+00:00\",\"mainEntityOfPage\":{\"@id\":\"https:\/\/newsestlyonnais.fr\/site\/2018\/11\/09\/chassieu-les-manifestations-sur-la-commune-en-novembre-2018\/\"},\"wordCount\":337,\"commentCount\":0,\"publisher\":{\"@id\":\"https:\/\/newsestlyonnais.fr\/site\/#organization\"},\"image\":{\"@id\":\"https:\/\/newsestlyonnais.fr\/site\/2018\/11\/09\/chassieu-les-manifestations-sur-la-commune-en-novembre-2018\/#primaryimage\"},\"thumbnailUrl\":\"https:\/\/newsestlyonnais.fr\/site\/wp-content\/uploads\/2018\/06\/NEWSESTLYONNAIS-PANNEAU-CHASSIEU.jpeg\",\"articleSection\":[\"Chassieu | Communes diverses\"],\"inLanguage\":\"fr-FR\",\"potentialAction\":[{\"@type\":\"CommentAction\",\"name\":\"Comment\",\"target\":[\"https:\/\/newsestlyonnais.fr\/site\/2018\/11\/09\/chassieu-les-manifestations-sur-la-commune-en-novembre-2018\/#respond\"]}]},{\"@type\":\"WebPage\",\"@id\":\"https:\/\/newsestlyonnais.fr\/site\/2018\/11\/09\/chassieu-les-manifestations-sur-la-commune-en-novembre-2018\/\",\"url\":\"https:\/\/newsestlyonnais.fr\/site\/2018\/11\/09\/chassieu-les-manifestations-sur-la-commune-en-novembre-2018\/\",\"name\":\"CHASSIEU : Les manifestations pr\u00e9vues sur la commune en Novembre 2018\",\"isPartOf\":{\"@id\":\"https:\/\/newsestlyonnais.fr\/site\/#website\"},\"primaryImageOfPage\":{\"@id\":\"https:\/\/newsestlyonnais.fr\/site\/2018\/11\/09\/chassieu-les-manifestations-sur-la-commune-en-novembre-2018\/#primaryimage\"},\"image\":{\"@id\":\"https:\/\/newsestlyonnais.fr\/site\/2018\/11\/09\/chassieu-les-manifestations-sur-la-commune-en-novembre-2018\/#primaryimage\"},\"thumbnailUrl\":\"https:\/\/newsestlyonnais.fr\/site\/wp-content\/uploads\/2018\/06\/NEWSESTLYONNAIS-PANNEAU-CHASSIEU.jpeg\",\"datePublished\":\"2018-11-09T08:32:53+00:00\",\"dateModified\":\"2020-11-05T19:45:15+00:00\",\"description\":\"CHASSIEU : Les manifestations pr\u00e9vues sur la commune en Novembre 2018\",\"breadcrumb\":{\"@id\":\"https:\/\/newsestlyonnais.fr\/site\/2018\/11\/09\/chassieu-les-manifestations-sur-la-commune-en-novembre-2018\/#breadcrumb\"},\"inLanguage\":\"fr-FR\",\"potentialAction\":[{\"@type\":\"ReadAction\",\"target\":[\"https:\/\/newsestlyonnais.fr\/site\/2018\/11\/09\/chassieu-les-manifestations-sur-la-commune-en-novembre-2018\/\"]}]},{\"@type\":\"ImageObject\",\"inLanguage\":\"fr-FR\",\"@id\":\"https:\/\/newsestlyonnais.fr\/site\/2018\/11\/09\/chassieu-les-manifestations-sur-la-commune-en-novembre-2018\/#primaryimage\",\"url\":\"https:\/\/newsestlyonnais.fr\/site\/wp-content\/uploads\/2018\/06\/NEWSESTLYONNAIS-PANNEAU-CHASSIEU.jpeg\",\"contentUrl\":\"https:\/\/newsestlyonnais.fr\/site\/wp-content\/uploads\/2018\/06\/NEWSESTLYONNAIS-PANNEAU-CHASSIEU.jpeg\",\"width\":405,\"height\":124,\"caption\":\"NEWSESTLYONNAIS PANNEAU CHASSIEU\"},{\"@type\":\"BreadcrumbList\",\"@id\":\"https:\/\/newsestlyonnais.fr\/site\/2018\/11\/09\/chassieu-les-manifestations-sur-la-commune-en-novembre-2018\/#breadcrumb\",\"itemListElement\":[{\"@type\":\"ListItem\",\"position\":1,\"name\":\"Accueil\",\"item\":\"https:\/\/newsestlyonnais.fr\/site\/\"},{\"@type\":\"ListItem\",\"position\":2,\"name\":\"CHASSIEU | Les manifestations sur la commune en Novembre 2018\"}]},{\"@type\":\"WebSite\",\"@id\":\"https:\/\/newsestlyonnais.fr\/site\/#website\",\"url\":\"https:\/\/newsestlyonnais.fr\/site\/\",\"name\":\"News Est Lyonnais\",\"description\":\"L&#039;actualit\u00e9 au plus pr\u00e8s\",\"publisher\":{\"@id\":\"https:\/\/newsestlyonnais.fr\/site\/#organization\"},\"potentialAction\":[{\"@type\":\"SearchAction\",\"target\":{\"@type\":\"EntryPoint\",\"urlTemplate\":\"https:\/\/newsestlyonnais.fr\/site\/?s={search_term_string}\"},\"query-input\":{\"@type\":\"PropertyValueSpecification\",\"valueRequired\":true,\"valueName\":\"search_term_string\"}}],\"inLanguage\":\"fr-FR\"},{\"@type\":\"Organization\",\"@id\":\"https:\/\/newsestlyonnais.fr\/site\/#organization\",\"name\":\"News EST LYONNAIS\",\"url\":\"https:\/\/newsestlyonnais.fr\/site\/\",\"logo\":{\"@type\":\"ImageObject\",\"inLanguage\":\"fr-FR\",\"@id\":\"https:\/\/newsestlyonnais.fr\/site\/#\/schema\/logo\/image\/\",\"url\":\"\",\"contentUrl\":\"\",\"caption\":\"News EST LYONNAIS\"},\"image\":{\"@id\":\"https:\/\/newsestlyonnais.fr\/site\/#\/schema\/logo\/image\/\"}},{\"@type\":\"Person\",\"@id\":\"https:\/\/newsestlyonnais.fr\/site\/#\/schema\/person\/3230d5615f390bb808365d673001e887\",\"name\":\"R\u00e9dac. NEWS\",\"sameAs\":[\"http:\/\/www.newsestlyonnais.fr\",\"https:\/\/www.facebook.com\/pascal.oberson.1?fref=ts\",\"https:\/\/fr.linkedin.com\/in\/pascal-oberson-b17045113\"],\"url\":\"https:\/\/newsestlyonnais.fr\/site\/author\/nel\/\"}]}<\/script>\n<!-- \/ Yoast SEO plugin. -->","yoast_head_json":{"title":"CHASSIEU : Les manifestations pr\u00e9vues sur la commune en Novembre 2018","description":"CHASSIEU : Les manifestations pr\u00e9vues sur la commune en Novembre 2018","robots":{"index":"index","follow":"follow","max-snippet":"max-snippet:-1","max-image-preview":"max-image-preview:large","max-video-preview":"max-video-preview:-1"},"canonical":"https:\/\/newsestlyonnais.fr\/site\/2018\/11\/09\/chassieu-les-manifestations-sur-la-commune-en-novembre-2018\/","og_locale":"fr_FR","og_type":"article","og_title":"CHASSIEU : Les manifestations pr\u00e9vues sur la commune en Novembre 2018","og_description":"CHASSIEU : Les manifestations pr\u00e9vues sur la commune en Novembre 2018","og_url":"https:\/\/newsestlyonnais.fr\/site\/2018\/11\/09\/chassieu-les-manifestations-sur-la-commune-en-novembre-2018\/","og_site_name":"News Est Lyonnais","article_author":"https:\/\/www.facebook.com\/pascal.oberson.1?fref=ts","article_published_time":"2018-11-09T08:32:53+00:00","article_modified_time":"2020-11-05T19:45:15+00:00","og_image":[{"width":405,"height":124,"url":"https:\/\/i0.wp.com\/newsestlyonnais.fr\/site\/wp-content\/uploads\/2018\/06\/NEWSESTLYONNAIS-PANNEAU-CHASSIEU.jpeg?fit=405%2C124&ssl=1","type":"image\/jpeg"}],"author":"R\u00e9dac. NEWS","twitter_card":"summary_large_image","twitter_misc":{"\u00c9crit par":"R\u00e9dac. NEWS","Dur\u00e9e de lecture estim\u00e9e":"2 minutes"},"schema":{"@context":"https:\/\/schema.org","@graph":[{"@type":"Article","@id":"https:\/\/newsestlyonnais.fr\/site\/2018\/11\/09\/chassieu-les-manifestations-sur-la-commune-en-novembre-2018\/#article","isPartOf":{"@id":"https:\/\/newsestlyonnais.fr\/site\/2018\/11\/09\/chassieu-les-manifestations-sur-la-commune-en-novembre-2018\/"},"author":{"name":"R\u00e9dac. NEWS","@id":"https:\/\/newsestlyonnais.fr\/site\/#\/schema\/person\/3230d5615f390bb808365d673001e887"},"headline":"CHASSIEU | Les manifestations sur la commune en Novembre 2018","datePublished":"2018-11-09T08:32:53+00:00","dateModified":"2020-11-05T19:45:15+00:00","mainEntityOfPage":{"@id":"https:\/\/newsestlyonnais.fr\/site\/2018\/11\/09\/chassieu-les-manifestations-sur-la-commune-en-novembre-2018\/"},"wordCount":337,"commentCount":0,"publisher":{"@id":"https:\/\/newsestlyonnais.fr\/site\/#organization"},"image":{"@id":"https:\/\/newsestlyonnais.fr\/site\/2018\/11\/09\/chassieu-les-manifestations-sur-la-commune-en-novembre-2018\/#primaryimage"},"thumbnailUrl":"https:\/\/newsestlyonnais.fr\/site\/wp-content\/uploads\/2018\/06\/NEWSESTLYONNAIS-PANNEAU-CHASSIEU.jpeg","articleSection":["Chassieu | Communes diverses"],"inLanguage":"fr-FR","potentialAction":[{"@type":"CommentAction","name":"Comment","target":["https:\/\/newsestlyonnais.fr\/site\/2018\/11\/09\/chassieu-les-manifestations-sur-la-commune-en-novembre-2018\/#respond"]}]},{"@type":"WebPage","@id":"https:\/\/newsestlyonnais.fr\/site\/2018\/11\/09\/chassieu-les-manifestations-sur-la-commune-en-novembre-2018\/","url":"https:\/\/newsestlyonnais.fr\/site\/2018\/11\/09\/chassieu-les-manifestations-sur-la-commune-en-novembre-2018\/","name":"CHASSIEU : Les manifestations pr\u00e9vues sur la commune en Novembre 2018","isPartOf":{"@id":"https:\/\/newsestlyonnais.fr\/site\/#website"},"primaryImageOfPage":{"@id":"https:\/\/newsestlyonnais.fr\/site\/2018\/11\/09\/chassieu-les-manifestations-sur-la-commune-en-novembre-2018\/#primaryimage"},"image":{"@id":"https:\/\/newsestlyonnais.fr\/site\/2018\/11\/09\/chassieu-les-manifestations-sur-la-commune-en-novembre-2018\/#primaryimage"},"thumbnailUrl":"https:\/\/newsestlyonnais.fr\/site\/wp-content\/uploads\/2018\/06\/NEWSESTLYONNAIS-PANNEAU-CHASSIEU.jpeg","datePublished":"2018-11-09T08:32:53+00:00","dateModified":"2020-11-05T19:45:15+00:00","description":"CHASSIEU : Les manifestations pr\u00e9vues sur la commune en Novembre 2018","breadcrumb":{"@id":"https:\/\/newsestlyonnais.fr\/site\/2018\/11\/09\/chassieu-les-manifestations-sur-la-commune-en-novembre-2018\/#breadcrumb"},"inLanguage":"fr-FR","potentialAction":[{"@type":"ReadAction","target":["https:\/\/newsestlyonnais.fr\/site\/2018\/11\/09\/chassieu-les-manifestations-sur-la-commune-en-novembre-2018\/"]}]},{"@type":"ImageObject","inLanguage":"fr-FR","@id":"https:\/\/newsestlyonnais.fr\/site\/2018\/11\/09\/chassieu-les-manifestations-sur-la-commune-en-novembre-2018\/#primaryimage","url":"https:\/\/newsestlyonnais.fr\/site\/wp-content\/uploads\/2018\/06\/NEWSESTLYONNAIS-PANNEAU-CHASSIEU.jpeg","contentUrl":"https:\/\/newsestlyonnais.fr\/site\/wp-content\/uploads\/2018\/06\/NEWSESTLYONNAIS-PANNEAU-CHASSIEU.jpeg","width":405,"height":124,"caption":"NEWSESTLYONNAIS PANNEAU CHASSIEU"},{"@type":"BreadcrumbList","@id":"https:\/\/newsestlyonnais.fr\/site\/2018\/11\/09\/chassieu-les-manifestations-sur-la-commune-en-novembre-2018\/#breadcrumb","itemListElement":[{"@type":"ListItem","position":1,"name":"Accueil","item":"https:\/\/newsestlyonnais.fr\/site\/"},{"@type":"ListItem","position":2,"name":"CHASSIEU | Les manifestations sur la commune en Novembre 2018"}]},{"@type":"WebSite","@id":"https:\/\/newsestlyonnais.fr\/site\/#website","url":"https:\/\/newsestlyonnais.fr\/site\/","name":"News Est Lyonnais","description":"L&#039;actualit\u00e9 au plus pr\u00e8s","publisher":{"@id":"https:\/\/newsestlyonnais.fr\/site\/#organization"},"potentialAction":[{"@type":"SearchAction","target":{"@type":"EntryPoint","urlTemplate":"https:\/\/newsestlyonnais.fr\/site\/?s={search_term_string}"},"query-input":{"@type":"PropertyValueSpecification","valueRequired":true,"valueName":"search_term_string"}}],"inLanguage":"fr-FR"},{"@type":"Organization","@id":"https:\/\/newsestlyonnais.fr\/site\/#organization","name":"News EST LYONNAIS","url":"https:\/\/newsestlyonnais.fr\/site\/","logo":{"@type":"ImageObject","inLanguage":"fr-FR","@id":"https:\/\/newsestlyonnais.fr\/site\/#\/schema\/logo\/image\/","url":"","contentUrl":"","caption":"News EST LYONNAIS"},"image":{"@id":"https:\/\/newsestlyonnais.fr\/site\/#\/schema\/logo\/image\/"}},{"@type":"Person","@id":"https:\/\/newsestlyonnais.fr\/site\/#\/schema\/person\/3230d5615f390bb808365d673001e887","name":"R\u00e9dac. NEWS","sameAs":["http:\/\/www.newsestlyonnais.fr","https:\/\/www.facebook.com\/pascal.oberson.1?fref=ts","https:\/\/fr.linkedin.com\/in\/pascal-oberson-b17045113"],"url":"https:\/\/newsestlyonnais.fr\/site\/author\/nel\/"}]}},"_links":{"self":[{"href":"https:\/\/newsestlyonnais.fr\/site\/wp-json\/wp\/v2\/posts\/59800","targetHints":{"allow":["GET"]}}],"collection":[{"href":"https:\/\/newsestlyonnais.fr\/site\/wp-json\/wp\/v2\/posts"}],"about":[{"href":"https:\/\/newsestlyonnais.fr\/site\/wp-json\/wp\/v2\/types\/post"}],"author":[{"embeddable":true,"href":"https:\/\/newsestlyonnais.fr\/site\/wp-json\/wp\/v2\/users\/4"}],"replies":[{"embeddable":true,"href":"https:\/\/newsestlyonnais.fr\/site\/wp-json\/wp\/v2\/comments?post=59800"}],"version-history":[{"count":0,"href":"https:\/\/newsestlyonnais.fr\/site\/wp-json\/wp\/v2\/posts\/59800\/revisions"}],"wp:featuredmedia":[{"embeddable":true,"href":"https:\/\/newsestlyonnais.fr\/site\/wp-json\/wp\/v2\/media\/51783"}],"wp:attachment":[{"href":"https:\/\/newsestlyonnais.fr\/site\/wp-json\/wp\/v2\/media?parent=59800"}],"wp:term":[{"taxonomy":"category","embeddable":true,"href":"https:\/\/newsestlyonnais.fr\/site\/wp-json\/wp\/v2\/categories?post=59800"},{"taxonomy":"post_tag","embeddable":true,"href":"https:\/\/newsestlyonnais.fr\/site\/wp-json\/wp\/v2\/tags?post=59800"}],"curies":[{"name":"wp","href":"https:\/\/api.w.org\/{rel}","templated":true}]}}