{"id":59843,"date":"2018-11-05T13:43:36","date_gmt":"2018-11-05T12:43:36","guid":{"rendered":"http:\/\/newsestlyonnais.fr\/site\/?p=59843"},"modified":"2020-11-05T20:46:03","modified_gmt":"2020-11-05T19:46:03","slug":"decines-le-programme-des-sorties-de-novembre-2018-de-terre-de-running","status":"publish","type":"post","link":"https:\/\/newsestlyonnais.fr\/site\/2018\/11\/05\/decines-le-programme-des-sorties-de-novembre-2018-de-terre-de-running\/","title":{"rendered":"DECINES | Programme des sorties de Novembre 2018 de \u00ab TERRE DE RUNNING \u00bb"},"content":{"rendered":"<h4>Le planning des sorties du mardi du mois de Novembre de la boutique d\u00e9cinoise de \u00bb Terre de Running \u00bb, partenaire de <a href=\"https:\/\/newsestlyonnais.fr\" target=\"_blank\" rel=\"noopener noreferrer\">https:\/\/newsestlyonnais.fr\u00a0<\/a>a \u00e9t\u00e9 d\u00e9voil\u00e9 par son responsable Kevin Molard.<\/h4>\n<p><span style=\"text-decoration: underline\">Voici le programme<\/span> :<\/p>\n<ul>\n<li><strong>Mardi 13 novembre<\/strong> : \u00a0Testing HOKA avec s\u00e9ance de fractionn\u00e9 (30\u2019\u2019-30\u2019\u2019).<\/li>\n<li><strong>Mardi 20 novembre<\/strong> : \u00a0S\u00e9ances de c\u00f4tes \u00e0 Chassieu. Rendez vous au magasin.<\/li>\n<li><strong>Mardi 27 novembre<\/strong> : \u00a0Sortie en footing tranquille avant la Saint\u00e9elyon &amp; quelques exercices de renforcement et proprioception.<\/li>\n<\/ul>\n<p><span style=\"text-decoration: underline\">La boutique d\u00e9cinoise est d&rsquo;autre part<strong> partenaire de plusieurs courses<\/strong> programm\u00e9es en cette fin d&rsquo;ann\u00e9e \u00e0 savoir :<\/span><\/p>\n<ul>\n<li>Samedi 10 Novembre : <a href=\"https:\/\/www.decines-meyzieu-athle.com\/en-savoir-plus\/la-course-des-irreductibles-de-meyzieu-11268\" target=\"_blank\" rel=\"noopener noreferrer\">Les Irr\u00e9ductibles<\/a> \u00e0 Meyzieu.<\/li>\n<li>Dimanche 11 Novembre : <a href=\"http:\/\/randonature.e-monsite.com\/pages\/ou-sommes-nous.html\" target=\"_blank\" rel=\"noopener noreferrer\">La Corrida de la Saint Martin<\/a> \u00e0 Villette d&rsquo;Anthon.<\/li>\n<li>Dimanche 18 Novembre : <a href=\"http:\/\/www.oms-venissieux.org\" target=\"_blank\" rel=\"noopener noreferrer\">La 39 \u00b0 Foul\u00e9e V\u00e9nissiane<\/a> \u00e0 V\u00e9nissieux.<\/li>\n<li>Dimanche 9 D\u00e9cembre : le <a href=\"https:\/\/www.decines-meyzieu-athle.com\/evenements\/2018\/12\/09\/48eme-cross-du-mamelon-1143984\" target=\"_blank\" rel=\"noopener noreferrer\">48\u00b0 Cross du Mamelon<\/a> &amp; 1\u00b0 Trail du Mamelon \u00e0 D\u00e9cines.<\/li>\n<\/ul>\n<p><strong>Terre de Running D\u00e9cines : 3 rue de la Fraternit\u00e9. T\u00e9l: 04.78.89.95.54 <\/strong><\/p>\n<ul>\n<li><strong>Plus d\u2019infos sur : <a href=\"https:\/\/www.terrederunning.com\" target=\"_blank\" rel=\"noopener noreferrer\">https:\/\/www.terrederunning.com<\/a><\/strong><\/li>\n<\/ul>\n<div id='gallery-1' class='gallery galleryid-59843 gallery-columns-3 gallery-size-thumbnail'><figure class='gallery-item'>\n\t\t\t<div class='gallery-icon landscape'>\n\t\t\t\t<a href='https:\/\/newsestlyonnais.fr\/site\/newsestlyonnais-irreductibles-2018\/'><img loading=\"lazy\" decoding=\"async\" width=\"150\" height=\"150\" src=\"https:\/\/newsestlyonnais.fr\/site\/wp-content\/uploads\/2017\/09\/NEWSESTLYONNAIS-IRREDUCTIBLES-2018-150x150.jpg\" class=\"attachment-thumbnail size-thumbnail\" alt=\"NEWSESTLYONNAIS IRREDUCTIBLES 2018\" aria-describedby=\"gallery-1-56060\" \/><\/a>\n\t\t\t<\/div>\n\t\t\t\t<figcaption class='wp-caption-text gallery-caption' id='gallery-1-56060'>\n\t\t\t\t     Les Irr\u00e9ductibles\n\t\t\t\t<\/figcaption><\/figure><figure class='gallery-item'>\n\t\t\t<div class='gallery-icon landscape'>\n\t\t\t\t<a href='https:\/\/newsestlyonnais.fr\/site\/2018\/11\/05\/decines-le-programme-des-sorties-de-novembre-2018-de-terre-de-running\/newsestlyonnais-corrida-st-martin-2\/'><img loading=\"lazy\" decoding=\"async\" width=\"150\" height=\"150\" src=\"https:\/\/newsestlyonnais.fr\/site\/wp-content\/uploads\/2018\/11\/NEWSESTLYONNAIS-CORRIDA-ST-MARTIN-150x150.jpg\" class=\"attachment-thumbnail size-thumbnail\" alt=\"NEWSESTLYONNAIS CORRIDA ST MARTIN\" aria-describedby=\"gallery-1-59849\" \/><\/a>\n\t\t\t<\/div>\n\t\t\t\t<figcaption class='wp-caption-text gallery-caption' id='gallery-1-59849'>\n\t\t\t\tLa corrida de la Saint Martin \n\t\t\t\t<\/figcaption><\/figure><figure class='gallery-item'>\n\t\t\t<div class='gallery-icon landscape'>\n\t\t\t\t<a href='https:\/\/newsestlyonnais.fr\/site\/newsestlyonnais-39-foulee-venissiane\/'><img loading=\"lazy\" decoding=\"async\" width=\"150\" height=\"150\" src=\"https:\/\/newsestlyonnais.fr\/site\/wp-content\/uploads\/2018\/07\/NEWSESTLYONNAIS-39-FOULEE-VENISSIANE-150x150.jpg\" class=\"attachment-thumbnail size-thumbnail\" alt=\"NEWSESTLYONNAIS 39 FOULEE VENISSIANE\" aria-describedby=\"gallery-1-54044\" \/><\/a>\n\t\t\t<\/div>\n\t\t\t\t<figcaption class='wp-caption-text gallery-caption' id='gallery-1-54044'>\n\t\t\t\t   La Foul\u00e9e V\u00e9nissiane\n\t\t\t\t<\/figcaption><\/figure><figure class='gallery-item'>\n\t\t\t<div class='gallery-icon portrait'>\n\t\t\t\t<a href='https:\/\/newsestlyonnais.fr\/site\/newsestlyonnais-cross-mamelon-2018\/'><img loading=\"lazy\" decoding=\"async\" width=\"150\" height=\"150\" src=\"https:\/\/newsestlyonnais.fr\/site\/wp-content\/uploads\/2018\/11\/NEWSESTLYONNAIS-CROSS-MAMELON-2018-150x150.jpg\" class=\"attachment-thumbnail size-thumbnail\" alt=\"NEWSESTLYONNAIS CROSS MAMELON 2018\" aria-describedby=\"gallery-1-59466\" \/><\/a>\n\t\t\t<\/div>\n\t\t\t\t<figcaption class='wp-caption-text gallery-caption' id='gallery-1-59466'>\n\t\t\t\t    Le 48\u00b0 Cross du Mamelon\n\t\t\t\t<\/figcaption><\/figure><figure class='gallery-item'>\n\t\t\t<div class='gallery-icon portrait'>\n\t\t\t\t<a href='https:\/\/newsestlyonnais.fr\/site\/2018\/11\/04\/decines-meyzieu-athletisme-trail-des-irreductibles-et-cross-du-mamelon-a-laffiche\/newsestlyonnais-trail-mamelon-2018\/'><img loading=\"lazy\" decoding=\"async\" width=\"150\" height=\"150\" src=\"https:\/\/newsestlyonnais.fr\/site\/wp-content\/uploads\/2018\/11\/NEWSESTLYONNAIS-Trail-mamelon-2018-150x150.jpg\" class=\"attachment-thumbnail size-thumbnail\" alt=\"NEWSESTLYONNAIS Trail mamelon 2018\" aria-describedby=\"gallery-1-59718\" \/><\/a>\n\t\t\t<\/div>\n\t\t\t\t<figcaption class='wp-caption-text gallery-caption' id='gallery-1-59718'>\n\t\t\t\t     1\u00b0 Trail du Mamelon  \n\t\t\t\t<\/figcaption><\/figure>\n\t\t<\/div>\n\n","protected":false},"excerpt":{"rendered":"<p>Le planning des sorties du mardi du mois de Novembre de la boutique d\u00e9cinoise de \u00bb Terre de Running \u00bb, partenaire de https:\/\/newsestlyonnais.fr\u00a0a \u00e9t\u00e9 d\u00e9voil\u00e9 par son responsable Kevin Molard. Voici le programme : Mardi 13 novembre : \u00a0Testing HOKA avec s\u00e9ance de fractionn\u00e9 (30\u2019\u2019-30\u2019\u2019). Mardi 20 novembre : \u00a0S\u00e9ances de c\u00f4tes \u00e0 Chassieu. Rendez [&hellip;]<\/p>\n","protected":false},"author":4,"featured_media":7550,"comment_status":"open","ping_status":"open","sticky":false,"template":"","format":"standard","meta":{"footnotes":""},"categories":[2970,2968,21],"tags":[],"class_list":["post-59843","post","type-post","status-publish","format-standard","has-post-thumbnail","hentry","category-artisans-commerces-economie","category-athle-course-pied-marche","category-decines-charpieu"],"yoast_head":"<!-- This site is optimized with the Yoast SEO plugin v27.2 - https:\/\/yoast.com\/product\/yoast-seo-wordpress\/ -->\n<title>DECINES : Le programme des sorties de Novembre 2018 de \u00ab TERRE DE RUNNING \u00bb<\/title>\n<meta name=\"description\" content=\"DECINES : Le programme des sorties de Novembre 2018 de \u00ab TERRE DE RUNNING \u00bb\" \/>\n<meta name=\"robots\" content=\"index, follow, max-snippet:-1, max-image-preview:large, max-video-preview:-1\" \/>\n<link rel=\"canonical\" href=\"https:\/\/newsestlyonnais.fr\/site\/2018\/11\/05\/decines-le-programme-des-sorties-de-novembre-2018-de-terre-de-running\/\" \/>\n<meta property=\"og:locale\" content=\"fr_FR\" \/>\n<meta property=\"og:type\" content=\"article\" \/>\n<meta property=\"og:title\" content=\"DECINES : Le programme des sorties de Novembre 2018 de \u00ab TERRE DE RUNNING \u00bb\" \/>\n<meta property=\"og:description\" content=\"DECINES : Le programme des sorties de Novembre 2018 de \u00ab TERRE DE RUNNING \u00bb\" \/>\n<meta property=\"og:url\" content=\"https:\/\/newsestlyonnais.fr\/site\/2018\/11\/05\/decines-le-programme-des-sorties-de-novembre-2018-de-terre-de-running\/\" \/>\n<meta property=\"og:site_name\" content=\"News Est Lyonnais\" \/>\n<meta property=\"article:author\" content=\"https:\/\/www.facebook.com\/pascal.oberson.1?fref=ts\" \/>\n<meta property=\"article:published_time\" content=\"2018-11-05T12:43:36+00:00\" \/>\n<meta property=\"article:modified_time\" content=\"2020-11-05T19:46:03+00:00\" \/>\n<meta property=\"og:image\" content=\"https:\/\/i0.wp.com\/newsestlyonnais.fr\/site\/wp-content\/uploads\/2016\/05\/NEWSESTLYONNAIS-TERREDERUNNING.jpg?fit=1000%2C750&ssl=1\" \/>\n\t<meta property=\"og:image:width\" content=\"1000\" \/>\n\t<meta property=\"og:image:height\" content=\"750\" \/>\n\t<meta property=\"og:image:type\" content=\"image\/jpeg\" \/>\n<meta name=\"author\" content=\"R\u00e9dac. NEWS\" \/>\n<meta name=\"twitter:card\" content=\"summary_large_image\" \/>\n<meta name=\"twitter:label1\" content=\"\u00c9crit par\" \/>\n\t<meta name=\"twitter:data1\" content=\"R\u00e9dac. NEWS\" \/>\n\t<meta name=\"twitter:label2\" content=\"Dur\u00e9e de lecture estim\u00e9e\" \/>\n\t<meta name=\"twitter:data2\" content=\"1 minute\" \/>\n<script type=\"application\/ld+json\" class=\"yoast-schema-graph\">{\"@context\":\"https:\/\/schema.org\",\"@graph\":[{\"@type\":\"Article\",\"@id\":\"https:\/\/newsestlyonnais.fr\/site\/2018\/11\/05\/decines-le-programme-des-sorties-de-novembre-2018-de-terre-de-running\/#article\",\"isPartOf\":{\"@id\":\"https:\/\/newsestlyonnais.fr\/site\/2018\/11\/05\/decines-le-programme-des-sorties-de-novembre-2018-de-terre-de-running\/\"},\"author\":{\"name\":\"R\u00e9dac. NEWS\",\"@id\":\"https:\/\/newsestlyonnais.fr\/site\/#\/schema\/person\/3230d5615f390bb808365d673001e887\"},\"headline\":\"DECINES | Programme des sorties de Novembre 2018 de \u00ab TERRE DE RUNNING \u00bb\",\"datePublished\":\"2018-11-05T12:43:36+00:00\",\"dateModified\":\"2020-11-05T19:46:03+00:00\",\"mainEntityOfPage\":{\"@id\":\"https:\/\/newsestlyonnais.fr\/site\/2018\/11\/05\/decines-le-programme-des-sorties-de-novembre-2018-de-terre-de-running\/\"},\"wordCount\":168,\"commentCount\":0,\"publisher\":{\"@id\":\"https:\/\/newsestlyonnais.fr\/site\/#organization\"},\"image\":{\"@id\":\"https:\/\/newsestlyonnais.fr\/site\/2018\/11\/05\/decines-le-programme-des-sorties-de-novembre-2018-de-terre-de-running\/#primaryimage\"},\"thumbnailUrl\":\"https:\/\/newsestlyonnais.fr\/site\/wp-content\/uploads\/2016\/05\/NEWSESTLYONNAIS-TERREDERUNNING.jpg\",\"articleSection\":[\"Artisans | Commerces\",\"Athl\u00e9 | Course pied | Marche\",\"D\u00e9cines-Charpieu\"],\"inLanguage\":\"fr-FR\",\"potentialAction\":[{\"@type\":\"CommentAction\",\"name\":\"Comment\",\"target\":[\"https:\/\/newsestlyonnais.fr\/site\/2018\/11\/05\/decines-le-programme-des-sorties-de-novembre-2018-de-terre-de-running\/#respond\"]}]},{\"@type\":\"WebPage\",\"@id\":\"https:\/\/newsestlyonnais.fr\/site\/2018\/11\/05\/decines-le-programme-des-sorties-de-novembre-2018-de-terre-de-running\/\",\"url\":\"https:\/\/newsestlyonnais.fr\/site\/2018\/11\/05\/decines-le-programme-des-sorties-de-novembre-2018-de-terre-de-running\/\",\"name\":\"DECINES : Le programme des sorties de Novembre 2018 de \u00ab TERRE DE RUNNING \u00bb\",\"isPartOf\":{\"@id\":\"https:\/\/newsestlyonnais.fr\/site\/#website\"},\"primaryImageOfPage\":{\"@id\":\"https:\/\/newsestlyonnais.fr\/site\/2018\/11\/05\/decines-le-programme-des-sorties-de-novembre-2018-de-terre-de-running\/#primaryimage\"},\"image\":{\"@id\":\"https:\/\/newsestlyonnais.fr\/site\/2018\/11\/05\/decines-le-programme-des-sorties-de-novembre-2018-de-terre-de-running\/#primaryimage\"},\"thumbnailUrl\":\"https:\/\/newsestlyonnais.fr\/site\/wp-content\/uploads\/2016\/05\/NEWSESTLYONNAIS-TERREDERUNNING.jpg\",\"datePublished\":\"2018-11-05T12:43:36+00:00\",\"dateModified\":\"2020-11-05T19:46:03+00:00\",\"description\":\"DECINES : Le programme des sorties de Novembre 2018 de \u00ab TERRE DE RUNNING \u00bb\",\"breadcrumb\":{\"@id\":\"https:\/\/newsestlyonnais.fr\/site\/2018\/11\/05\/decines-le-programme-des-sorties-de-novembre-2018-de-terre-de-running\/#breadcrumb\"},\"inLanguage\":\"fr-FR\",\"potentialAction\":[{\"@type\":\"ReadAction\",\"target\":[\"https:\/\/newsestlyonnais.fr\/site\/2018\/11\/05\/decines-le-programme-des-sorties-de-novembre-2018-de-terre-de-running\/\"]}]},{\"@type\":\"ImageObject\",\"inLanguage\":\"fr-FR\",\"@id\":\"https:\/\/newsestlyonnais.fr\/site\/2018\/11\/05\/decines-le-programme-des-sorties-de-novembre-2018-de-terre-de-running\/#primaryimage\",\"url\":\"https:\/\/newsestlyonnais.fr\/site\/wp-content\/uploads\/2016\/05\/NEWSESTLYONNAIS-TERREDERUNNING.jpg\",\"contentUrl\":\"https:\/\/newsestlyonnais.fr\/site\/wp-content\/uploads\/2016\/05\/NEWSESTLYONNAIS-TERREDERUNNING.jpg\",\"width\":1000,\"height\":750,\"caption\":\"NEWSESTLYONNAIS -TERREDERUNNING\"},{\"@type\":\"BreadcrumbList\",\"@id\":\"https:\/\/newsestlyonnais.fr\/site\/2018\/11\/05\/decines-le-programme-des-sorties-de-novembre-2018-de-terre-de-running\/#breadcrumb\",\"itemListElement\":[{\"@type\":\"ListItem\",\"position\":1,\"name\":\"Accueil\",\"item\":\"https:\/\/newsestlyonnais.fr\/site\/\"},{\"@type\":\"ListItem\",\"position\":2,\"name\":\"DECINES | Programme des sorties de Novembre 2018 de \u00ab TERRE DE RUNNING \u00bb\"}]},{\"@type\":\"WebSite\",\"@id\":\"https:\/\/newsestlyonnais.fr\/site\/#website\",\"url\":\"https:\/\/newsestlyonnais.fr\/site\/\",\"name\":\"News Est Lyonnais\",\"description\":\"L&#039;actualit\u00e9 au plus pr\u00e8s\",\"publisher\":{\"@id\":\"https:\/\/newsestlyonnais.fr\/site\/#organization\"},\"potentialAction\":[{\"@type\":\"SearchAction\",\"target\":{\"@type\":\"EntryPoint\",\"urlTemplate\":\"https:\/\/newsestlyonnais.fr\/site\/?s={search_term_string}\"},\"query-input\":{\"@type\":\"PropertyValueSpecification\",\"valueRequired\":true,\"valueName\":\"search_term_string\"}}],\"inLanguage\":\"fr-FR\"},{\"@type\":\"Organization\",\"@id\":\"https:\/\/newsestlyonnais.fr\/site\/#organization\",\"name\":\"News EST LYONNAIS\",\"url\":\"https:\/\/newsestlyonnais.fr\/site\/\",\"logo\":{\"@type\":\"ImageObject\",\"inLanguage\":\"fr-FR\",\"@id\":\"https:\/\/newsestlyonnais.fr\/site\/#\/schema\/logo\/image\/\",\"url\":\"\",\"contentUrl\":\"\",\"caption\":\"News EST LYONNAIS\"},\"image\":{\"@id\":\"https:\/\/newsestlyonnais.fr\/site\/#\/schema\/logo\/image\/\"}},{\"@type\":\"Person\",\"@id\":\"https:\/\/newsestlyonnais.fr\/site\/#\/schema\/person\/3230d5615f390bb808365d673001e887\",\"name\":\"R\u00e9dac. NEWS\",\"sameAs\":[\"http:\/\/www.newsestlyonnais.fr\",\"https:\/\/www.facebook.com\/pascal.oberson.1?fref=ts\",\"https:\/\/fr.linkedin.com\/in\/pascal-oberson-b17045113\"],\"url\":\"https:\/\/newsestlyonnais.fr\/site\/author\/nel\/\"}]}<\/script>\n<!-- \/ Yoast SEO plugin. -->","yoast_head_json":{"title":"DECINES : Le programme des sorties de Novembre 2018 de \u00ab TERRE DE RUNNING \u00bb","description":"DECINES : Le programme des sorties de Novembre 2018 de \u00ab TERRE DE RUNNING \u00bb","robots":{"index":"index","follow":"follow","max-snippet":"max-snippet:-1","max-image-preview":"max-image-preview:large","max-video-preview":"max-video-preview:-1"},"canonical":"https:\/\/newsestlyonnais.fr\/site\/2018\/11\/05\/decines-le-programme-des-sorties-de-novembre-2018-de-terre-de-running\/","og_locale":"fr_FR","og_type":"article","og_title":"DECINES : Le programme des sorties de Novembre 2018 de \u00ab TERRE DE RUNNING \u00bb","og_description":"DECINES : Le programme des sorties de Novembre 2018 de \u00ab TERRE DE RUNNING \u00bb","og_url":"https:\/\/newsestlyonnais.fr\/site\/2018\/11\/05\/decines-le-programme-des-sorties-de-novembre-2018-de-terre-de-running\/","og_site_name":"News Est Lyonnais","article_author":"https:\/\/www.facebook.com\/pascal.oberson.1?fref=ts","article_published_time":"2018-11-05T12:43:36+00:00","article_modified_time":"2020-11-05T19:46:03+00:00","og_image":[{"width":1000,"height":750,"url":"https:\/\/i0.wp.com\/newsestlyonnais.fr\/site\/wp-content\/uploads\/2016\/05\/NEWSESTLYONNAIS-TERREDERUNNING.jpg?fit=1000%2C750&ssl=1","type":"image\/jpeg"}],"author":"R\u00e9dac. NEWS","twitter_card":"summary_large_image","twitter_misc":{"\u00c9crit par":"R\u00e9dac. NEWS","Dur\u00e9e de lecture estim\u00e9e":"1 minute"},"schema":{"@context":"https:\/\/schema.org","@graph":[{"@type":"Article","@id":"https:\/\/newsestlyonnais.fr\/site\/2018\/11\/05\/decines-le-programme-des-sorties-de-novembre-2018-de-terre-de-running\/#article","isPartOf":{"@id":"https:\/\/newsestlyonnais.fr\/site\/2018\/11\/05\/decines-le-programme-des-sorties-de-novembre-2018-de-terre-de-running\/"},"author":{"name":"R\u00e9dac. NEWS","@id":"https:\/\/newsestlyonnais.fr\/site\/#\/schema\/person\/3230d5615f390bb808365d673001e887"},"headline":"DECINES | Programme des sorties de Novembre 2018 de \u00ab TERRE DE RUNNING \u00bb","datePublished":"2018-11-05T12:43:36+00:00","dateModified":"2020-11-05T19:46:03+00:00","mainEntityOfPage":{"@id":"https:\/\/newsestlyonnais.fr\/site\/2018\/11\/05\/decines-le-programme-des-sorties-de-novembre-2018-de-terre-de-running\/"},"wordCount":168,"commentCount":0,"publisher":{"@id":"https:\/\/newsestlyonnais.fr\/site\/#organization"},"image":{"@id":"https:\/\/newsestlyonnais.fr\/site\/2018\/11\/05\/decines-le-programme-des-sorties-de-novembre-2018-de-terre-de-running\/#primaryimage"},"thumbnailUrl":"https:\/\/newsestlyonnais.fr\/site\/wp-content\/uploads\/2016\/05\/NEWSESTLYONNAIS-TERREDERUNNING.jpg","articleSection":["Artisans | Commerces","Athl\u00e9 | Course pied | Marche","D\u00e9cines-Charpieu"],"inLanguage":"fr-FR","potentialAction":[{"@type":"CommentAction","name":"Comment","target":["https:\/\/newsestlyonnais.fr\/site\/2018\/11\/05\/decines-le-programme-des-sorties-de-novembre-2018-de-terre-de-running\/#respond"]}]},{"@type":"WebPage","@id":"https:\/\/newsestlyonnais.fr\/site\/2018\/11\/05\/decines-le-programme-des-sorties-de-novembre-2018-de-terre-de-running\/","url":"https:\/\/newsestlyonnais.fr\/site\/2018\/11\/05\/decines-le-programme-des-sorties-de-novembre-2018-de-terre-de-running\/","name":"DECINES : Le programme des sorties de Novembre 2018 de \u00ab TERRE DE RUNNING \u00bb","isPartOf":{"@id":"https:\/\/newsestlyonnais.fr\/site\/#website"},"primaryImageOfPage":{"@id":"https:\/\/newsestlyonnais.fr\/site\/2018\/11\/05\/decines-le-programme-des-sorties-de-novembre-2018-de-terre-de-running\/#primaryimage"},"image":{"@id":"https:\/\/newsestlyonnais.fr\/site\/2018\/11\/05\/decines-le-programme-des-sorties-de-novembre-2018-de-terre-de-running\/#primaryimage"},"thumbnailUrl":"https:\/\/newsestlyonnais.fr\/site\/wp-content\/uploads\/2016\/05\/NEWSESTLYONNAIS-TERREDERUNNING.jpg","datePublished":"2018-11-05T12:43:36+00:00","dateModified":"2020-11-05T19:46:03+00:00","description":"DECINES : Le programme des sorties de Novembre 2018 de \u00ab TERRE DE RUNNING \u00bb","breadcrumb":{"@id":"https:\/\/newsestlyonnais.fr\/site\/2018\/11\/05\/decines-le-programme-des-sorties-de-novembre-2018-de-terre-de-running\/#breadcrumb"},"inLanguage":"fr-FR","potentialAction":[{"@type":"ReadAction","target":["https:\/\/newsestlyonnais.fr\/site\/2018\/11\/05\/decines-le-programme-des-sorties-de-novembre-2018-de-terre-de-running\/"]}]},{"@type":"ImageObject","inLanguage":"fr-FR","@id":"https:\/\/newsestlyonnais.fr\/site\/2018\/11\/05\/decines-le-programme-des-sorties-de-novembre-2018-de-terre-de-running\/#primaryimage","url":"https:\/\/newsestlyonnais.fr\/site\/wp-content\/uploads\/2016\/05\/NEWSESTLYONNAIS-TERREDERUNNING.jpg","contentUrl":"https:\/\/newsestlyonnais.fr\/site\/wp-content\/uploads\/2016\/05\/NEWSESTLYONNAIS-TERREDERUNNING.jpg","width":1000,"height":750,"caption":"NEWSESTLYONNAIS -TERREDERUNNING"},{"@type":"BreadcrumbList","@id":"https:\/\/newsestlyonnais.fr\/site\/2018\/11\/05\/decines-le-programme-des-sorties-de-novembre-2018-de-terre-de-running\/#breadcrumb","itemListElement":[{"@type":"ListItem","position":1,"name":"Accueil","item":"https:\/\/newsestlyonnais.fr\/site\/"},{"@type":"ListItem","position":2,"name":"DECINES | Programme des sorties de Novembre 2018 de \u00ab TERRE DE RUNNING \u00bb"}]},{"@type":"WebSite","@id":"https:\/\/newsestlyonnais.fr\/site\/#website","url":"https:\/\/newsestlyonnais.fr\/site\/","name":"News Est Lyonnais","description":"L&#039;actualit\u00e9 au plus pr\u00e8s","publisher":{"@id":"https:\/\/newsestlyonnais.fr\/site\/#organization"},"potentialAction":[{"@type":"SearchAction","target":{"@type":"EntryPoint","urlTemplate":"https:\/\/newsestlyonnais.fr\/site\/?s={search_term_string}"},"query-input":{"@type":"PropertyValueSpecification","valueRequired":true,"valueName":"search_term_string"}}],"inLanguage":"fr-FR"},{"@type":"Organization","@id":"https:\/\/newsestlyonnais.fr\/site\/#organization","name":"News EST LYONNAIS","url":"https:\/\/newsestlyonnais.fr\/site\/","logo":{"@type":"ImageObject","inLanguage":"fr-FR","@id":"https:\/\/newsestlyonnais.fr\/site\/#\/schema\/logo\/image\/","url":"","contentUrl":"","caption":"News EST LYONNAIS"},"image":{"@id":"https:\/\/newsestlyonnais.fr\/site\/#\/schema\/logo\/image\/"}},{"@type":"Person","@id":"https:\/\/newsestlyonnais.fr\/site\/#\/schema\/person\/3230d5615f390bb808365d673001e887","name":"R\u00e9dac. NEWS","sameAs":["http:\/\/www.newsestlyonnais.fr","https:\/\/www.facebook.com\/pascal.oberson.1?fref=ts","https:\/\/fr.linkedin.com\/in\/pascal-oberson-b17045113"],"url":"https:\/\/newsestlyonnais.fr\/site\/author\/nel\/"}]}},"_links":{"self":[{"href":"https:\/\/newsestlyonnais.fr\/site\/wp-json\/wp\/v2\/posts\/59843","targetHints":{"allow":["GET"]}}],"collection":[{"href":"https:\/\/newsestlyonnais.fr\/site\/wp-json\/wp\/v2\/posts"}],"about":[{"href":"https:\/\/newsestlyonnais.fr\/site\/wp-json\/wp\/v2\/types\/post"}],"author":[{"embeddable":true,"href":"https:\/\/newsestlyonnais.fr\/site\/wp-json\/wp\/v2\/users\/4"}],"replies":[{"embeddable":true,"href":"https:\/\/newsestlyonnais.fr\/site\/wp-json\/wp\/v2\/comments?post=59843"}],"version-history":[{"count":0,"href":"https:\/\/newsestlyonnais.fr\/site\/wp-json\/wp\/v2\/posts\/59843\/revisions"}],"wp:featuredmedia":[{"embeddable":true,"href":"https:\/\/newsestlyonnais.fr\/site\/wp-json\/wp\/v2\/media\/7550"}],"wp:attachment":[{"href":"https:\/\/newsestlyonnais.fr\/site\/wp-json\/wp\/v2\/media?parent=59843"}],"wp:term":[{"taxonomy":"category","embeddable":true,"href":"https:\/\/newsestlyonnais.fr\/site\/wp-json\/wp\/v2\/categories?post=59843"},{"taxonomy":"post_tag","embeddable":true,"href":"https:\/\/newsestlyonnais.fr\/site\/wp-json\/wp\/v2\/tags?post=59843"}],"curies":[{"name":"wp","href":"https:\/\/api.w.org\/{rel}","templated":true}]}}