{"id":59861,"date":"2018-11-07T14:30:53","date_gmt":"2018-11-07T13:30:53","guid":{"rendered":"http:\/\/newsestlyonnais.fr\/site\/?p=59861"},"modified":"2019-03-20T07:49:33","modified_gmt":"2019-03-20T06:49:33","slug":"colombier-saugnieu-representation-theatrale-les-precieuses-ridicules-samedi-soir","status":"publish","type":"post","link":"https:\/\/newsestlyonnais.fr\/site\/2018\/11\/07\/colombier-saugnieu-representation-theatrale-les-precieuses-ridicules-samedi-soir\/","title":{"rendered":"COLOMBIER-SAUGNIEU : Repr\u00e9sentation th\u00e9\u00e2trale \u00a0\u00bb Les pr\u00e9cieuses ridicules \u00a0\u00bb samedi soir"},"content":{"rendered":"<h4>Ce samedi 10 novembre en soir\u00e9e, la municipalit\u00e9 de Colombier Saugnieu accueillera sa 5\u00b0 repr\u00e9sentation th\u00e9\u00e2trale.<\/h4>\n<p>Apr\u00e8s le \u00a0\u00bb Bourgeois Gentilhomme\u00a0\u00bb et \u00a0\u00bb Les Fourberies de Scapin \u00a0\u00bb , ce sera cette fois ci \u00a0\u00bb Les Pr\u00e9cieuses Ridicules \u00a0\u00bb qui se produiront sur le territoire. Un classique peu conventionnel car revisit\u00e9 par la Compagnie Art Sc\u00e9nic.<\/p>\n<p>Les 4 com\u00e9dien.ne.s investissent avec grande force comique cette farce pour en proposer une version d\u00e9licieusement extravagante et irr\u00e9v\u00e9rencieuse. Une tornade th\u00e9\u00e2trale qui emportera ces Pr\u00e9cieuses jusqu\u2019au sommet du Ridicule.<\/p>\n<p>\u00ab L&rsquo;action se passe aujourd&rsquo;hui \u00e0 Paris dans une entreprise o\u00f9 Gorgibus, petit patron fraichement d\u00e9barqu\u00e9 dans la capitale, ambitionne de s&rsquo;\u00e9lever financi\u00e8rement. Pour cela il a un plan : Marier sa fille et sa ni\u00e8ce, avec les fils de ses meilleurs clients ! Mais les deux provinciales ne les trouvant pas assez \u00ab\u00a0branch\u00e9s\u00a0\u00bb les ridiculisent de telle fa\u00e7on qu&rsquo;ils \u00e9chafaudent une vengeance commune\u2026 Le pi\u00e8ge est en marche ! \u00bb<\/p>\n<p><em><strong>Samedi 10 novembre 2018 \u00e0 20 h 30, salle La Dauphinoise.<\/strong><\/em><\/p>\n<ul>\n<li>Sc\u00e9nographie : Marion Gervais<\/li>\n<li>Cr\u00e9ation Lumi\u00e8re : Pierre Martinez<\/li>\n<li>R\u00e9gie : Thibaud Desmarest<\/li>\n<li>Musiques : Davy Anders<\/li>\n<li>Co-production : Mimesis Production.<\/li>\n<li>Tarifs: <strong>8 \u20ac<\/strong> en pr\u00e9vente (mairie ou m\u00e9dia-ludoth\u00e8que) &amp; <strong>10 \u20ac<\/strong> le jour de la repr\u00e9sentation. Places encore disponibles !<\/li>\n<\/ul>\n<div id='gallery-1' class='gallery galleryid-59861 gallery-columns-3 gallery-size-large'><figure class='gallery-item'>\n\t\t\t<div class='gallery-icon portrait'>\n\t\t\t\t<a href='https:\/\/newsestlyonnais.fr\/site\/2018\/11\/07\/colombier-saugnieu-representation-theatrale-les-precieuses-ridicules-samedi-soir\/newsestlyonnais-pierce-colombier-saugnieu-2\/'><img loading=\"lazy\" decoding=\"async\" width=\"200\" height=\"284\" src=\"https:\/\/newsestlyonnais.fr\/site\/wp-content\/uploads\/2018\/11\/NEWSESTLYONNAIS-PIERCE-COLOMBIER-SAUGNIEU-1.jpg\" class=\"attachment-large size-large\" alt=\"NEWSESTLYONNAIS PIERCE COLOMBIER SAUGNIEU\" \/><\/a>\n\t\t\t<\/div><\/figure>\n\t\t<\/div>\n\n","protected":false},"excerpt":{"rendered":"<p>Ce samedi 10 novembre en soir\u00e9e, la municipalit\u00e9 de Colombier Saugnieu accueillera sa 5\u00b0 repr\u00e9sentation th\u00e9\u00e2trale. Apr\u00e8s le \u00a0\u00bb Bourgeois Gentilhomme\u00a0\u00bb et \u00a0\u00bb Les Fourberies de Scapin \u00a0\u00bb , ce sera cette fois ci \u00a0\u00bb Les Pr\u00e9cieuses Ridicules \u00a0\u00bb qui se produiront sur le territoire. Un classique peu conventionnel car revisit\u00e9 par la Compagnie Art [&hellip;]<\/p>\n","protected":false},"author":4,"featured_media":59866,"comment_status":"open","ping_status":"open","sticky":false,"template":"","format":"standard","meta":{"footnotes":""},"categories":[30,270,221,1280],"tags":[],"class_list":["post-59861","post","type-post","status-publish","format-standard","has-post-thumbnail","hentry","category-a-la-une","category-cte-de-communes-c-c-e-l","category-cine-radio-theatre","category-colombier-saugnieu"],"yoast_head":"<!-- This site is optimized with the Yoast SEO plugin v27.2 - https:\/\/yoast.com\/product\/yoast-seo-wordpress\/ -->\n<title>COLOMBIER-SAUGNIEU : Repr\u00e9sentation th\u00e9\u00e2trale &quot; Les pr\u00e9cieuses ridicules &quot; samedi soir - News Est Lyonnais<\/title>\n<meta name=\"description\" content=\"Ce samedi 10 novembre 2019, la municipalit\u00e9 de Colombier Saugnieu accueillera sa 5\u00b0 repr\u00e9sentation th\u00e9\u00e2trale avec les Pr\u00e9cieuses Ridicules\" \/>\n<meta name=\"robots\" content=\"index, follow, max-snippet:-1, max-image-preview:large, max-video-preview:-1\" \/>\n<link rel=\"canonical\" href=\"https:\/\/newsestlyonnais.fr\/site\/2018\/11\/07\/colombier-saugnieu-representation-theatrale-les-precieuses-ridicules-samedi-soir\/\" \/>\n<meta property=\"og:locale\" content=\"fr_FR\" \/>\n<meta property=\"og:type\" content=\"article\" \/>\n<meta property=\"og:title\" content=\"COLOMBIER-SAUGNIEU : Repr\u00e9sentation th\u00e9\u00e2trale &quot; Les pr\u00e9cieuses ridicules &quot; samedi soir - News Est Lyonnais\" \/>\n<meta property=\"og:description\" content=\"Ce samedi 10 novembre 2019, la municipalit\u00e9 de Colombier Saugnieu accueillera sa 5\u00b0 repr\u00e9sentation th\u00e9\u00e2trale avec les Pr\u00e9cieuses Ridicules\" \/>\n<meta property=\"og:url\" content=\"https:\/\/newsestlyonnais.fr\/site\/2018\/11\/07\/colombier-saugnieu-representation-theatrale-les-precieuses-ridicules-samedi-soir\/\" \/>\n<meta property=\"og:site_name\" content=\"News Est Lyonnais\" \/>\n<meta property=\"article:author\" content=\"https:\/\/www.facebook.com\/pascal.oberson.1?fref=ts\" \/>\n<meta property=\"article:published_time\" content=\"2018-11-07T13:30:53+00:00\" \/>\n<meta property=\"article:modified_time\" content=\"2019-03-20T06:49:33+00:00\" \/>\n<meta property=\"og:image\" content=\"https:\/\/i2.wp.com\/newsestlyonnais.fr\/site\/wp-content\/uploads\/2018\/11\/NEWSESTLYONNAIS-PIERCE-COLOMBIER-SAUGNIEU.jpg?fit=200%2C284&ssl=1\" \/>\n\t<meta property=\"og:image:width\" content=\"200\" \/>\n\t<meta property=\"og:image:height\" content=\"284\" \/>\n\t<meta property=\"og:image:type\" content=\"image\/jpeg\" \/>\n<meta name=\"author\" content=\"R\u00e9dac. NEWS\" \/>\n<meta name=\"twitter:card\" content=\"summary_large_image\" \/>\n<meta name=\"twitter:label1\" content=\"\u00c9crit par\" \/>\n\t<meta name=\"twitter:data1\" content=\"R\u00e9dac. NEWS\" \/>\n\t<meta name=\"twitter:label2\" content=\"Dur\u00e9e de lecture estim\u00e9e\" \/>\n\t<meta name=\"twitter:data2\" content=\"1 minute\" \/>\n<script type=\"application\/ld+json\" class=\"yoast-schema-graph\">{\"@context\":\"https:\/\/schema.org\",\"@graph\":[{\"@type\":\"Article\",\"@id\":\"https:\/\/newsestlyonnais.fr\/site\/2018\/11\/07\/colombier-saugnieu-representation-theatrale-les-precieuses-ridicules-samedi-soir\/#article\",\"isPartOf\":{\"@id\":\"https:\/\/newsestlyonnais.fr\/site\/2018\/11\/07\/colombier-saugnieu-representation-theatrale-les-precieuses-ridicules-samedi-soir\/\"},\"author\":{\"name\":\"R\u00e9dac. NEWS\",\"@id\":\"https:\/\/newsestlyonnais.fr\/site\/#\/schema\/person\/3230d5615f390bb808365d673001e887\"},\"headline\":\"COLOMBIER-SAUGNIEU : Repr\u00e9sentation th\u00e9\u00e2trale \u00a0\u00bb Les pr\u00e9cieuses ridicules \u00a0\u00bb samedi soir\",\"datePublished\":\"2018-11-07T13:30:53+00:00\",\"dateModified\":\"2019-03-20T06:49:33+00:00\",\"mainEntityOfPage\":{\"@id\":\"https:\/\/newsestlyonnais.fr\/site\/2018\/11\/07\/colombier-saugnieu-representation-theatrale-les-precieuses-ridicules-samedi-soir\/\"},\"wordCount\":229,\"commentCount\":0,\"publisher\":{\"@id\":\"https:\/\/newsestlyonnais.fr\/site\/#organization\"},\"image\":{\"@id\":\"https:\/\/newsestlyonnais.fr\/site\/2018\/11\/07\/colombier-saugnieu-representation-theatrale-les-precieuses-ridicules-samedi-soir\/#primaryimage\"},\"thumbnailUrl\":\"https:\/\/newsestlyonnais.fr\/site\/wp-content\/uploads\/2018\/11\/NEWSESTLYONNAIS-PIERCE-COLOMBIER-SAUGNIEU.jpg\",\"articleSection\":[\"\u00e0 la une\",\"CCEL | Communes\",\"Cin\u00e9 | Radio | Th\u00e9\u00e2tre\",\"Colombier-Saugnieu\"],\"inLanguage\":\"fr-FR\",\"potentialAction\":[{\"@type\":\"CommentAction\",\"name\":\"Comment\",\"target\":[\"https:\/\/newsestlyonnais.fr\/site\/2018\/11\/07\/colombier-saugnieu-representation-theatrale-les-precieuses-ridicules-samedi-soir\/#respond\"]}]},{\"@type\":\"WebPage\",\"@id\":\"https:\/\/newsestlyonnais.fr\/site\/2018\/11\/07\/colombier-saugnieu-representation-theatrale-les-precieuses-ridicules-samedi-soir\/\",\"url\":\"https:\/\/newsestlyonnais.fr\/site\/2018\/11\/07\/colombier-saugnieu-representation-theatrale-les-precieuses-ridicules-samedi-soir\/\",\"name\":\"COLOMBIER-SAUGNIEU : Repr\u00e9sentation th\u00e9\u00e2trale \\\" Les pr\u00e9cieuses ridicules \\\" samedi soir - News Est Lyonnais\",\"isPartOf\":{\"@id\":\"https:\/\/newsestlyonnais.fr\/site\/#website\"},\"primaryImageOfPage\":{\"@id\":\"https:\/\/newsestlyonnais.fr\/site\/2018\/11\/07\/colombier-saugnieu-representation-theatrale-les-precieuses-ridicules-samedi-soir\/#primaryimage\"},\"image\":{\"@id\":\"https:\/\/newsestlyonnais.fr\/site\/2018\/11\/07\/colombier-saugnieu-representation-theatrale-les-precieuses-ridicules-samedi-soir\/#primaryimage\"},\"thumbnailUrl\":\"https:\/\/newsestlyonnais.fr\/site\/wp-content\/uploads\/2018\/11\/NEWSESTLYONNAIS-PIERCE-COLOMBIER-SAUGNIEU.jpg\",\"datePublished\":\"2018-11-07T13:30:53+00:00\",\"dateModified\":\"2019-03-20T06:49:33+00:00\",\"description\":\"Ce samedi 10 novembre 2019, la municipalit\u00e9 de Colombier Saugnieu accueillera sa 5\u00b0 repr\u00e9sentation th\u00e9\u00e2trale avec les Pr\u00e9cieuses Ridicules\",\"breadcrumb\":{\"@id\":\"https:\/\/newsestlyonnais.fr\/site\/2018\/11\/07\/colombier-saugnieu-representation-theatrale-les-precieuses-ridicules-samedi-soir\/#breadcrumb\"},\"inLanguage\":\"fr-FR\",\"potentialAction\":[{\"@type\":\"ReadAction\",\"target\":[\"https:\/\/newsestlyonnais.fr\/site\/2018\/11\/07\/colombier-saugnieu-representation-theatrale-les-precieuses-ridicules-samedi-soir\/\"]}]},{\"@type\":\"ImageObject\",\"inLanguage\":\"fr-FR\",\"@id\":\"https:\/\/newsestlyonnais.fr\/site\/2018\/11\/07\/colombier-saugnieu-representation-theatrale-les-precieuses-ridicules-samedi-soir\/#primaryimage\",\"url\":\"https:\/\/newsestlyonnais.fr\/site\/wp-content\/uploads\/2018\/11\/NEWSESTLYONNAIS-PIERCE-COLOMBIER-SAUGNIEU.jpg\",\"contentUrl\":\"https:\/\/newsestlyonnais.fr\/site\/wp-content\/uploads\/2018\/11\/NEWSESTLYONNAIS-PIERCE-COLOMBIER-SAUGNIEU.jpg\",\"width\":200,\"height\":284,\"caption\":\"NEWSESTLYONNAIS PIERCE COLOMBIER SAUGNIEU\"},{\"@type\":\"BreadcrumbList\",\"@id\":\"https:\/\/newsestlyonnais.fr\/site\/2018\/11\/07\/colombier-saugnieu-representation-theatrale-les-precieuses-ridicules-samedi-soir\/#breadcrumb\",\"itemListElement\":[{\"@type\":\"ListItem\",\"position\":1,\"name\":\"Accueil\",\"item\":\"https:\/\/newsestlyonnais.fr\/site\/\"},{\"@type\":\"ListItem\",\"position\":2,\"name\":\"COLOMBIER-SAUGNIEU : Repr\u00e9sentation th\u00e9\u00e2trale \u00a0\u00bb Les pr\u00e9cieuses ridicules \u00a0\u00bb samedi soir\"}]},{\"@type\":\"WebSite\",\"@id\":\"https:\/\/newsestlyonnais.fr\/site\/#website\",\"url\":\"https:\/\/newsestlyonnais.fr\/site\/\",\"name\":\"News Est Lyonnais\",\"description\":\"L&#039;actualit\u00e9 au plus pr\u00e8s\",\"publisher\":{\"@id\":\"https:\/\/newsestlyonnais.fr\/site\/#organization\"},\"potentialAction\":[{\"@type\":\"SearchAction\",\"target\":{\"@type\":\"EntryPoint\",\"urlTemplate\":\"https:\/\/newsestlyonnais.fr\/site\/?s={search_term_string}\"},\"query-input\":{\"@type\":\"PropertyValueSpecification\",\"valueRequired\":true,\"valueName\":\"search_term_string\"}}],\"inLanguage\":\"fr-FR\"},{\"@type\":\"Organization\",\"@id\":\"https:\/\/newsestlyonnais.fr\/site\/#organization\",\"name\":\"News EST LYONNAIS\",\"url\":\"https:\/\/newsestlyonnais.fr\/site\/\",\"logo\":{\"@type\":\"ImageObject\",\"inLanguage\":\"fr-FR\",\"@id\":\"https:\/\/newsestlyonnais.fr\/site\/#\/schema\/logo\/image\/\",\"url\":\"\",\"contentUrl\":\"\",\"caption\":\"News EST LYONNAIS\"},\"image\":{\"@id\":\"https:\/\/newsestlyonnais.fr\/site\/#\/schema\/logo\/image\/\"}},{\"@type\":\"Person\",\"@id\":\"https:\/\/newsestlyonnais.fr\/site\/#\/schema\/person\/3230d5615f390bb808365d673001e887\",\"name\":\"R\u00e9dac. NEWS\",\"sameAs\":[\"http:\/\/www.newsestlyonnais.fr\",\"https:\/\/www.facebook.com\/pascal.oberson.1?fref=ts\",\"https:\/\/fr.linkedin.com\/in\/pascal-oberson-b17045113\"],\"url\":\"https:\/\/newsestlyonnais.fr\/site\/author\/nel\/\"}]}<\/script>\n<!-- \/ Yoast SEO plugin. -->","yoast_head_json":{"title":"COLOMBIER-SAUGNIEU : Repr\u00e9sentation th\u00e9\u00e2trale \" Les pr\u00e9cieuses ridicules \" samedi soir - News Est Lyonnais","description":"Ce samedi 10 novembre 2019, la municipalit\u00e9 de Colombier Saugnieu accueillera sa 5\u00b0 repr\u00e9sentation th\u00e9\u00e2trale avec les Pr\u00e9cieuses Ridicules","robots":{"index":"index","follow":"follow","max-snippet":"max-snippet:-1","max-image-preview":"max-image-preview:large","max-video-preview":"max-video-preview:-1"},"canonical":"https:\/\/newsestlyonnais.fr\/site\/2018\/11\/07\/colombier-saugnieu-representation-theatrale-les-precieuses-ridicules-samedi-soir\/","og_locale":"fr_FR","og_type":"article","og_title":"COLOMBIER-SAUGNIEU : Repr\u00e9sentation th\u00e9\u00e2trale \" Les pr\u00e9cieuses ridicules \" samedi soir - News Est Lyonnais","og_description":"Ce samedi 10 novembre 2019, la municipalit\u00e9 de Colombier Saugnieu accueillera sa 5\u00b0 repr\u00e9sentation th\u00e9\u00e2trale avec les Pr\u00e9cieuses Ridicules","og_url":"https:\/\/newsestlyonnais.fr\/site\/2018\/11\/07\/colombier-saugnieu-representation-theatrale-les-precieuses-ridicules-samedi-soir\/","og_site_name":"News Est Lyonnais","article_author":"https:\/\/www.facebook.com\/pascal.oberson.1?fref=ts","article_published_time":"2018-11-07T13:30:53+00:00","article_modified_time":"2019-03-20T06:49:33+00:00","og_image":[{"width":200,"height":284,"url":"https:\/\/i2.wp.com\/newsestlyonnais.fr\/site\/wp-content\/uploads\/2018\/11\/NEWSESTLYONNAIS-PIERCE-COLOMBIER-SAUGNIEU.jpg?fit=200%2C284&ssl=1","type":"image\/jpeg"}],"author":"R\u00e9dac. NEWS","twitter_card":"summary_large_image","twitter_misc":{"\u00c9crit par":"R\u00e9dac. NEWS","Dur\u00e9e de lecture estim\u00e9e":"1 minute"},"schema":{"@context":"https:\/\/schema.org","@graph":[{"@type":"Article","@id":"https:\/\/newsestlyonnais.fr\/site\/2018\/11\/07\/colombier-saugnieu-representation-theatrale-les-precieuses-ridicules-samedi-soir\/#article","isPartOf":{"@id":"https:\/\/newsestlyonnais.fr\/site\/2018\/11\/07\/colombier-saugnieu-representation-theatrale-les-precieuses-ridicules-samedi-soir\/"},"author":{"name":"R\u00e9dac. NEWS","@id":"https:\/\/newsestlyonnais.fr\/site\/#\/schema\/person\/3230d5615f390bb808365d673001e887"},"headline":"COLOMBIER-SAUGNIEU : Repr\u00e9sentation th\u00e9\u00e2trale \u00a0\u00bb Les pr\u00e9cieuses ridicules \u00a0\u00bb samedi soir","datePublished":"2018-11-07T13:30:53+00:00","dateModified":"2019-03-20T06:49:33+00:00","mainEntityOfPage":{"@id":"https:\/\/newsestlyonnais.fr\/site\/2018\/11\/07\/colombier-saugnieu-representation-theatrale-les-precieuses-ridicules-samedi-soir\/"},"wordCount":229,"commentCount":0,"publisher":{"@id":"https:\/\/newsestlyonnais.fr\/site\/#organization"},"image":{"@id":"https:\/\/newsestlyonnais.fr\/site\/2018\/11\/07\/colombier-saugnieu-representation-theatrale-les-precieuses-ridicules-samedi-soir\/#primaryimage"},"thumbnailUrl":"https:\/\/newsestlyonnais.fr\/site\/wp-content\/uploads\/2018\/11\/NEWSESTLYONNAIS-PIERCE-COLOMBIER-SAUGNIEU.jpg","articleSection":["\u00e0 la une","CCEL | Communes","Cin\u00e9 | Radio | Th\u00e9\u00e2tre","Colombier-Saugnieu"],"inLanguage":"fr-FR","potentialAction":[{"@type":"CommentAction","name":"Comment","target":["https:\/\/newsestlyonnais.fr\/site\/2018\/11\/07\/colombier-saugnieu-representation-theatrale-les-precieuses-ridicules-samedi-soir\/#respond"]}]},{"@type":"WebPage","@id":"https:\/\/newsestlyonnais.fr\/site\/2018\/11\/07\/colombier-saugnieu-representation-theatrale-les-precieuses-ridicules-samedi-soir\/","url":"https:\/\/newsestlyonnais.fr\/site\/2018\/11\/07\/colombier-saugnieu-representation-theatrale-les-precieuses-ridicules-samedi-soir\/","name":"COLOMBIER-SAUGNIEU : Repr\u00e9sentation th\u00e9\u00e2trale \" Les pr\u00e9cieuses ridicules \" samedi soir - News Est Lyonnais","isPartOf":{"@id":"https:\/\/newsestlyonnais.fr\/site\/#website"},"primaryImageOfPage":{"@id":"https:\/\/newsestlyonnais.fr\/site\/2018\/11\/07\/colombier-saugnieu-representation-theatrale-les-precieuses-ridicules-samedi-soir\/#primaryimage"},"image":{"@id":"https:\/\/newsestlyonnais.fr\/site\/2018\/11\/07\/colombier-saugnieu-representation-theatrale-les-precieuses-ridicules-samedi-soir\/#primaryimage"},"thumbnailUrl":"https:\/\/newsestlyonnais.fr\/site\/wp-content\/uploads\/2018\/11\/NEWSESTLYONNAIS-PIERCE-COLOMBIER-SAUGNIEU.jpg","datePublished":"2018-11-07T13:30:53+00:00","dateModified":"2019-03-20T06:49:33+00:00","description":"Ce samedi 10 novembre 2019, la municipalit\u00e9 de Colombier Saugnieu accueillera sa 5\u00b0 repr\u00e9sentation th\u00e9\u00e2trale avec les Pr\u00e9cieuses Ridicules","breadcrumb":{"@id":"https:\/\/newsestlyonnais.fr\/site\/2018\/11\/07\/colombier-saugnieu-representation-theatrale-les-precieuses-ridicules-samedi-soir\/#breadcrumb"},"inLanguage":"fr-FR","potentialAction":[{"@type":"ReadAction","target":["https:\/\/newsestlyonnais.fr\/site\/2018\/11\/07\/colombier-saugnieu-representation-theatrale-les-precieuses-ridicules-samedi-soir\/"]}]},{"@type":"ImageObject","inLanguage":"fr-FR","@id":"https:\/\/newsestlyonnais.fr\/site\/2018\/11\/07\/colombier-saugnieu-representation-theatrale-les-precieuses-ridicules-samedi-soir\/#primaryimage","url":"https:\/\/newsestlyonnais.fr\/site\/wp-content\/uploads\/2018\/11\/NEWSESTLYONNAIS-PIERCE-COLOMBIER-SAUGNIEU.jpg","contentUrl":"https:\/\/newsestlyonnais.fr\/site\/wp-content\/uploads\/2018\/11\/NEWSESTLYONNAIS-PIERCE-COLOMBIER-SAUGNIEU.jpg","width":200,"height":284,"caption":"NEWSESTLYONNAIS PIERCE COLOMBIER SAUGNIEU"},{"@type":"BreadcrumbList","@id":"https:\/\/newsestlyonnais.fr\/site\/2018\/11\/07\/colombier-saugnieu-representation-theatrale-les-precieuses-ridicules-samedi-soir\/#breadcrumb","itemListElement":[{"@type":"ListItem","position":1,"name":"Accueil","item":"https:\/\/newsestlyonnais.fr\/site\/"},{"@type":"ListItem","position":2,"name":"COLOMBIER-SAUGNIEU : Repr\u00e9sentation th\u00e9\u00e2trale \u00a0\u00bb Les pr\u00e9cieuses ridicules \u00a0\u00bb samedi soir"}]},{"@type":"WebSite","@id":"https:\/\/newsestlyonnais.fr\/site\/#website","url":"https:\/\/newsestlyonnais.fr\/site\/","name":"News Est Lyonnais","description":"L&#039;actualit\u00e9 au plus pr\u00e8s","publisher":{"@id":"https:\/\/newsestlyonnais.fr\/site\/#organization"},"potentialAction":[{"@type":"SearchAction","target":{"@type":"EntryPoint","urlTemplate":"https:\/\/newsestlyonnais.fr\/site\/?s={search_term_string}"},"query-input":{"@type":"PropertyValueSpecification","valueRequired":true,"valueName":"search_term_string"}}],"inLanguage":"fr-FR"},{"@type":"Organization","@id":"https:\/\/newsestlyonnais.fr\/site\/#organization","name":"News EST LYONNAIS","url":"https:\/\/newsestlyonnais.fr\/site\/","logo":{"@type":"ImageObject","inLanguage":"fr-FR","@id":"https:\/\/newsestlyonnais.fr\/site\/#\/schema\/logo\/image\/","url":"","contentUrl":"","caption":"News EST LYONNAIS"},"image":{"@id":"https:\/\/newsestlyonnais.fr\/site\/#\/schema\/logo\/image\/"}},{"@type":"Person","@id":"https:\/\/newsestlyonnais.fr\/site\/#\/schema\/person\/3230d5615f390bb808365d673001e887","name":"R\u00e9dac. NEWS","sameAs":["http:\/\/www.newsestlyonnais.fr","https:\/\/www.facebook.com\/pascal.oberson.1?fref=ts","https:\/\/fr.linkedin.com\/in\/pascal-oberson-b17045113"],"url":"https:\/\/newsestlyonnais.fr\/site\/author\/nel\/"}]}},"_links":{"self":[{"href":"https:\/\/newsestlyonnais.fr\/site\/wp-json\/wp\/v2\/posts\/59861","targetHints":{"allow":["GET"]}}],"collection":[{"href":"https:\/\/newsestlyonnais.fr\/site\/wp-json\/wp\/v2\/posts"}],"about":[{"href":"https:\/\/newsestlyonnais.fr\/site\/wp-json\/wp\/v2\/types\/post"}],"author":[{"embeddable":true,"href":"https:\/\/newsestlyonnais.fr\/site\/wp-json\/wp\/v2\/users\/4"}],"replies":[{"embeddable":true,"href":"https:\/\/newsestlyonnais.fr\/site\/wp-json\/wp\/v2\/comments?post=59861"}],"version-history":[{"count":0,"href":"https:\/\/newsestlyonnais.fr\/site\/wp-json\/wp\/v2\/posts\/59861\/revisions"}],"wp:featuredmedia":[{"embeddable":true,"href":"https:\/\/newsestlyonnais.fr\/site\/wp-json\/wp\/v2\/media\/59866"}],"wp:attachment":[{"href":"https:\/\/newsestlyonnais.fr\/site\/wp-json\/wp\/v2\/media?parent=59861"}],"wp:term":[{"taxonomy":"category","embeddable":true,"href":"https:\/\/newsestlyonnais.fr\/site\/wp-json\/wp\/v2\/categories?post=59861"},{"taxonomy":"post_tag","embeddable":true,"href":"https:\/\/newsestlyonnais.fr\/site\/wp-json\/wp\/v2\/tags?post=59861"}],"curies":[{"name":"wp","href":"https:\/\/api.w.org\/{rel}","templated":true}]}}