{"id":59875,"date":"2018-11-09T08:02:02","date_gmt":"2018-11-09T07:02:02","guid":{"rendered":"http:\/\/newsestlyonnais.fr\/site\/?p=59875"},"modified":"2020-11-12T07:19:05","modified_gmt":"2020-11-12T06:19:05","slug":"lyon-8-les-manifestations-du-10-au-14-novembre-2018","status":"publish","type":"post","link":"https:\/\/newsestlyonnais.fr\/site\/2018\/11\/09\/lyon-8-les-manifestations-du-10-au-14-novembre-2018\/","title":{"rendered":"LYON 8 | Les manifestations du 10 au 14 novembre 2018"},"content":{"rendered":"<h4>Nombreux sont les \u00e9v\u00e8nements et manifestations qui se d\u00e9rouleront durant cette p\u00e9riode, sur le 8 \u00b0 arrondissement, \u00e0 savoir :<\/h4>\n<ul>\n<li><strong>Samedi 10 novembre de 10 h \u00e0 22 h 30<\/strong> : <span style=\"text-decoration: underline\">Lancement du PETIT PAUME<\/span>. (Place Ambroise Courtois). Pour cette 50\u00b0 \u00e9dition, la place Ambroise Courtois rev\u00eat les couleurs du guide dans un d\u00e9cor digne d\u2019une noce d\u2019or. Venez r\u00e9cup\u00e9rer votre 50\u00b0 \u00e9dition du guide du Petit Paum\u00e9 et profiter de nombreuses animations pour les petits et les plus grands. Stands :<br \/>\n&#8211; Comics Zone et ses bandes dessin\u00e9es \u00e0 gogo<br \/>\n&#8211; Venez d\u00e9couvrir les bi\u00e8res brass\u00e9es par Nomade Brewery and MicroPub<br \/>\n&#8211; Village Gourmand pour les affam\u00e9s.<\/li>\n<li><strong>Dimanche 11 novembre de 10 h \u00e0 13 h<\/strong> : <span style=\"text-decoration: underline\">C\u00e9r\u00e9monie centenaire de la paix<\/span>. (Place Bellecour). Plus d\u2019infos sur : <a href=\"https:\/\/www.lyon.fr\/actualite\/commemoration\/11-novembre-1918-commemoration-exceptionnelle\" target=\"_blank\" rel=\"noopener noreferrer\">https:\/\/www.lyon.fr\/actualite\/commemoration\/11-novembre-1918-commemoration-exceptionnelle <\/a><\/li>\n<li><strong>Dimanche 11 novembre de<\/strong> <strong>16 h 30 \u00e0 17 h 30<\/strong> : <span style=\"text-decoration: underline\">Concert exceptionnel \u00ab\u00a0polyphonies crois\u00e9es\u00a0\u00bb<\/span> pour f\u00eater la paix \u00e0 l\u2019occasion de l&rsquo;anniversaire de l\u2019armistice. (Chapelle de l&rsquo;H\u00f4pital Saint-Jean de Dieu).<\/li>\n<li><strong>Mardi 13 novembre de 10 h \u00e0 10 h 45<\/strong> : <span style=\"text-decoration: underline\">B\u00e9b\u00e9 bouquine B\u00e9b\u00e9 comptine<\/span>. (Centre Social des Etats-Unis, 2 Place du 8 Mai 1945).<\/li>\n<li><strong>Mercredi 14 novembre de 18 h \u00e0 19 h<\/strong> : <span style=\"text-decoration: underline\">Vernissage exposition \u00ab\u00a0la grande guerre vue du ciel\u00a0\u00bb<\/span> et cl\u00f4ture du fil rouge \u00ab le 8\u00e8me s\u2019envole \u00bb. (atrium de la libert\u00e9, mairie du 8\u00b0) <strong>&amp; de 19 h \u00e0 20 h<\/strong> : <span style=\"text-decoration: underline\">Projection du documentaire \u00a0\u00bb leur dernier combat : l&rsquo;histoire des as survivants\u00a0\u00bb<\/span> comment\u00e9 par le r\u00e9alisateur. (Espace citoyen, mairie du 8\u00b0).<\/li>\n<\/ul>\n<p><strong>L\u2019ACTU de Lyon 8\u00b0est sur : <a href=\"http:\/\/www.mairie8.lyon.fr\/page\/accueil_8.html\" target=\"_blank\" rel=\"noopener noreferrer\">http:\/\/www.mairie8.lyon.fr\/page\/accueil_8.html<\/a><\/strong><\/p>\n<div id='gallery-1' class='gallery galleryid-59875 gallery-columns-3 gallery-size-medium'><figure class='gallery-item'>\n\t\t\t<div class='gallery-icon landscape'>\n\t\t\t\t<a href='https:\/\/newsestlyonnais.fr\/site\/2018\/10\/09\/lyon-villeurbanne-pour-sa-50-edition-le-petit-paume-devient-la-petite-paumee\/newsestlyonanis-petit-paume-2018\/'><img loading=\"lazy\" decoding=\"async\" width=\"400\" height=\"152\" src=\"https:\/\/newsestlyonnais.fr\/site\/wp-content\/uploads\/2018\/10\/NEWSESTLYONANIS-PETIT-PAUME-2018-400x152.png\" class=\"attachment-medium size-medium\" alt=\"NEWSESTLYONANIS PETIT PAUME 2018\" aria-describedby=\"gallery-1-57988\" srcset=\"https:\/\/newsestlyonnais.fr\/site\/wp-content\/uploads\/2018\/10\/NEWSESTLYONANIS-PETIT-PAUME-2018-400x152.png 400w, https:\/\/newsestlyonnais.fr\/site\/wp-content\/uploads\/2018\/10\/NEWSESTLYONANIS-PETIT-PAUME-2018-768x292.png 768w, https:\/\/newsestlyonnais.fr\/site\/wp-content\/uploads\/2018\/10\/NEWSESTLYONANIS-PETIT-PAUME-2018-1000x380.png 1000w, https:\/\/newsestlyonnais.fr\/site\/wp-content\/uploads\/2018\/10\/NEWSESTLYONANIS-PETIT-PAUME-2018-600x228.png 600w\" sizes=\"auto, (max-width: 400px) 100vw, 400px\" \/><\/a>\n\t\t\t<\/div>\n\t\t\t\t<figcaption class='wp-caption-text gallery-caption' id='gallery-1-57988'>\n\t\t\t\tLancement du Petit Paum\u00e9\n\t\t\t\t<\/figcaption><\/figure><figure class='gallery-item'>\n\t\t\t<div class='gallery-icon landscape'>\n\t\t\t\t<a href='https:\/\/newsestlyonnais.fr\/site\/newsestlyonnais-lyon-8-senvole-scan\/'><img loading=\"lazy\" decoding=\"async\" width=\"400\" height=\"283\" src=\"https:\/\/newsestlyonnais.fr\/site\/wp-content\/uploads\/2018\/06\/NEWSESTLYONNAIS-LYON-8-SENVOLE-Scan-400x283.jpg\" class=\"attachment-medium size-medium\" alt=\"NEWSESTLYONNAIS LYON 8 S&#039;ENVOLE Scan\" aria-describedby=\"gallery-1-51175\" srcset=\"https:\/\/newsestlyonnais.fr\/site\/wp-content\/uploads\/2018\/06\/NEWSESTLYONNAIS-LYON-8-SENVOLE-Scan-400x283.jpg 400w, https:\/\/newsestlyonnais.fr\/site\/wp-content\/uploads\/2018\/06\/NEWSESTLYONNAIS-LYON-8-SENVOLE-Scan-768x543.jpg 768w, https:\/\/newsestlyonnais.fr\/site\/wp-content\/uploads\/2018\/06\/NEWSESTLYONNAIS-LYON-8-SENVOLE-Scan-1000x707.jpg 1000w, https:\/\/newsestlyonnais.fr\/site\/wp-content\/uploads\/2018\/06\/NEWSESTLYONNAIS-LYON-8-SENVOLE-Scan-600x424.jpg 600w\" sizes=\"auto, (max-width: 400px) 100vw, 400px\" \/><\/a>\n\t\t\t<\/div>\n\t\t\t\t<figcaption class='wp-caption-text gallery-caption' id='gallery-1-51175'>\n\t\t\t\t       Le 8\u00b0 s&rsquo;envole\n\t\t\t\t<\/figcaption><\/figure>\n\t\t<\/div>\n\n","protected":false},"excerpt":{"rendered":"<p>Nombreux sont les \u00e9v\u00e8nements et manifestations qui se d\u00e9rouleront durant cette p\u00e9riode, sur le 8 \u00b0 arrondissement, \u00e0 savoir : Samedi 10 novembre de 10 h \u00e0 22 h 30 : Lancement du PETIT PAUME. (Place Ambroise Courtois). Pour cette 50\u00b0 \u00e9dition, la place Ambroise Courtois rev\u00eat les couleurs du guide dans un d\u00e9cor digne [&hellip;]<\/p>\n","protected":false},"author":4,"featured_media":8840,"comment_status":"open","ping_status":"open","sticky":false,"template":"","format":"standard","meta":{"footnotes":""},"categories":[1625],"tags":[],"class_list":["post-59875","post","type-post","status-publish","format-standard","has-post-thumbnail","hentry","category-lyon"],"yoast_head":"<!-- This site is optimized with the Yoast SEO plugin v27.2 - https:\/\/yoast.com\/product\/yoast-seo-wordpress\/ -->\n<title>LYON 8\u00b0 : L\u2019agenda des manifestations du 10 au 14 novembre 2018<\/title>\n<meta name=\"description\" content=\"LYON 8\u00b0 : L\u2019agenda des manifestations du 10 au 14 novembre 2018\" \/>\n<meta name=\"robots\" content=\"index, follow, max-snippet:-1, max-image-preview:large, max-video-preview:-1\" \/>\n<link rel=\"canonical\" href=\"https:\/\/newsestlyonnais.fr\/site\/2018\/11\/09\/lyon-8-les-manifestations-du-10-au-14-novembre-2018\/\" \/>\n<meta property=\"og:locale\" content=\"fr_FR\" \/>\n<meta property=\"og:type\" content=\"article\" \/>\n<meta property=\"og:title\" content=\"LYON 8\u00b0 : L\u2019agenda des manifestations du 10 au 14 novembre 2018\" \/>\n<meta property=\"og:description\" content=\"LYON 8\u00b0 : L\u2019agenda des manifestations du 10 au 14 novembre 2018\" \/>\n<meta property=\"og:url\" content=\"https:\/\/newsestlyonnais.fr\/site\/2018\/11\/09\/lyon-8-les-manifestations-du-10-au-14-novembre-2018\/\" \/>\n<meta property=\"og:site_name\" content=\"News Est Lyonnais\" \/>\n<meta property=\"article:author\" content=\"https:\/\/www.facebook.com\/pascal.oberson.1?fref=ts\" \/>\n<meta property=\"article:published_time\" content=\"2018-11-09T07:02:02+00:00\" \/>\n<meta property=\"article:modified_time\" content=\"2020-11-12T06:19:05+00:00\" \/>\n<meta property=\"og:image\" content=\"https:\/\/i1.wp.com\/newsestlyonnais.fr\/site\/wp-content\/uploads\/2016\/06\/NEWSESTLYONNAIS-LYON-PANNEAUP1100180.jpg?fit=1000%2C750&ssl=1\" \/>\n\t<meta property=\"og:image:width\" content=\"1000\" \/>\n\t<meta property=\"og:image:height\" content=\"750\" \/>\n\t<meta property=\"og:image:type\" content=\"image\/jpeg\" \/>\n<meta name=\"author\" content=\"R\u00e9dac. NEWS\" \/>\n<meta name=\"twitter:card\" content=\"summary_large_image\" \/>\n<meta name=\"twitter:label1\" content=\"\u00c9crit par\" \/>\n\t<meta name=\"twitter:data1\" content=\"R\u00e9dac. NEWS\" \/>\n\t<meta name=\"twitter:label2\" content=\"Dur\u00e9e de lecture estim\u00e9e\" \/>\n\t<meta name=\"twitter:data2\" content=\"1 minute\" \/>\n<script type=\"application\/ld+json\" class=\"yoast-schema-graph\">{\"@context\":\"https:\/\/schema.org\",\"@graph\":[{\"@type\":\"Article\",\"@id\":\"https:\/\/newsestlyonnais.fr\/site\/2018\/11\/09\/lyon-8-les-manifestations-du-10-au-14-novembre-2018\/#article\",\"isPartOf\":{\"@id\":\"https:\/\/newsestlyonnais.fr\/site\/2018\/11\/09\/lyon-8-les-manifestations-du-10-au-14-novembre-2018\/\"},\"author\":{\"name\":\"R\u00e9dac. NEWS\",\"@id\":\"https:\/\/newsestlyonnais.fr\/site\/#\/schema\/person\/3230d5615f390bb808365d673001e887\"},\"headline\":\"LYON 8 | Les manifestations du 10 au 14 novembre 2018\",\"datePublished\":\"2018-11-09T07:02:02+00:00\",\"dateModified\":\"2020-11-12T06:19:05+00:00\",\"mainEntityOfPage\":{\"@id\":\"https:\/\/newsestlyonnais.fr\/site\/2018\/11\/09\/lyon-8-les-manifestations-du-10-au-14-novembre-2018\/\"},\"wordCount\":262,\"commentCount\":0,\"publisher\":{\"@id\":\"https:\/\/newsestlyonnais.fr\/site\/#organization\"},\"image\":{\"@id\":\"https:\/\/newsestlyonnais.fr\/site\/2018\/11\/09\/lyon-8-les-manifestations-du-10-au-14-novembre-2018\/#primaryimage\"},\"thumbnailUrl\":\"https:\/\/newsestlyonnais.fr\/site\/wp-content\/uploads\/2016\/06\/NEWSESTLYONNAIS-LYON-PANNEAUP1100180.jpg\",\"articleSection\":[\"Lyon\"],\"inLanguage\":\"fr-FR\",\"potentialAction\":[{\"@type\":\"CommentAction\",\"name\":\"Comment\",\"target\":[\"https:\/\/newsestlyonnais.fr\/site\/2018\/11\/09\/lyon-8-les-manifestations-du-10-au-14-novembre-2018\/#respond\"]}]},{\"@type\":\"WebPage\",\"@id\":\"https:\/\/newsestlyonnais.fr\/site\/2018\/11\/09\/lyon-8-les-manifestations-du-10-au-14-novembre-2018\/\",\"url\":\"https:\/\/newsestlyonnais.fr\/site\/2018\/11\/09\/lyon-8-les-manifestations-du-10-au-14-novembre-2018\/\",\"name\":\"LYON 8\u00b0 : L\u2019agenda des manifestations du 10 au 14 novembre 2018\",\"isPartOf\":{\"@id\":\"https:\/\/newsestlyonnais.fr\/site\/#website\"},\"primaryImageOfPage\":{\"@id\":\"https:\/\/newsestlyonnais.fr\/site\/2018\/11\/09\/lyon-8-les-manifestations-du-10-au-14-novembre-2018\/#primaryimage\"},\"image\":{\"@id\":\"https:\/\/newsestlyonnais.fr\/site\/2018\/11\/09\/lyon-8-les-manifestations-du-10-au-14-novembre-2018\/#primaryimage\"},\"thumbnailUrl\":\"https:\/\/newsestlyonnais.fr\/site\/wp-content\/uploads\/2016\/06\/NEWSESTLYONNAIS-LYON-PANNEAUP1100180.jpg\",\"datePublished\":\"2018-11-09T07:02:02+00:00\",\"dateModified\":\"2020-11-12T06:19:05+00:00\",\"description\":\"LYON 8\u00b0 : L\u2019agenda des manifestations du 10 au 14 novembre 2018\",\"breadcrumb\":{\"@id\":\"https:\/\/newsestlyonnais.fr\/site\/2018\/11\/09\/lyon-8-les-manifestations-du-10-au-14-novembre-2018\/#breadcrumb\"},\"inLanguage\":\"fr-FR\",\"potentialAction\":[{\"@type\":\"ReadAction\",\"target\":[\"https:\/\/newsestlyonnais.fr\/site\/2018\/11\/09\/lyon-8-les-manifestations-du-10-au-14-novembre-2018\/\"]}]},{\"@type\":\"ImageObject\",\"inLanguage\":\"fr-FR\",\"@id\":\"https:\/\/newsestlyonnais.fr\/site\/2018\/11\/09\/lyon-8-les-manifestations-du-10-au-14-novembre-2018\/#primaryimage\",\"url\":\"https:\/\/newsestlyonnais.fr\/site\/wp-content\/uploads\/2016\/06\/NEWSESTLYONNAIS-LYON-PANNEAUP1100180.jpg\",\"contentUrl\":\"https:\/\/newsestlyonnais.fr\/site\/wp-content\/uploads\/2016\/06\/NEWSESTLYONNAIS-LYON-PANNEAUP1100180.jpg\",\"width\":1000,\"height\":750,\"caption\":\"NEWSESTLYONNAIS - LYON PANNEAU\"},{\"@type\":\"BreadcrumbList\",\"@id\":\"https:\/\/newsestlyonnais.fr\/site\/2018\/11\/09\/lyon-8-les-manifestations-du-10-au-14-novembre-2018\/#breadcrumb\",\"itemListElement\":[{\"@type\":\"ListItem\",\"position\":1,\"name\":\"Accueil\",\"item\":\"https:\/\/newsestlyonnais.fr\/site\/\"},{\"@type\":\"ListItem\",\"position\":2,\"name\":\"LYON 8 | Les manifestations du 10 au 14 novembre 2018\"}]},{\"@type\":\"WebSite\",\"@id\":\"https:\/\/newsestlyonnais.fr\/site\/#website\",\"url\":\"https:\/\/newsestlyonnais.fr\/site\/\",\"name\":\"News Est Lyonnais\",\"description\":\"L&#039;actualit\u00e9 au plus pr\u00e8s\",\"publisher\":{\"@id\":\"https:\/\/newsestlyonnais.fr\/site\/#organization\"},\"potentialAction\":[{\"@type\":\"SearchAction\",\"target\":{\"@type\":\"EntryPoint\",\"urlTemplate\":\"https:\/\/newsestlyonnais.fr\/site\/?s={search_term_string}\"},\"query-input\":{\"@type\":\"PropertyValueSpecification\",\"valueRequired\":true,\"valueName\":\"search_term_string\"}}],\"inLanguage\":\"fr-FR\"},{\"@type\":\"Organization\",\"@id\":\"https:\/\/newsestlyonnais.fr\/site\/#organization\",\"name\":\"News EST LYONNAIS\",\"url\":\"https:\/\/newsestlyonnais.fr\/site\/\",\"logo\":{\"@type\":\"ImageObject\",\"inLanguage\":\"fr-FR\",\"@id\":\"https:\/\/newsestlyonnais.fr\/site\/#\/schema\/logo\/image\/\",\"url\":\"\",\"contentUrl\":\"\",\"caption\":\"News EST LYONNAIS\"},\"image\":{\"@id\":\"https:\/\/newsestlyonnais.fr\/site\/#\/schema\/logo\/image\/\"}},{\"@type\":\"Person\",\"@id\":\"https:\/\/newsestlyonnais.fr\/site\/#\/schema\/person\/3230d5615f390bb808365d673001e887\",\"name\":\"R\u00e9dac. NEWS\",\"sameAs\":[\"http:\/\/www.newsestlyonnais.fr\",\"https:\/\/www.facebook.com\/pascal.oberson.1?fref=ts\",\"https:\/\/fr.linkedin.com\/in\/pascal-oberson-b17045113\"],\"url\":\"https:\/\/newsestlyonnais.fr\/site\/author\/nel\/\"}]}<\/script>\n<!-- \/ Yoast SEO plugin. -->","yoast_head_json":{"title":"LYON 8\u00b0 : L\u2019agenda des manifestations du 10 au 14 novembre 2018","description":"LYON 8\u00b0 : L\u2019agenda des manifestations du 10 au 14 novembre 2018","robots":{"index":"index","follow":"follow","max-snippet":"max-snippet:-1","max-image-preview":"max-image-preview:large","max-video-preview":"max-video-preview:-1"},"canonical":"https:\/\/newsestlyonnais.fr\/site\/2018\/11\/09\/lyon-8-les-manifestations-du-10-au-14-novembre-2018\/","og_locale":"fr_FR","og_type":"article","og_title":"LYON 8\u00b0 : L\u2019agenda des manifestations du 10 au 14 novembre 2018","og_description":"LYON 8\u00b0 : L\u2019agenda des manifestations du 10 au 14 novembre 2018","og_url":"https:\/\/newsestlyonnais.fr\/site\/2018\/11\/09\/lyon-8-les-manifestations-du-10-au-14-novembre-2018\/","og_site_name":"News Est Lyonnais","article_author":"https:\/\/www.facebook.com\/pascal.oberson.1?fref=ts","article_published_time":"2018-11-09T07:02:02+00:00","article_modified_time":"2020-11-12T06:19:05+00:00","og_image":[{"width":1000,"height":750,"url":"https:\/\/i1.wp.com\/newsestlyonnais.fr\/site\/wp-content\/uploads\/2016\/06\/NEWSESTLYONNAIS-LYON-PANNEAUP1100180.jpg?fit=1000%2C750&ssl=1","type":"image\/jpeg"}],"author":"R\u00e9dac. NEWS","twitter_card":"summary_large_image","twitter_misc":{"\u00c9crit par":"R\u00e9dac. NEWS","Dur\u00e9e de lecture estim\u00e9e":"1 minute"},"schema":{"@context":"https:\/\/schema.org","@graph":[{"@type":"Article","@id":"https:\/\/newsestlyonnais.fr\/site\/2018\/11\/09\/lyon-8-les-manifestations-du-10-au-14-novembre-2018\/#article","isPartOf":{"@id":"https:\/\/newsestlyonnais.fr\/site\/2018\/11\/09\/lyon-8-les-manifestations-du-10-au-14-novembre-2018\/"},"author":{"name":"R\u00e9dac. NEWS","@id":"https:\/\/newsestlyonnais.fr\/site\/#\/schema\/person\/3230d5615f390bb808365d673001e887"},"headline":"LYON 8 | Les manifestations du 10 au 14 novembre 2018","datePublished":"2018-11-09T07:02:02+00:00","dateModified":"2020-11-12T06:19:05+00:00","mainEntityOfPage":{"@id":"https:\/\/newsestlyonnais.fr\/site\/2018\/11\/09\/lyon-8-les-manifestations-du-10-au-14-novembre-2018\/"},"wordCount":262,"commentCount":0,"publisher":{"@id":"https:\/\/newsestlyonnais.fr\/site\/#organization"},"image":{"@id":"https:\/\/newsestlyonnais.fr\/site\/2018\/11\/09\/lyon-8-les-manifestations-du-10-au-14-novembre-2018\/#primaryimage"},"thumbnailUrl":"https:\/\/newsestlyonnais.fr\/site\/wp-content\/uploads\/2016\/06\/NEWSESTLYONNAIS-LYON-PANNEAUP1100180.jpg","articleSection":["Lyon"],"inLanguage":"fr-FR","potentialAction":[{"@type":"CommentAction","name":"Comment","target":["https:\/\/newsestlyonnais.fr\/site\/2018\/11\/09\/lyon-8-les-manifestations-du-10-au-14-novembre-2018\/#respond"]}]},{"@type":"WebPage","@id":"https:\/\/newsestlyonnais.fr\/site\/2018\/11\/09\/lyon-8-les-manifestations-du-10-au-14-novembre-2018\/","url":"https:\/\/newsestlyonnais.fr\/site\/2018\/11\/09\/lyon-8-les-manifestations-du-10-au-14-novembre-2018\/","name":"LYON 8\u00b0 : L\u2019agenda des manifestations du 10 au 14 novembre 2018","isPartOf":{"@id":"https:\/\/newsestlyonnais.fr\/site\/#website"},"primaryImageOfPage":{"@id":"https:\/\/newsestlyonnais.fr\/site\/2018\/11\/09\/lyon-8-les-manifestations-du-10-au-14-novembre-2018\/#primaryimage"},"image":{"@id":"https:\/\/newsestlyonnais.fr\/site\/2018\/11\/09\/lyon-8-les-manifestations-du-10-au-14-novembre-2018\/#primaryimage"},"thumbnailUrl":"https:\/\/newsestlyonnais.fr\/site\/wp-content\/uploads\/2016\/06\/NEWSESTLYONNAIS-LYON-PANNEAUP1100180.jpg","datePublished":"2018-11-09T07:02:02+00:00","dateModified":"2020-11-12T06:19:05+00:00","description":"LYON 8\u00b0 : L\u2019agenda des manifestations du 10 au 14 novembre 2018","breadcrumb":{"@id":"https:\/\/newsestlyonnais.fr\/site\/2018\/11\/09\/lyon-8-les-manifestations-du-10-au-14-novembre-2018\/#breadcrumb"},"inLanguage":"fr-FR","potentialAction":[{"@type":"ReadAction","target":["https:\/\/newsestlyonnais.fr\/site\/2018\/11\/09\/lyon-8-les-manifestations-du-10-au-14-novembre-2018\/"]}]},{"@type":"ImageObject","inLanguage":"fr-FR","@id":"https:\/\/newsestlyonnais.fr\/site\/2018\/11\/09\/lyon-8-les-manifestations-du-10-au-14-novembre-2018\/#primaryimage","url":"https:\/\/newsestlyonnais.fr\/site\/wp-content\/uploads\/2016\/06\/NEWSESTLYONNAIS-LYON-PANNEAUP1100180.jpg","contentUrl":"https:\/\/newsestlyonnais.fr\/site\/wp-content\/uploads\/2016\/06\/NEWSESTLYONNAIS-LYON-PANNEAUP1100180.jpg","width":1000,"height":750,"caption":"NEWSESTLYONNAIS - LYON PANNEAU"},{"@type":"BreadcrumbList","@id":"https:\/\/newsestlyonnais.fr\/site\/2018\/11\/09\/lyon-8-les-manifestations-du-10-au-14-novembre-2018\/#breadcrumb","itemListElement":[{"@type":"ListItem","position":1,"name":"Accueil","item":"https:\/\/newsestlyonnais.fr\/site\/"},{"@type":"ListItem","position":2,"name":"LYON 8 | Les manifestations du 10 au 14 novembre 2018"}]},{"@type":"WebSite","@id":"https:\/\/newsestlyonnais.fr\/site\/#website","url":"https:\/\/newsestlyonnais.fr\/site\/","name":"News Est Lyonnais","description":"L&#039;actualit\u00e9 au plus pr\u00e8s","publisher":{"@id":"https:\/\/newsestlyonnais.fr\/site\/#organization"},"potentialAction":[{"@type":"SearchAction","target":{"@type":"EntryPoint","urlTemplate":"https:\/\/newsestlyonnais.fr\/site\/?s={search_term_string}"},"query-input":{"@type":"PropertyValueSpecification","valueRequired":true,"valueName":"search_term_string"}}],"inLanguage":"fr-FR"},{"@type":"Organization","@id":"https:\/\/newsestlyonnais.fr\/site\/#organization","name":"News EST LYONNAIS","url":"https:\/\/newsestlyonnais.fr\/site\/","logo":{"@type":"ImageObject","inLanguage":"fr-FR","@id":"https:\/\/newsestlyonnais.fr\/site\/#\/schema\/logo\/image\/","url":"","contentUrl":"","caption":"News EST LYONNAIS"},"image":{"@id":"https:\/\/newsestlyonnais.fr\/site\/#\/schema\/logo\/image\/"}},{"@type":"Person","@id":"https:\/\/newsestlyonnais.fr\/site\/#\/schema\/person\/3230d5615f390bb808365d673001e887","name":"R\u00e9dac. NEWS","sameAs":["http:\/\/www.newsestlyonnais.fr","https:\/\/www.facebook.com\/pascal.oberson.1?fref=ts","https:\/\/fr.linkedin.com\/in\/pascal-oberson-b17045113"],"url":"https:\/\/newsestlyonnais.fr\/site\/author\/nel\/"}]}},"_links":{"self":[{"href":"https:\/\/newsestlyonnais.fr\/site\/wp-json\/wp\/v2\/posts\/59875","targetHints":{"allow":["GET"]}}],"collection":[{"href":"https:\/\/newsestlyonnais.fr\/site\/wp-json\/wp\/v2\/posts"}],"about":[{"href":"https:\/\/newsestlyonnais.fr\/site\/wp-json\/wp\/v2\/types\/post"}],"author":[{"embeddable":true,"href":"https:\/\/newsestlyonnais.fr\/site\/wp-json\/wp\/v2\/users\/4"}],"replies":[{"embeddable":true,"href":"https:\/\/newsestlyonnais.fr\/site\/wp-json\/wp\/v2\/comments?post=59875"}],"version-history":[{"count":0,"href":"https:\/\/newsestlyonnais.fr\/site\/wp-json\/wp\/v2\/posts\/59875\/revisions"}],"wp:featuredmedia":[{"embeddable":true,"href":"https:\/\/newsestlyonnais.fr\/site\/wp-json\/wp\/v2\/media\/8840"}],"wp:attachment":[{"href":"https:\/\/newsestlyonnais.fr\/site\/wp-json\/wp\/v2\/media?parent=59875"}],"wp:term":[{"taxonomy":"category","embeddable":true,"href":"https:\/\/newsestlyonnais.fr\/site\/wp-json\/wp\/v2\/categories?post=59875"},{"taxonomy":"post_tag","embeddable":true,"href":"https:\/\/newsestlyonnais.fr\/site\/wp-json\/wp\/v2\/tags?post=59875"}],"curies":[{"name":"wp","href":"https:\/\/api.w.org\/{rel}","templated":true}]}}