{"id":59916,"date":"2018-11-08T09:39:17","date_gmt":"2018-11-08T08:39:17","guid":{"rendered":"http:\/\/newsestlyonnais.fr\/site\/?p=59916"},"modified":"2020-11-12T07:17:22","modified_gmt":"2020-11-12T06:17:22","slug":"lyon-7-les-manifestations-du-12-au-30-novembre-2018","status":"publish","type":"post","link":"https:\/\/newsestlyonnais.fr\/site\/2018\/11\/08\/lyon-7-les-manifestations-du-12-au-30-novembre-2018\/","title":{"rendered":"LYON 7 | Les manifestations du 12 au 30 novembre 2018"},"content":{"rendered":"<h4>Nombreux sont les \u00e9v\u00e8nements et manifestations qui se d\u00e9rouleront durant cette p\u00e9riode, sur le 7 \u00b0 arrondissement, \u00e0 savoir :<\/h4>\n<ul>\n<li><strong>Jusqu\u2019au 14 novembre<\/strong> : <span style=\"text-decoration: underline\">Semaine de la culture chinoise<\/span>, 15 ans d\u2019amiti\u00e9 entre Liwan et Lyon 7\u00b0. Programme complet sur : <a href=\"http:\/\/semainechinoise.fr\/\" target=\"_blank\" rel=\"noopener noreferrer\">http:\/\/semainechinoise.fr\/<\/a>. (Salle des Mariages et Salle Villon, Mairie du 7\u00b0).<\/li>\n<li><strong>Jusqu&rsquo;au 26 novembre<\/strong> : <span style=\"text-decoration: underline\">83\u00b0 Salon de la Soci\u00e9t\u00e9 des Aquarellistes lyonnais.<\/span> (Salle Edmond Locard, Centre Berthelot, 14 avenue Berthelot).<\/li>\n<li><strong>Mardi 13 novembre \u00e0 17 h 30<\/strong> : <span style=\"text-decoration: underline\">Inauguration du si\u00e8ge social de RTE<\/span>&#8211; R\u00e9seau de Transport d\u2019Electricit\u00e9. (1 rue Cr\u00e9pet).<\/li>\n<li><strong>Jeudi 15 novembre \u00e0 18 h<\/strong> : <span style=\"text-decoration: underline\">Assembl\u00e9e pl\u00e9ni\u00e8re du Conseil de Quartier de la Guilloti\u00e8re<\/span>. (Coll\u00e8ge Clemenceau, 40 rue Capitaine Cluzan) <strong>&amp; \u00e0 20 h<\/strong> : <span style=\"text-decoration: underline\">Grand concert anniversaire des 10 ans de la restauration de l\u2019orgue \u00ab Organ &amp; Co<\/span> ! Joutes baroques et improvisations \u00bb, par Martin Bacot et Beno\u00eet Chr\u00e9tien. Concert organis\u00e9 par le comit\u00e9 de sauvegarde de l&rsquo;orgue de Saint Louis. (Eglise Saint Louis de la Guilloti\u00e8re).<\/li>\n<li><strong>Vendredi 16 novembre \u00e0 17 h 45<\/strong> : \u00ab <span style=\"text-decoration: underline\">D\u00e9fil\u00e9 aux lampions de la Saint-Martin<\/span> \u00bb, organis\u00e9 par l\u2019\u00e9cole internationale le Petit Monde, et l\u2019association Langues et Cultures. (Rue Andr\u00e9 Bollier, all\u00e9e L\u00e9opold Sedar Senghor, place du Trait\u00e9 de Rome, rue Simone de Beauvoir) <strong>&amp; \u00e0 19 h 30<\/strong> : <span style=\"text-decoration: underline\">D\u00eener annuel de l\u2019ADPB<\/span>, Association de D\u00e9veloppement du Parc Blandan. (Maison Ravier, 7 rue Ravier).<\/li>\n<li><strong>Du vendredi 16 au vendredi 30 novembre<\/strong> : <span style=\"text-decoration: underline\">\u00ab \u00e0 fleur de toile \u00bb et \u00ab entre terre et mer \u00bb<\/span>, c\u00e9ramique sur toiles de Ben la Poti\u00e8re. (Hall du 1\u00b0 \u00e9tage, Mairie du 7\u00b0).<\/li>\n<li><strong>Samedi 17 novembre de 10 h \u00e0 12 h<\/strong> : <span style=\"text-decoration: underline\">\u00ab \u00c7a me dit de la petite enfance \u00bb,<\/span> sur le th\u00e8me du voyage. Lectures et animations, inscriptions sur place. Entr\u00e9e libre. (Salle Villon, Mairie du 7\u00b0) <strong>&amp; \u00e0 15 h<\/strong>: <span style=\"text-decoration: underline\">Conf\u00e9rence \u00ab Les chauffeurs Uber, canuts du XXIe si\u00e8cle ? \u00bb<\/span>, organis\u00e9e par la Compagnie du Chien Jaune, dans le cadre du \u00ab Novembre des Canuts : mutuellisme : deux si\u00e8cles de solidarit\u00e9 \u00bb. (Salle des Mariages et du Conseil, Mairie du 7\u00b0) &amp; \u00e0 <strong>18 h 30 : <\/strong><span style=\"text-decoration: underline\">\u00ab\u00a0Guinguette canuse\u00a0\u00bb<\/span>, organis\u00e9e par la Compagnie du Chien Jaune, dans le cadre de \u00ab\u00a0Novembre des Canuts\u00a0: mutuellisme\u00a0: deux si\u00e8cles de solidarit\u00e9\u00a0\u00bb. (Court-Circuit, 13 rue Jangot).<\/li>\n<li><strong>Dimanche 18 novembre <\/strong><strong>\u00e0 partir de 9 h 30 : <\/strong><span style=\"text-decoration: underline\">Tournoi de foot en salle \u00ab Challenge Jean-Pierre FLACONNECHE\u00a0\u00bb<\/span> en hommage au Maire du 7\u00b0 arrondissement de 2001 \u00e0 2014. (Gymnase Gabriel Rosset, 5 avenue du Ch\u00e2teau de Gerland).<\/li>\n<li><strong>Lundi 19 novembre \u00e0 <\/strong><strong>18 h : <\/strong><span style=\"text-decoration: underline\">Soir\u00e9e Impulsion<\/span>, organis\u00e9e par l\u2019incubateur \u00ab\u00a0Les Premi\u00e8res Auvergne Rh\u00f4ne-Alpes\u00a0\u00bb. Conf\u00e9rence par Orange \u00ab\u00a0Cyber-s\u00e9curit\u00e9, prot\u00e9gez vos entreprises et vos clients\u00a0\u00bb suivie de la pr\u00e9sentation du Programme Acc\u00e9l\u00e9ration Women Start, et remise de troph\u00e9es Premi\u00e8res. (Salle des Mariages et du Conseil, Mairie du 7\u00b0).<\/li>\n<li><strong>Jeudi 22 novembre \u00e0 <\/strong><strong>19 h : <\/strong><span style=\"text-decoration: underline\">Soir\u00e9e d\u2019accueil des nouveaux arrivants de l\u2019arrondissement<\/span>. (Salle des Mariages et du Conseil, Mairie du 7\u00b0).<\/li>\n<li><strong>Vendredi 23 novembre \u00e0 <\/strong><strong>18 h 30 : <\/strong><span style=\"text-decoration: underline\">C\u00e9r\u00e9monie de remise des dipl\u00f4mes du brevet du coll\u00e8ge Rosset<\/span>. (Salle des Mariages et du Conseil, Mairie du 7\u00b0) &amp; \u00e0 <strong>18 h 30 : <\/strong><span style=\"text-decoration: underline\">Vernissage de l\u2019exposition de c\u00e9ramique sur toiles<\/span> \u00ab\u00a0\u00e0 fleur de toile\u00a0\u00bb et \u00ab\u00a0entre terre et mer\u00a0\u00bb\u00a0 de Ben la Poti\u00e8re. (Hall du 1\u00b0 \u00e9tage, Mairie du 7\u00b0).<\/li>\n<li><strong>Vendredi 23 et samedi 24 novembre <\/strong><strong>de 10 h \u00e0 18 h : <\/strong><span style=\"text-decoration: underline\">\u00ab\u00a0Gerland expose en Automne\u00a0\u00bb\u00a0<\/span>: peinture, photo, sculpture, art textile, organis\u00e9 par le Conseil de Quartier de Gerland. (Pavillon Sud, place des Pavillons). Entr\u00e9e libre.<\/li>\n<li><strong>Samedi 24 novembre <\/strong><strong>de 9 h \u00e0 13 h : <\/strong><span style=\"text-decoration: underline\">Collecte solidaire d\u2019appareils \u00e9lectriques<\/span>. (Place Saint-Louis).<\/li>\n<li><strong>Lundi 26 novembre \u00e0 <\/strong><strong>19 h : <\/strong><span style=\"text-decoration: underline\">C\u00e9r\u00e9monie de remise des insignes de l\u2019Ordre National du M\u00e9rite au P\u00e8re Christian Delorme<\/span>. (Salle des Mariages et du Conseil, Mairie du 7\u00b0).<\/li>\n<li><em><strong>Du Lundi 26 au Vendredi 30 novembre<\/strong>\u00a0: <\/em><span style=\"text-decoration: underline\">Semaine du Concours national de la R\u00e9sistance et de la D\u00e9portation<\/span><em>, avec la Direction des services d\u00e9partementaux de l&rsquo;Education nationale du Rh\u00f4ne\u00a0: expositions des travaux des \u00e9l\u00e8ves et de l\u2019Office national des Anciens Combattants et Victimes de Guerre. (S<\/em><em>alle Edmond Locard, 14 avenue Berthelot).<\/em><\/li>\n<li><strong>Mercredi 28 novembre \u00e0 <\/strong><strong>12 h : <\/strong><span style=\"text-decoration: underline\">Inauguration de l\u2019exposition organis\u00e9e dans le cadre de la semaine du Concours National de la R\u00e9sistance et de la D\u00e9portation<\/span>. (Salle Edmond Locard, 14 avenue Berthelot) &amp; \u00e0 <strong>20 h : <\/strong>Lancement de \u00ab\u00a0Commerce amis des \u00e9tudiants\u00a0\u00bb, une op\u00e9ration de Lyon 7 Rive Gauche, de la Ville de Lyon, et de la M\u00e9tropole. (Salle des Mariages et du Conseil, Mairie du 7\u00b0).<\/li>\n<li><strong>Jeudi 29 novembre \u00e0 <\/strong><strong>18 h: <\/strong><span style=\"text-decoration: underline\">Conf\u00e9rence \u00ab\u00a0Perdre ou gagner la paix. Les d\u00e9fis des apr\u00e8s-guerres.1919\/1945\u00a0\u00bb<\/span> de M. Jean Dominique Durand, Adjoint au Maire de Lyon, D\u00e9l\u00e9gu\u00e9 au patrimoine, \u00e0 la m\u00e9moire, aux anciens combattants et aux cultes. Conf\u00e9rence organis\u00e9e par la Maison de l\u2019Europe et des Europ\u00e9ens de Lyon. (Salle des Mariages et du Conseil, Mairie du 7\u00b0).<\/li>\n<\/ul>\n<div id='gallery-1' class='gallery galleryid-59916 gallery-columns-3 gallery-size-thumbnail'><figure class='gallery-item'>\n\t\t\t<div class='gallery-icon landscape'>\n\t\t\t\t<a href='https:\/\/newsestlyonnais.fr\/site\/newsestlyonnais-semaine-cult-chinoise\/'><img loading=\"lazy\" decoding=\"async\" width=\"150\" height=\"150\" src=\"https:\/\/newsestlyonnais.fr\/site\/wp-content\/uploads\/2018\/11\/NEWSESTLYONNAIS-SEMAINE-CULT-CHINOISE-150x150.png\" class=\"attachment-thumbnail size-thumbnail\" alt=\"NEWSESTLYONNAIS SEMAINE CULT CHINOISE\" aria-describedby=\"gallery-1-59758\" \/><\/a>\n\t\t\t<\/div>\n\t\t\t\t<figcaption class='wp-caption-text gallery-caption' id='gallery-1-59758'>\n\t\t\t\tSemaine culture chinoise\n\t\t\t\t<\/figcaption><\/figure><figure class='gallery-item'>\n\t\t\t<div class='gallery-icon portrait'>\n\t\t\t\t<a href='https:\/\/newsestlyonnais.fr\/site\/newsestlyonnais-83-salon-aqua-lyon\/'><img loading=\"lazy\" decoding=\"async\" width=\"150\" height=\"150\" src=\"https:\/\/newsestlyonnais.fr\/site\/wp-content\/uploads\/2018\/07\/newsestlyonnais-83-salon-aqua-lyon-150x150.jpg\" class=\"attachment-thumbnail size-thumbnail\" alt=\"newsestlyonnais 83 salon aqua lyon\" aria-describedby=\"gallery-1-57998\" \/><\/a>\n\t\t\t<\/div>\n\t\t\t\t<figcaption class='wp-caption-text gallery-caption' id='gallery-1-57998'>\n\t\t\t\tSalon des Aquarellistes\n\t\t\t\t<\/figcaption><\/figure>\n\t\t<\/div>\n\n","protected":false},"excerpt":{"rendered":"<p>Nombreux sont les \u00e9v\u00e8nements et manifestations qui se d\u00e9rouleront durant cette p\u00e9riode, sur le 7 \u00b0 arrondissement, \u00e0 savoir : Jusqu\u2019au 14 novembre : Semaine de la culture chinoise, 15 ans d\u2019amiti\u00e9 entre Liwan et Lyon 7\u00b0. Programme complet sur : http:\/\/semainechinoise.fr\/. (Salle des Mariages et Salle Villon, Mairie du 7\u00b0). Jusqu&rsquo;au 26 novembre : [&hellip;]<\/p>\n","protected":false},"author":4,"featured_media":8840,"comment_status":"open","ping_status":"open","sticky":false,"template":"","format":"standard","meta":{"footnotes":""},"categories":[1625],"tags":[1991,2077,2059],"class_list":["post-59916","post","type-post","status-publish","format-standard","has-post-thumbnail","hentry","category-lyon","tag-agenda","tag-lyon","tag-manifestations"],"yoast_head":"<!-- This site is optimized with the Yoast SEO plugin v27.2 - https:\/\/yoast.com\/product\/yoast-seo-wordpress\/ -->\n<title>LYON 7 | Les manifestations du 12 au 30 novembre 2018 - News Est Lyonnais LYON 7\u00b0 : L\u2019agenda des manifestations du 12 au 30 novembre 2018<\/title>\n<meta name=\"description\" content=\"LYON 7\u00b0 : L\u2019agenda des manifestations du 12 au 30 novembre 2018\" \/>\n<meta name=\"robots\" content=\"index, follow, max-snippet:-1, max-image-preview:large, max-video-preview:-1\" \/>\n<link rel=\"canonical\" href=\"https:\/\/newsestlyonnais.fr\/site\/2018\/11\/08\/lyon-7-les-manifestations-du-12-au-30-novembre-2018\/\" \/>\n<meta property=\"og:locale\" content=\"fr_FR\" \/>\n<meta property=\"og:type\" content=\"article\" \/>\n<meta property=\"og:title\" content=\"LYON 7 | Les manifestations du 12 au 30 novembre 2018 - News Est Lyonnais LYON 7\u00b0 : L\u2019agenda des manifestations du 12 au 30 novembre 2018\" \/>\n<meta property=\"og:description\" content=\"LYON 7\u00b0 : L\u2019agenda des manifestations du 12 au 30 novembre 2018\" \/>\n<meta property=\"og:url\" content=\"https:\/\/newsestlyonnais.fr\/site\/2018\/11\/08\/lyon-7-les-manifestations-du-12-au-30-novembre-2018\/\" \/>\n<meta property=\"og:site_name\" content=\"News Est Lyonnais\" \/>\n<meta property=\"article:author\" content=\"https:\/\/www.facebook.com\/pascal.oberson.1?fref=ts\" \/>\n<meta property=\"article:published_time\" content=\"2018-11-08T08:39:17+00:00\" \/>\n<meta property=\"article:modified_time\" content=\"2020-11-12T06:17:22+00:00\" \/>\n<meta property=\"og:image\" content=\"https:\/\/i1.wp.com\/newsestlyonnais.fr\/site\/wp-content\/uploads\/2016\/06\/NEWSESTLYONNAIS-LYON-PANNEAUP1100180.jpg?fit=1000%2C750&ssl=1\" \/>\n\t<meta property=\"og:image:width\" content=\"1000\" \/>\n\t<meta property=\"og:image:height\" content=\"750\" \/>\n\t<meta property=\"og:image:type\" content=\"image\/jpeg\" \/>\n<meta name=\"author\" content=\"R\u00e9dac. NEWS\" \/>\n<meta name=\"twitter:card\" content=\"summary_large_image\" \/>\n<meta name=\"twitter:label1\" content=\"\u00c9crit par\" \/>\n\t<meta name=\"twitter:data1\" content=\"R\u00e9dac. NEWS\" \/>\n\t<meta name=\"twitter:label2\" content=\"Dur\u00e9e de lecture estim\u00e9e\" \/>\n\t<meta name=\"twitter:data2\" content=\"4 minutes\" \/>\n<script type=\"application\/ld+json\" class=\"yoast-schema-graph\">{\"@context\":\"https:\/\/schema.org\",\"@graph\":[{\"@type\":\"Article\",\"@id\":\"https:\/\/newsestlyonnais.fr\/site\/2018\/11\/08\/lyon-7-les-manifestations-du-12-au-30-novembre-2018\/#article\",\"isPartOf\":{\"@id\":\"https:\/\/newsestlyonnais.fr\/site\/2018\/11\/08\/lyon-7-les-manifestations-du-12-au-30-novembre-2018\/\"},\"author\":{\"name\":\"R\u00e9dac. NEWS\",\"@id\":\"https:\/\/newsestlyonnais.fr\/site\/#\/schema\/person\/3230d5615f390bb808365d673001e887\"},\"headline\":\"LYON 7 | Les manifestations du 12 au 30 novembre 2018\",\"datePublished\":\"2018-11-08T08:39:17+00:00\",\"dateModified\":\"2020-11-12T06:17:22+00:00\",\"mainEntityOfPage\":{\"@id\":\"https:\/\/newsestlyonnais.fr\/site\/2018\/11\/08\/lyon-7-les-manifestations-du-12-au-30-novembre-2018\/\"},\"wordCount\":773,\"commentCount\":0,\"publisher\":{\"@id\":\"https:\/\/newsestlyonnais.fr\/site\/#organization\"},\"image\":{\"@id\":\"https:\/\/newsestlyonnais.fr\/site\/2018\/11\/08\/lyon-7-les-manifestations-du-12-au-30-novembre-2018\/#primaryimage\"},\"thumbnailUrl\":\"https:\/\/newsestlyonnais.fr\/site\/wp-content\/uploads\/2016\/06\/NEWSESTLYONNAIS-LYON-PANNEAUP1100180.jpg\",\"keywords\":[\"AGENDA\",\"LYON\",\"MANIFESTATIONS\"],\"articleSection\":[\"Lyon\"],\"inLanguage\":\"fr-FR\",\"potentialAction\":[{\"@type\":\"CommentAction\",\"name\":\"Comment\",\"target\":[\"https:\/\/newsestlyonnais.fr\/site\/2018\/11\/08\/lyon-7-les-manifestations-du-12-au-30-novembre-2018\/#respond\"]}]},{\"@type\":\"WebPage\",\"@id\":\"https:\/\/newsestlyonnais.fr\/site\/2018\/11\/08\/lyon-7-les-manifestations-du-12-au-30-novembre-2018\/\",\"url\":\"https:\/\/newsestlyonnais.fr\/site\/2018\/11\/08\/lyon-7-les-manifestations-du-12-au-30-novembre-2018\/\",\"name\":\"LYON 7 | Les manifestations du 12 au 30 novembre 2018 - News Est Lyonnais LYON 7\u00b0 : L\u2019agenda des manifestations du 12 au 30 novembre 2018\",\"isPartOf\":{\"@id\":\"https:\/\/newsestlyonnais.fr\/site\/#website\"},\"primaryImageOfPage\":{\"@id\":\"https:\/\/newsestlyonnais.fr\/site\/2018\/11\/08\/lyon-7-les-manifestations-du-12-au-30-novembre-2018\/#primaryimage\"},\"image\":{\"@id\":\"https:\/\/newsestlyonnais.fr\/site\/2018\/11\/08\/lyon-7-les-manifestations-du-12-au-30-novembre-2018\/#primaryimage\"},\"thumbnailUrl\":\"https:\/\/newsestlyonnais.fr\/site\/wp-content\/uploads\/2016\/06\/NEWSESTLYONNAIS-LYON-PANNEAUP1100180.jpg\",\"datePublished\":\"2018-11-08T08:39:17+00:00\",\"dateModified\":\"2020-11-12T06:17:22+00:00\",\"description\":\"LYON 7\u00b0 : L\u2019agenda des manifestations du 12 au 30 novembre 2018\",\"breadcrumb\":{\"@id\":\"https:\/\/newsestlyonnais.fr\/site\/2018\/11\/08\/lyon-7-les-manifestations-du-12-au-30-novembre-2018\/#breadcrumb\"},\"inLanguage\":\"fr-FR\",\"potentialAction\":[{\"@type\":\"ReadAction\",\"target\":[\"https:\/\/newsestlyonnais.fr\/site\/2018\/11\/08\/lyon-7-les-manifestations-du-12-au-30-novembre-2018\/\"]}]},{\"@type\":\"ImageObject\",\"inLanguage\":\"fr-FR\",\"@id\":\"https:\/\/newsestlyonnais.fr\/site\/2018\/11\/08\/lyon-7-les-manifestations-du-12-au-30-novembre-2018\/#primaryimage\",\"url\":\"https:\/\/newsestlyonnais.fr\/site\/wp-content\/uploads\/2016\/06\/NEWSESTLYONNAIS-LYON-PANNEAUP1100180.jpg\",\"contentUrl\":\"https:\/\/newsestlyonnais.fr\/site\/wp-content\/uploads\/2016\/06\/NEWSESTLYONNAIS-LYON-PANNEAUP1100180.jpg\",\"width\":1000,\"height\":750,\"caption\":\"NEWSESTLYONNAIS - LYON PANNEAU\"},{\"@type\":\"BreadcrumbList\",\"@id\":\"https:\/\/newsestlyonnais.fr\/site\/2018\/11\/08\/lyon-7-les-manifestations-du-12-au-30-novembre-2018\/#breadcrumb\",\"itemListElement\":[{\"@type\":\"ListItem\",\"position\":1,\"name\":\"Accueil\",\"item\":\"https:\/\/newsestlyonnais.fr\/site\/\"},{\"@type\":\"ListItem\",\"position\":2,\"name\":\"LYON 7 | Les manifestations du 12 au 30 novembre 2018\"}]},{\"@type\":\"WebSite\",\"@id\":\"https:\/\/newsestlyonnais.fr\/site\/#website\",\"url\":\"https:\/\/newsestlyonnais.fr\/site\/\",\"name\":\"News Est Lyonnais\",\"description\":\"L&#039;actualit\u00e9 au plus pr\u00e8s\",\"publisher\":{\"@id\":\"https:\/\/newsestlyonnais.fr\/site\/#organization\"},\"potentialAction\":[{\"@type\":\"SearchAction\",\"target\":{\"@type\":\"EntryPoint\",\"urlTemplate\":\"https:\/\/newsestlyonnais.fr\/site\/?s={search_term_string}\"},\"query-input\":{\"@type\":\"PropertyValueSpecification\",\"valueRequired\":true,\"valueName\":\"search_term_string\"}}],\"inLanguage\":\"fr-FR\"},{\"@type\":\"Organization\",\"@id\":\"https:\/\/newsestlyonnais.fr\/site\/#organization\",\"name\":\"News EST LYONNAIS\",\"url\":\"https:\/\/newsestlyonnais.fr\/site\/\",\"logo\":{\"@type\":\"ImageObject\",\"inLanguage\":\"fr-FR\",\"@id\":\"https:\/\/newsestlyonnais.fr\/site\/#\/schema\/logo\/image\/\",\"url\":\"\",\"contentUrl\":\"\",\"caption\":\"News EST LYONNAIS\"},\"image\":{\"@id\":\"https:\/\/newsestlyonnais.fr\/site\/#\/schema\/logo\/image\/\"}},{\"@type\":\"Person\",\"@id\":\"https:\/\/newsestlyonnais.fr\/site\/#\/schema\/person\/3230d5615f390bb808365d673001e887\",\"name\":\"R\u00e9dac. NEWS\",\"sameAs\":[\"http:\/\/www.newsestlyonnais.fr\",\"https:\/\/www.facebook.com\/pascal.oberson.1?fref=ts\",\"https:\/\/fr.linkedin.com\/in\/pascal-oberson-b17045113\"],\"url\":\"https:\/\/newsestlyonnais.fr\/site\/author\/nel\/\"}]}<\/script>\n<!-- \/ Yoast SEO plugin. -->","yoast_head_json":{"title":"LYON 7 | Les manifestations du 12 au 30 novembre 2018 - News Est Lyonnais LYON 7\u00b0 : L\u2019agenda des manifestations du 12 au 30 novembre 2018","description":"LYON 7\u00b0 : L\u2019agenda des manifestations du 12 au 30 novembre 2018","robots":{"index":"index","follow":"follow","max-snippet":"max-snippet:-1","max-image-preview":"max-image-preview:large","max-video-preview":"max-video-preview:-1"},"canonical":"https:\/\/newsestlyonnais.fr\/site\/2018\/11\/08\/lyon-7-les-manifestations-du-12-au-30-novembre-2018\/","og_locale":"fr_FR","og_type":"article","og_title":"LYON 7 | Les manifestations du 12 au 30 novembre 2018 - News Est Lyonnais LYON 7\u00b0 : L\u2019agenda des manifestations du 12 au 30 novembre 2018","og_description":"LYON 7\u00b0 : L\u2019agenda des manifestations du 12 au 30 novembre 2018","og_url":"https:\/\/newsestlyonnais.fr\/site\/2018\/11\/08\/lyon-7-les-manifestations-du-12-au-30-novembre-2018\/","og_site_name":"News Est Lyonnais","article_author":"https:\/\/www.facebook.com\/pascal.oberson.1?fref=ts","article_published_time":"2018-11-08T08:39:17+00:00","article_modified_time":"2020-11-12T06:17:22+00:00","og_image":[{"width":1000,"height":750,"url":"https:\/\/i1.wp.com\/newsestlyonnais.fr\/site\/wp-content\/uploads\/2016\/06\/NEWSESTLYONNAIS-LYON-PANNEAUP1100180.jpg?fit=1000%2C750&ssl=1","type":"image\/jpeg"}],"author":"R\u00e9dac. NEWS","twitter_card":"summary_large_image","twitter_misc":{"\u00c9crit par":"R\u00e9dac. NEWS","Dur\u00e9e de lecture estim\u00e9e":"4 minutes"},"schema":{"@context":"https:\/\/schema.org","@graph":[{"@type":"Article","@id":"https:\/\/newsestlyonnais.fr\/site\/2018\/11\/08\/lyon-7-les-manifestations-du-12-au-30-novembre-2018\/#article","isPartOf":{"@id":"https:\/\/newsestlyonnais.fr\/site\/2018\/11\/08\/lyon-7-les-manifestations-du-12-au-30-novembre-2018\/"},"author":{"name":"R\u00e9dac. NEWS","@id":"https:\/\/newsestlyonnais.fr\/site\/#\/schema\/person\/3230d5615f390bb808365d673001e887"},"headline":"LYON 7 | Les manifestations du 12 au 30 novembre 2018","datePublished":"2018-11-08T08:39:17+00:00","dateModified":"2020-11-12T06:17:22+00:00","mainEntityOfPage":{"@id":"https:\/\/newsestlyonnais.fr\/site\/2018\/11\/08\/lyon-7-les-manifestations-du-12-au-30-novembre-2018\/"},"wordCount":773,"commentCount":0,"publisher":{"@id":"https:\/\/newsestlyonnais.fr\/site\/#organization"},"image":{"@id":"https:\/\/newsestlyonnais.fr\/site\/2018\/11\/08\/lyon-7-les-manifestations-du-12-au-30-novembre-2018\/#primaryimage"},"thumbnailUrl":"https:\/\/newsestlyonnais.fr\/site\/wp-content\/uploads\/2016\/06\/NEWSESTLYONNAIS-LYON-PANNEAUP1100180.jpg","keywords":["AGENDA","LYON","MANIFESTATIONS"],"articleSection":["Lyon"],"inLanguage":"fr-FR","potentialAction":[{"@type":"CommentAction","name":"Comment","target":["https:\/\/newsestlyonnais.fr\/site\/2018\/11\/08\/lyon-7-les-manifestations-du-12-au-30-novembre-2018\/#respond"]}]},{"@type":"WebPage","@id":"https:\/\/newsestlyonnais.fr\/site\/2018\/11\/08\/lyon-7-les-manifestations-du-12-au-30-novembre-2018\/","url":"https:\/\/newsestlyonnais.fr\/site\/2018\/11\/08\/lyon-7-les-manifestations-du-12-au-30-novembre-2018\/","name":"LYON 7 | Les manifestations du 12 au 30 novembre 2018 - News Est Lyonnais LYON 7\u00b0 : L\u2019agenda des manifestations du 12 au 30 novembre 2018","isPartOf":{"@id":"https:\/\/newsestlyonnais.fr\/site\/#website"},"primaryImageOfPage":{"@id":"https:\/\/newsestlyonnais.fr\/site\/2018\/11\/08\/lyon-7-les-manifestations-du-12-au-30-novembre-2018\/#primaryimage"},"image":{"@id":"https:\/\/newsestlyonnais.fr\/site\/2018\/11\/08\/lyon-7-les-manifestations-du-12-au-30-novembre-2018\/#primaryimage"},"thumbnailUrl":"https:\/\/newsestlyonnais.fr\/site\/wp-content\/uploads\/2016\/06\/NEWSESTLYONNAIS-LYON-PANNEAUP1100180.jpg","datePublished":"2018-11-08T08:39:17+00:00","dateModified":"2020-11-12T06:17:22+00:00","description":"LYON 7\u00b0 : L\u2019agenda des manifestations du 12 au 30 novembre 2018","breadcrumb":{"@id":"https:\/\/newsestlyonnais.fr\/site\/2018\/11\/08\/lyon-7-les-manifestations-du-12-au-30-novembre-2018\/#breadcrumb"},"inLanguage":"fr-FR","potentialAction":[{"@type":"ReadAction","target":["https:\/\/newsestlyonnais.fr\/site\/2018\/11\/08\/lyon-7-les-manifestations-du-12-au-30-novembre-2018\/"]}]},{"@type":"ImageObject","inLanguage":"fr-FR","@id":"https:\/\/newsestlyonnais.fr\/site\/2018\/11\/08\/lyon-7-les-manifestations-du-12-au-30-novembre-2018\/#primaryimage","url":"https:\/\/newsestlyonnais.fr\/site\/wp-content\/uploads\/2016\/06\/NEWSESTLYONNAIS-LYON-PANNEAUP1100180.jpg","contentUrl":"https:\/\/newsestlyonnais.fr\/site\/wp-content\/uploads\/2016\/06\/NEWSESTLYONNAIS-LYON-PANNEAUP1100180.jpg","width":1000,"height":750,"caption":"NEWSESTLYONNAIS - LYON PANNEAU"},{"@type":"BreadcrumbList","@id":"https:\/\/newsestlyonnais.fr\/site\/2018\/11\/08\/lyon-7-les-manifestations-du-12-au-30-novembre-2018\/#breadcrumb","itemListElement":[{"@type":"ListItem","position":1,"name":"Accueil","item":"https:\/\/newsestlyonnais.fr\/site\/"},{"@type":"ListItem","position":2,"name":"LYON 7 | Les manifestations du 12 au 30 novembre 2018"}]},{"@type":"WebSite","@id":"https:\/\/newsestlyonnais.fr\/site\/#website","url":"https:\/\/newsestlyonnais.fr\/site\/","name":"News Est Lyonnais","description":"L&#039;actualit\u00e9 au plus pr\u00e8s","publisher":{"@id":"https:\/\/newsestlyonnais.fr\/site\/#organization"},"potentialAction":[{"@type":"SearchAction","target":{"@type":"EntryPoint","urlTemplate":"https:\/\/newsestlyonnais.fr\/site\/?s={search_term_string}"},"query-input":{"@type":"PropertyValueSpecification","valueRequired":true,"valueName":"search_term_string"}}],"inLanguage":"fr-FR"},{"@type":"Organization","@id":"https:\/\/newsestlyonnais.fr\/site\/#organization","name":"News EST LYONNAIS","url":"https:\/\/newsestlyonnais.fr\/site\/","logo":{"@type":"ImageObject","inLanguage":"fr-FR","@id":"https:\/\/newsestlyonnais.fr\/site\/#\/schema\/logo\/image\/","url":"","contentUrl":"","caption":"News EST LYONNAIS"},"image":{"@id":"https:\/\/newsestlyonnais.fr\/site\/#\/schema\/logo\/image\/"}},{"@type":"Person","@id":"https:\/\/newsestlyonnais.fr\/site\/#\/schema\/person\/3230d5615f390bb808365d673001e887","name":"R\u00e9dac. NEWS","sameAs":["http:\/\/www.newsestlyonnais.fr","https:\/\/www.facebook.com\/pascal.oberson.1?fref=ts","https:\/\/fr.linkedin.com\/in\/pascal-oberson-b17045113"],"url":"https:\/\/newsestlyonnais.fr\/site\/author\/nel\/"}]}},"_links":{"self":[{"href":"https:\/\/newsestlyonnais.fr\/site\/wp-json\/wp\/v2\/posts\/59916","targetHints":{"allow":["GET"]}}],"collection":[{"href":"https:\/\/newsestlyonnais.fr\/site\/wp-json\/wp\/v2\/posts"}],"about":[{"href":"https:\/\/newsestlyonnais.fr\/site\/wp-json\/wp\/v2\/types\/post"}],"author":[{"embeddable":true,"href":"https:\/\/newsestlyonnais.fr\/site\/wp-json\/wp\/v2\/users\/4"}],"replies":[{"embeddable":true,"href":"https:\/\/newsestlyonnais.fr\/site\/wp-json\/wp\/v2\/comments?post=59916"}],"version-history":[{"count":0,"href":"https:\/\/newsestlyonnais.fr\/site\/wp-json\/wp\/v2\/posts\/59916\/revisions"}],"wp:featuredmedia":[{"embeddable":true,"href":"https:\/\/newsestlyonnais.fr\/site\/wp-json\/wp\/v2\/media\/8840"}],"wp:attachment":[{"href":"https:\/\/newsestlyonnais.fr\/site\/wp-json\/wp\/v2\/media?parent=59916"}],"wp:term":[{"taxonomy":"category","embeddable":true,"href":"https:\/\/newsestlyonnais.fr\/site\/wp-json\/wp\/v2\/categories?post=59916"},{"taxonomy":"post_tag","embeddable":true,"href":"https:\/\/newsestlyonnais.fr\/site\/wp-json\/wp\/v2\/tags?post=59916"}],"curies":[{"name":"wp","href":"https:\/\/api.w.org\/{rel}","templated":true}]}}