{"id":60394,"date":"2018-12-10T08:20:12","date_gmt":"2018-12-10T07:20:12","guid":{"rendered":"http:\/\/newsestlyonnais.fr\/site\/?p=60394"},"modified":"2020-10-22T13:28:33","modified_gmt":"2020-10-22T12:28:33","slug":"bron-mon-tout-premier-festival-pour-les-tout-petits","status":"publish","type":"post","link":"https:\/\/newsestlyonnais.fr\/site\/2018\/12\/10\/bron-mon-tout-premier-festival-pour-les-tout-petits\/","title":{"rendered":"BRON | \u00ab\u00a0Mon tout premier festival\u00a0\u00bb pour les tout-petits"},"content":{"rendered":"<p><strong>L\u2019\u00e9v\u00e8nement<\/strong><b> \u201cMon tout 1er festival\u201d va rayonner dans les lieux d\u2019accueil de la Petite enfance et dans les M\u00e9diath\u00e8ques de Bron, du 21 novembre au 15 d\u00e9cembre prochains.<\/b><\/p>\n<ul>\n<li><strong>Mercredi 21 Novembre<\/strong> <strong>\u00e0 10 h 30<\/strong> : <span style=\"text-decoration: underline\">B\u00e9b\u00e9 Bouquine<\/span>. (M\u00e9diath\u00e8que Jean Pr\u00e9vost). Des images \u00e0 savourer, des histoires \u00e0 \u00e9couter, des comptines \u00e0 fredonner, des doigts \u00e0 faire danser avec les biblioth\u00e9caires jeunesse. <span style=\"text-decoration: underline\">Pour les tout-petits jusqu\u2019\u00e0 3 ans. Dur\u00e9e 30 minutes<\/span><strong> &amp; \u00e0 11 h :<\/strong>\u00a0 <span style=\"text-decoration: underline\">\u00c0 table !<\/span> (Biblioth\u00e8que Terraillon). Association De Ci &#8211; De L\u00e0. Plonger dans l\u2019univers quotidien de l\u2019enfance&#8230; Rien de tel qu\u2019une cuisine, non ? Un terrain de jeu exemplaire pour ce solo d\u00e9cal\u00e9 et dans\u00e9, o\u00f9 l\u2019on ouvre les portes des placards pour en sortir tous les tr\u00e9sors qui font que la vie est prometteuse. <span style=\"text-decoration: underline\">D\u00e8s 1 an. Dur\u00e9e 35 mn<\/span>.<\/li>\n<li><strong>Du Jeudi 22 Novembre au Samedi 15 D\u00e9cembre<\/strong> : <span style=\"text-decoration: underline\">\u00abMes petites collections \u00bb<\/span>. (La Galerie \u2013 M\u00e9diath\u00e8que Jean-Pr\u00e9vost). Exposition de l\u2019illustratrice Florence Koenig, associ\u00e9e aux \u0153uvres r\u00e9alis\u00e9es par les enfants des structures Petite enfance de Bron. Voici une v\u00e9ritable collection d\u2019images originales, qui nous pr\u00e9sente des collections de tout : boutons, camions,cailloux, pommes de terre, chouettes ou bien encore insectes. Tout un monde de d\u00e9couvertes en tout genre pour le jeune enfant, accompagn\u00e9 par des comptines c\u00e9l\u00e8bres ou moins connues, voire in\u00e9dites ! En \u00e9cho \u00e0 ces illustrations, d\u00e9couvrez aussi comment les enfants des cr\u00e8ches et relais assistants maternels de la ville voient notre monde \u00e0 travers leurs cr\u00e9ations originales !<\/li>\n<li>\n<div><strong>Samedi 24 Novembre \u00e0 10 h &amp; 11 h<\/strong> : Strong doudou. (M\u00e9diath\u00e8que Jean-Pr\u00e9vost \u2013 La Sc\u00e8ne). Aur\u00e9lie Loizeau. <span style=\"text-decoration: underline\">D\u00e8s 18 mois \u2013 Dur\u00e9e 30 mn<\/span>.<\/div>\n<\/li>\n<li>\n<div><strong>Mercredi 28 Novembre \u00e0 10 h<\/strong> : <span style=\"text-decoration: underline\">D\u00e9sordre<\/span>. (Biblioth\u00e8que Les Gen\u00eats). Compagnie Bazar au Terminus. <span style=\"text-decoration: underline\">D\u00e8s 2 ans. Dur\u00e9e 40 mn.<\/span><\/div>\n<\/li>\n<li><strong>Samedi 15 D\u00e9cembre \u00e0<\/strong> <strong>10 h 30<\/strong> : <span style=\"text-decoration: underline\">B\u00e9b\u00e9 Bouquine<\/span>. (M\u00e9diath\u00e8que Jean Pr\u00e9vost). Des images \u00e0 savourer, des histoires \u00e0 \u00e9couter, des comptines \u00e0 fredonner, des doigts \u00e0 faire danser avec les biblioth\u00e9caires jeunesse. <span style=\"text-decoration: underline\">Pour les tout-petits jusqu\u2019\u00e0 3 ans. Dur\u00e9e 30 minutes.<\/span><\/li>\n<li><strong>Prolongement de l\u2019exposition du 18 au 27 d\u00e9cembre<\/strong> (Biblioth\u00e8que Terraillon).<\/li>\n<\/ul>\n<div>Le festival Petite enfance est organis\u00e9 par le service Petite enfance du Centre Communal d\u2019Action Sociale et la direction de la Culture &amp; r\u00e9seau des m\u00e9diath\u00e8ques de Bron.<\/div>\n<div>&#8211; <em><strong>M\u00c9DIATH\u00c8QUE JEAN PR\u00c9VOST<\/strong><\/em> &#8211; 2 PLACE CUMBERNAULD \u2013 04 72 36 13 80<\/div>\n<div>&#8211; <em><strong>BIBLIOTH\u00c8QUE LES GEN\u00caTS<\/strong><\/em> &#8211; 10 RUE JACQUES DALIGAND \u2013 04 72 91 26 42<\/div>\n<div>&#8211; <strong><em>BIBLIOTH\u00c8QUE TERRAILLON<\/em><\/strong> &#8211; 62 RUE MARCEL BRAMET \u2013 04 72 26 64 03<\/div>\n<div><\/div>\n<div><span style=\"text-decoration: underline\"><em>Entr\u00e9e gratuite et r\u00e9servation OBLIGATOIRE pour chaque spectacle !<\/em> <\/span><\/div>\n<div><\/div>\n<div>Plus d&rsquo;infos sur :\u00a0<a href=\"https:\/\/www.mediathequebron.fr\" target=\"_blank\" rel=\"noopener noreferrer\">https:\/\/www.mediathequebron.fr<\/a>\u00a0 ou sur : <a href=\"https:\/\/www.ville-bron.fr\" target=\"_blank\" rel=\"noopener noreferrer\">https:\/\/www.ville-bron.fr<\/a><\/div>\n<div><\/div>\n<p>&nbsp;<\/p>\n","protected":false},"excerpt":{"rendered":"<p>L\u2019\u00e9v\u00e8nement \u201cMon tout 1er festival\u201d va rayonner dans les lieux d\u2019accueil de la Petite enfance et dans les M\u00e9diath\u00e8ques de Bron, du 21 novembre au 15 d\u00e9cembre prochains. Mercredi 21 Novembre \u00e0 10 h 30 : B\u00e9b\u00e9 Bouquine. (M\u00e9diath\u00e8que Jean Pr\u00e9vost). Des images \u00e0 savourer, des histoires \u00e0 \u00e9couter, des comptines \u00e0 fredonner, des doigts [&hellip;]<\/p>\n","protected":false},"author":4,"featured_media":60397,"comment_status":"open","ping_status":"open","sticky":false,"template":"","format":"standard","meta":{"footnotes":""},"categories":[30,3003,19,171],"tags":[2072,2123],"class_list":["post-60394","post","type-post","status-publish","format-standard","has-post-thumbnail","hentry","category-a-la-une","category-bibliotheque-mediatheque-mjc","category-bron","category-enfance-jeunesse","tag-bron","tag-festival"],"yoast_head":"<!-- This site is optimized with the Yoast SEO plugin v27.2 - https:\/\/yoast.com\/product\/yoast-seo-wordpress\/ -->\n<title>BRON | &quot;Mon tout premier festival&quot; pour les tout-petits - News Est Lyonnais BRON : &quot;Mon tout premier festival&quot; pour les tout-petits du 21 novembre au 15 d\u00e9cembre 2018<\/title>\n<meta name=\"description\" content=\"BRON : &quot;Mon tout premier festival&quot; pour les tout-petits du 21 novembre au 15 d\u00e9cembre 2018\" \/>\n<meta name=\"robots\" content=\"index, follow, max-snippet:-1, max-image-preview:large, max-video-preview:-1\" \/>\n<link rel=\"canonical\" href=\"https:\/\/newsestlyonnais.fr\/site\/2018\/12\/10\/bron-mon-tout-premier-festival-pour-les-tout-petits\/\" \/>\n<meta property=\"og:locale\" content=\"fr_FR\" \/>\n<meta property=\"og:type\" content=\"article\" \/>\n<meta property=\"og:title\" content=\"BRON | &quot;Mon tout premier festival&quot; pour les tout-petits - News Est Lyonnais BRON : &quot;Mon tout premier festival&quot; pour les tout-petits du 21 novembre au 15 d\u00e9cembre 2018\" \/>\n<meta property=\"og:description\" content=\"BRON : &quot;Mon tout premier festival&quot; pour les tout-petits du 21 novembre au 15 d\u00e9cembre 2018\" \/>\n<meta property=\"og:url\" content=\"https:\/\/newsestlyonnais.fr\/site\/2018\/12\/10\/bron-mon-tout-premier-festival-pour-les-tout-petits\/\" \/>\n<meta property=\"og:site_name\" content=\"News Est Lyonnais\" \/>\n<meta property=\"article:author\" content=\"https:\/\/www.facebook.com\/pascal.oberson.1?fref=ts\" \/>\n<meta property=\"article:published_time\" content=\"2018-12-10T07:20:12+00:00\" \/>\n<meta property=\"article:modified_time\" content=\"2020-10-22T12:28:33+00:00\" \/>\n<meta property=\"og:image\" content=\"https:\/\/i0.wp.com\/newsestlyonnais.fr\/site\/wp-content\/uploads\/2018\/11\/NEWSESTLYONNAIS-PREMIER-FESTIVAL-BRON.jpg?fit=2338%2C1654&ssl=1\" \/>\n\t<meta property=\"og:image:width\" content=\"2338\" \/>\n\t<meta property=\"og:image:height\" content=\"1654\" \/>\n\t<meta property=\"og:image:type\" content=\"image\/jpeg\" \/>\n<meta name=\"author\" content=\"R\u00e9dac. NEWS\" \/>\n<meta name=\"twitter:card\" content=\"summary_large_image\" \/>\n<meta name=\"twitter:label1\" content=\"\u00c9crit par\" \/>\n\t<meta name=\"twitter:data1\" content=\"R\u00e9dac. NEWS\" \/>\n\t<meta name=\"twitter:label2\" content=\"Dur\u00e9e de lecture estim\u00e9e\" \/>\n\t<meta name=\"twitter:data2\" content=\"2 minutes\" \/>\n<script type=\"application\/ld+json\" class=\"yoast-schema-graph\">{\"@context\":\"https:\/\/schema.org\",\"@graph\":[{\"@type\":\"Article\",\"@id\":\"https:\/\/newsestlyonnais.fr\/site\/2018\/12\/10\/bron-mon-tout-premier-festival-pour-les-tout-petits\/#article\",\"isPartOf\":{\"@id\":\"https:\/\/newsestlyonnais.fr\/site\/2018\/12\/10\/bron-mon-tout-premier-festival-pour-les-tout-petits\/\"},\"author\":{\"name\":\"R\u00e9dac. NEWS\",\"@id\":\"https:\/\/newsestlyonnais.fr\/site\/#\/schema\/person\/3230d5615f390bb808365d673001e887\"},\"headline\":\"BRON | \u00ab\u00a0Mon tout premier festival\u00a0\u00bb pour les tout-petits\",\"datePublished\":\"2018-12-10T07:20:12+00:00\",\"dateModified\":\"2020-10-22T12:28:33+00:00\",\"mainEntityOfPage\":{\"@id\":\"https:\/\/newsestlyonnais.fr\/site\/2018\/12\/10\/bron-mon-tout-premier-festival-pour-les-tout-petits\/\"},\"wordCount\":444,\"commentCount\":0,\"publisher\":{\"@id\":\"https:\/\/newsestlyonnais.fr\/site\/#organization\"},\"image\":{\"@id\":\"https:\/\/newsestlyonnais.fr\/site\/2018\/12\/10\/bron-mon-tout-premier-festival-pour-les-tout-petits\/#primaryimage\"},\"thumbnailUrl\":\"https:\/\/newsestlyonnais.fr\/site\/wp-content\/uploads\/2018\/11\/NEWSESTLYONNAIS-PREMIER-FESTIVAL-BRON.jpg\",\"keywords\":[\"BRON\",\"FESTIVAL\"],\"articleSection\":[\"\u00e0 la une\",\"Biblioth\u00e8que | M\u00e9diath\u00e8que | MJC\",\"Bron\",\"Enfance | Jeunesse\"],\"inLanguage\":\"fr-FR\",\"potentialAction\":[{\"@type\":\"CommentAction\",\"name\":\"Comment\",\"target\":[\"https:\/\/newsestlyonnais.fr\/site\/2018\/12\/10\/bron-mon-tout-premier-festival-pour-les-tout-petits\/#respond\"]}]},{\"@type\":\"WebPage\",\"@id\":\"https:\/\/newsestlyonnais.fr\/site\/2018\/12\/10\/bron-mon-tout-premier-festival-pour-les-tout-petits\/\",\"url\":\"https:\/\/newsestlyonnais.fr\/site\/2018\/12\/10\/bron-mon-tout-premier-festival-pour-les-tout-petits\/\",\"name\":\"BRON | \\\"Mon tout premier festival\\\" pour les tout-petits - News Est Lyonnais BRON : \\\"Mon tout premier festival\\\" pour les tout-petits du 21 novembre au 15 d\u00e9cembre 2018\",\"isPartOf\":{\"@id\":\"https:\/\/newsestlyonnais.fr\/site\/#website\"},\"primaryImageOfPage\":{\"@id\":\"https:\/\/newsestlyonnais.fr\/site\/2018\/12\/10\/bron-mon-tout-premier-festival-pour-les-tout-petits\/#primaryimage\"},\"image\":{\"@id\":\"https:\/\/newsestlyonnais.fr\/site\/2018\/12\/10\/bron-mon-tout-premier-festival-pour-les-tout-petits\/#primaryimage\"},\"thumbnailUrl\":\"https:\/\/newsestlyonnais.fr\/site\/wp-content\/uploads\/2018\/11\/NEWSESTLYONNAIS-PREMIER-FESTIVAL-BRON.jpg\",\"datePublished\":\"2018-12-10T07:20:12+00:00\",\"dateModified\":\"2020-10-22T12:28:33+00:00\",\"description\":\"BRON : \\\"Mon tout premier festival\\\" pour les tout-petits du 21 novembre au 15 d\u00e9cembre 2018\",\"breadcrumb\":{\"@id\":\"https:\/\/newsestlyonnais.fr\/site\/2018\/12\/10\/bron-mon-tout-premier-festival-pour-les-tout-petits\/#breadcrumb\"},\"inLanguage\":\"fr-FR\",\"potentialAction\":[{\"@type\":\"ReadAction\",\"target\":[\"https:\/\/newsestlyonnais.fr\/site\/2018\/12\/10\/bron-mon-tout-premier-festival-pour-les-tout-petits\/\"]}]},{\"@type\":\"ImageObject\",\"inLanguage\":\"fr-FR\",\"@id\":\"https:\/\/newsestlyonnais.fr\/site\/2018\/12\/10\/bron-mon-tout-premier-festival-pour-les-tout-petits\/#primaryimage\",\"url\":\"https:\/\/newsestlyonnais.fr\/site\/wp-content\/uploads\/2018\/11\/NEWSESTLYONNAIS-PREMIER-FESTIVAL-BRON.jpg\",\"contentUrl\":\"https:\/\/newsestlyonnais.fr\/site\/wp-content\/uploads\/2018\/11\/NEWSESTLYONNAIS-PREMIER-FESTIVAL-BRON.jpg\",\"width\":2338,\"height\":1654,\"caption\":\"NEWSESTLYONNAIS PREMIER FESTIVAL BRON\"},{\"@type\":\"BreadcrumbList\",\"@id\":\"https:\/\/newsestlyonnais.fr\/site\/2018\/12\/10\/bron-mon-tout-premier-festival-pour-les-tout-petits\/#breadcrumb\",\"itemListElement\":[{\"@type\":\"ListItem\",\"position\":1,\"name\":\"Accueil\",\"item\":\"https:\/\/newsestlyonnais.fr\/site\/\"},{\"@type\":\"ListItem\",\"position\":2,\"name\":\"BRON | \u00ab\u00a0Mon tout premier festival\u00a0\u00bb pour les tout-petits\"}]},{\"@type\":\"WebSite\",\"@id\":\"https:\/\/newsestlyonnais.fr\/site\/#website\",\"url\":\"https:\/\/newsestlyonnais.fr\/site\/\",\"name\":\"News Est Lyonnais\",\"description\":\"L&#039;actualit\u00e9 au plus pr\u00e8s\",\"publisher\":{\"@id\":\"https:\/\/newsestlyonnais.fr\/site\/#organization\"},\"potentialAction\":[{\"@type\":\"SearchAction\",\"target\":{\"@type\":\"EntryPoint\",\"urlTemplate\":\"https:\/\/newsestlyonnais.fr\/site\/?s={search_term_string}\"},\"query-input\":{\"@type\":\"PropertyValueSpecification\",\"valueRequired\":true,\"valueName\":\"search_term_string\"}}],\"inLanguage\":\"fr-FR\"},{\"@type\":\"Organization\",\"@id\":\"https:\/\/newsestlyonnais.fr\/site\/#organization\",\"name\":\"News EST LYONNAIS\",\"url\":\"https:\/\/newsestlyonnais.fr\/site\/\",\"logo\":{\"@type\":\"ImageObject\",\"inLanguage\":\"fr-FR\",\"@id\":\"https:\/\/newsestlyonnais.fr\/site\/#\/schema\/logo\/image\/\",\"url\":\"\",\"contentUrl\":\"\",\"caption\":\"News EST LYONNAIS\"},\"image\":{\"@id\":\"https:\/\/newsestlyonnais.fr\/site\/#\/schema\/logo\/image\/\"}},{\"@type\":\"Person\",\"@id\":\"https:\/\/newsestlyonnais.fr\/site\/#\/schema\/person\/3230d5615f390bb808365d673001e887\",\"name\":\"R\u00e9dac. NEWS\",\"sameAs\":[\"http:\/\/www.newsestlyonnais.fr\",\"https:\/\/www.facebook.com\/pascal.oberson.1?fref=ts\",\"https:\/\/fr.linkedin.com\/in\/pascal-oberson-b17045113\"],\"url\":\"https:\/\/newsestlyonnais.fr\/site\/author\/nel\/\"}]}<\/script>\n<!-- \/ Yoast SEO plugin. -->","yoast_head_json":{"title":"BRON | \"Mon tout premier festival\" pour les tout-petits - News Est Lyonnais BRON : \"Mon tout premier festival\" pour les tout-petits du 21 novembre au 15 d\u00e9cembre 2018","description":"BRON : \"Mon tout premier festival\" pour les tout-petits du 21 novembre au 15 d\u00e9cembre 2018","robots":{"index":"index","follow":"follow","max-snippet":"max-snippet:-1","max-image-preview":"max-image-preview:large","max-video-preview":"max-video-preview:-1"},"canonical":"https:\/\/newsestlyonnais.fr\/site\/2018\/12\/10\/bron-mon-tout-premier-festival-pour-les-tout-petits\/","og_locale":"fr_FR","og_type":"article","og_title":"BRON | \"Mon tout premier festival\" pour les tout-petits - News Est Lyonnais BRON : \"Mon tout premier festival\" pour les tout-petits du 21 novembre au 15 d\u00e9cembre 2018","og_description":"BRON : \"Mon tout premier festival\" pour les tout-petits du 21 novembre au 15 d\u00e9cembre 2018","og_url":"https:\/\/newsestlyonnais.fr\/site\/2018\/12\/10\/bron-mon-tout-premier-festival-pour-les-tout-petits\/","og_site_name":"News Est Lyonnais","article_author":"https:\/\/www.facebook.com\/pascal.oberson.1?fref=ts","article_published_time":"2018-12-10T07:20:12+00:00","article_modified_time":"2020-10-22T12:28:33+00:00","og_image":[{"width":2338,"height":1654,"url":"https:\/\/i0.wp.com\/newsestlyonnais.fr\/site\/wp-content\/uploads\/2018\/11\/NEWSESTLYONNAIS-PREMIER-FESTIVAL-BRON.jpg?fit=2338%2C1654&ssl=1","type":"image\/jpeg"}],"author":"R\u00e9dac. NEWS","twitter_card":"summary_large_image","twitter_misc":{"\u00c9crit par":"R\u00e9dac. NEWS","Dur\u00e9e de lecture estim\u00e9e":"2 minutes"},"schema":{"@context":"https:\/\/schema.org","@graph":[{"@type":"Article","@id":"https:\/\/newsestlyonnais.fr\/site\/2018\/12\/10\/bron-mon-tout-premier-festival-pour-les-tout-petits\/#article","isPartOf":{"@id":"https:\/\/newsestlyonnais.fr\/site\/2018\/12\/10\/bron-mon-tout-premier-festival-pour-les-tout-petits\/"},"author":{"name":"R\u00e9dac. NEWS","@id":"https:\/\/newsestlyonnais.fr\/site\/#\/schema\/person\/3230d5615f390bb808365d673001e887"},"headline":"BRON | \u00ab\u00a0Mon tout premier festival\u00a0\u00bb pour les tout-petits","datePublished":"2018-12-10T07:20:12+00:00","dateModified":"2020-10-22T12:28:33+00:00","mainEntityOfPage":{"@id":"https:\/\/newsestlyonnais.fr\/site\/2018\/12\/10\/bron-mon-tout-premier-festival-pour-les-tout-petits\/"},"wordCount":444,"commentCount":0,"publisher":{"@id":"https:\/\/newsestlyonnais.fr\/site\/#organization"},"image":{"@id":"https:\/\/newsestlyonnais.fr\/site\/2018\/12\/10\/bron-mon-tout-premier-festival-pour-les-tout-petits\/#primaryimage"},"thumbnailUrl":"https:\/\/newsestlyonnais.fr\/site\/wp-content\/uploads\/2018\/11\/NEWSESTLYONNAIS-PREMIER-FESTIVAL-BRON.jpg","keywords":["BRON","FESTIVAL"],"articleSection":["\u00e0 la une","Biblioth\u00e8que | M\u00e9diath\u00e8que | MJC","Bron","Enfance | Jeunesse"],"inLanguage":"fr-FR","potentialAction":[{"@type":"CommentAction","name":"Comment","target":["https:\/\/newsestlyonnais.fr\/site\/2018\/12\/10\/bron-mon-tout-premier-festival-pour-les-tout-petits\/#respond"]}]},{"@type":"WebPage","@id":"https:\/\/newsestlyonnais.fr\/site\/2018\/12\/10\/bron-mon-tout-premier-festival-pour-les-tout-petits\/","url":"https:\/\/newsestlyonnais.fr\/site\/2018\/12\/10\/bron-mon-tout-premier-festival-pour-les-tout-petits\/","name":"BRON | \"Mon tout premier festival\" pour les tout-petits - News Est Lyonnais BRON : \"Mon tout premier festival\" pour les tout-petits du 21 novembre au 15 d\u00e9cembre 2018","isPartOf":{"@id":"https:\/\/newsestlyonnais.fr\/site\/#website"},"primaryImageOfPage":{"@id":"https:\/\/newsestlyonnais.fr\/site\/2018\/12\/10\/bron-mon-tout-premier-festival-pour-les-tout-petits\/#primaryimage"},"image":{"@id":"https:\/\/newsestlyonnais.fr\/site\/2018\/12\/10\/bron-mon-tout-premier-festival-pour-les-tout-petits\/#primaryimage"},"thumbnailUrl":"https:\/\/newsestlyonnais.fr\/site\/wp-content\/uploads\/2018\/11\/NEWSESTLYONNAIS-PREMIER-FESTIVAL-BRON.jpg","datePublished":"2018-12-10T07:20:12+00:00","dateModified":"2020-10-22T12:28:33+00:00","description":"BRON : \"Mon tout premier festival\" pour les tout-petits du 21 novembre au 15 d\u00e9cembre 2018","breadcrumb":{"@id":"https:\/\/newsestlyonnais.fr\/site\/2018\/12\/10\/bron-mon-tout-premier-festival-pour-les-tout-petits\/#breadcrumb"},"inLanguage":"fr-FR","potentialAction":[{"@type":"ReadAction","target":["https:\/\/newsestlyonnais.fr\/site\/2018\/12\/10\/bron-mon-tout-premier-festival-pour-les-tout-petits\/"]}]},{"@type":"ImageObject","inLanguage":"fr-FR","@id":"https:\/\/newsestlyonnais.fr\/site\/2018\/12\/10\/bron-mon-tout-premier-festival-pour-les-tout-petits\/#primaryimage","url":"https:\/\/newsestlyonnais.fr\/site\/wp-content\/uploads\/2018\/11\/NEWSESTLYONNAIS-PREMIER-FESTIVAL-BRON.jpg","contentUrl":"https:\/\/newsestlyonnais.fr\/site\/wp-content\/uploads\/2018\/11\/NEWSESTLYONNAIS-PREMIER-FESTIVAL-BRON.jpg","width":2338,"height":1654,"caption":"NEWSESTLYONNAIS PREMIER FESTIVAL BRON"},{"@type":"BreadcrumbList","@id":"https:\/\/newsestlyonnais.fr\/site\/2018\/12\/10\/bron-mon-tout-premier-festival-pour-les-tout-petits\/#breadcrumb","itemListElement":[{"@type":"ListItem","position":1,"name":"Accueil","item":"https:\/\/newsestlyonnais.fr\/site\/"},{"@type":"ListItem","position":2,"name":"BRON | \u00ab\u00a0Mon tout premier festival\u00a0\u00bb pour les tout-petits"}]},{"@type":"WebSite","@id":"https:\/\/newsestlyonnais.fr\/site\/#website","url":"https:\/\/newsestlyonnais.fr\/site\/","name":"News Est Lyonnais","description":"L&#039;actualit\u00e9 au plus pr\u00e8s","publisher":{"@id":"https:\/\/newsestlyonnais.fr\/site\/#organization"},"potentialAction":[{"@type":"SearchAction","target":{"@type":"EntryPoint","urlTemplate":"https:\/\/newsestlyonnais.fr\/site\/?s={search_term_string}"},"query-input":{"@type":"PropertyValueSpecification","valueRequired":true,"valueName":"search_term_string"}}],"inLanguage":"fr-FR"},{"@type":"Organization","@id":"https:\/\/newsestlyonnais.fr\/site\/#organization","name":"News EST LYONNAIS","url":"https:\/\/newsestlyonnais.fr\/site\/","logo":{"@type":"ImageObject","inLanguage":"fr-FR","@id":"https:\/\/newsestlyonnais.fr\/site\/#\/schema\/logo\/image\/","url":"","contentUrl":"","caption":"News EST LYONNAIS"},"image":{"@id":"https:\/\/newsestlyonnais.fr\/site\/#\/schema\/logo\/image\/"}},{"@type":"Person","@id":"https:\/\/newsestlyonnais.fr\/site\/#\/schema\/person\/3230d5615f390bb808365d673001e887","name":"R\u00e9dac. NEWS","sameAs":["http:\/\/www.newsestlyonnais.fr","https:\/\/www.facebook.com\/pascal.oberson.1?fref=ts","https:\/\/fr.linkedin.com\/in\/pascal-oberson-b17045113"],"url":"https:\/\/newsestlyonnais.fr\/site\/author\/nel\/"}]}},"_links":{"self":[{"href":"https:\/\/newsestlyonnais.fr\/site\/wp-json\/wp\/v2\/posts\/60394","targetHints":{"allow":["GET"]}}],"collection":[{"href":"https:\/\/newsestlyonnais.fr\/site\/wp-json\/wp\/v2\/posts"}],"about":[{"href":"https:\/\/newsestlyonnais.fr\/site\/wp-json\/wp\/v2\/types\/post"}],"author":[{"embeddable":true,"href":"https:\/\/newsestlyonnais.fr\/site\/wp-json\/wp\/v2\/users\/4"}],"replies":[{"embeddable":true,"href":"https:\/\/newsestlyonnais.fr\/site\/wp-json\/wp\/v2\/comments?post=60394"}],"version-history":[{"count":0,"href":"https:\/\/newsestlyonnais.fr\/site\/wp-json\/wp\/v2\/posts\/60394\/revisions"}],"wp:featuredmedia":[{"embeddable":true,"href":"https:\/\/newsestlyonnais.fr\/site\/wp-json\/wp\/v2\/media\/60397"}],"wp:attachment":[{"href":"https:\/\/newsestlyonnais.fr\/site\/wp-json\/wp\/v2\/media?parent=60394"}],"wp:term":[{"taxonomy":"category","embeddable":true,"href":"https:\/\/newsestlyonnais.fr\/site\/wp-json\/wp\/v2\/categories?post=60394"},{"taxonomy":"post_tag","embeddable":true,"href":"https:\/\/newsestlyonnais.fr\/site\/wp-json\/wp\/v2\/tags?post=60394"}],"curies":[{"name":"wp","href":"https:\/\/api.w.org\/{rel}","templated":true}]}}