{"id":60455,"date":"2018-11-30T14:50:19","date_gmt":"2018-11-30T13:50:19","guid":{"rendered":"http:\/\/newsestlyonnais.fr\/site\/?p=60455"},"modified":"2020-11-09T08:21:01","modified_gmt":"2020-11-09T07:21:01","slug":"genas-nouveau-point-sur-les-travaux-de-la-rue-de-la-republique-5","status":"publish","type":"post","link":"https:\/\/newsestlyonnais.fr\/site\/2018\/11\/30\/genas-nouveau-point-sur-les-travaux-de-la-rue-de-la-republique-5\/","title":{"rendered":"GENAS | Nouveau point sur les travaux de la Rue de la R\u00e9publique"},"content":{"rendered":"<h4>Durant les travaux de r\u00e9habilitation de la rue de la R\u00e9publique, retrouvez r\u00e9guli\u00e8rement des infos pratiques communiqu\u00e9es par le \u00ab service Grands Projets de la Ville de Genas \u00bb.<\/h4>\n<ul>\n<li><span style=\"text-decoration: underline\"><strong>Rue Danton \u00e0 sens unique 2 semaines d\u00e8s le 26 novembre<\/strong><\/span> : Derni\u00e8re ligne droite pour les travaux de r\u00e9seaux. Les raccordements au carrefour Danton-R\u00e9publique seront tr\u00e8s invasifs. Ils n\u00e9cessitent un r\u00e9am\u00e9nagement temporaire de la circulation rue Danton afin de garantir la s\u00e9curit\u00e9. Celle-ci sera r\u00e9duite \u00e0 sens unique Nord-Sud, en direction de la rue de la R\u00e9publique pendant 2 semaines. Il sera, par ailleurs, toujours possible de remonter en direction de l\u2019avenue Charles de Gaulle via la rue de Rupetit, en amont de la rue Danton. Cet am\u00e9nagement provisoire sera effectif \u00e0 partir du lundi 26 novembre.<\/li>\n<li><strong><strong><span style=\"text-decoration: underline\">Parking \u00ab des Fromentiers \u00bb accessible uniquement\u2026 pour la pause d\u00e9jeuner<\/span> ! <\/strong><\/strong>Afin de permettre la giration et les man\u0153uvres des v\u00e9hicules de chantier, le parking des Fromentiers sera exceptionnellement mobilis\u00e9, en dehors des heures de pointe. Il ne sera donc possible de stationner devant la boulangerie que pendant le temps du d\u00e9jeuner, de 11 h 45 \u00e0 13 h.<\/li>\n<li><span style=\"text-decoration: underline\"><strong>La circulation change de c\u00f4t\u00e9 de la rue \u00e0 partir du 26 novembre<\/strong> <\/span>: \u00c0 compter du 26 novembre la circulation sur la rue de la R\u00e9publique change de rive \u00e0 hauteur du magasin G&rsquo;vins. Elle se fera toujours \u00e0 sens unique, mais c\u00f4t\u00e9 impair. L\u2019acc\u00e8s pi\u00e9ton sera bien entendu maintenu avec la mise en place d\u2019un balisage pour une plus grande s\u00e9curisation des cheminements pi\u00e9tonniers. Et des stationnements sont toujours disponibles et en zone bleue !<\/li>\n<\/ul>\n<p><strong><span style=\"text-decoration: underline\">Renseignements sur ces travaux<\/span> : T\u00e9l : 06. 21. 60. 23. 79 ou : grands.projets@ville-genas.fr<\/strong><\/p>\n<p>&nbsp;<\/p>\n<p>&nbsp;<\/p>\n<p>&nbsp;<\/p>\n","protected":false},"excerpt":{"rendered":"<p>Durant les travaux de r\u00e9habilitation de la rue de la R\u00e9publique, retrouvez r\u00e9guli\u00e8rement des infos pratiques communiqu\u00e9es par le \u00ab service Grands Projets de la Ville de Genas \u00bb. Rue Danton \u00e0 sens unique 2 semaines d\u00e8s le 26 novembre : Derni\u00e8re ligne droite pour les travaux de r\u00e9seaux. Les raccordements au carrefour Danton-R\u00e9publique seront [&hellip;]<\/p>\n","protected":false},"author":4,"featured_media":5972,"comment_status":"open","ping_status":"open","sticky":false,"template":"","format":"standard","meta":{"footnotes":""},"categories":[270,1598,172],"tags":[2005,2127],"class_list":["post-60455","post","type-post","status-publish","format-standard","has-post-thumbnail","hentry","category-cte-de-communes-c-c-e-l","category-genas","category-travaux-amenagements","tag-genas","tag-travaux"],"yoast_head":"<!-- This site is optimized with the Yoast SEO plugin v27.2 - https:\/\/yoast.com\/product\/yoast-seo-wordpress\/ -->\n<title>GENAS | Nouveau point sur les travaux de la Rue de la R\u00e9publique - News Est Lyonnais GENAS : Nouveau point sur les travaux de la Rue de la R\u00e9publique<\/title>\n<meta name=\"description\" content=\"GENAS : Nouveau point sur les travaux de la Rue de la R\u00e9publique\" \/>\n<meta name=\"robots\" content=\"index, follow, max-snippet:-1, max-image-preview:large, max-video-preview:-1\" \/>\n<link rel=\"canonical\" href=\"https:\/\/newsestlyonnais.fr\/site\/2018\/11\/30\/genas-nouveau-point-sur-les-travaux-de-la-rue-de-la-republique-5\/\" \/>\n<meta property=\"og:locale\" content=\"fr_FR\" \/>\n<meta property=\"og:type\" content=\"article\" \/>\n<meta property=\"og:title\" content=\"GENAS | Nouveau point sur les travaux de la Rue de la R\u00e9publique - News Est Lyonnais GENAS : Nouveau point sur les travaux de la Rue de la R\u00e9publique\" \/>\n<meta property=\"og:description\" content=\"GENAS : Nouveau point sur les travaux de la Rue de la R\u00e9publique\" \/>\n<meta property=\"og:url\" content=\"https:\/\/newsestlyonnais.fr\/site\/2018\/11\/30\/genas-nouveau-point-sur-les-travaux-de-la-rue-de-la-republique-5\/\" \/>\n<meta property=\"og:site_name\" content=\"News Est Lyonnais\" \/>\n<meta property=\"article:author\" content=\"https:\/\/www.facebook.com\/pascal.oberson.1?fref=ts\" \/>\n<meta property=\"article:published_time\" content=\"2018-11-30T13:50:19+00:00\" \/>\n<meta property=\"article:modified_time\" content=\"2020-11-09T07:21:01+00:00\" \/>\n<meta property=\"og:image\" content=\"https:\/\/i1.wp.com\/newsestlyonnais.fr\/site\/wp-content\/uploads\/2016\/04\/NEWSESTLYONNAISPANNEAUGENAS.jpg?fit=1000%2C750&ssl=1\" \/>\n\t<meta property=\"og:image:width\" content=\"1000\" \/>\n\t<meta property=\"og:image:height\" content=\"750\" \/>\n\t<meta property=\"og:image:type\" content=\"image\/jpeg\" \/>\n<meta name=\"author\" content=\"R\u00e9dac. NEWS\" \/>\n<meta name=\"twitter:card\" content=\"summary_large_image\" \/>\n<meta name=\"twitter:label1\" content=\"\u00c9crit par\" \/>\n\t<meta name=\"twitter:data1\" content=\"R\u00e9dac. NEWS\" \/>\n\t<meta name=\"twitter:label2\" content=\"Dur\u00e9e de lecture estim\u00e9e\" \/>\n\t<meta name=\"twitter:data2\" content=\"1 minute\" \/>\n<script type=\"application\/ld+json\" class=\"yoast-schema-graph\">{\"@context\":\"https:\/\/schema.org\",\"@graph\":[{\"@type\":\"Article\",\"@id\":\"https:\/\/newsestlyonnais.fr\/site\/2018\/11\/30\/genas-nouveau-point-sur-les-travaux-de-la-rue-de-la-republique-5\/#article\",\"isPartOf\":{\"@id\":\"https:\/\/newsestlyonnais.fr\/site\/2018\/11\/30\/genas-nouveau-point-sur-les-travaux-de-la-rue-de-la-republique-5\/\"},\"author\":{\"name\":\"R\u00e9dac. NEWS\",\"@id\":\"https:\/\/newsestlyonnais.fr\/site\/#\/schema\/person\/3230d5615f390bb808365d673001e887\"},\"headline\":\"GENAS | Nouveau point sur les travaux de la Rue de la R\u00e9publique\",\"datePublished\":\"2018-11-30T13:50:19+00:00\",\"dateModified\":\"2020-11-09T07:21:01+00:00\",\"mainEntityOfPage\":{\"@id\":\"https:\/\/newsestlyonnais.fr\/site\/2018\/11\/30\/genas-nouveau-point-sur-les-travaux-de-la-rue-de-la-republique-5\/\"},\"wordCount\":298,\"commentCount\":0,\"publisher\":{\"@id\":\"https:\/\/newsestlyonnais.fr\/site\/#organization\"},\"image\":{\"@id\":\"https:\/\/newsestlyonnais.fr\/site\/2018\/11\/30\/genas-nouveau-point-sur-les-travaux-de-la-rue-de-la-republique-5\/#primaryimage\"},\"thumbnailUrl\":\"https:\/\/newsestlyonnais.fr\/site\/wp-content\/uploads\/2016\/04\/NEWSESTLYONNAISPANNEAUGENAS.jpg\",\"keywords\":[\"GENAS\",\"TRAVAUX\"],\"articleSection\":[\"CCEL | Communes\",\"Genas\",\"Travaux | Am\u00e9nagements\"],\"inLanguage\":\"fr-FR\",\"potentialAction\":[{\"@type\":\"CommentAction\",\"name\":\"Comment\",\"target\":[\"https:\/\/newsestlyonnais.fr\/site\/2018\/11\/30\/genas-nouveau-point-sur-les-travaux-de-la-rue-de-la-republique-5\/#respond\"]}]},{\"@type\":\"WebPage\",\"@id\":\"https:\/\/newsestlyonnais.fr\/site\/2018\/11\/30\/genas-nouveau-point-sur-les-travaux-de-la-rue-de-la-republique-5\/\",\"url\":\"https:\/\/newsestlyonnais.fr\/site\/2018\/11\/30\/genas-nouveau-point-sur-les-travaux-de-la-rue-de-la-republique-5\/\",\"name\":\"GENAS | Nouveau point sur les travaux de la Rue de la R\u00e9publique - News Est Lyonnais GENAS : Nouveau point sur les travaux de la Rue de la R\u00e9publique\",\"isPartOf\":{\"@id\":\"https:\/\/newsestlyonnais.fr\/site\/#website\"},\"primaryImageOfPage\":{\"@id\":\"https:\/\/newsestlyonnais.fr\/site\/2018\/11\/30\/genas-nouveau-point-sur-les-travaux-de-la-rue-de-la-republique-5\/#primaryimage\"},\"image\":{\"@id\":\"https:\/\/newsestlyonnais.fr\/site\/2018\/11\/30\/genas-nouveau-point-sur-les-travaux-de-la-rue-de-la-republique-5\/#primaryimage\"},\"thumbnailUrl\":\"https:\/\/newsestlyonnais.fr\/site\/wp-content\/uploads\/2016\/04\/NEWSESTLYONNAISPANNEAUGENAS.jpg\",\"datePublished\":\"2018-11-30T13:50:19+00:00\",\"dateModified\":\"2020-11-09T07:21:01+00:00\",\"description\":\"GENAS : Nouveau point sur les travaux de la Rue de la R\u00e9publique\",\"breadcrumb\":{\"@id\":\"https:\/\/newsestlyonnais.fr\/site\/2018\/11\/30\/genas-nouveau-point-sur-les-travaux-de-la-rue-de-la-republique-5\/#breadcrumb\"},\"inLanguage\":\"fr-FR\",\"potentialAction\":[{\"@type\":\"ReadAction\",\"target\":[\"https:\/\/newsestlyonnais.fr\/site\/2018\/11\/30\/genas-nouveau-point-sur-les-travaux-de-la-rue-de-la-republique-5\/\"]}]},{\"@type\":\"ImageObject\",\"inLanguage\":\"fr-FR\",\"@id\":\"https:\/\/newsestlyonnais.fr\/site\/2018\/11\/30\/genas-nouveau-point-sur-les-travaux-de-la-rue-de-la-republique-5\/#primaryimage\",\"url\":\"https:\/\/newsestlyonnais.fr\/site\/wp-content\/uploads\/2016\/04\/NEWSESTLYONNAISPANNEAUGENAS.jpg\",\"contentUrl\":\"https:\/\/newsestlyonnais.fr\/site\/wp-content\/uploads\/2016\/04\/NEWSESTLYONNAISPANNEAUGENAS.jpg\",\"width\":1000,\"height\":750,\"caption\":\"NEWSESTLYONNAISPANNEAUGENAS\"},{\"@type\":\"BreadcrumbList\",\"@id\":\"https:\/\/newsestlyonnais.fr\/site\/2018\/11\/30\/genas-nouveau-point-sur-les-travaux-de-la-rue-de-la-republique-5\/#breadcrumb\",\"itemListElement\":[{\"@type\":\"ListItem\",\"position\":1,\"name\":\"Accueil\",\"item\":\"https:\/\/newsestlyonnais.fr\/site\/\"},{\"@type\":\"ListItem\",\"position\":2,\"name\":\"GENAS | Nouveau point sur les travaux de la Rue de la R\u00e9publique\"}]},{\"@type\":\"WebSite\",\"@id\":\"https:\/\/newsestlyonnais.fr\/site\/#website\",\"url\":\"https:\/\/newsestlyonnais.fr\/site\/\",\"name\":\"News Est Lyonnais\",\"description\":\"L&#039;actualit\u00e9 au plus pr\u00e8s\",\"publisher\":{\"@id\":\"https:\/\/newsestlyonnais.fr\/site\/#organization\"},\"potentialAction\":[{\"@type\":\"SearchAction\",\"target\":{\"@type\":\"EntryPoint\",\"urlTemplate\":\"https:\/\/newsestlyonnais.fr\/site\/?s={search_term_string}\"},\"query-input\":{\"@type\":\"PropertyValueSpecification\",\"valueRequired\":true,\"valueName\":\"search_term_string\"}}],\"inLanguage\":\"fr-FR\"},{\"@type\":\"Organization\",\"@id\":\"https:\/\/newsestlyonnais.fr\/site\/#organization\",\"name\":\"News EST LYONNAIS\",\"url\":\"https:\/\/newsestlyonnais.fr\/site\/\",\"logo\":{\"@type\":\"ImageObject\",\"inLanguage\":\"fr-FR\",\"@id\":\"https:\/\/newsestlyonnais.fr\/site\/#\/schema\/logo\/image\/\",\"url\":\"\",\"contentUrl\":\"\",\"caption\":\"News EST LYONNAIS\"},\"image\":{\"@id\":\"https:\/\/newsestlyonnais.fr\/site\/#\/schema\/logo\/image\/\"}},{\"@type\":\"Person\",\"@id\":\"https:\/\/newsestlyonnais.fr\/site\/#\/schema\/person\/3230d5615f390bb808365d673001e887\",\"name\":\"R\u00e9dac. NEWS\",\"sameAs\":[\"http:\/\/www.newsestlyonnais.fr\",\"https:\/\/www.facebook.com\/pascal.oberson.1?fref=ts\",\"https:\/\/fr.linkedin.com\/in\/pascal-oberson-b17045113\"],\"url\":\"https:\/\/newsestlyonnais.fr\/site\/author\/nel\/\"}]}<\/script>\n<!-- \/ Yoast SEO plugin. -->","yoast_head_json":{"title":"GENAS | Nouveau point sur les travaux de la Rue de la R\u00e9publique - News Est Lyonnais GENAS : Nouveau point sur les travaux de la Rue de la R\u00e9publique","description":"GENAS : Nouveau point sur les travaux de la Rue de la R\u00e9publique","robots":{"index":"index","follow":"follow","max-snippet":"max-snippet:-1","max-image-preview":"max-image-preview:large","max-video-preview":"max-video-preview:-1"},"canonical":"https:\/\/newsestlyonnais.fr\/site\/2018\/11\/30\/genas-nouveau-point-sur-les-travaux-de-la-rue-de-la-republique-5\/","og_locale":"fr_FR","og_type":"article","og_title":"GENAS | Nouveau point sur les travaux de la Rue de la R\u00e9publique - News Est Lyonnais GENAS : Nouveau point sur les travaux de la Rue de la R\u00e9publique","og_description":"GENAS : Nouveau point sur les travaux de la Rue de la R\u00e9publique","og_url":"https:\/\/newsestlyonnais.fr\/site\/2018\/11\/30\/genas-nouveau-point-sur-les-travaux-de-la-rue-de-la-republique-5\/","og_site_name":"News Est Lyonnais","article_author":"https:\/\/www.facebook.com\/pascal.oberson.1?fref=ts","article_published_time":"2018-11-30T13:50:19+00:00","article_modified_time":"2020-11-09T07:21:01+00:00","og_image":[{"width":1000,"height":750,"url":"https:\/\/i1.wp.com\/newsestlyonnais.fr\/site\/wp-content\/uploads\/2016\/04\/NEWSESTLYONNAISPANNEAUGENAS.jpg?fit=1000%2C750&ssl=1","type":"image\/jpeg"}],"author":"R\u00e9dac. NEWS","twitter_card":"summary_large_image","twitter_misc":{"\u00c9crit par":"R\u00e9dac. NEWS","Dur\u00e9e de lecture estim\u00e9e":"1 minute"},"schema":{"@context":"https:\/\/schema.org","@graph":[{"@type":"Article","@id":"https:\/\/newsestlyonnais.fr\/site\/2018\/11\/30\/genas-nouveau-point-sur-les-travaux-de-la-rue-de-la-republique-5\/#article","isPartOf":{"@id":"https:\/\/newsestlyonnais.fr\/site\/2018\/11\/30\/genas-nouveau-point-sur-les-travaux-de-la-rue-de-la-republique-5\/"},"author":{"name":"R\u00e9dac. NEWS","@id":"https:\/\/newsestlyonnais.fr\/site\/#\/schema\/person\/3230d5615f390bb808365d673001e887"},"headline":"GENAS | Nouveau point sur les travaux de la Rue de la R\u00e9publique","datePublished":"2018-11-30T13:50:19+00:00","dateModified":"2020-11-09T07:21:01+00:00","mainEntityOfPage":{"@id":"https:\/\/newsestlyonnais.fr\/site\/2018\/11\/30\/genas-nouveau-point-sur-les-travaux-de-la-rue-de-la-republique-5\/"},"wordCount":298,"commentCount":0,"publisher":{"@id":"https:\/\/newsestlyonnais.fr\/site\/#organization"},"image":{"@id":"https:\/\/newsestlyonnais.fr\/site\/2018\/11\/30\/genas-nouveau-point-sur-les-travaux-de-la-rue-de-la-republique-5\/#primaryimage"},"thumbnailUrl":"https:\/\/newsestlyonnais.fr\/site\/wp-content\/uploads\/2016\/04\/NEWSESTLYONNAISPANNEAUGENAS.jpg","keywords":["GENAS","TRAVAUX"],"articleSection":["CCEL | Communes","Genas","Travaux | Am\u00e9nagements"],"inLanguage":"fr-FR","potentialAction":[{"@type":"CommentAction","name":"Comment","target":["https:\/\/newsestlyonnais.fr\/site\/2018\/11\/30\/genas-nouveau-point-sur-les-travaux-de-la-rue-de-la-republique-5\/#respond"]}]},{"@type":"WebPage","@id":"https:\/\/newsestlyonnais.fr\/site\/2018\/11\/30\/genas-nouveau-point-sur-les-travaux-de-la-rue-de-la-republique-5\/","url":"https:\/\/newsestlyonnais.fr\/site\/2018\/11\/30\/genas-nouveau-point-sur-les-travaux-de-la-rue-de-la-republique-5\/","name":"GENAS | Nouveau point sur les travaux de la Rue de la R\u00e9publique - News Est Lyonnais GENAS : Nouveau point sur les travaux de la Rue de la R\u00e9publique","isPartOf":{"@id":"https:\/\/newsestlyonnais.fr\/site\/#website"},"primaryImageOfPage":{"@id":"https:\/\/newsestlyonnais.fr\/site\/2018\/11\/30\/genas-nouveau-point-sur-les-travaux-de-la-rue-de-la-republique-5\/#primaryimage"},"image":{"@id":"https:\/\/newsestlyonnais.fr\/site\/2018\/11\/30\/genas-nouveau-point-sur-les-travaux-de-la-rue-de-la-republique-5\/#primaryimage"},"thumbnailUrl":"https:\/\/newsestlyonnais.fr\/site\/wp-content\/uploads\/2016\/04\/NEWSESTLYONNAISPANNEAUGENAS.jpg","datePublished":"2018-11-30T13:50:19+00:00","dateModified":"2020-11-09T07:21:01+00:00","description":"GENAS : Nouveau point sur les travaux de la Rue de la R\u00e9publique","breadcrumb":{"@id":"https:\/\/newsestlyonnais.fr\/site\/2018\/11\/30\/genas-nouveau-point-sur-les-travaux-de-la-rue-de-la-republique-5\/#breadcrumb"},"inLanguage":"fr-FR","potentialAction":[{"@type":"ReadAction","target":["https:\/\/newsestlyonnais.fr\/site\/2018\/11\/30\/genas-nouveau-point-sur-les-travaux-de-la-rue-de-la-republique-5\/"]}]},{"@type":"ImageObject","inLanguage":"fr-FR","@id":"https:\/\/newsestlyonnais.fr\/site\/2018\/11\/30\/genas-nouveau-point-sur-les-travaux-de-la-rue-de-la-republique-5\/#primaryimage","url":"https:\/\/newsestlyonnais.fr\/site\/wp-content\/uploads\/2016\/04\/NEWSESTLYONNAISPANNEAUGENAS.jpg","contentUrl":"https:\/\/newsestlyonnais.fr\/site\/wp-content\/uploads\/2016\/04\/NEWSESTLYONNAISPANNEAUGENAS.jpg","width":1000,"height":750,"caption":"NEWSESTLYONNAISPANNEAUGENAS"},{"@type":"BreadcrumbList","@id":"https:\/\/newsestlyonnais.fr\/site\/2018\/11\/30\/genas-nouveau-point-sur-les-travaux-de-la-rue-de-la-republique-5\/#breadcrumb","itemListElement":[{"@type":"ListItem","position":1,"name":"Accueil","item":"https:\/\/newsestlyonnais.fr\/site\/"},{"@type":"ListItem","position":2,"name":"GENAS | Nouveau point sur les travaux de la Rue de la R\u00e9publique"}]},{"@type":"WebSite","@id":"https:\/\/newsestlyonnais.fr\/site\/#website","url":"https:\/\/newsestlyonnais.fr\/site\/","name":"News Est Lyonnais","description":"L&#039;actualit\u00e9 au plus pr\u00e8s","publisher":{"@id":"https:\/\/newsestlyonnais.fr\/site\/#organization"},"potentialAction":[{"@type":"SearchAction","target":{"@type":"EntryPoint","urlTemplate":"https:\/\/newsestlyonnais.fr\/site\/?s={search_term_string}"},"query-input":{"@type":"PropertyValueSpecification","valueRequired":true,"valueName":"search_term_string"}}],"inLanguage":"fr-FR"},{"@type":"Organization","@id":"https:\/\/newsestlyonnais.fr\/site\/#organization","name":"News EST LYONNAIS","url":"https:\/\/newsestlyonnais.fr\/site\/","logo":{"@type":"ImageObject","inLanguage":"fr-FR","@id":"https:\/\/newsestlyonnais.fr\/site\/#\/schema\/logo\/image\/","url":"","contentUrl":"","caption":"News EST LYONNAIS"},"image":{"@id":"https:\/\/newsestlyonnais.fr\/site\/#\/schema\/logo\/image\/"}},{"@type":"Person","@id":"https:\/\/newsestlyonnais.fr\/site\/#\/schema\/person\/3230d5615f390bb808365d673001e887","name":"R\u00e9dac. NEWS","sameAs":["http:\/\/www.newsestlyonnais.fr","https:\/\/www.facebook.com\/pascal.oberson.1?fref=ts","https:\/\/fr.linkedin.com\/in\/pascal-oberson-b17045113"],"url":"https:\/\/newsestlyonnais.fr\/site\/author\/nel\/"}]}},"_links":{"self":[{"href":"https:\/\/newsestlyonnais.fr\/site\/wp-json\/wp\/v2\/posts\/60455","targetHints":{"allow":["GET"]}}],"collection":[{"href":"https:\/\/newsestlyonnais.fr\/site\/wp-json\/wp\/v2\/posts"}],"about":[{"href":"https:\/\/newsestlyonnais.fr\/site\/wp-json\/wp\/v2\/types\/post"}],"author":[{"embeddable":true,"href":"https:\/\/newsestlyonnais.fr\/site\/wp-json\/wp\/v2\/users\/4"}],"replies":[{"embeddable":true,"href":"https:\/\/newsestlyonnais.fr\/site\/wp-json\/wp\/v2\/comments?post=60455"}],"version-history":[{"count":0,"href":"https:\/\/newsestlyonnais.fr\/site\/wp-json\/wp\/v2\/posts\/60455\/revisions"}],"wp:featuredmedia":[{"embeddable":true,"href":"https:\/\/newsestlyonnais.fr\/site\/wp-json\/wp\/v2\/media\/5972"}],"wp:attachment":[{"href":"https:\/\/newsestlyonnais.fr\/site\/wp-json\/wp\/v2\/media?parent=60455"}],"wp:term":[{"taxonomy":"category","embeddable":true,"href":"https:\/\/newsestlyonnais.fr\/site\/wp-json\/wp\/v2\/categories?post=60455"},{"taxonomy":"post_tag","embeddable":true,"href":"https:\/\/newsestlyonnais.fr\/site\/wp-json\/wp\/v2\/tags?post=60455"}],"curies":[{"name":"wp","href":"https:\/\/api.w.org\/{rel}","templated":true}]}}