{"id":60463,"date":"2018-11-18T16:12:16","date_gmt":"2018-11-18T15:12:16","guid":{"rendered":"http:\/\/newsestlyonnais.fr\/site\/?p=60463"},"modified":"2018-12-23T19:30:44","modified_gmt":"2018-12-23T18:30:44","slug":"meyzieu-un-rallye-sante-bien-etre-je-pense-a-moi-ce-jeudi-au-centre-le-marronnier","status":"publish","type":"post","link":"https:\/\/newsestlyonnais.fr\/site\/2018\/11\/18\/meyzieu-un-rallye-sante-bien-etre-je-pense-a-moi-ce-jeudi-au-centre-le-marronnier\/","title":{"rendered":"MEYZIEU : Un rallye Sant\u00e9 bien-\u00eatre \u00ab Je pense \u00e0 moi \u00bb ce jeudi au Centre le Marronnier"},"content":{"rendered":"<h4>La Ville de Meyzieu offre aux Majolans une journ\u00e9e cocooning et destin\u00e9e \u00e0 un public adulte !<\/h4>\n<p><span style=\"text-decoration: underline\">Chacun \u00e9tant libre de participer \u00e0 tout ou partie de ces activit\u00e9s gratuite<\/span>s !<\/p>\n<p>La journ\u00e9e commencera \u00e0 9 h par une balade, de la gym douce ou du yoga en fonction de la m\u00e9t\u00e9o. Ensuite, \u00e0 midi, chaque participant sera invit\u00e9 \u00e0 faire d\u00e9guster le plat de son choix le temps d\u2019un repas partag\u00e9. Un temps convivial qui sera accompagn\u00e9 d\u2019\u00e9changes avec une di\u00e9t\u00e9ticienne.<\/p>\n<p>Les stands tenus pas les partenaires de cette journ\u00e9e ouvriront leurs portes \u00e0 14 h : une occasion id\u00e9ale pour partir \u00e0 leur rencontre et aborder de nombreuses th\u00e9matiques li\u00e9es \u00e0 la sant\u00e9 et au bien-\u00eatre.<\/p>\n<p>La journ\u00e9e se cl\u00f4turera par une remise de prix par tirage au sort o\u00f9 de nombreux lots sont \u00e0 gagner !<br \/>\n<span style=\"text-decoration: underline\">Conditions de participation au tirage au sort<\/span> : avoir suivi au moins 5 activit\u00e9s sur la journ\u00e9e.<\/p>\n<p>Un \u00e9v\u00e9nement organis\u00e9 par la Ville de Meyzieu en partenariat avec le Centre L\u00e9on B\u00e9rard, ADEMAS, la CPAM, La ligue contre le cancer, AISI, l\u2019association APA, Mme Domenget (naturopathe), Mme Lariguet (kin\u00e9sith\u00e9rapeute).<\/p>\n<p><span style=\"text-decoration: underline\"><em><strong>Le programme<\/strong> <\/em><\/span>:<\/p>\n<ul>\n<li>D\u00e8s 9 H : Balade, gym douce ou yoga, en fonction de la m\u00e9t\u00e9o !<br \/>\n&gt; Le temps sportif sera suivi d\u2019une discussion avec un animateur autour des bienfaits de l\u2019activit\u00e9 physique.<\/li>\n<li>D\u00e8s 12 H : Repas partag\u00e9. Chaque participant apporte un plat \u00e0 d\u00e9guster en commun.<br \/>\n&gt; Le repas s\u2019accompagne d\u2019\u00e9changes avec une di\u00e9t\u00e9ticienne.<\/li>\n<li>De 14 H \u00c0 16H : De nombreux stands vous sont propos\u00e9s et vous permettront d\u2019aller \u00e0 la rencontre des partenaires de cet \u00e9v\u00e9nement. L\u2019alimentation et la sant\u00e9, la nutrition, le maquillage bonne mine et DIY (recette bien-\u00eatre \u00e0 faire soi-m\u00eame), le d\u00e9pistage des cancers, la tension. Et aussi la naturopathie (huiles essentielles,<br \/>\nplantes, fleurs de Bach, aromath\u00e9rapie, alimentation, relaxation, r\u00e9flexologie plantaire) et la kin\u00e9sith\u00e9rapie (comment prendre soin de son dos : th\u00e9orie et mise en pratique.)<\/li>\n<li>\u00e0 16 H : Rdv pour le tirage au sort du rallye. Des surprises sont \u00e0 gagner !<\/li>\n<\/ul>\n<p><em><strong> Jeudi 22 novembre de 9 h \u00e0 17 h : Centre le Marronnier, 30 rue Louis Saulnier.\u00a0 <span style=\"text-decoration: underline\">Gratuit<\/span><\/strong><\/em><\/p>\n","protected":false},"excerpt":{"rendered":"<p>La Ville de Meyzieu offre aux Majolans une journ\u00e9e cocooning et destin\u00e9e \u00e0 un public adulte ! Chacun \u00e9tant libre de participer \u00e0 tout ou partie de ces activit\u00e9s gratuites ! La journ\u00e9e commencera \u00e0 9 h par une balade, de la gym douce ou du yoga en fonction de la m\u00e9t\u00e9o. Ensuite, \u00e0 midi, [&hellip;]<\/p>\n","protected":false},"author":4,"featured_media":50594,"comment_status":"open","ping_status":"open","sticky":false,"template":"","format":"standard","meta":{"footnotes":""},"categories":[30,24,18],"tags":[2081,2101,2100],"class_list":["post-60463","post","type-post","status-publish","format-standard","has-post-thumbnail","hentry","category-a-la-une","category-meyzieu","category-sante-bien-etre-solidarite","tag-meyzieu","tag-rallye","tag-sante"],"yoast_head":"<!-- This site is optimized with the Yoast SEO plugin v27.2 - https:\/\/yoast.com\/product\/yoast-seo-wordpress\/ -->\n<title>MEYZIEU : Un rallye Sant\u00e9 bien-\u00eatre \u00ab Je pense \u00e0 moi \u00bb ce jeudi au Centre le Marronnier - News Est Lyonnais MEYZIEU : Un rallye Sant\u00e9 bien-\u00eatre \u00ab Je pense \u00e0 moi \u00bb ce jeudi au Centre le Marronnier<\/title>\n<meta name=\"description\" content=\"MEYZIEU : Un rallye Sant\u00e9 bien-\u00eatre \u00ab Je pense \u00e0 moi \u00bb ce jeudi au Centre le Marronnier\" \/>\n<meta name=\"robots\" content=\"index, follow, max-snippet:-1, max-image-preview:large, max-video-preview:-1\" \/>\n<link rel=\"canonical\" href=\"https:\/\/newsestlyonnais.fr\/site\/2018\/11\/18\/meyzieu-un-rallye-sante-bien-etre-je-pense-a-moi-ce-jeudi-au-centre-le-marronnier\/\" \/>\n<meta property=\"og:locale\" content=\"fr_FR\" \/>\n<meta property=\"og:type\" content=\"article\" \/>\n<meta property=\"og:title\" content=\"MEYZIEU : Un rallye Sant\u00e9 bien-\u00eatre \u00ab Je pense \u00e0 moi \u00bb ce jeudi au Centre le Marronnier - News Est Lyonnais MEYZIEU : Un rallye Sant\u00e9 bien-\u00eatre \u00ab Je pense \u00e0 moi \u00bb ce jeudi au Centre le Marronnier\" \/>\n<meta property=\"og:description\" content=\"MEYZIEU : Un rallye Sant\u00e9 bien-\u00eatre \u00ab Je pense \u00e0 moi \u00bb ce jeudi au Centre le Marronnier\" \/>\n<meta property=\"og:url\" content=\"https:\/\/newsestlyonnais.fr\/site\/2018\/11\/18\/meyzieu-un-rallye-sante-bien-etre-je-pense-a-moi-ce-jeudi-au-centre-le-marronnier\/\" \/>\n<meta property=\"og:site_name\" content=\"News Est Lyonnais\" \/>\n<meta property=\"article:author\" content=\"https:\/\/www.facebook.com\/pascal.oberson.1?fref=ts\" \/>\n<meta property=\"article:published_time\" content=\"2018-11-18T15:12:16+00:00\" \/>\n<meta property=\"article:modified_time\" content=\"2018-12-23T18:30:44+00:00\" \/>\n<meta property=\"og:image\" content=\"https:\/\/i0.wp.com\/newsestlyonnais.fr\/site\/wp-content\/uploads\/2018\/05\/NEWSESTLYONNAIS-.png?fit=1280%2C960&ssl=1\" \/>\n\t<meta property=\"og:image:width\" content=\"1280\" \/>\n\t<meta property=\"og:image:height\" content=\"960\" \/>\n\t<meta property=\"og:image:type\" content=\"image\/png\" \/>\n<meta name=\"author\" content=\"R\u00e9dac. NEWS\" \/>\n<meta name=\"twitter:card\" content=\"summary_large_image\" \/>\n<meta name=\"twitter:label1\" content=\"\u00c9crit par\" \/>\n\t<meta name=\"twitter:data1\" content=\"R\u00e9dac. NEWS\" \/>\n\t<meta name=\"twitter:label2\" content=\"Dur\u00e9e de lecture estim\u00e9e\" \/>\n\t<meta name=\"twitter:data2\" content=\"2 minutes\" \/>\n<script type=\"application\/ld+json\" class=\"yoast-schema-graph\">{\"@context\":\"https:\/\/schema.org\",\"@graph\":[{\"@type\":\"Article\",\"@id\":\"https:\/\/newsestlyonnais.fr\/site\/2018\/11\/18\/meyzieu-un-rallye-sante-bien-etre-je-pense-a-moi-ce-jeudi-au-centre-le-marronnier\/#article\",\"isPartOf\":{\"@id\":\"https:\/\/newsestlyonnais.fr\/site\/2018\/11\/18\/meyzieu-un-rallye-sante-bien-etre-je-pense-a-moi-ce-jeudi-au-centre-le-marronnier\/\"},\"author\":{\"name\":\"R\u00e9dac. NEWS\",\"@id\":\"https:\/\/newsestlyonnais.fr\/site\/#\/schema\/person\/3230d5615f390bb808365d673001e887\"},\"headline\":\"MEYZIEU : Un rallye Sant\u00e9 bien-\u00eatre \u00ab Je pense \u00e0 moi \u00bb ce jeudi au Centre le Marronnier\",\"datePublished\":\"2018-11-18T15:12:16+00:00\",\"dateModified\":\"2018-12-23T18:30:44+00:00\",\"mainEntityOfPage\":{\"@id\":\"https:\/\/newsestlyonnais.fr\/site\/2018\/11\/18\/meyzieu-un-rallye-sante-bien-etre-je-pense-a-moi-ce-jeudi-au-centre-le-marronnier\/\"},\"wordCount\":382,\"commentCount\":0,\"publisher\":{\"@id\":\"https:\/\/newsestlyonnais.fr\/site\/#organization\"},\"image\":{\"@id\":\"https:\/\/newsestlyonnais.fr\/site\/2018\/11\/18\/meyzieu-un-rallye-sante-bien-etre-je-pense-a-moi-ce-jeudi-au-centre-le-marronnier\/#primaryimage\"},\"thumbnailUrl\":\"https:\/\/newsestlyonnais.fr\/site\/wp-content\/uploads\/2018\/05\/NEWSESTLYONNAIS-.png\",\"keywords\":[\"MEYZIEU\",\"RALLYE\",\"SANTE\"],\"articleSection\":[\"\u00e0 la une\",\"Meyzieu\",\"Sant\u00e9 | Bien Etre | Solidarit\u00e9\"],\"inLanguage\":\"fr-FR\",\"potentialAction\":[{\"@type\":\"CommentAction\",\"name\":\"Comment\",\"target\":[\"https:\/\/newsestlyonnais.fr\/site\/2018\/11\/18\/meyzieu-un-rallye-sante-bien-etre-je-pense-a-moi-ce-jeudi-au-centre-le-marronnier\/#respond\"]}]},{\"@type\":\"WebPage\",\"@id\":\"https:\/\/newsestlyonnais.fr\/site\/2018\/11\/18\/meyzieu-un-rallye-sante-bien-etre-je-pense-a-moi-ce-jeudi-au-centre-le-marronnier\/\",\"url\":\"https:\/\/newsestlyonnais.fr\/site\/2018\/11\/18\/meyzieu-un-rallye-sante-bien-etre-je-pense-a-moi-ce-jeudi-au-centre-le-marronnier\/\",\"name\":\"MEYZIEU : Un rallye Sant\u00e9 bien-\u00eatre \u00ab Je pense \u00e0 moi \u00bb ce jeudi au Centre le Marronnier - News Est Lyonnais MEYZIEU : Un rallye Sant\u00e9 bien-\u00eatre \u00ab Je pense \u00e0 moi \u00bb ce jeudi au Centre le Marronnier\",\"isPartOf\":{\"@id\":\"https:\/\/newsestlyonnais.fr\/site\/#website\"},\"primaryImageOfPage\":{\"@id\":\"https:\/\/newsestlyonnais.fr\/site\/2018\/11\/18\/meyzieu-un-rallye-sante-bien-etre-je-pense-a-moi-ce-jeudi-au-centre-le-marronnier\/#primaryimage\"},\"image\":{\"@id\":\"https:\/\/newsestlyonnais.fr\/site\/2018\/11\/18\/meyzieu-un-rallye-sante-bien-etre-je-pense-a-moi-ce-jeudi-au-centre-le-marronnier\/#primaryimage\"},\"thumbnailUrl\":\"https:\/\/newsestlyonnais.fr\/site\/wp-content\/uploads\/2018\/05\/NEWSESTLYONNAIS-.png\",\"datePublished\":\"2018-11-18T15:12:16+00:00\",\"dateModified\":\"2018-12-23T18:30:44+00:00\",\"description\":\"MEYZIEU : Un rallye Sant\u00e9 bien-\u00eatre \u00ab Je pense \u00e0 moi \u00bb ce jeudi au Centre le Marronnier\",\"breadcrumb\":{\"@id\":\"https:\/\/newsestlyonnais.fr\/site\/2018\/11\/18\/meyzieu-un-rallye-sante-bien-etre-je-pense-a-moi-ce-jeudi-au-centre-le-marronnier\/#breadcrumb\"},\"inLanguage\":\"fr-FR\",\"potentialAction\":[{\"@type\":\"ReadAction\",\"target\":[\"https:\/\/newsestlyonnais.fr\/site\/2018\/11\/18\/meyzieu-un-rallye-sante-bien-etre-je-pense-a-moi-ce-jeudi-au-centre-le-marronnier\/\"]}]},{\"@type\":\"ImageObject\",\"inLanguage\":\"fr-FR\",\"@id\":\"https:\/\/newsestlyonnais.fr\/site\/2018\/11\/18\/meyzieu-un-rallye-sante-bien-etre-je-pense-a-moi-ce-jeudi-au-centre-le-marronnier\/#primaryimage\",\"url\":\"https:\/\/newsestlyonnais.fr\/site\/wp-content\/uploads\/2018\/05\/NEWSESTLYONNAIS-.png\",\"contentUrl\":\"https:\/\/newsestlyonnais.fr\/site\/wp-content\/uploads\/2018\/05\/NEWSESTLYONNAIS-.png\",\"width\":1280,\"height\":960,\"caption\":\"NEWSESTLYONNAIS VISUEL MEYZIEU\"},{\"@type\":\"BreadcrumbList\",\"@id\":\"https:\/\/newsestlyonnais.fr\/site\/2018\/11\/18\/meyzieu-un-rallye-sante-bien-etre-je-pense-a-moi-ce-jeudi-au-centre-le-marronnier\/#breadcrumb\",\"itemListElement\":[{\"@type\":\"ListItem\",\"position\":1,\"name\":\"Accueil\",\"item\":\"https:\/\/newsestlyonnais.fr\/site\/\"},{\"@type\":\"ListItem\",\"position\":2,\"name\":\"MEYZIEU : Un rallye Sant\u00e9 bien-\u00eatre \u00ab Je pense \u00e0 moi \u00bb ce jeudi au Centre le Marronnier\"}]},{\"@type\":\"WebSite\",\"@id\":\"https:\/\/newsestlyonnais.fr\/site\/#website\",\"url\":\"https:\/\/newsestlyonnais.fr\/site\/\",\"name\":\"News Est Lyonnais\",\"description\":\"L&#039;actualit\u00e9 au plus pr\u00e8s\",\"publisher\":{\"@id\":\"https:\/\/newsestlyonnais.fr\/site\/#organization\"},\"potentialAction\":[{\"@type\":\"SearchAction\",\"target\":{\"@type\":\"EntryPoint\",\"urlTemplate\":\"https:\/\/newsestlyonnais.fr\/site\/?s={search_term_string}\"},\"query-input\":{\"@type\":\"PropertyValueSpecification\",\"valueRequired\":true,\"valueName\":\"search_term_string\"}}],\"inLanguage\":\"fr-FR\"},{\"@type\":\"Organization\",\"@id\":\"https:\/\/newsestlyonnais.fr\/site\/#organization\",\"name\":\"News EST LYONNAIS\",\"url\":\"https:\/\/newsestlyonnais.fr\/site\/\",\"logo\":{\"@type\":\"ImageObject\",\"inLanguage\":\"fr-FR\",\"@id\":\"https:\/\/newsestlyonnais.fr\/site\/#\/schema\/logo\/image\/\",\"url\":\"\",\"contentUrl\":\"\",\"caption\":\"News EST LYONNAIS\"},\"image\":{\"@id\":\"https:\/\/newsestlyonnais.fr\/site\/#\/schema\/logo\/image\/\"}},{\"@type\":\"Person\",\"@id\":\"https:\/\/newsestlyonnais.fr\/site\/#\/schema\/person\/3230d5615f390bb808365d673001e887\",\"name\":\"R\u00e9dac. NEWS\",\"sameAs\":[\"http:\/\/www.newsestlyonnais.fr\",\"https:\/\/www.facebook.com\/pascal.oberson.1?fref=ts\",\"https:\/\/fr.linkedin.com\/in\/pascal-oberson-b17045113\"],\"url\":\"https:\/\/newsestlyonnais.fr\/site\/author\/nel\/\"}]}<\/script>\n<!-- \/ Yoast SEO plugin. -->","yoast_head_json":{"title":"MEYZIEU : Un rallye Sant\u00e9 bien-\u00eatre \u00ab Je pense \u00e0 moi \u00bb ce jeudi au Centre le Marronnier - News Est Lyonnais MEYZIEU : Un rallye Sant\u00e9 bien-\u00eatre \u00ab Je pense \u00e0 moi \u00bb ce jeudi au Centre le Marronnier","description":"MEYZIEU : Un rallye Sant\u00e9 bien-\u00eatre \u00ab Je pense \u00e0 moi \u00bb ce jeudi au Centre le Marronnier","robots":{"index":"index","follow":"follow","max-snippet":"max-snippet:-1","max-image-preview":"max-image-preview:large","max-video-preview":"max-video-preview:-1"},"canonical":"https:\/\/newsestlyonnais.fr\/site\/2018\/11\/18\/meyzieu-un-rallye-sante-bien-etre-je-pense-a-moi-ce-jeudi-au-centre-le-marronnier\/","og_locale":"fr_FR","og_type":"article","og_title":"MEYZIEU : Un rallye Sant\u00e9 bien-\u00eatre \u00ab Je pense \u00e0 moi \u00bb ce jeudi au Centre le Marronnier - News Est Lyonnais MEYZIEU : Un rallye Sant\u00e9 bien-\u00eatre \u00ab Je pense \u00e0 moi \u00bb ce jeudi au Centre le Marronnier","og_description":"MEYZIEU : Un rallye Sant\u00e9 bien-\u00eatre \u00ab Je pense \u00e0 moi \u00bb ce jeudi au Centre le Marronnier","og_url":"https:\/\/newsestlyonnais.fr\/site\/2018\/11\/18\/meyzieu-un-rallye-sante-bien-etre-je-pense-a-moi-ce-jeudi-au-centre-le-marronnier\/","og_site_name":"News Est Lyonnais","article_author":"https:\/\/www.facebook.com\/pascal.oberson.1?fref=ts","article_published_time":"2018-11-18T15:12:16+00:00","article_modified_time":"2018-12-23T18:30:44+00:00","og_image":[{"width":1280,"height":960,"url":"https:\/\/i0.wp.com\/newsestlyonnais.fr\/site\/wp-content\/uploads\/2018\/05\/NEWSESTLYONNAIS-.png?fit=1280%2C960&ssl=1","type":"image\/png"}],"author":"R\u00e9dac. NEWS","twitter_card":"summary_large_image","twitter_misc":{"\u00c9crit par":"R\u00e9dac. NEWS","Dur\u00e9e de lecture estim\u00e9e":"2 minutes"},"schema":{"@context":"https:\/\/schema.org","@graph":[{"@type":"Article","@id":"https:\/\/newsestlyonnais.fr\/site\/2018\/11\/18\/meyzieu-un-rallye-sante-bien-etre-je-pense-a-moi-ce-jeudi-au-centre-le-marronnier\/#article","isPartOf":{"@id":"https:\/\/newsestlyonnais.fr\/site\/2018\/11\/18\/meyzieu-un-rallye-sante-bien-etre-je-pense-a-moi-ce-jeudi-au-centre-le-marronnier\/"},"author":{"name":"R\u00e9dac. NEWS","@id":"https:\/\/newsestlyonnais.fr\/site\/#\/schema\/person\/3230d5615f390bb808365d673001e887"},"headline":"MEYZIEU : Un rallye Sant\u00e9 bien-\u00eatre \u00ab Je pense \u00e0 moi \u00bb ce jeudi au Centre le Marronnier","datePublished":"2018-11-18T15:12:16+00:00","dateModified":"2018-12-23T18:30:44+00:00","mainEntityOfPage":{"@id":"https:\/\/newsestlyonnais.fr\/site\/2018\/11\/18\/meyzieu-un-rallye-sante-bien-etre-je-pense-a-moi-ce-jeudi-au-centre-le-marronnier\/"},"wordCount":382,"commentCount":0,"publisher":{"@id":"https:\/\/newsestlyonnais.fr\/site\/#organization"},"image":{"@id":"https:\/\/newsestlyonnais.fr\/site\/2018\/11\/18\/meyzieu-un-rallye-sante-bien-etre-je-pense-a-moi-ce-jeudi-au-centre-le-marronnier\/#primaryimage"},"thumbnailUrl":"https:\/\/newsestlyonnais.fr\/site\/wp-content\/uploads\/2018\/05\/NEWSESTLYONNAIS-.png","keywords":["MEYZIEU","RALLYE","SANTE"],"articleSection":["\u00e0 la une","Meyzieu","Sant\u00e9 | Bien Etre | Solidarit\u00e9"],"inLanguage":"fr-FR","potentialAction":[{"@type":"CommentAction","name":"Comment","target":["https:\/\/newsestlyonnais.fr\/site\/2018\/11\/18\/meyzieu-un-rallye-sante-bien-etre-je-pense-a-moi-ce-jeudi-au-centre-le-marronnier\/#respond"]}]},{"@type":"WebPage","@id":"https:\/\/newsestlyonnais.fr\/site\/2018\/11\/18\/meyzieu-un-rallye-sante-bien-etre-je-pense-a-moi-ce-jeudi-au-centre-le-marronnier\/","url":"https:\/\/newsestlyonnais.fr\/site\/2018\/11\/18\/meyzieu-un-rallye-sante-bien-etre-je-pense-a-moi-ce-jeudi-au-centre-le-marronnier\/","name":"MEYZIEU : Un rallye Sant\u00e9 bien-\u00eatre \u00ab Je pense \u00e0 moi \u00bb ce jeudi au Centre le Marronnier - News Est Lyonnais MEYZIEU : Un rallye Sant\u00e9 bien-\u00eatre \u00ab Je pense \u00e0 moi \u00bb ce jeudi au Centre le Marronnier","isPartOf":{"@id":"https:\/\/newsestlyonnais.fr\/site\/#website"},"primaryImageOfPage":{"@id":"https:\/\/newsestlyonnais.fr\/site\/2018\/11\/18\/meyzieu-un-rallye-sante-bien-etre-je-pense-a-moi-ce-jeudi-au-centre-le-marronnier\/#primaryimage"},"image":{"@id":"https:\/\/newsestlyonnais.fr\/site\/2018\/11\/18\/meyzieu-un-rallye-sante-bien-etre-je-pense-a-moi-ce-jeudi-au-centre-le-marronnier\/#primaryimage"},"thumbnailUrl":"https:\/\/newsestlyonnais.fr\/site\/wp-content\/uploads\/2018\/05\/NEWSESTLYONNAIS-.png","datePublished":"2018-11-18T15:12:16+00:00","dateModified":"2018-12-23T18:30:44+00:00","description":"MEYZIEU : Un rallye Sant\u00e9 bien-\u00eatre \u00ab Je pense \u00e0 moi \u00bb ce jeudi au Centre le Marronnier","breadcrumb":{"@id":"https:\/\/newsestlyonnais.fr\/site\/2018\/11\/18\/meyzieu-un-rallye-sante-bien-etre-je-pense-a-moi-ce-jeudi-au-centre-le-marronnier\/#breadcrumb"},"inLanguage":"fr-FR","potentialAction":[{"@type":"ReadAction","target":["https:\/\/newsestlyonnais.fr\/site\/2018\/11\/18\/meyzieu-un-rallye-sante-bien-etre-je-pense-a-moi-ce-jeudi-au-centre-le-marronnier\/"]}]},{"@type":"ImageObject","inLanguage":"fr-FR","@id":"https:\/\/newsestlyonnais.fr\/site\/2018\/11\/18\/meyzieu-un-rallye-sante-bien-etre-je-pense-a-moi-ce-jeudi-au-centre-le-marronnier\/#primaryimage","url":"https:\/\/newsestlyonnais.fr\/site\/wp-content\/uploads\/2018\/05\/NEWSESTLYONNAIS-.png","contentUrl":"https:\/\/newsestlyonnais.fr\/site\/wp-content\/uploads\/2018\/05\/NEWSESTLYONNAIS-.png","width":1280,"height":960,"caption":"NEWSESTLYONNAIS VISUEL MEYZIEU"},{"@type":"BreadcrumbList","@id":"https:\/\/newsestlyonnais.fr\/site\/2018\/11\/18\/meyzieu-un-rallye-sante-bien-etre-je-pense-a-moi-ce-jeudi-au-centre-le-marronnier\/#breadcrumb","itemListElement":[{"@type":"ListItem","position":1,"name":"Accueil","item":"https:\/\/newsestlyonnais.fr\/site\/"},{"@type":"ListItem","position":2,"name":"MEYZIEU : Un rallye Sant\u00e9 bien-\u00eatre \u00ab Je pense \u00e0 moi \u00bb ce jeudi au Centre le Marronnier"}]},{"@type":"WebSite","@id":"https:\/\/newsestlyonnais.fr\/site\/#website","url":"https:\/\/newsestlyonnais.fr\/site\/","name":"News Est Lyonnais","description":"L&#039;actualit\u00e9 au plus pr\u00e8s","publisher":{"@id":"https:\/\/newsestlyonnais.fr\/site\/#organization"},"potentialAction":[{"@type":"SearchAction","target":{"@type":"EntryPoint","urlTemplate":"https:\/\/newsestlyonnais.fr\/site\/?s={search_term_string}"},"query-input":{"@type":"PropertyValueSpecification","valueRequired":true,"valueName":"search_term_string"}}],"inLanguage":"fr-FR"},{"@type":"Organization","@id":"https:\/\/newsestlyonnais.fr\/site\/#organization","name":"News EST LYONNAIS","url":"https:\/\/newsestlyonnais.fr\/site\/","logo":{"@type":"ImageObject","inLanguage":"fr-FR","@id":"https:\/\/newsestlyonnais.fr\/site\/#\/schema\/logo\/image\/","url":"","contentUrl":"","caption":"News EST LYONNAIS"},"image":{"@id":"https:\/\/newsestlyonnais.fr\/site\/#\/schema\/logo\/image\/"}},{"@type":"Person","@id":"https:\/\/newsestlyonnais.fr\/site\/#\/schema\/person\/3230d5615f390bb808365d673001e887","name":"R\u00e9dac. NEWS","sameAs":["http:\/\/www.newsestlyonnais.fr","https:\/\/www.facebook.com\/pascal.oberson.1?fref=ts","https:\/\/fr.linkedin.com\/in\/pascal-oberson-b17045113"],"url":"https:\/\/newsestlyonnais.fr\/site\/author\/nel\/"}]}},"_links":{"self":[{"href":"https:\/\/newsestlyonnais.fr\/site\/wp-json\/wp\/v2\/posts\/60463","targetHints":{"allow":["GET"]}}],"collection":[{"href":"https:\/\/newsestlyonnais.fr\/site\/wp-json\/wp\/v2\/posts"}],"about":[{"href":"https:\/\/newsestlyonnais.fr\/site\/wp-json\/wp\/v2\/types\/post"}],"author":[{"embeddable":true,"href":"https:\/\/newsestlyonnais.fr\/site\/wp-json\/wp\/v2\/users\/4"}],"replies":[{"embeddable":true,"href":"https:\/\/newsestlyonnais.fr\/site\/wp-json\/wp\/v2\/comments?post=60463"}],"version-history":[{"count":0,"href":"https:\/\/newsestlyonnais.fr\/site\/wp-json\/wp\/v2\/posts\/60463\/revisions"}],"wp:featuredmedia":[{"embeddable":true,"href":"https:\/\/newsestlyonnais.fr\/site\/wp-json\/wp\/v2\/media\/50594"}],"wp:attachment":[{"href":"https:\/\/newsestlyonnais.fr\/site\/wp-json\/wp\/v2\/media?parent=60463"}],"wp:term":[{"taxonomy":"category","embeddable":true,"href":"https:\/\/newsestlyonnais.fr\/site\/wp-json\/wp\/v2\/categories?post=60463"},{"taxonomy":"post_tag","embeddable":true,"href":"https:\/\/newsestlyonnais.fr\/site\/wp-json\/wp\/v2\/tags?post=60463"}],"curies":[{"name":"wp","href":"https:\/\/api.w.org\/{rel}","templated":true}]}}