{"id":60535,"date":"2018-12-01T20:27:17","date_gmt":"2018-12-01T19:27:17","guid":{"rendered":"http:\/\/newsestlyonnais.fr\/site\/?p=60535"},"modified":"2020-10-22T18:12:09","modified_gmt":"2020-10-22T17:12:09","slug":"miribel-jonage-remise-des-prix-du-17-concours-photo-du-grand-parc","status":"publish","type":"post","link":"https:\/\/newsestlyonnais.fr\/site\/2018\/12\/01\/miribel-jonage-remise-des-prix-du-17-concours-photo-du-grand-parc\/","title":{"rendered":"MIRIBEL-JONAGE | Remise des prix 17\u00b0 concours photo du Grand Parc"},"content":{"rendered":"<h4>La remise des prix du 17\u00b0 concours photo du Grand Parc se d\u00e9roulait mardi en d\u00e9but de soir\u00e9e salle de s\u00e9minaire de l&rsquo;Atol&rsquo;.<\/h4>\n<p>Le point d\u2019orgue d\u2019un \u00e9v\u00e9nement qui permet chaque ann\u00e9e (depuis la 1\u00b0 \u00e9dition en 2002) au public du Parc d\u2019exprimer toute sa cr\u00e9ativit\u00e9 au travers de l\u2019art de la photographie, mais aussi de l\u2019\u00e9criture pour les plus jeunes, dans un espace naturel de qualit\u00e9.<\/p>\n<p>Cette ann\u00e9e, <strong>pr\u00e8s de 150 participants<\/strong> amateurs ou confirm\u00e9s ont pu ainsi envoyer <strong>du 15 juin au 15 septembre<\/strong><br \/>\n<strong>2018<\/strong> leur propre interpr\u00e9tation du th\u00e8me \u00ab En chemin\u2026\u00bb sur le site Internet du Grand Parc.<\/p>\n<p>Les photos, prises \u00e0 l\u2019aide d\u2019un appareil photo, d\u2019un t\u00e9l\u00e9phone portable ou d\u2019une tablette, sont tr\u00e8s diverses tant dans leur forme que dans la prise en compte de la th\u00e9matique propos\u00e9e : paysages insolites, compositions \u00e0 partir d\u2019\u00e9l\u00e9ments naturels, sc\u00e8nes immobiles ou en mouvement, avec des pr\u00e9sences humaines ou animales, chacun aura r\u00e9v\u00e9l\u00e9 \u00e0 sa mani\u00e8re le territoire du Grand Parc \u00e0 travers ses nombreux chemins.<\/p>\n<p>Les clich\u00e9s ont ensuite \u00e9t\u00e9 partag\u00e9s sur la page Facebook du Grand Parc au fur et \u00e0 mesure de leur envoi. Tout<br \/>\nau long de l\u2019\u00e9t\u00e9, le public a \u00e9galement \u00e9t\u00e9 tr\u00e8s nombreux \u00e0 voter pour sa photo pr\u00e9f\u00e9r\u00e9e jusqu\u2019au 15 septembre 2018. Celle ayant recueilli le plus de vote \u00e0 cette date a ainsi pu obtenir le prix du public.<\/p>\n<p>Le concours comprend un volet Groupes &amp; Structures, ouvert aux jeunes de 10 \u00e0 15 ans des Accueils Collectifs de Mineurs des quartiers relevant de la coh\u00e9sion sociale. On compte ainsi cette ann\u00e9e, parmi les 136 participants, 40 jeunes en provenance de 5 centres de loisirs de Bron, Rillieux-la-Pape, et Vaulx-en-Velin (3 structures).<\/p>\n<p>Certains de ces jeunes d\u00e9couvraient la photo, le fonctionnement d\u2019un appareil et parfois le parc pour la premi\u00e8re fois. Les jeunes encadr\u00e9s par leur centre social ont \u00e9t\u00e9 initi\u00e9s \u00e0 la photographie gr\u00e2ce \u00e0 l\u2019accompagnement du photographe Maxime D\u00e9chelette, animateur membre du collectif ABI\/ABO, qui a su les aider \u00e0 d\u00e9velopper leur cr\u00e9ativit\u00e9 et mettre en image leurs id\u00e9es.<\/p>\n<p>Parall\u00e8lement \u00e0 leur initiation \u00e0 la photographie, les jeunes ont particip\u00e9 \u00e0 l\u2019atelier \u00e9criture anim\u00e9 par Pierre<br \/>\nGonzales, membre du collectif ABI\/ABO. Ils ont pu \u00e0 cette occasion trouver ou retrouver le go\u00fbt et le plaisir<br \/>\nd\u2019\u00e9crire, en jouant avec les mots, les rythmes et les sonorit\u00e9s avec comme contrainte le respect du th\u00e8me. Ils<br \/>\nont encore une fois fait preuve de beaucoup d\u2019imagination.<\/p>\n<hr \/>\n<p><span style=\"text-decoration: underline;\"><em><strong>L&rsquo;EDITION 2018 EN CHIFFRES<\/strong><\/em><\/span> : <strong>136 participants au total<\/strong> (96 dans la cat\u00e9gorie Grand Public et 40 dans la cat\u00e9gorie Groupe &amp; Structures) \/ <strong>19 laur\u00e9ats<\/strong> dont 1 prix du public via Internet \/ Plus de 1 500 \u20ac de lots au total.<\/p>\n<p><span style=\"text-decoration: underline;\"><strong>LES LAUREATS DU CONCOURS PHOTO 2018<\/strong> <\/span>:<\/p>\n<ul>\n<li><strong>Cat\u00e9gorie Grand Public<\/strong> : 96 participants : <span style=\"text-decoration: underline;\">1\u00b0 prix : Fabrice Poirier \u00ab \u00abVers la ferme de la Foresti\u00e8re \u00bb Genas,<\/span> 2\u00b0 prix : L\u00e9on Garcia William Ricardo \u00abUne fois la nuit tomb\u00e9e, en chemin&#8230;comme des lucioles\u00bb<br \/>\nLyon, 3\u00b0 prix : S\u00e9bastien Dos Santos \u00abEn route pour l\u2019aventure\u00bb Vaulx-en-Velin.<\/li>\n<li><strong>Prix du public<\/strong> : <span style=\"text-decoration: underline;\">C\u00e9line Bettane<\/span> \u00ab Le bonheur n\u2019est pas au bout du chemin\u2026 Le bonheur c\u2019est le chemin ! \u00bb Lyon.<\/li>\n<li><strong>Cat\u00e9gorie Groupes &amp; Structures<\/strong> : 40 participants : <span style=\"text-decoration: underline;\">1\u00b0 prix : Elodie Piegay<\/span>, 12 ans (Centre a\u00e9r\u00e9 de Bron \u2013 Parilly), 2\u00b0 prix : Olsa Hamiti, 9 ans (Centre de loisirs Le Pr\u00e9, Vaulx-en-Velin), 3\u00b0 prix : Davit Meloyan, 12 ans (Centre a\u00e9r\u00e9 des L\u00f4nes \u2013 Rillieux-la-pape).<\/li>\n<li><strong>Atelier d\u2019\u00e9criture<\/strong> : <span style=\"text-decoration: underline;\">1\u00b0 prix : Yasmine Netchaoui<\/span> &#8211; 10 ans (Centre de loisirs Le Pr\u00e9, Vaulx-en-Velin), 2\u00b0 prix : In\u00e8s Bsa\u00efthi &#8211; 14 ans (Centre social JJ Peyri, Vaulx-en-Velin), 3\u00b0 prix Elisa Lapointe, 11 ans (Centre a\u00e9r\u00e9 de Bron \u2013 Parilly).<\/li>\n<\/ul>\n<hr \/>\n<p><strong>Retrouvez l&rsquo;ACTU du Grand Parc sur : <a href=\"https:\/\/www.grand-parc.fr\" target=\"_blank\" rel=\"noopener noreferrer\">https:\/\/www.grand-parc.fr<\/a><\/strong><\/p>\n<div id='gallery-1' class='gallery galleryid-60535 gallery-columns-3 gallery-size-thumbnail'><figure class='gallery-item'>\n\t\t\t<div class='gallery-icon landscape'>\n\t\t\t\t<a href='https:\/\/newsestlyonnais.fr\/site\/newsestlyonnais-conc-phto-miribel-2018\/'><img loading=\"lazy\" decoding=\"async\" width=\"150\" height=\"150\" src=\"https:\/\/newsestlyonnais.fr\/site\/wp-content\/uploads\/2018\/07\/NEWSESTLYONNAIS-CONC-PHTO-MIRIBEL-2018-150x150.jpg\" class=\"attachment-thumbnail size-thumbnail\" alt=\"CONC PHOTO MIRIBEL 2018\" aria-describedby=\"gallery-1-53899\" \/><\/a>\n\t\t\t<\/div>\n\t\t\t\t<figcaption class='wp-caption-text gallery-caption' id='gallery-1-53899'>\n\t\t\t\tL&rsquo;affiche du concours\n\t\t\t\t<\/figcaption><\/figure><figure class='gallery-item'>\n\t\t\t<div class='gallery-icon portrait'>\n\t\t\t\t<a href='https:\/\/newsestlyonnais.fr\/site\/2018\/12\/01\/miribel-jonage-remise-des-prix-du-17-concours-photo-du-grand-parc\/newsestlyonnais-miribel-photo-01\/'><img loading=\"lazy\" decoding=\"async\" width=\"150\" height=\"150\" src=\"https:\/\/newsestlyonnais.fr\/site\/wp-content\/uploads\/2018\/11\/NEWSESTLYONNAIS-MIRIBEL-PHOTO-01-150x150.png\" class=\"attachment-thumbnail size-thumbnail\" alt=\"NEWSESTLYONNAIS MIRIBEL PHOTO 01\" aria-describedby=\"gallery-1-60549\" \/><\/a>\n\t\t\t<\/div>\n\t\t\t\t<figcaption class='wp-caption-text gallery-caption' id='gallery-1-60549'>\n\t\t\t\tCat\u00e9gorie Grand Public  1 er prix\n\t\t\t\t<\/figcaption><\/figure><figure class='gallery-item'>\n\t\t\t<div class='gallery-icon portrait'>\n\t\t\t\t<a href='https:\/\/newsestlyonnais.fr\/site\/2018\/12\/01\/miribel-jonage-remise-des-prix-du-17-concours-photo-du-grand-parc\/miribel-photo-02\/'><img loading=\"lazy\" decoding=\"async\" width=\"150\" height=\"150\" src=\"https:\/\/newsestlyonnais.fr\/site\/wp-content\/uploads\/2018\/11\/miribel-photo-02-150x150.png\" class=\"attachment-thumbnail size-thumbnail\" alt=\"\" aria-describedby=\"gallery-1-60551\" \/><\/a>\n\t\t\t<\/div>\n\t\t\t\t<figcaption class='wp-caption-text gallery-caption' id='gallery-1-60551'>\n\t\t\t\t    Le prix du public\n\t\t\t\t<\/figcaption><\/figure>\n\t\t<\/div>\n\n","protected":false},"excerpt":{"rendered":"<p>La remise des prix du 17\u00b0 concours photo du Grand Parc se d\u00e9roulait mardi en d\u00e9but de soir\u00e9e salle de s\u00e9minaire de l&rsquo;Atol&rsquo;. Le point d\u2019orgue d\u2019un \u00e9v\u00e9nement qui permet chaque ann\u00e9e (depuis la 1\u00b0 \u00e9dition en 2002) au public du Parc d\u2019exprimer toute sa cr\u00e9ativit\u00e9 au travers de l\u2019art de la photographie, mais aussi [&hellip;]<\/p>\n","protected":false},"author":4,"featured_media":60539,"comment_status":"open","ping_status":"open","sticky":false,"template":"","format":"standard","meta":{"footnotes":""},"categories":[3007,28],"tags":[],"class_list":["post-60535","post","type-post","status-publish","format-standard","has-post-thumbnail","hentry","category-peinture-photo-sculpture","category-vaulx-en-velin"],"yoast_head":"<!-- This site is optimized with the Yoast SEO plugin v27.2 - https:\/\/yoast.com\/product\/yoast-seo-wordpress\/ -->\n<title>MIRIBEL-JONAGE | Remise des prix 17\u00b0 concours photo du Grand Parc - News Est Lyonnais MIRIBEL-JONAGE : Remise des prix du 17\u00b0 concours photo du Grand Parc<\/title>\n<meta name=\"description\" content=\"MIRIBEL-JONAGE : Remise des prix du 17\u00b0 concours photo du Grand Parc\" \/>\n<meta name=\"robots\" content=\"index, follow, max-snippet:-1, max-image-preview:large, max-video-preview:-1\" \/>\n<link rel=\"canonical\" href=\"https:\/\/newsestlyonnais.fr\/site\/2018\/12\/01\/miribel-jonage-remise-des-prix-du-17-concours-photo-du-grand-parc\/\" \/>\n<meta property=\"og:locale\" content=\"fr_FR\" \/>\n<meta property=\"og:type\" content=\"article\" \/>\n<meta property=\"og:title\" content=\"MIRIBEL-JONAGE | Remise des prix 17\u00b0 concours photo du Grand Parc - News Est Lyonnais MIRIBEL-JONAGE : Remise des prix du 17\u00b0 concours photo du Grand Parc\" \/>\n<meta property=\"og:description\" content=\"MIRIBEL-JONAGE : Remise des prix du 17\u00b0 concours photo du Grand Parc\" \/>\n<meta property=\"og:url\" content=\"https:\/\/newsestlyonnais.fr\/site\/2018\/12\/01\/miribel-jonage-remise-des-prix-du-17-concours-photo-du-grand-parc\/\" \/>\n<meta property=\"og:site_name\" content=\"News Est Lyonnais\" \/>\n<meta property=\"article:author\" content=\"https:\/\/www.facebook.com\/pascal.oberson.1?fref=ts\" \/>\n<meta property=\"article:published_time\" content=\"2018-12-01T19:27:17+00:00\" \/>\n<meta property=\"article:modified_time\" content=\"2020-10-22T17:12:09+00:00\" \/>\n<meta property=\"og:image\" content=\"https:\/\/i0.wp.com\/newsestlyonnais.fr\/site\/wp-content\/uploads\/2018\/11\/NEWSESTLYONNAIS-PHOTOS-MIRIBEL.jpg?fit=4032%2C2268&ssl=1\" \/>\n\t<meta property=\"og:image:width\" content=\"4032\" \/>\n\t<meta property=\"og:image:height\" content=\"2268\" \/>\n\t<meta property=\"og:image:type\" content=\"image\/jpeg\" \/>\n<meta name=\"author\" content=\"R\u00e9dac. NEWS\" \/>\n<meta name=\"twitter:card\" content=\"summary_large_image\" \/>\n<meta name=\"twitter:label1\" content=\"\u00c9crit par\" \/>\n\t<meta name=\"twitter:data1\" content=\"R\u00e9dac. NEWS\" \/>\n\t<meta name=\"twitter:label2\" content=\"Dur\u00e9e de lecture estim\u00e9e\" \/>\n\t<meta name=\"twitter:data2\" content=\"3 minutes\" \/>\n<script type=\"application\/ld+json\" class=\"yoast-schema-graph\">{\"@context\":\"https:\/\/schema.org\",\"@graph\":[{\"@type\":\"Article\",\"@id\":\"https:\/\/newsestlyonnais.fr\/site\/2018\/12\/01\/miribel-jonage-remise-des-prix-du-17-concours-photo-du-grand-parc\/#article\",\"isPartOf\":{\"@id\":\"https:\/\/newsestlyonnais.fr\/site\/2018\/12\/01\/miribel-jonage-remise-des-prix-du-17-concours-photo-du-grand-parc\/\"},\"author\":{\"name\":\"R\u00e9dac. NEWS\",\"@id\":\"https:\/\/newsestlyonnais.fr\/site\/#\/schema\/person\/3230d5615f390bb808365d673001e887\"},\"headline\":\"MIRIBEL-JONAGE | Remise des prix 17\u00b0 concours photo du Grand Parc\",\"datePublished\":\"2018-12-01T19:27:17+00:00\",\"dateModified\":\"2020-10-22T17:12:09+00:00\",\"mainEntityOfPage\":{\"@id\":\"https:\/\/newsestlyonnais.fr\/site\/2018\/12\/01\/miribel-jonage-remise-des-prix-du-17-concours-photo-du-grand-parc\/\"},\"wordCount\":641,\"commentCount\":0,\"publisher\":{\"@id\":\"https:\/\/newsestlyonnais.fr\/site\/#organization\"},\"image\":{\"@id\":\"https:\/\/newsestlyonnais.fr\/site\/2018\/12\/01\/miribel-jonage-remise-des-prix-du-17-concours-photo-du-grand-parc\/#primaryimage\"},\"thumbnailUrl\":\"https:\/\/newsestlyonnais.fr\/site\/wp-content\/uploads\/2018\/11\/NEWSESTLYONNAIS-PHOTOS-MIRIBEL.jpg\",\"articleSection\":[\"Peinture | Photo | Sculpture\",\"Vaulx-en-Velin\"],\"inLanguage\":\"fr-FR\",\"potentialAction\":[{\"@type\":\"CommentAction\",\"name\":\"Comment\",\"target\":[\"https:\/\/newsestlyonnais.fr\/site\/2018\/12\/01\/miribel-jonage-remise-des-prix-du-17-concours-photo-du-grand-parc\/#respond\"]}]},{\"@type\":\"WebPage\",\"@id\":\"https:\/\/newsestlyonnais.fr\/site\/2018\/12\/01\/miribel-jonage-remise-des-prix-du-17-concours-photo-du-grand-parc\/\",\"url\":\"https:\/\/newsestlyonnais.fr\/site\/2018\/12\/01\/miribel-jonage-remise-des-prix-du-17-concours-photo-du-grand-parc\/\",\"name\":\"MIRIBEL-JONAGE | Remise des prix 17\u00b0 concours photo du Grand Parc - News Est Lyonnais MIRIBEL-JONAGE : Remise des prix du 17\u00b0 concours photo du Grand Parc\",\"isPartOf\":{\"@id\":\"https:\/\/newsestlyonnais.fr\/site\/#website\"},\"primaryImageOfPage\":{\"@id\":\"https:\/\/newsestlyonnais.fr\/site\/2018\/12\/01\/miribel-jonage-remise-des-prix-du-17-concours-photo-du-grand-parc\/#primaryimage\"},\"image\":{\"@id\":\"https:\/\/newsestlyonnais.fr\/site\/2018\/12\/01\/miribel-jonage-remise-des-prix-du-17-concours-photo-du-grand-parc\/#primaryimage\"},\"thumbnailUrl\":\"https:\/\/newsestlyonnais.fr\/site\/wp-content\/uploads\/2018\/11\/NEWSESTLYONNAIS-PHOTOS-MIRIBEL.jpg\",\"datePublished\":\"2018-12-01T19:27:17+00:00\",\"dateModified\":\"2020-10-22T17:12:09+00:00\",\"description\":\"MIRIBEL-JONAGE : Remise des prix du 17\u00b0 concours photo du Grand Parc\",\"breadcrumb\":{\"@id\":\"https:\/\/newsestlyonnais.fr\/site\/2018\/12\/01\/miribel-jonage-remise-des-prix-du-17-concours-photo-du-grand-parc\/#breadcrumb\"},\"inLanguage\":\"fr-FR\",\"potentialAction\":[{\"@type\":\"ReadAction\",\"target\":[\"https:\/\/newsestlyonnais.fr\/site\/2018\/12\/01\/miribel-jonage-remise-des-prix-du-17-concours-photo-du-grand-parc\/\"]}]},{\"@type\":\"ImageObject\",\"inLanguage\":\"fr-FR\",\"@id\":\"https:\/\/newsestlyonnais.fr\/site\/2018\/12\/01\/miribel-jonage-remise-des-prix-du-17-concours-photo-du-grand-parc\/#primaryimage\",\"url\":\"https:\/\/newsestlyonnais.fr\/site\/wp-content\/uploads\/2018\/11\/NEWSESTLYONNAIS-PHOTOS-MIRIBEL.jpg\",\"contentUrl\":\"https:\/\/newsestlyonnais.fr\/site\/wp-content\/uploads\/2018\/11\/NEWSESTLYONNAIS-PHOTOS-MIRIBEL.jpg\",\"width\":4032,\"height\":2268,\"caption\":\"NEWSESTLYONNAIS PHOTOS MIRIBEL\"},{\"@type\":\"BreadcrumbList\",\"@id\":\"https:\/\/newsestlyonnais.fr\/site\/2018\/12\/01\/miribel-jonage-remise-des-prix-du-17-concours-photo-du-grand-parc\/#breadcrumb\",\"itemListElement\":[{\"@type\":\"ListItem\",\"position\":1,\"name\":\"Accueil\",\"item\":\"https:\/\/newsestlyonnais.fr\/site\/\"},{\"@type\":\"ListItem\",\"position\":2,\"name\":\"MIRIBEL-JONAGE | Remise des prix 17\u00b0 concours photo du Grand Parc\"}]},{\"@type\":\"WebSite\",\"@id\":\"https:\/\/newsestlyonnais.fr\/site\/#website\",\"url\":\"https:\/\/newsestlyonnais.fr\/site\/\",\"name\":\"News Est Lyonnais\",\"description\":\"L&#039;actualit\u00e9 au plus pr\u00e8s\",\"publisher\":{\"@id\":\"https:\/\/newsestlyonnais.fr\/site\/#organization\"},\"potentialAction\":[{\"@type\":\"SearchAction\",\"target\":{\"@type\":\"EntryPoint\",\"urlTemplate\":\"https:\/\/newsestlyonnais.fr\/site\/?s={search_term_string}\"},\"query-input\":{\"@type\":\"PropertyValueSpecification\",\"valueRequired\":true,\"valueName\":\"search_term_string\"}}],\"inLanguage\":\"fr-FR\"},{\"@type\":\"Organization\",\"@id\":\"https:\/\/newsestlyonnais.fr\/site\/#organization\",\"name\":\"News EST LYONNAIS\",\"url\":\"https:\/\/newsestlyonnais.fr\/site\/\",\"logo\":{\"@type\":\"ImageObject\",\"inLanguage\":\"fr-FR\",\"@id\":\"https:\/\/newsestlyonnais.fr\/site\/#\/schema\/logo\/image\/\",\"url\":\"\",\"contentUrl\":\"\",\"caption\":\"News EST LYONNAIS\"},\"image\":{\"@id\":\"https:\/\/newsestlyonnais.fr\/site\/#\/schema\/logo\/image\/\"}},{\"@type\":\"Person\",\"@id\":\"https:\/\/newsestlyonnais.fr\/site\/#\/schema\/person\/3230d5615f390bb808365d673001e887\",\"name\":\"R\u00e9dac. NEWS\",\"sameAs\":[\"http:\/\/www.newsestlyonnais.fr\",\"https:\/\/www.facebook.com\/pascal.oberson.1?fref=ts\",\"https:\/\/fr.linkedin.com\/in\/pascal-oberson-b17045113\"],\"url\":\"https:\/\/newsestlyonnais.fr\/site\/author\/nel\/\"}]}<\/script>\n<!-- \/ Yoast SEO plugin. -->","yoast_head_json":{"title":"MIRIBEL-JONAGE | Remise des prix 17\u00b0 concours photo du Grand Parc - News Est Lyonnais MIRIBEL-JONAGE : Remise des prix du 17\u00b0 concours photo du Grand Parc","description":"MIRIBEL-JONAGE : Remise des prix du 17\u00b0 concours photo du Grand Parc","robots":{"index":"index","follow":"follow","max-snippet":"max-snippet:-1","max-image-preview":"max-image-preview:large","max-video-preview":"max-video-preview:-1"},"canonical":"https:\/\/newsestlyonnais.fr\/site\/2018\/12\/01\/miribel-jonage-remise-des-prix-du-17-concours-photo-du-grand-parc\/","og_locale":"fr_FR","og_type":"article","og_title":"MIRIBEL-JONAGE | Remise des prix 17\u00b0 concours photo du Grand Parc - News Est Lyonnais MIRIBEL-JONAGE : Remise des prix du 17\u00b0 concours photo du Grand Parc","og_description":"MIRIBEL-JONAGE : Remise des prix du 17\u00b0 concours photo du Grand Parc","og_url":"https:\/\/newsestlyonnais.fr\/site\/2018\/12\/01\/miribel-jonage-remise-des-prix-du-17-concours-photo-du-grand-parc\/","og_site_name":"News Est Lyonnais","article_author":"https:\/\/www.facebook.com\/pascal.oberson.1?fref=ts","article_published_time":"2018-12-01T19:27:17+00:00","article_modified_time":"2020-10-22T17:12:09+00:00","og_image":[{"width":4032,"height":2268,"url":"https:\/\/i0.wp.com\/newsestlyonnais.fr\/site\/wp-content\/uploads\/2018\/11\/NEWSESTLYONNAIS-PHOTOS-MIRIBEL.jpg?fit=4032%2C2268&ssl=1","type":"image\/jpeg"}],"author":"R\u00e9dac. NEWS","twitter_card":"summary_large_image","twitter_misc":{"\u00c9crit par":"R\u00e9dac. NEWS","Dur\u00e9e de lecture estim\u00e9e":"3 minutes"},"schema":{"@context":"https:\/\/schema.org","@graph":[{"@type":"Article","@id":"https:\/\/newsestlyonnais.fr\/site\/2018\/12\/01\/miribel-jonage-remise-des-prix-du-17-concours-photo-du-grand-parc\/#article","isPartOf":{"@id":"https:\/\/newsestlyonnais.fr\/site\/2018\/12\/01\/miribel-jonage-remise-des-prix-du-17-concours-photo-du-grand-parc\/"},"author":{"name":"R\u00e9dac. NEWS","@id":"https:\/\/newsestlyonnais.fr\/site\/#\/schema\/person\/3230d5615f390bb808365d673001e887"},"headline":"MIRIBEL-JONAGE | Remise des prix 17\u00b0 concours photo du Grand Parc","datePublished":"2018-12-01T19:27:17+00:00","dateModified":"2020-10-22T17:12:09+00:00","mainEntityOfPage":{"@id":"https:\/\/newsestlyonnais.fr\/site\/2018\/12\/01\/miribel-jonage-remise-des-prix-du-17-concours-photo-du-grand-parc\/"},"wordCount":641,"commentCount":0,"publisher":{"@id":"https:\/\/newsestlyonnais.fr\/site\/#organization"},"image":{"@id":"https:\/\/newsestlyonnais.fr\/site\/2018\/12\/01\/miribel-jonage-remise-des-prix-du-17-concours-photo-du-grand-parc\/#primaryimage"},"thumbnailUrl":"https:\/\/newsestlyonnais.fr\/site\/wp-content\/uploads\/2018\/11\/NEWSESTLYONNAIS-PHOTOS-MIRIBEL.jpg","articleSection":["Peinture | Photo | Sculpture","Vaulx-en-Velin"],"inLanguage":"fr-FR","potentialAction":[{"@type":"CommentAction","name":"Comment","target":["https:\/\/newsestlyonnais.fr\/site\/2018\/12\/01\/miribel-jonage-remise-des-prix-du-17-concours-photo-du-grand-parc\/#respond"]}]},{"@type":"WebPage","@id":"https:\/\/newsestlyonnais.fr\/site\/2018\/12\/01\/miribel-jonage-remise-des-prix-du-17-concours-photo-du-grand-parc\/","url":"https:\/\/newsestlyonnais.fr\/site\/2018\/12\/01\/miribel-jonage-remise-des-prix-du-17-concours-photo-du-grand-parc\/","name":"MIRIBEL-JONAGE | Remise des prix 17\u00b0 concours photo du Grand Parc - News Est Lyonnais MIRIBEL-JONAGE : Remise des prix du 17\u00b0 concours photo du Grand Parc","isPartOf":{"@id":"https:\/\/newsestlyonnais.fr\/site\/#website"},"primaryImageOfPage":{"@id":"https:\/\/newsestlyonnais.fr\/site\/2018\/12\/01\/miribel-jonage-remise-des-prix-du-17-concours-photo-du-grand-parc\/#primaryimage"},"image":{"@id":"https:\/\/newsestlyonnais.fr\/site\/2018\/12\/01\/miribel-jonage-remise-des-prix-du-17-concours-photo-du-grand-parc\/#primaryimage"},"thumbnailUrl":"https:\/\/newsestlyonnais.fr\/site\/wp-content\/uploads\/2018\/11\/NEWSESTLYONNAIS-PHOTOS-MIRIBEL.jpg","datePublished":"2018-12-01T19:27:17+00:00","dateModified":"2020-10-22T17:12:09+00:00","description":"MIRIBEL-JONAGE : Remise des prix du 17\u00b0 concours photo du Grand Parc","breadcrumb":{"@id":"https:\/\/newsestlyonnais.fr\/site\/2018\/12\/01\/miribel-jonage-remise-des-prix-du-17-concours-photo-du-grand-parc\/#breadcrumb"},"inLanguage":"fr-FR","potentialAction":[{"@type":"ReadAction","target":["https:\/\/newsestlyonnais.fr\/site\/2018\/12\/01\/miribel-jonage-remise-des-prix-du-17-concours-photo-du-grand-parc\/"]}]},{"@type":"ImageObject","inLanguage":"fr-FR","@id":"https:\/\/newsestlyonnais.fr\/site\/2018\/12\/01\/miribel-jonage-remise-des-prix-du-17-concours-photo-du-grand-parc\/#primaryimage","url":"https:\/\/newsestlyonnais.fr\/site\/wp-content\/uploads\/2018\/11\/NEWSESTLYONNAIS-PHOTOS-MIRIBEL.jpg","contentUrl":"https:\/\/newsestlyonnais.fr\/site\/wp-content\/uploads\/2018\/11\/NEWSESTLYONNAIS-PHOTOS-MIRIBEL.jpg","width":4032,"height":2268,"caption":"NEWSESTLYONNAIS PHOTOS MIRIBEL"},{"@type":"BreadcrumbList","@id":"https:\/\/newsestlyonnais.fr\/site\/2018\/12\/01\/miribel-jonage-remise-des-prix-du-17-concours-photo-du-grand-parc\/#breadcrumb","itemListElement":[{"@type":"ListItem","position":1,"name":"Accueil","item":"https:\/\/newsestlyonnais.fr\/site\/"},{"@type":"ListItem","position":2,"name":"MIRIBEL-JONAGE | Remise des prix 17\u00b0 concours photo du Grand Parc"}]},{"@type":"WebSite","@id":"https:\/\/newsestlyonnais.fr\/site\/#website","url":"https:\/\/newsestlyonnais.fr\/site\/","name":"News Est Lyonnais","description":"L&#039;actualit\u00e9 au plus pr\u00e8s","publisher":{"@id":"https:\/\/newsestlyonnais.fr\/site\/#organization"},"potentialAction":[{"@type":"SearchAction","target":{"@type":"EntryPoint","urlTemplate":"https:\/\/newsestlyonnais.fr\/site\/?s={search_term_string}"},"query-input":{"@type":"PropertyValueSpecification","valueRequired":true,"valueName":"search_term_string"}}],"inLanguage":"fr-FR"},{"@type":"Organization","@id":"https:\/\/newsestlyonnais.fr\/site\/#organization","name":"News EST LYONNAIS","url":"https:\/\/newsestlyonnais.fr\/site\/","logo":{"@type":"ImageObject","inLanguage":"fr-FR","@id":"https:\/\/newsestlyonnais.fr\/site\/#\/schema\/logo\/image\/","url":"","contentUrl":"","caption":"News EST LYONNAIS"},"image":{"@id":"https:\/\/newsestlyonnais.fr\/site\/#\/schema\/logo\/image\/"}},{"@type":"Person","@id":"https:\/\/newsestlyonnais.fr\/site\/#\/schema\/person\/3230d5615f390bb808365d673001e887","name":"R\u00e9dac. NEWS","sameAs":["http:\/\/www.newsestlyonnais.fr","https:\/\/www.facebook.com\/pascal.oberson.1?fref=ts","https:\/\/fr.linkedin.com\/in\/pascal-oberson-b17045113"],"url":"https:\/\/newsestlyonnais.fr\/site\/author\/nel\/"}]}},"_links":{"self":[{"href":"https:\/\/newsestlyonnais.fr\/site\/wp-json\/wp\/v2\/posts\/60535","targetHints":{"allow":["GET"]}}],"collection":[{"href":"https:\/\/newsestlyonnais.fr\/site\/wp-json\/wp\/v2\/posts"}],"about":[{"href":"https:\/\/newsestlyonnais.fr\/site\/wp-json\/wp\/v2\/types\/post"}],"author":[{"embeddable":true,"href":"https:\/\/newsestlyonnais.fr\/site\/wp-json\/wp\/v2\/users\/4"}],"replies":[{"embeddable":true,"href":"https:\/\/newsestlyonnais.fr\/site\/wp-json\/wp\/v2\/comments?post=60535"}],"version-history":[{"count":0,"href":"https:\/\/newsestlyonnais.fr\/site\/wp-json\/wp\/v2\/posts\/60535\/revisions"}],"wp:featuredmedia":[{"embeddable":true,"href":"https:\/\/newsestlyonnais.fr\/site\/wp-json\/wp\/v2\/media\/60539"}],"wp:attachment":[{"href":"https:\/\/newsestlyonnais.fr\/site\/wp-json\/wp\/v2\/media?parent=60535"}],"wp:term":[{"taxonomy":"category","embeddable":true,"href":"https:\/\/newsestlyonnais.fr\/site\/wp-json\/wp\/v2\/categories?post=60535"},{"taxonomy":"post_tag","embeddable":true,"href":"https:\/\/newsestlyonnais.fr\/site\/wp-json\/wp\/v2\/tags?post=60535"}],"curies":[{"name":"wp","href":"https:\/\/api.w.org\/{rel}","templated":true}]}}