{"id":60866,"date":"2018-11-25T07:59:07","date_gmt":"2018-11-25T06:59:07","guid":{"rendered":"http:\/\/newsestlyonnais.fr\/site\/?p=60866"},"modified":"2020-10-23T18:27:12","modified_gmt":"2020-10-23T17:27:12","slug":"vaulx-en-velin-un-nouveau-partenaire-maillot-pour-lus-vaulx-foot","status":"publish","type":"post","link":"https:\/\/newsestlyonnais.fr\/site\/2018\/11\/25\/vaulx-en-velin-un-nouveau-partenaire-maillot-pour-lus-vaulx-foot\/","title":{"rendered":"VAULX-EN-VELIN | Nouveau partenaire maillot pour l\u2019US Vaulx Foot"},"content":{"rendered":"<h4>L\u2019arriv\u00e9e d\u2019un nouveau partenaire est toujours salutaire pour toute association sportive ou non afin de pouvoir compl\u00e9ter ses ressources priv\u00e9es et offrir plus de service \u00e0 ses adh\u00e9rents.<\/h4>\n<p>C\u2019est ainsi le cas du club de foot de l\u2019US Vaulx, pr\u00e9sid\u00e9 par Mustapha Guissi et qui compte \u00e0 pr\u00e9sent une dizaine de partenaires priv\u00e9s. Le dernier en date, le bar villeurbannais \u00a0\u00bb Le Terminus\u00a0\u00bb situ\u00e9 dans le quartier des Buers vient d\u2019offrir par l\u2019interm\u00e9diaire de son patron John, un jeu de maillots. Un \u00e9quipement textile destin\u00e9 \u00e0 l\u2019\u00e9quipe 1 en cat\u00e9gorie U 15 coach\u00e9e par Diego et qui d\u2019ailleurs \u00e9volue en haut de tableau de la poule A en d\u00e9partementale 3.<\/p>\n<ul>\n<li><strong>Retrouvez l&rsquo;ACTU du club sur : <a href=\"https:\/\/usvaulxfoot.footeo.com\" target=\"_blank\" rel=\"noopener noreferrer\">https:\/\/usvaulxfoot.footeo.com<\/a><\/strong><\/li>\n<\/ul>\n<div id='gallery-1' class='gallery galleryid-60866 gallery-columns-3 gallery-size-thumbnail'><figure class='gallery-item'>\n\t\t\t<div class='gallery-icon landscape'>\n\t\t\t\t<a href='https:\/\/newsestlyonnais.fr\/site\/2018\/11\/25\/vaulx-en-velin-un-nouveau-partenaire-maillot-pour-lus-vaulx-foot\/dsc_0615\/'><img loading=\"lazy\" decoding=\"async\" width=\"150\" height=\"150\" src=\"https:\/\/newsestlyonnais.fr\/site\/wp-content\/uploads\/2018\/11\/DSC_0615-150x150.jpg\" class=\"attachment-thumbnail size-thumbnail\" alt=\"NEWSESTLYONNAIS US VAULX 02\" \/><\/a>\n\t\t\t<\/div><\/figure><figure class='gallery-item'>\n\t\t\t<div class='gallery-icon landscape'>\n\t\t\t\t<a href='https:\/\/newsestlyonnais.fr\/site\/2018\/11\/25\/vaulx-en-velin-un-nouveau-partenaire-maillot-pour-lus-vaulx-foot\/dsc_0600\/'><img loading=\"lazy\" decoding=\"async\" width=\"150\" height=\"150\" src=\"https:\/\/newsestlyonnais.fr\/site\/wp-content\/uploads\/2018\/11\/DSC_0600-150x150.jpg\" class=\"attachment-thumbnail size-thumbnail\" alt=\"NEWSESTLYONNAIS US VAULX 03\" \/><\/a>\n\t\t\t<\/div><\/figure>\n\t\t<\/div>\n\n","protected":false},"excerpt":{"rendered":"<p>L\u2019arriv\u00e9e d\u2019un nouveau partenaire est toujours salutaire pour toute association sportive ou non afin de pouvoir compl\u00e9ter ses ressources priv\u00e9es et offrir plus de service \u00e0 ses adh\u00e9rents. C\u2019est ainsi le cas du club de foot de l\u2019US Vaulx, pr\u00e9sid\u00e9 par Mustapha Guissi et qui compte \u00e0 pr\u00e9sent une dizaine de partenaires priv\u00e9s. Le dernier [&hellip;]<\/p>\n","protected":false},"author":4,"featured_media":60869,"comment_status":"open","ping_status":"open","sticky":false,"template":"","format":"standard","meta":{"footnotes":""},"categories":[4,1329,2996,28],"tags":[2052,2135,2006],"class_list":["post-60866","post","type-post","status-publish","format-standard","has-post-thumbnail","hentry","category-evenements-divers","category-foot","category-football-rugby","category-vaulx-en-velin","tag-foot","tag-us-vaulx","tag-vaulx-en-velin"],"yoast_head":"<!-- This site is optimized with the Yoast SEO plugin v27.2 - https:\/\/yoast.com\/product\/yoast-seo-wordpress\/ -->\n<title>VAULX-EN-VELIN | Nouveau partenaire maillot pour l\u2019US Vaulx Foot - News Est Lyonnais VAULX EN VELIN : Un nouveau partenaire maillot pour l\u2019US Vaulx Foot<\/title>\n<meta name=\"description\" content=\"VAULX EN VELIN : Un nouveau partenaire maillot pour l\u2019US Vaulx Foot\" \/>\n<meta name=\"robots\" content=\"index, follow, max-snippet:-1, max-image-preview:large, max-video-preview:-1\" \/>\n<link rel=\"canonical\" href=\"https:\/\/newsestlyonnais.fr\/site\/2018\/11\/25\/vaulx-en-velin-un-nouveau-partenaire-maillot-pour-lus-vaulx-foot\/\" \/>\n<meta property=\"og:locale\" content=\"fr_FR\" \/>\n<meta property=\"og:type\" content=\"article\" \/>\n<meta property=\"og:title\" content=\"VAULX-EN-VELIN | Nouveau partenaire maillot pour l\u2019US Vaulx Foot - News Est Lyonnais VAULX EN VELIN : Un nouveau partenaire maillot pour l\u2019US Vaulx Foot\" \/>\n<meta property=\"og:description\" content=\"VAULX EN VELIN : Un nouveau partenaire maillot pour l\u2019US Vaulx Foot\" \/>\n<meta property=\"og:url\" content=\"https:\/\/newsestlyonnais.fr\/site\/2018\/11\/25\/vaulx-en-velin-un-nouveau-partenaire-maillot-pour-lus-vaulx-foot\/\" \/>\n<meta property=\"og:site_name\" content=\"News Est Lyonnais\" \/>\n<meta property=\"article:author\" content=\"https:\/\/www.facebook.com\/pascal.oberson.1?fref=ts\" \/>\n<meta property=\"article:published_time\" content=\"2018-11-25T06:59:07+00:00\" \/>\n<meta property=\"article:modified_time\" content=\"2020-10-23T17:27:12+00:00\" \/>\n<meta property=\"og:image\" content=\"https:\/\/i1.wp.com\/newsestlyonnais.fr\/site\/wp-content\/uploads\/2018\/11\/DSC_0612.jpg?fit=3008%2C2000&ssl=1\" \/>\n\t<meta property=\"og:image:width\" content=\"3008\" \/>\n\t<meta property=\"og:image:height\" content=\"2000\" \/>\n\t<meta property=\"og:image:type\" content=\"image\/jpeg\" \/>\n<meta name=\"author\" content=\"R\u00e9dac. NEWS\" \/>\n<meta name=\"twitter:card\" content=\"summary_large_image\" \/>\n<meta name=\"twitter:label1\" content=\"\u00c9crit par\" \/>\n\t<meta name=\"twitter:data1\" content=\"R\u00e9dac. NEWS\" \/>\n\t<meta name=\"twitter:label2\" content=\"Dur\u00e9e de lecture estim\u00e9e\" \/>\n\t<meta name=\"twitter:data2\" content=\"1 minute\" \/>\n<script type=\"application\/ld+json\" class=\"yoast-schema-graph\">{\"@context\":\"https:\/\/schema.org\",\"@graph\":[{\"@type\":\"Article\",\"@id\":\"https:\/\/newsestlyonnais.fr\/site\/2018\/11\/25\/vaulx-en-velin-un-nouveau-partenaire-maillot-pour-lus-vaulx-foot\/#article\",\"isPartOf\":{\"@id\":\"https:\/\/newsestlyonnais.fr\/site\/2018\/11\/25\/vaulx-en-velin-un-nouveau-partenaire-maillot-pour-lus-vaulx-foot\/\"},\"author\":{\"name\":\"R\u00e9dac. NEWS\",\"@id\":\"https:\/\/newsestlyonnais.fr\/site\/#\/schema\/person\/3230d5615f390bb808365d673001e887\"},\"headline\":\"VAULX-EN-VELIN | Nouveau partenaire maillot pour l\u2019US Vaulx Foot\",\"datePublished\":\"2018-11-25T06:59:07+00:00\",\"dateModified\":\"2020-10-23T17:27:12+00:00\",\"mainEntityOfPage\":{\"@id\":\"https:\/\/newsestlyonnais.fr\/site\/2018\/11\/25\/vaulx-en-velin-un-nouveau-partenaire-maillot-pour-lus-vaulx-foot\/\"},\"wordCount\":145,\"commentCount\":0,\"publisher\":{\"@id\":\"https:\/\/newsestlyonnais.fr\/site\/#organization\"},\"image\":{\"@id\":\"https:\/\/newsestlyonnais.fr\/site\/2018\/11\/25\/vaulx-en-velin-un-nouveau-partenaire-maillot-pour-lus-vaulx-foot\/#primaryimage\"},\"thumbnailUrl\":\"https:\/\/newsestlyonnais.fr\/site\/wp-content\/uploads\/2018\/11\/DSC_0612.jpg\",\"keywords\":[\"FOOT\",\"US VAULX\",\"VAULX EN VELIN\"],\"articleSection\":[\"Ev\u00e8nements divers\",\"Foot | Futsal\",\"Foot | Rugby\",\"Vaulx-en-Velin\"],\"inLanguage\":\"fr-FR\",\"potentialAction\":[{\"@type\":\"CommentAction\",\"name\":\"Comment\",\"target\":[\"https:\/\/newsestlyonnais.fr\/site\/2018\/11\/25\/vaulx-en-velin-un-nouveau-partenaire-maillot-pour-lus-vaulx-foot\/#respond\"]}]},{\"@type\":\"WebPage\",\"@id\":\"https:\/\/newsestlyonnais.fr\/site\/2018\/11\/25\/vaulx-en-velin-un-nouveau-partenaire-maillot-pour-lus-vaulx-foot\/\",\"url\":\"https:\/\/newsestlyonnais.fr\/site\/2018\/11\/25\/vaulx-en-velin-un-nouveau-partenaire-maillot-pour-lus-vaulx-foot\/\",\"name\":\"VAULX-EN-VELIN | Nouveau partenaire maillot pour l\u2019US Vaulx Foot - News Est Lyonnais VAULX EN VELIN : Un nouveau partenaire maillot pour l\u2019US Vaulx Foot\",\"isPartOf\":{\"@id\":\"https:\/\/newsestlyonnais.fr\/site\/#website\"},\"primaryImageOfPage\":{\"@id\":\"https:\/\/newsestlyonnais.fr\/site\/2018\/11\/25\/vaulx-en-velin-un-nouveau-partenaire-maillot-pour-lus-vaulx-foot\/#primaryimage\"},\"image\":{\"@id\":\"https:\/\/newsestlyonnais.fr\/site\/2018\/11\/25\/vaulx-en-velin-un-nouveau-partenaire-maillot-pour-lus-vaulx-foot\/#primaryimage\"},\"thumbnailUrl\":\"https:\/\/newsestlyonnais.fr\/site\/wp-content\/uploads\/2018\/11\/DSC_0612.jpg\",\"datePublished\":\"2018-11-25T06:59:07+00:00\",\"dateModified\":\"2020-10-23T17:27:12+00:00\",\"description\":\"VAULX EN VELIN : Un nouveau partenaire maillot pour l\u2019US Vaulx Foot\",\"breadcrumb\":{\"@id\":\"https:\/\/newsestlyonnais.fr\/site\/2018\/11\/25\/vaulx-en-velin-un-nouveau-partenaire-maillot-pour-lus-vaulx-foot\/#breadcrumb\"},\"inLanguage\":\"fr-FR\",\"potentialAction\":[{\"@type\":\"ReadAction\",\"target\":[\"https:\/\/newsestlyonnais.fr\/site\/2018\/11\/25\/vaulx-en-velin-un-nouveau-partenaire-maillot-pour-lus-vaulx-foot\/\"]}]},{\"@type\":\"ImageObject\",\"inLanguage\":\"fr-FR\",\"@id\":\"https:\/\/newsestlyonnais.fr\/site\/2018\/11\/25\/vaulx-en-velin-un-nouveau-partenaire-maillot-pour-lus-vaulx-foot\/#primaryimage\",\"url\":\"https:\/\/newsestlyonnais.fr\/site\/wp-content\/uploads\/2018\/11\/DSC_0612.jpg\",\"contentUrl\":\"https:\/\/newsestlyonnais.fr\/site\/wp-content\/uploads\/2018\/11\/DSC_0612.jpg\",\"width\":3008,\"height\":2000,\"caption\":\"NEWSESTLYONNAIS PARTENAIRE US VAULX 01\"},{\"@type\":\"BreadcrumbList\",\"@id\":\"https:\/\/newsestlyonnais.fr\/site\/2018\/11\/25\/vaulx-en-velin-un-nouveau-partenaire-maillot-pour-lus-vaulx-foot\/#breadcrumb\",\"itemListElement\":[{\"@type\":\"ListItem\",\"position\":1,\"name\":\"Accueil\",\"item\":\"https:\/\/newsestlyonnais.fr\/site\/\"},{\"@type\":\"ListItem\",\"position\":2,\"name\":\"VAULX-EN-VELIN | Nouveau partenaire maillot pour l\u2019US Vaulx Foot\"}]},{\"@type\":\"WebSite\",\"@id\":\"https:\/\/newsestlyonnais.fr\/site\/#website\",\"url\":\"https:\/\/newsestlyonnais.fr\/site\/\",\"name\":\"News Est Lyonnais\",\"description\":\"L&#039;actualit\u00e9 au plus pr\u00e8s\",\"publisher\":{\"@id\":\"https:\/\/newsestlyonnais.fr\/site\/#organization\"},\"potentialAction\":[{\"@type\":\"SearchAction\",\"target\":{\"@type\":\"EntryPoint\",\"urlTemplate\":\"https:\/\/newsestlyonnais.fr\/site\/?s={search_term_string}\"},\"query-input\":{\"@type\":\"PropertyValueSpecification\",\"valueRequired\":true,\"valueName\":\"search_term_string\"}}],\"inLanguage\":\"fr-FR\"},{\"@type\":\"Organization\",\"@id\":\"https:\/\/newsestlyonnais.fr\/site\/#organization\",\"name\":\"News EST LYONNAIS\",\"url\":\"https:\/\/newsestlyonnais.fr\/site\/\",\"logo\":{\"@type\":\"ImageObject\",\"inLanguage\":\"fr-FR\",\"@id\":\"https:\/\/newsestlyonnais.fr\/site\/#\/schema\/logo\/image\/\",\"url\":\"\",\"contentUrl\":\"\",\"caption\":\"News EST LYONNAIS\"},\"image\":{\"@id\":\"https:\/\/newsestlyonnais.fr\/site\/#\/schema\/logo\/image\/\"}},{\"@type\":\"Person\",\"@id\":\"https:\/\/newsestlyonnais.fr\/site\/#\/schema\/person\/3230d5615f390bb808365d673001e887\",\"name\":\"R\u00e9dac. NEWS\",\"sameAs\":[\"http:\/\/www.newsestlyonnais.fr\",\"https:\/\/www.facebook.com\/pascal.oberson.1?fref=ts\",\"https:\/\/fr.linkedin.com\/in\/pascal-oberson-b17045113\"],\"url\":\"https:\/\/newsestlyonnais.fr\/site\/author\/nel\/\"}]}<\/script>\n<!-- \/ Yoast SEO plugin. -->","yoast_head_json":{"title":"VAULX-EN-VELIN | Nouveau partenaire maillot pour l\u2019US Vaulx Foot - News Est Lyonnais VAULX EN VELIN : Un nouveau partenaire maillot pour l\u2019US Vaulx Foot","description":"VAULX EN VELIN : Un nouveau partenaire maillot pour l\u2019US Vaulx Foot","robots":{"index":"index","follow":"follow","max-snippet":"max-snippet:-1","max-image-preview":"max-image-preview:large","max-video-preview":"max-video-preview:-1"},"canonical":"https:\/\/newsestlyonnais.fr\/site\/2018\/11\/25\/vaulx-en-velin-un-nouveau-partenaire-maillot-pour-lus-vaulx-foot\/","og_locale":"fr_FR","og_type":"article","og_title":"VAULX-EN-VELIN | Nouveau partenaire maillot pour l\u2019US Vaulx Foot - News Est Lyonnais VAULX EN VELIN : Un nouveau partenaire maillot pour l\u2019US Vaulx Foot","og_description":"VAULX EN VELIN : Un nouveau partenaire maillot pour l\u2019US Vaulx Foot","og_url":"https:\/\/newsestlyonnais.fr\/site\/2018\/11\/25\/vaulx-en-velin-un-nouveau-partenaire-maillot-pour-lus-vaulx-foot\/","og_site_name":"News Est Lyonnais","article_author":"https:\/\/www.facebook.com\/pascal.oberson.1?fref=ts","article_published_time":"2018-11-25T06:59:07+00:00","article_modified_time":"2020-10-23T17:27:12+00:00","og_image":[{"width":3008,"height":2000,"url":"https:\/\/i1.wp.com\/newsestlyonnais.fr\/site\/wp-content\/uploads\/2018\/11\/DSC_0612.jpg?fit=3008%2C2000&ssl=1","type":"image\/jpeg"}],"author":"R\u00e9dac. NEWS","twitter_card":"summary_large_image","twitter_misc":{"\u00c9crit par":"R\u00e9dac. NEWS","Dur\u00e9e de lecture estim\u00e9e":"1 minute"},"schema":{"@context":"https:\/\/schema.org","@graph":[{"@type":"Article","@id":"https:\/\/newsestlyonnais.fr\/site\/2018\/11\/25\/vaulx-en-velin-un-nouveau-partenaire-maillot-pour-lus-vaulx-foot\/#article","isPartOf":{"@id":"https:\/\/newsestlyonnais.fr\/site\/2018\/11\/25\/vaulx-en-velin-un-nouveau-partenaire-maillot-pour-lus-vaulx-foot\/"},"author":{"name":"R\u00e9dac. NEWS","@id":"https:\/\/newsestlyonnais.fr\/site\/#\/schema\/person\/3230d5615f390bb808365d673001e887"},"headline":"VAULX-EN-VELIN | Nouveau partenaire maillot pour l\u2019US Vaulx Foot","datePublished":"2018-11-25T06:59:07+00:00","dateModified":"2020-10-23T17:27:12+00:00","mainEntityOfPage":{"@id":"https:\/\/newsestlyonnais.fr\/site\/2018\/11\/25\/vaulx-en-velin-un-nouveau-partenaire-maillot-pour-lus-vaulx-foot\/"},"wordCount":145,"commentCount":0,"publisher":{"@id":"https:\/\/newsestlyonnais.fr\/site\/#organization"},"image":{"@id":"https:\/\/newsestlyonnais.fr\/site\/2018\/11\/25\/vaulx-en-velin-un-nouveau-partenaire-maillot-pour-lus-vaulx-foot\/#primaryimage"},"thumbnailUrl":"https:\/\/newsestlyonnais.fr\/site\/wp-content\/uploads\/2018\/11\/DSC_0612.jpg","keywords":["FOOT","US VAULX","VAULX EN VELIN"],"articleSection":["Ev\u00e8nements divers","Foot | Futsal","Foot | Rugby","Vaulx-en-Velin"],"inLanguage":"fr-FR","potentialAction":[{"@type":"CommentAction","name":"Comment","target":["https:\/\/newsestlyonnais.fr\/site\/2018\/11\/25\/vaulx-en-velin-un-nouveau-partenaire-maillot-pour-lus-vaulx-foot\/#respond"]}]},{"@type":"WebPage","@id":"https:\/\/newsestlyonnais.fr\/site\/2018\/11\/25\/vaulx-en-velin-un-nouveau-partenaire-maillot-pour-lus-vaulx-foot\/","url":"https:\/\/newsestlyonnais.fr\/site\/2018\/11\/25\/vaulx-en-velin-un-nouveau-partenaire-maillot-pour-lus-vaulx-foot\/","name":"VAULX-EN-VELIN | Nouveau partenaire maillot pour l\u2019US Vaulx Foot - News Est Lyonnais VAULX EN VELIN : Un nouveau partenaire maillot pour l\u2019US Vaulx Foot","isPartOf":{"@id":"https:\/\/newsestlyonnais.fr\/site\/#website"},"primaryImageOfPage":{"@id":"https:\/\/newsestlyonnais.fr\/site\/2018\/11\/25\/vaulx-en-velin-un-nouveau-partenaire-maillot-pour-lus-vaulx-foot\/#primaryimage"},"image":{"@id":"https:\/\/newsestlyonnais.fr\/site\/2018\/11\/25\/vaulx-en-velin-un-nouveau-partenaire-maillot-pour-lus-vaulx-foot\/#primaryimage"},"thumbnailUrl":"https:\/\/newsestlyonnais.fr\/site\/wp-content\/uploads\/2018\/11\/DSC_0612.jpg","datePublished":"2018-11-25T06:59:07+00:00","dateModified":"2020-10-23T17:27:12+00:00","description":"VAULX EN VELIN : Un nouveau partenaire maillot pour l\u2019US Vaulx Foot","breadcrumb":{"@id":"https:\/\/newsestlyonnais.fr\/site\/2018\/11\/25\/vaulx-en-velin-un-nouveau-partenaire-maillot-pour-lus-vaulx-foot\/#breadcrumb"},"inLanguage":"fr-FR","potentialAction":[{"@type":"ReadAction","target":["https:\/\/newsestlyonnais.fr\/site\/2018\/11\/25\/vaulx-en-velin-un-nouveau-partenaire-maillot-pour-lus-vaulx-foot\/"]}]},{"@type":"ImageObject","inLanguage":"fr-FR","@id":"https:\/\/newsestlyonnais.fr\/site\/2018\/11\/25\/vaulx-en-velin-un-nouveau-partenaire-maillot-pour-lus-vaulx-foot\/#primaryimage","url":"https:\/\/newsestlyonnais.fr\/site\/wp-content\/uploads\/2018\/11\/DSC_0612.jpg","contentUrl":"https:\/\/newsestlyonnais.fr\/site\/wp-content\/uploads\/2018\/11\/DSC_0612.jpg","width":3008,"height":2000,"caption":"NEWSESTLYONNAIS PARTENAIRE US VAULX 01"},{"@type":"BreadcrumbList","@id":"https:\/\/newsestlyonnais.fr\/site\/2018\/11\/25\/vaulx-en-velin-un-nouveau-partenaire-maillot-pour-lus-vaulx-foot\/#breadcrumb","itemListElement":[{"@type":"ListItem","position":1,"name":"Accueil","item":"https:\/\/newsestlyonnais.fr\/site\/"},{"@type":"ListItem","position":2,"name":"VAULX-EN-VELIN | Nouveau partenaire maillot pour l\u2019US Vaulx Foot"}]},{"@type":"WebSite","@id":"https:\/\/newsestlyonnais.fr\/site\/#website","url":"https:\/\/newsestlyonnais.fr\/site\/","name":"News Est Lyonnais","description":"L&#039;actualit\u00e9 au plus pr\u00e8s","publisher":{"@id":"https:\/\/newsestlyonnais.fr\/site\/#organization"},"potentialAction":[{"@type":"SearchAction","target":{"@type":"EntryPoint","urlTemplate":"https:\/\/newsestlyonnais.fr\/site\/?s={search_term_string}"},"query-input":{"@type":"PropertyValueSpecification","valueRequired":true,"valueName":"search_term_string"}}],"inLanguage":"fr-FR"},{"@type":"Organization","@id":"https:\/\/newsestlyonnais.fr\/site\/#organization","name":"News EST LYONNAIS","url":"https:\/\/newsestlyonnais.fr\/site\/","logo":{"@type":"ImageObject","inLanguage":"fr-FR","@id":"https:\/\/newsestlyonnais.fr\/site\/#\/schema\/logo\/image\/","url":"","contentUrl":"","caption":"News EST LYONNAIS"},"image":{"@id":"https:\/\/newsestlyonnais.fr\/site\/#\/schema\/logo\/image\/"}},{"@type":"Person","@id":"https:\/\/newsestlyonnais.fr\/site\/#\/schema\/person\/3230d5615f390bb808365d673001e887","name":"R\u00e9dac. NEWS","sameAs":["http:\/\/www.newsestlyonnais.fr","https:\/\/www.facebook.com\/pascal.oberson.1?fref=ts","https:\/\/fr.linkedin.com\/in\/pascal-oberson-b17045113"],"url":"https:\/\/newsestlyonnais.fr\/site\/author\/nel\/"}]}},"_links":{"self":[{"href":"https:\/\/newsestlyonnais.fr\/site\/wp-json\/wp\/v2\/posts\/60866","targetHints":{"allow":["GET"]}}],"collection":[{"href":"https:\/\/newsestlyonnais.fr\/site\/wp-json\/wp\/v2\/posts"}],"about":[{"href":"https:\/\/newsestlyonnais.fr\/site\/wp-json\/wp\/v2\/types\/post"}],"author":[{"embeddable":true,"href":"https:\/\/newsestlyonnais.fr\/site\/wp-json\/wp\/v2\/users\/4"}],"replies":[{"embeddable":true,"href":"https:\/\/newsestlyonnais.fr\/site\/wp-json\/wp\/v2\/comments?post=60866"}],"version-history":[{"count":0,"href":"https:\/\/newsestlyonnais.fr\/site\/wp-json\/wp\/v2\/posts\/60866\/revisions"}],"wp:featuredmedia":[{"embeddable":true,"href":"https:\/\/newsestlyonnais.fr\/site\/wp-json\/wp\/v2\/media\/60869"}],"wp:attachment":[{"href":"https:\/\/newsestlyonnais.fr\/site\/wp-json\/wp\/v2\/media?parent=60866"}],"wp:term":[{"taxonomy":"category","embeddable":true,"href":"https:\/\/newsestlyonnais.fr\/site\/wp-json\/wp\/v2\/categories?post=60866"},{"taxonomy":"post_tag","embeddable":true,"href":"https:\/\/newsestlyonnais.fr\/site\/wp-json\/wp\/v2\/tags?post=60866"}],"curies":[{"name":"wp","href":"https:\/\/api.w.org\/{rel}","templated":true}]}}