{"id":60879,"date":"2018-11-28T15:50:26","date_gmt":"2018-11-28T14:50:26","guid":{"rendered":"http:\/\/newsestlyonnais.fr\/site\/?p=60879"},"modified":"2020-11-15T08:02:50","modified_gmt":"2020-11-15T07:02:50","slug":"jons-les-prochains-evenements-sur-la-commune-2","status":"publish","type":"post","link":"https:\/\/newsestlyonnais.fr\/site\/2018\/11\/28\/jons-les-prochains-evenements-sur-la-commune-2\/","title":{"rendered":"JONS | Les prochains \u00e9v\u00e8nements sur la commune"},"content":{"rendered":"<h4>Plusieurs manifestations sont programm\u00e9es dans les prochains jours, sur la commune jonsoise, \u00e0 savoir :<\/h4>\n<ul>\n<li><strong>Samedi 1\u00b0 D\u00e9cembre de 8 heures \u00e0 13 heures<\/strong> : le \u00ab MUSEE AUTREFOIS \u00bb organise une <span style=\"text-decoration: underline\">vente de boudin<\/span> (place de la petite gare).<\/li>\n<li><strong>Samedi 8 D\u00e9cembre d\u00e8s 15 heures 30<\/strong> : le comit\u00e9 d\u2019animation organise la \u00ab <span style=\"text-decoration: underline\">FETE DES LUMIERES<\/span> \u00bb,\u00a0 (rassemblement place de la Mairie), suivie d\u2019une animation \u00e0 l\u2019Eglise propos\u00e9e par l\u2019association Paroissiale.<\/li>\n<li><strong>Samedi 15 D\u00e9cembre<\/strong> aura lieu la d\u00e9sormais traditionnelle \u00a0\u00bb <span style=\"text-decoration: underline\">FETE DE NOEL<\/span> \u00ab\u00a0, pour les enfants (Place de la Mairie), avec au programme : man\u00e8ge gratuit, petit march\u00e9 de No\u00ebl, ateliers manuels et concours de dessins, d\u00e9monstration de danse par l\u2019association \u00ab MOVE DANCE \u00bb, promenades en cal\u00e8che, stand de petite restauration (sou des \u00e9coles), vin chaud et chocolat chaud offerts par le comit\u00e9 d\u2019animation.<\/li>\n<\/ul>\n<p><strong>Retrouvez l&rsquo;ACTU de la commune sur : <a href=\"http:\/\/www.mairie-jons.fr\" target=\"_blank\" rel=\"noopener noreferrer\">http:\/\/www.mairie-jons.fr<\/a><\/strong><\/p>\n","protected":false},"excerpt":{"rendered":"<p>Plusieurs manifestations sont programm\u00e9es dans les prochains jours, sur la commune jonsoise, \u00e0 savoir : Samedi 1\u00b0 D\u00e9cembre de 8 heures \u00e0 13 heures : le \u00ab MUSEE AUTREFOIS \u00bb organise une vente de boudin (place de la petite gare). Samedi 8 D\u00e9cembre d\u00e8s 15 heures 30 : le comit\u00e9 d\u2019animation organise la \u00ab FETE [&hellip;]<\/p>\n","protected":false},"author":4,"featured_media":72478,"comment_status":"open","ping_status":"open","sticky":false,"template":"","format":"standard","meta":{"footnotes":""},"categories":[270,1279],"tags":[],"class_list":["post-60879","post","type-post","status-publish","format-standard","has-post-thumbnail","hentry","category-cte-de-communes-c-c-e-l","category-jons-pusignan"],"yoast_head":"<!-- This site is optimized with the Yoast SEO plugin v27.2 - https:\/\/yoast.com\/product\/yoast-seo-wordpress\/ -->\n<title>JONS | Les prochains \u00e9v\u00e8nements sur la commune - News Est Lyonnais JONS : Les prochains \u00e9v\u00e8nements sur la commune<\/title>\n<meta name=\"description\" content=\"JONS : les prochains \u00e9v\u00e8nements sur la commune. Plusieurs manifestations sont programm\u00e9es dans les prochains jours, sur la commune \u00e0 savoir\" \/>\n<meta name=\"robots\" content=\"index, follow, max-snippet:-1, max-image-preview:large, max-video-preview:-1\" \/>\n<link rel=\"canonical\" href=\"https:\/\/newsestlyonnais.fr\/site\/2018\/11\/28\/jons-les-prochains-evenements-sur-la-commune-2\/\" \/>\n<meta property=\"og:locale\" content=\"fr_FR\" \/>\n<meta property=\"og:type\" content=\"article\" \/>\n<meta property=\"og:title\" content=\"JONS | Les prochains \u00e9v\u00e8nements sur la commune - News Est Lyonnais JONS : Les prochains \u00e9v\u00e8nements sur la commune\" \/>\n<meta property=\"og:description\" content=\"JONS : les prochains \u00e9v\u00e8nements sur la commune. Plusieurs manifestations sont programm\u00e9es dans les prochains jours, sur la commune \u00e0 savoir\" \/>\n<meta property=\"og:url\" content=\"https:\/\/newsestlyonnais.fr\/site\/2018\/11\/28\/jons-les-prochains-evenements-sur-la-commune-2\/\" \/>\n<meta property=\"og:site_name\" content=\"News Est Lyonnais\" \/>\n<meta property=\"article:author\" content=\"https:\/\/www.facebook.com\/pascal.oberson.1?fref=ts\" \/>\n<meta property=\"article:published_time\" content=\"2018-11-28T14:50:26+00:00\" \/>\n<meta property=\"article:modified_time\" content=\"2020-11-15T07:02:50+00:00\" \/>\n<meta property=\"og:image\" content=\"https:\/\/i1.wp.com\/newsestlyonnais.fr\/site\/wp-content\/uploads\/2018\/11\/NEWSESTLYONNAIS-MAIRIE-JONS.jpg?fit=4608%2C3456&ssl=1\" \/>\n\t<meta property=\"og:image:width\" content=\"4608\" \/>\n\t<meta property=\"og:image:height\" content=\"3456\" \/>\n\t<meta property=\"og:image:type\" content=\"image\/jpeg\" \/>\n<meta name=\"author\" content=\"R\u00e9dac. NEWS\" \/>\n<meta name=\"twitter:card\" content=\"summary_large_image\" \/>\n<meta name=\"twitter:label1\" content=\"\u00c9crit par\" \/>\n\t<meta name=\"twitter:data1\" content=\"R\u00e9dac. NEWS\" \/>\n\t<meta name=\"twitter:label2\" content=\"Dur\u00e9e de lecture estim\u00e9e\" \/>\n\t<meta name=\"twitter:data2\" content=\"1 minute\" \/>\n<script type=\"application\/ld+json\" class=\"yoast-schema-graph\">{\"@context\":\"https:\/\/schema.org\",\"@graph\":[{\"@type\":\"Article\",\"@id\":\"https:\/\/newsestlyonnais.fr\/site\/2018\/11\/28\/jons-les-prochains-evenements-sur-la-commune-2\/#article\",\"isPartOf\":{\"@id\":\"https:\/\/newsestlyonnais.fr\/site\/2018\/11\/28\/jons-les-prochains-evenements-sur-la-commune-2\/\"},\"author\":{\"name\":\"R\u00e9dac. NEWS\",\"@id\":\"https:\/\/newsestlyonnais.fr\/site\/#\/schema\/person\/3230d5615f390bb808365d673001e887\"},\"headline\":\"JONS | Les prochains \u00e9v\u00e8nements sur la commune\",\"datePublished\":\"2018-11-28T14:50:26+00:00\",\"dateModified\":\"2020-11-15T07:02:50+00:00\",\"mainEntityOfPage\":{\"@id\":\"https:\/\/newsestlyonnais.fr\/site\/2018\/11\/28\/jons-les-prochains-evenements-sur-la-commune-2\/\"},\"wordCount\":151,\"commentCount\":0,\"publisher\":{\"@id\":\"https:\/\/newsestlyonnais.fr\/site\/#organization\"},\"image\":{\"@id\":\"https:\/\/newsestlyonnais.fr\/site\/2018\/11\/28\/jons-les-prochains-evenements-sur-la-commune-2\/#primaryimage\"},\"thumbnailUrl\":\"https:\/\/newsestlyonnais.fr\/site\/wp-content\/uploads\/2018\/11\/NEWSESTLYONNAIS-MAIRIE-JONS.jpg\",\"articleSection\":[\"CCEL | Communes\",\"Jons | Pusignan\"],\"inLanguage\":\"fr-FR\",\"potentialAction\":[{\"@type\":\"CommentAction\",\"name\":\"Comment\",\"target\":[\"https:\/\/newsestlyonnais.fr\/site\/2018\/11\/28\/jons-les-prochains-evenements-sur-la-commune-2\/#respond\"]}]},{\"@type\":\"WebPage\",\"@id\":\"https:\/\/newsestlyonnais.fr\/site\/2018\/11\/28\/jons-les-prochains-evenements-sur-la-commune-2\/\",\"url\":\"https:\/\/newsestlyonnais.fr\/site\/2018\/11\/28\/jons-les-prochains-evenements-sur-la-commune-2\/\",\"name\":\"JONS | Les prochains \u00e9v\u00e8nements sur la commune - News Est Lyonnais JONS : Les prochains \u00e9v\u00e8nements sur la commune\",\"isPartOf\":{\"@id\":\"https:\/\/newsestlyonnais.fr\/site\/#website\"},\"primaryImageOfPage\":{\"@id\":\"https:\/\/newsestlyonnais.fr\/site\/2018\/11\/28\/jons-les-prochains-evenements-sur-la-commune-2\/#primaryimage\"},\"image\":{\"@id\":\"https:\/\/newsestlyonnais.fr\/site\/2018\/11\/28\/jons-les-prochains-evenements-sur-la-commune-2\/#primaryimage\"},\"thumbnailUrl\":\"https:\/\/newsestlyonnais.fr\/site\/wp-content\/uploads\/2018\/11\/NEWSESTLYONNAIS-MAIRIE-JONS.jpg\",\"datePublished\":\"2018-11-28T14:50:26+00:00\",\"dateModified\":\"2020-11-15T07:02:50+00:00\",\"description\":\"JONS : les prochains \u00e9v\u00e8nements sur la commune. Plusieurs manifestations sont programm\u00e9es dans les prochains jours, sur la commune \u00e0 savoir\",\"breadcrumb\":{\"@id\":\"https:\/\/newsestlyonnais.fr\/site\/2018\/11\/28\/jons-les-prochains-evenements-sur-la-commune-2\/#breadcrumb\"},\"inLanguage\":\"fr-FR\",\"potentialAction\":[{\"@type\":\"ReadAction\",\"target\":[\"https:\/\/newsestlyonnais.fr\/site\/2018\/11\/28\/jons-les-prochains-evenements-sur-la-commune-2\/\"]}]},{\"@type\":\"ImageObject\",\"inLanguage\":\"fr-FR\",\"@id\":\"https:\/\/newsestlyonnais.fr\/site\/2018\/11\/28\/jons-les-prochains-evenements-sur-la-commune-2\/#primaryimage\",\"url\":\"https:\/\/newsestlyonnais.fr\/site\/wp-content\/uploads\/2018\/11\/NEWSESTLYONNAIS-MAIRIE-JONS.jpg\",\"contentUrl\":\"https:\/\/newsestlyonnais.fr\/site\/wp-content\/uploads\/2018\/11\/NEWSESTLYONNAIS-MAIRIE-JONS.jpg\",\"width\":4608,\"height\":3456,\"caption\":\"NEWSESTLYONNAIS MAIRIE JONS\"},{\"@type\":\"BreadcrumbList\",\"@id\":\"https:\/\/newsestlyonnais.fr\/site\/2018\/11\/28\/jons-les-prochains-evenements-sur-la-commune-2\/#breadcrumb\",\"itemListElement\":[{\"@type\":\"ListItem\",\"position\":1,\"name\":\"Accueil\",\"item\":\"https:\/\/newsestlyonnais.fr\/site\/\"},{\"@type\":\"ListItem\",\"position\":2,\"name\":\"JONS | Les prochains \u00e9v\u00e8nements sur la commune\"}]},{\"@type\":\"WebSite\",\"@id\":\"https:\/\/newsestlyonnais.fr\/site\/#website\",\"url\":\"https:\/\/newsestlyonnais.fr\/site\/\",\"name\":\"News Est Lyonnais\",\"description\":\"L&#039;actualit\u00e9 au plus pr\u00e8s\",\"publisher\":{\"@id\":\"https:\/\/newsestlyonnais.fr\/site\/#organization\"},\"potentialAction\":[{\"@type\":\"SearchAction\",\"target\":{\"@type\":\"EntryPoint\",\"urlTemplate\":\"https:\/\/newsestlyonnais.fr\/site\/?s={search_term_string}\"},\"query-input\":{\"@type\":\"PropertyValueSpecification\",\"valueRequired\":true,\"valueName\":\"search_term_string\"}}],\"inLanguage\":\"fr-FR\"},{\"@type\":\"Organization\",\"@id\":\"https:\/\/newsestlyonnais.fr\/site\/#organization\",\"name\":\"News EST LYONNAIS\",\"url\":\"https:\/\/newsestlyonnais.fr\/site\/\",\"logo\":{\"@type\":\"ImageObject\",\"inLanguage\":\"fr-FR\",\"@id\":\"https:\/\/newsestlyonnais.fr\/site\/#\/schema\/logo\/image\/\",\"url\":\"\",\"contentUrl\":\"\",\"caption\":\"News EST LYONNAIS\"},\"image\":{\"@id\":\"https:\/\/newsestlyonnais.fr\/site\/#\/schema\/logo\/image\/\"}},{\"@type\":\"Person\",\"@id\":\"https:\/\/newsestlyonnais.fr\/site\/#\/schema\/person\/3230d5615f390bb808365d673001e887\",\"name\":\"R\u00e9dac. NEWS\",\"sameAs\":[\"http:\/\/www.newsestlyonnais.fr\",\"https:\/\/www.facebook.com\/pascal.oberson.1?fref=ts\",\"https:\/\/fr.linkedin.com\/in\/pascal-oberson-b17045113\"],\"url\":\"https:\/\/newsestlyonnais.fr\/site\/author\/nel\/\"}]}<\/script>\n<!-- \/ Yoast SEO plugin. -->","yoast_head_json":{"title":"JONS | Les prochains \u00e9v\u00e8nements sur la commune - News Est Lyonnais JONS : Les prochains \u00e9v\u00e8nements sur la commune","description":"JONS : les prochains \u00e9v\u00e8nements sur la commune. Plusieurs manifestations sont programm\u00e9es dans les prochains jours, sur la commune \u00e0 savoir","robots":{"index":"index","follow":"follow","max-snippet":"max-snippet:-1","max-image-preview":"max-image-preview:large","max-video-preview":"max-video-preview:-1"},"canonical":"https:\/\/newsestlyonnais.fr\/site\/2018\/11\/28\/jons-les-prochains-evenements-sur-la-commune-2\/","og_locale":"fr_FR","og_type":"article","og_title":"JONS | Les prochains \u00e9v\u00e8nements sur la commune - News Est Lyonnais JONS : Les prochains \u00e9v\u00e8nements sur la commune","og_description":"JONS : les prochains \u00e9v\u00e8nements sur la commune. Plusieurs manifestations sont programm\u00e9es dans les prochains jours, sur la commune \u00e0 savoir","og_url":"https:\/\/newsestlyonnais.fr\/site\/2018\/11\/28\/jons-les-prochains-evenements-sur-la-commune-2\/","og_site_name":"News Est Lyonnais","article_author":"https:\/\/www.facebook.com\/pascal.oberson.1?fref=ts","article_published_time":"2018-11-28T14:50:26+00:00","article_modified_time":"2020-11-15T07:02:50+00:00","og_image":[{"width":4608,"height":3456,"url":"https:\/\/i1.wp.com\/newsestlyonnais.fr\/site\/wp-content\/uploads\/2018\/11\/NEWSESTLYONNAIS-MAIRIE-JONS.jpg?fit=4608%2C3456&ssl=1","type":"image\/jpeg"}],"author":"R\u00e9dac. NEWS","twitter_card":"summary_large_image","twitter_misc":{"\u00c9crit par":"R\u00e9dac. NEWS","Dur\u00e9e de lecture estim\u00e9e":"1 minute"},"schema":{"@context":"https:\/\/schema.org","@graph":[{"@type":"Article","@id":"https:\/\/newsestlyonnais.fr\/site\/2018\/11\/28\/jons-les-prochains-evenements-sur-la-commune-2\/#article","isPartOf":{"@id":"https:\/\/newsestlyonnais.fr\/site\/2018\/11\/28\/jons-les-prochains-evenements-sur-la-commune-2\/"},"author":{"name":"R\u00e9dac. NEWS","@id":"https:\/\/newsestlyonnais.fr\/site\/#\/schema\/person\/3230d5615f390bb808365d673001e887"},"headline":"JONS | Les prochains \u00e9v\u00e8nements sur la commune","datePublished":"2018-11-28T14:50:26+00:00","dateModified":"2020-11-15T07:02:50+00:00","mainEntityOfPage":{"@id":"https:\/\/newsestlyonnais.fr\/site\/2018\/11\/28\/jons-les-prochains-evenements-sur-la-commune-2\/"},"wordCount":151,"commentCount":0,"publisher":{"@id":"https:\/\/newsestlyonnais.fr\/site\/#organization"},"image":{"@id":"https:\/\/newsestlyonnais.fr\/site\/2018\/11\/28\/jons-les-prochains-evenements-sur-la-commune-2\/#primaryimage"},"thumbnailUrl":"https:\/\/newsestlyonnais.fr\/site\/wp-content\/uploads\/2018\/11\/NEWSESTLYONNAIS-MAIRIE-JONS.jpg","articleSection":["CCEL | Communes","Jons | Pusignan"],"inLanguage":"fr-FR","potentialAction":[{"@type":"CommentAction","name":"Comment","target":["https:\/\/newsestlyonnais.fr\/site\/2018\/11\/28\/jons-les-prochains-evenements-sur-la-commune-2\/#respond"]}]},{"@type":"WebPage","@id":"https:\/\/newsestlyonnais.fr\/site\/2018\/11\/28\/jons-les-prochains-evenements-sur-la-commune-2\/","url":"https:\/\/newsestlyonnais.fr\/site\/2018\/11\/28\/jons-les-prochains-evenements-sur-la-commune-2\/","name":"JONS | Les prochains \u00e9v\u00e8nements sur la commune - News Est Lyonnais JONS : Les prochains \u00e9v\u00e8nements sur la commune","isPartOf":{"@id":"https:\/\/newsestlyonnais.fr\/site\/#website"},"primaryImageOfPage":{"@id":"https:\/\/newsestlyonnais.fr\/site\/2018\/11\/28\/jons-les-prochains-evenements-sur-la-commune-2\/#primaryimage"},"image":{"@id":"https:\/\/newsestlyonnais.fr\/site\/2018\/11\/28\/jons-les-prochains-evenements-sur-la-commune-2\/#primaryimage"},"thumbnailUrl":"https:\/\/newsestlyonnais.fr\/site\/wp-content\/uploads\/2018\/11\/NEWSESTLYONNAIS-MAIRIE-JONS.jpg","datePublished":"2018-11-28T14:50:26+00:00","dateModified":"2020-11-15T07:02:50+00:00","description":"JONS : les prochains \u00e9v\u00e8nements sur la commune. Plusieurs manifestations sont programm\u00e9es dans les prochains jours, sur la commune \u00e0 savoir","breadcrumb":{"@id":"https:\/\/newsestlyonnais.fr\/site\/2018\/11\/28\/jons-les-prochains-evenements-sur-la-commune-2\/#breadcrumb"},"inLanguage":"fr-FR","potentialAction":[{"@type":"ReadAction","target":["https:\/\/newsestlyonnais.fr\/site\/2018\/11\/28\/jons-les-prochains-evenements-sur-la-commune-2\/"]}]},{"@type":"ImageObject","inLanguage":"fr-FR","@id":"https:\/\/newsestlyonnais.fr\/site\/2018\/11\/28\/jons-les-prochains-evenements-sur-la-commune-2\/#primaryimage","url":"https:\/\/newsestlyonnais.fr\/site\/wp-content\/uploads\/2018\/11\/NEWSESTLYONNAIS-MAIRIE-JONS.jpg","contentUrl":"https:\/\/newsestlyonnais.fr\/site\/wp-content\/uploads\/2018\/11\/NEWSESTLYONNAIS-MAIRIE-JONS.jpg","width":4608,"height":3456,"caption":"NEWSESTLYONNAIS MAIRIE JONS"},{"@type":"BreadcrumbList","@id":"https:\/\/newsestlyonnais.fr\/site\/2018\/11\/28\/jons-les-prochains-evenements-sur-la-commune-2\/#breadcrumb","itemListElement":[{"@type":"ListItem","position":1,"name":"Accueil","item":"https:\/\/newsestlyonnais.fr\/site\/"},{"@type":"ListItem","position":2,"name":"JONS | Les prochains \u00e9v\u00e8nements sur la commune"}]},{"@type":"WebSite","@id":"https:\/\/newsestlyonnais.fr\/site\/#website","url":"https:\/\/newsestlyonnais.fr\/site\/","name":"News Est Lyonnais","description":"L&#039;actualit\u00e9 au plus pr\u00e8s","publisher":{"@id":"https:\/\/newsestlyonnais.fr\/site\/#organization"},"potentialAction":[{"@type":"SearchAction","target":{"@type":"EntryPoint","urlTemplate":"https:\/\/newsestlyonnais.fr\/site\/?s={search_term_string}"},"query-input":{"@type":"PropertyValueSpecification","valueRequired":true,"valueName":"search_term_string"}}],"inLanguage":"fr-FR"},{"@type":"Organization","@id":"https:\/\/newsestlyonnais.fr\/site\/#organization","name":"News EST LYONNAIS","url":"https:\/\/newsestlyonnais.fr\/site\/","logo":{"@type":"ImageObject","inLanguage":"fr-FR","@id":"https:\/\/newsestlyonnais.fr\/site\/#\/schema\/logo\/image\/","url":"","contentUrl":"","caption":"News EST LYONNAIS"},"image":{"@id":"https:\/\/newsestlyonnais.fr\/site\/#\/schema\/logo\/image\/"}},{"@type":"Person","@id":"https:\/\/newsestlyonnais.fr\/site\/#\/schema\/person\/3230d5615f390bb808365d673001e887","name":"R\u00e9dac. NEWS","sameAs":["http:\/\/www.newsestlyonnais.fr","https:\/\/www.facebook.com\/pascal.oberson.1?fref=ts","https:\/\/fr.linkedin.com\/in\/pascal-oberson-b17045113"],"url":"https:\/\/newsestlyonnais.fr\/site\/author\/nel\/"}]}},"_links":{"self":[{"href":"https:\/\/newsestlyonnais.fr\/site\/wp-json\/wp\/v2\/posts\/60879","targetHints":{"allow":["GET"]}}],"collection":[{"href":"https:\/\/newsestlyonnais.fr\/site\/wp-json\/wp\/v2\/posts"}],"about":[{"href":"https:\/\/newsestlyonnais.fr\/site\/wp-json\/wp\/v2\/types\/post"}],"author":[{"embeddable":true,"href":"https:\/\/newsestlyonnais.fr\/site\/wp-json\/wp\/v2\/users\/4"}],"replies":[{"embeddable":true,"href":"https:\/\/newsestlyonnais.fr\/site\/wp-json\/wp\/v2\/comments?post=60879"}],"version-history":[{"count":0,"href":"https:\/\/newsestlyonnais.fr\/site\/wp-json\/wp\/v2\/posts\/60879\/revisions"}],"wp:featuredmedia":[{"embeddable":true,"href":"https:\/\/newsestlyonnais.fr\/site\/wp-json\/wp\/v2\/media\/72478"}],"wp:attachment":[{"href":"https:\/\/newsestlyonnais.fr\/site\/wp-json\/wp\/v2\/media?parent=60879"}],"wp:term":[{"taxonomy":"category","embeddable":true,"href":"https:\/\/newsestlyonnais.fr\/site\/wp-json\/wp\/v2\/categories?post=60879"},{"taxonomy":"post_tag","embeddable":true,"href":"https:\/\/newsestlyonnais.fr\/site\/wp-json\/wp\/v2\/tags?post=60879"}],"curies":[{"name":"wp","href":"https:\/\/api.w.org\/{rel}","templated":true}]}}