{"id":60981,"date":"2018-12-04T16:28:55","date_gmt":"2018-12-04T15:28:55","guid":{"rendered":"http:\/\/newsestlyonnais.fr\/site\/?p=60981"},"modified":"2020-11-12T07:24:37","modified_gmt":"2020-11-12T06:24:37","slug":"lyon-7-lagenda-des-manifestations-du-3-au-19-decembre-2018","status":"publish","type":"post","link":"https:\/\/newsestlyonnais.fr\/site\/2018\/12\/04\/lyon-7-lagenda-des-manifestations-du-3-au-19-decembre-2018\/","title":{"rendered":"LYON 7 | Les manifestations du 3 au 19 d\u00e9cembre 2018"},"content":{"rendered":"<h4>Nombreux sont les \u00e9v\u00e8nements et manifestations qui se d\u00e9rouleront durant cette p\u00e9riode, sur le 7 \u00b0 arrondissement, \u00e0 savoir :<\/h4>\n<ul>\n<li><strong>Du 3 au 21 d\u00e9cembre<\/strong> : <span style=\"text-decoration: underline\">\u00ab Joyeuse cacophonie \u00bb. Exposition de photos, de costumes et de d\u00e9cors du D\u00e9fil\u00e9 de la Biennale de la Danse<\/span> avec la compagnie Fred Bendongu\u00e9 et le groupe commun aux Universit\u00e9s, aux 3\u00b0 &amp; 7\u00b0 arrondissement. (Hall du 1\u00b0 \u00e9tage, Mairie du 7\u00b0).<\/li>\n<li><strong>Lundi 3 d\u00e9cembre \u00e0 18 h 30<\/strong> : <span style=\"text-decoration: underline\">R\u00e9union publique d\u2019information<\/span> sur le projet de requalification de la place des Pavillons et de la rue Marcel M\u00e9rieux. (Pavillons Sud).<\/li>\n<li><strong>Mardi 4 d\u00e9cembre \u00e0 18 h 30<\/strong> : <span style=\"text-decoration: underline\">Conseil d\u2019Arrondissement<\/span>. (Salle des Mariages et du Conseil, Mairie du 7\u00b0).<\/li>\n<li><strong>Mercredi 5 et mercredi 12 d\u00e9cembre \u00e0 14 h 30<\/strong> : <span style=\"text-decoration: underline\">Cin\u00e9ma de No\u00ebl de la Mairie du 7\u00b0<\/span>. Projection de \u00ab Coco \u00bb, suivie d\u2019un go\u00fbter. S\u00e9ances compl\u00e8tes. (Salle des Mariages et du Conseil, Mairie du 7\u00b0).<\/li>\n<li><strong>Du Jeudi 6 au Dimanche 9 d\u00e9cembre<\/strong> : <span style=\"text-decoration: underline\">F\u00eate des Lumi\u00e8res<\/span>. Illumination de la Halle SERNAM visible depuis la gare Jean Mac\u00e9.<\/li>\n<li><strong>Lundi 10 d\u00e9cembre \u00e0 partir de 18 h<\/strong> : <span style=\"text-decoration: underline\">Spectacle de fin d\u2019ann\u00e9e de la cr\u00e8che Saint-Lazare<\/span>. (Salle des Mariages et du Conseil, Mairie du 7\u00b0).<\/li>\n<li><strong>Du 10 au 16 d\u00e9cembre<\/strong> : <span style=\"text-decoration: underline\">Exposition de peintures de Mahmoud Movahed<\/span>. (Salle Edmond Locard, centre Berthelot, 14 avenue Berthelot).<\/li>\n<li><strong>Mardi 11 d\u00e9cembre \u00e0 18 h 30<\/strong> : <span style=\"text-decoration: underline\">Conf\u00e9rence \u00ab Les Pays Baltes : d\u2019hier \u00e0 aujourd\u2019hui<\/span> \u00bb, organis\u00e9e par la Maison de l\u2019Europe et des Europ\u00e9ens. (Salle des Mariages et du Conseil, Mairie du 7\u00b0).<\/li>\n<li><strong>Jeudi 13 d\u00e9cembre \u00e0 partir de 15 h<\/strong> : <span style=\"text-decoration: underline\">Spectacle de no\u00ebl de la cr\u00e8che \u00ab Les Septimousses<\/span> \u00bb. (Salle des Mariages et du Conseil, Mairie du 7\u00b0).<\/li>\n<li><strong>Vendredi 14 d\u00e9cembre \u00e0 partir de 16 h 30<\/strong>: \u00ab <span style=\"text-decoration: underline\">P\u00e8re No\u00ebl des pompiers de la Madeleine<\/span> \u00bb, organis\u00e9 par l\u2019association Cercle 2, de la caserne de la Madeleine. Portes ouvertes de la caserne, pr\u00e9sence des lutins du p\u00e8re No\u00ebl et du p\u00e8re No\u00ebl. Distribution de papillotes aux enfants. (Rue de la Madeleine).<\/li>\n<li><strong>Samedi 15 d\u00e9cembre \u00e0 16 h<\/strong> : <span style=\"text-decoration: underline\">F\u00eate de No\u00ebl du Relais d\u2019Assistantes Maternelles<\/span> \u2013 RAM Pouss\u20197. (Salle des Mariages et du Conseil, Mairie du 7\u00b0).<\/li>\n<li><strong>Mardi 18 d\u00e9cembre \u00e0 12 h<\/strong> : <span style=\"text-decoration: underline\">Repas de No\u00ebl<\/span> organis\u00e9 par la r\u00e9sidence Jean Jaur\u00e8s. (286 avenue Jean Jaur\u00e8s).<\/li>\n<li><strong>Mercredi 19 d\u00e9cembre \u00e0 18 h 30<\/strong> : <span style=\"text-decoration: underline\">Conf\u00e9rence-d\u00e9bat \u00ab Irak- une guerre de trente ans ?<\/span> \u00bb, par Akram Kachee, sp\u00e9cialiste des crises au Moyen\ufffeOrient. Conf\u00e9rence organis\u00e9e par Forum R\u00e9fugi\u00e9s. Inscription pr\u00e9alable :\u00a0 admin-formation@forumrefugies.org ou par t\u00e9l. au 04 27 82 62 61. (Salle des Mariages et du Conseil, Mairie du 7\u00b0).<\/li>\n<\/ul>\n<p><strong><span style=\"text-decoration: underline\"><em>NOTA<\/em><\/span><\/strong> :<\/p>\n<ul>\n<li>Eclairage dynamique de la fa\u00e7ade de la Mairie du 7\u00b0 du 12 d\u00e9cembre au 5 janvier 2019.<\/li>\n<li>Fresque lumineuse anim\u00e9e sur le th\u00e8me de la fresque foraine d\u2019antan du 19 d\u00e9cembre au 22 d\u00e9cembre.<\/li>\n<\/ul>\n<h4>Toute l\u2019ACTU de l\u2019arrondissement est sur : <a href=\"https:\/\/mairie7.lyon.fr\" target=\"_blank\" rel=\"noopener noreferrer\">https:\/\/mairie7.lyon.fr<\/a><\/h4>\n","protected":false},"excerpt":{"rendered":"<p>Nombreux sont les \u00e9v\u00e8nements et manifestations qui se d\u00e9rouleront durant cette p\u00e9riode, sur le 7 \u00b0 arrondissement, \u00e0 savoir : Du 3 au 21 d\u00e9cembre : \u00ab Joyeuse cacophonie \u00bb. Exposition de photos, de costumes et de d\u00e9cors du D\u00e9fil\u00e9 de la Biennale de la Danse avec la compagnie Fred Bendongu\u00e9 et le groupe commun [&hellip;]<\/p>\n","protected":false},"author":4,"featured_media":8840,"comment_status":"open","ping_status":"open","sticky":false,"template":"","format":"standard","meta":{"footnotes":""},"categories":[1625],"tags":[],"class_list":["post-60981","post","type-post","status-publish","format-standard","has-post-thumbnail","hentry","category-lyon"],"yoast_head":"<!-- This site is optimized with the Yoast SEO plugin v27.2 - https:\/\/yoast.com\/product\/yoast-seo-wordpress\/ -->\n<title>LYON 7 | Les manifestations du 3 au 19 d\u00e9cembre 2018 - News Est Lyonnais LYON 7\u00b0 : L\u2019agenda des manifestations du 3 au 19 d\u00e9cembre 2018<\/title>\n<meta name=\"description\" content=\"LYON 7\u00b0 : L\u2019agenda des manifestations du 3 au 19 d\u00e9cembre 2018\" \/>\n<meta name=\"robots\" content=\"index, follow, max-snippet:-1, max-image-preview:large, max-video-preview:-1\" \/>\n<link rel=\"canonical\" href=\"https:\/\/newsestlyonnais.fr\/site\/2018\/12\/04\/lyon-7-lagenda-des-manifestations-du-3-au-19-decembre-2018\/\" \/>\n<meta property=\"og:locale\" content=\"fr_FR\" \/>\n<meta property=\"og:type\" content=\"article\" \/>\n<meta property=\"og:title\" content=\"LYON 7 | Les manifestations du 3 au 19 d\u00e9cembre 2018 - News Est Lyonnais LYON 7\u00b0 : L\u2019agenda des manifestations du 3 au 19 d\u00e9cembre 2018\" \/>\n<meta property=\"og:description\" content=\"LYON 7\u00b0 : L\u2019agenda des manifestations du 3 au 19 d\u00e9cembre 2018\" \/>\n<meta property=\"og:url\" content=\"https:\/\/newsestlyonnais.fr\/site\/2018\/12\/04\/lyon-7-lagenda-des-manifestations-du-3-au-19-decembre-2018\/\" \/>\n<meta property=\"og:site_name\" content=\"News Est Lyonnais\" \/>\n<meta property=\"article:author\" content=\"https:\/\/www.facebook.com\/pascal.oberson.1?fref=ts\" \/>\n<meta property=\"article:published_time\" content=\"2018-12-04T15:28:55+00:00\" \/>\n<meta property=\"article:modified_time\" content=\"2020-11-12T06:24:37+00:00\" \/>\n<meta property=\"og:image\" content=\"https:\/\/i1.wp.com\/newsestlyonnais.fr\/site\/wp-content\/uploads\/2016\/06\/NEWSESTLYONNAIS-LYON-PANNEAUP1100180.jpg?fit=1000%2C750&ssl=1\" \/>\n\t<meta property=\"og:image:width\" content=\"1000\" \/>\n\t<meta property=\"og:image:height\" content=\"750\" \/>\n\t<meta property=\"og:image:type\" content=\"image\/jpeg\" \/>\n<meta name=\"author\" content=\"R\u00e9dac. NEWS\" \/>\n<meta name=\"twitter:card\" content=\"summary_large_image\" \/>\n<meta name=\"twitter:label1\" content=\"\u00c9crit par\" \/>\n\t<meta name=\"twitter:data1\" content=\"R\u00e9dac. NEWS\" \/>\n\t<meta name=\"twitter:label2\" content=\"Dur\u00e9e de lecture estim\u00e9e\" \/>\n\t<meta name=\"twitter:data2\" content=\"2 minutes\" \/>\n<script type=\"application\/ld+json\" class=\"yoast-schema-graph\">{\"@context\":\"https:\/\/schema.org\",\"@graph\":[{\"@type\":\"Article\",\"@id\":\"https:\/\/newsestlyonnais.fr\/site\/2018\/12\/04\/lyon-7-lagenda-des-manifestations-du-3-au-19-decembre-2018\/#article\",\"isPartOf\":{\"@id\":\"https:\/\/newsestlyonnais.fr\/site\/2018\/12\/04\/lyon-7-lagenda-des-manifestations-du-3-au-19-decembre-2018\/\"},\"author\":{\"name\":\"R\u00e9dac. NEWS\",\"@id\":\"https:\/\/newsestlyonnais.fr\/site\/#\/schema\/person\/3230d5615f390bb808365d673001e887\"},\"headline\":\"LYON 7 | Les manifestations du 3 au 19 d\u00e9cembre 2018\",\"datePublished\":\"2018-12-04T15:28:55+00:00\",\"dateModified\":\"2020-11-12T06:24:37+00:00\",\"mainEntityOfPage\":{\"@id\":\"https:\/\/newsestlyonnais.fr\/site\/2018\/12\/04\/lyon-7-lagenda-des-manifestations-du-3-au-19-decembre-2018\/\"},\"wordCount\":467,\"commentCount\":0,\"publisher\":{\"@id\":\"https:\/\/newsestlyonnais.fr\/site\/#organization\"},\"image\":{\"@id\":\"https:\/\/newsestlyonnais.fr\/site\/2018\/12\/04\/lyon-7-lagenda-des-manifestations-du-3-au-19-decembre-2018\/#primaryimage\"},\"thumbnailUrl\":\"https:\/\/newsestlyonnais.fr\/site\/wp-content\/uploads\/2016\/06\/NEWSESTLYONNAIS-LYON-PANNEAUP1100180.jpg\",\"articleSection\":[\"Lyon\"],\"inLanguage\":\"fr-FR\",\"potentialAction\":[{\"@type\":\"CommentAction\",\"name\":\"Comment\",\"target\":[\"https:\/\/newsestlyonnais.fr\/site\/2018\/12\/04\/lyon-7-lagenda-des-manifestations-du-3-au-19-decembre-2018\/#respond\"]}]},{\"@type\":\"WebPage\",\"@id\":\"https:\/\/newsestlyonnais.fr\/site\/2018\/12\/04\/lyon-7-lagenda-des-manifestations-du-3-au-19-decembre-2018\/\",\"url\":\"https:\/\/newsestlyonnais.fr\/site\/2018\/12\/04\/lyon-7-lagenda-des-manifestations-du-3-au-19-decembre-2018\/\",\"name\":\"LYON 7 | Les manifestations du 3 au 19 d\u00e9cembre 2018 - News Est Lyonnais LYON 7\u00b0 : L\u2019agenda des manifestations du 3 au 19 d\u00e9cembre 2018\",\"isPartOf\":{\"@id\":\"https:\/\/newsestlyonnais.fr\/site\/#website\"},\"primaryImageOfPage\":{\"@id\":\"https:\/\/newsestlyonnais.fr\/site\/2018\/12\/04\/lyon-7-lagenda-des-manifestations-du-3-au-19-decembre-2018\/#primaryimage\"},\"image\":{\"@id\":\"https:\/\/newsestlyonnais.fr\/site\/2018\/12\/04\/lyon-7-lagenda-des-manifestations-du-3-au-19-decembre-2018\/#primaryimage\"},\"thumbnailUrl\":\"https:\/\/newsestlyonnais.fr\/site\/wp-content\/uploads\/2016\/06\/NEWSESTLYONNAIS-LYON-PANNEAUP1100180.jpg\",\"datePublished\":\"2018-12-04T15:28:55+00:00\",\"dateModified\":\"2020-11-12T06:24:37+00:00\",\"description\":\"LYON 7\u00b0 : L\u2019agenda des manifestations du 3 au 19 d\u00e9cembre 2018\",\"breadcrumb\":{\"@id\":\"https:\/\/newsestlyonnais.fr\/site\/2018\/12\/04\/lyon-7-lagenda-des-manifestations-du-3-au-19-decembre-2018\/#breadcrumb\"},\"inLanguage\":\"fr-FR\",\"potentialAction\":[{\"@type\":\"ReadAction\",\"target\":[\"https:\/\/newsestlyonnais.fr\/site\/2018\/12\/04\/lyon-7-lagenda-des-manifestations-du-3-au-19-decembre-2018\/\"]}]},{\"@type\":\"ImageObject\",\"inLanguage\":\"fr-FR\",\"@id\":\"https:\/\/newsestlyonnais.fr\/site\/2018\/12\/04\/lyon-7-lagenda-des-manifestations-du-3-au-19-decembre-2018\/#primaryimage\",\"url\":\"https:\/\/newsestlyonnais.fr\/site\/wp-content\/uploads\/2016\/06\/NEWSESTLYONNAIS-LYON-PANNEAUP1100180.jpg\",\"contentUrl\":\"https:\/\/newsestlyonnais.fr\/site\/wp-content\/uploads\/2016\/06\/NEWSESTLYONNAIS-LYON-PANNEAUP1100180.jpg\",\"width\":1000,\"height\":750,\"caption\":\"NEWSESTLYONNAIS - LYON PANNEAU\"},{\"@type\":\"BreadcrumbList\",\"@id\":\"https:\/\/newsestlyonnais.fr\/site\/2018\/12\/04\/lyon-7-lagenda-des-manifestations-du-3-au-19-decembre-2018\/#breadcrumb\",\"itemListElement\":[{\"@type\":\"ListItem\",\"position\":1,\"name\":\"Accueil\",\"item\":\"https:\/\/newsestlyonnais.fr\/site\/\"},{\"@type\":\"ListItem\",\"position\":2,\"name\":\"LYON 7 | Les manifestations du 3 au 19 d\u00e9cembre 2018\"}]},{\"@type\":\"WebSite\",\"@id\":\"https:\/\/newsestlyonnais.fr\/site\/#website\",\"url\":\"https:\/\/newsestlyonnais.fr\/site\/\",\"name\":\"News Est Lyonnais\",\"description\":\"L&#039;actualit\u00e9 au plus pr\u00e8s\",\"publisher\":{\"@id\":\"https:\/\/newsestlyonnais.fr\/site\/#organization\"},\"potentialAction\":[{\"@type\":\"SearchAction\",\"target\":{\"@type\":\"EntryPoint\",\"urlTemplate\":\"https:\/\/newsestlyonnais.fr\/site\/?s={search_term_string}\"},\"query-input\":{\"@type\":\"PropertyValueSpecification\",\"valueRequired\":true,\"valueName\":\"search_term_string\"}}],\"inLanguage\":\"fr-FR\"},{\"@type\":\"Organization\",\"@id\":\"https:\/\/newsestlyonnais.fr\/site\/#organization\",\"name\":\"News EST LYONNAIS\",\"url\":\"https:\/\/newsestlyonnais.fr\/site\/\",\"logo\":{\"@type\":\"ImageObject\",\"inLanguage\":\"fr-FR\",\"@id\":\"https:\/\/newsestlyonnais.fr\/site\/#\/schema\/logo\/image\/\",\"url\":\"\",\"contentUrl\":\"\",\"caption\":\"News EST LYONNAIS\"},\"image\":{\"@id\":\"https:\/\/newsestlyonnais.fr\/site\/#\/schema\/logo\/image\/\"}},{\"@type\":\"Person\",\"@id\":\"https:\/\/newsestlyonnais.fr\/site\/#\/schema\/person\/3230d5615f390bb808365d673001e887\",\"name\":\"R\u00e9dac. NEWS\",\"sameAs\":[\"http:\/\/www.newsestlyonnais.fr\",\"https:\/\/www.facebook.com\/pascal.oberson.1?fref=ts\",\"https:\/\/fr.linkedin.com\/in\/pascal-oberson-b17045113\"],\"url\":\"https:\/\/newsestlyonnais.fr\/site\/author\/nel\/\"}]}<\/script>\n<!-- \/ Yoast SEO plugin. -->","yoast_head_json":{"title":"LYON 7 | Les manifestations du 3 au 19 d\u00e9cembre 2018 - News Est Lyonnais LYON 7\u00b0 : L\u2019agenda des manifestations du 3 au 19 d\u00e9cembre 2018","description":"LYON 7\u00b0 : L\u2019agenda des manifestations du 3 au 19 d\u00e9cembre 2018","robots":{"index":"index","follow":"follow","max-snippet":"max-snippet:-1","max-image-preview":"max-image-preview:large","max-video-preview":"max-video-preview:-1"},"canonical":"https:\/\/newsestlyonnais.fr\/site\/2018\/12\/04\/lyon-7-lagenda-des-manifestations-du-3-au-19-decembre-2018\/","og_locale":"fr_FR","og_type":"article","og_title":"LYON 7 | Les manifestations du 3 au 19 d\u00e9cembre 2018 - News Est Lyonnais LYON 7\u00b0 : L\u2019agenda des manifestations du 3 au 19 d\u00e9cembre 2018","og_description":"LYON 7\u00b0 : L\u2019agenda des manifestations du 3 au 19 d\u00e9cembre 2018","og_url":"https:\/\/newsestlyonnais.fr\/site\/2018\/12\/04\/lyon-7-lagenda-des-manifestations-du-3-au-19-decembre-2018\/","og_site_name":"News Est Lyonnais","article_author":"https:\/\/www.facebook.com\/pascal.oberson.1?fref=ts","article_published_time":"2018-12-04T15:28:55+00:00","article_modified_time":"2020-11-12T06:24:37+00:00","og_image":[{"width":1000,"height":750,"url":"https:\/\/i1.wp.com\/newsestlyonnais.fr\/site\/wp-content\/uploads\/2016\/06\/NEWSESTLYONNAIS-LYON-PANNEAUP1100180.jpg?fit=1000%2C750&ssl=1","type":"image\/jpeg"}],"author":"R\u00e9dac. NEWS","twitter_card":"summary_large_image","twitter_misc":{"\u00c9crit par":"R\u00e9dac. NEWS","Dur\u00e9e de lecture estim\u00e9e":"2 minutes"},"schema":{"@context":"https:\/\/schema.org","@graph":[{"@type":"Article","@id":"https:\/\/newsestlyonnais.fr\/site\/2018\/12\/04\/lyon-7-lagenda-des-manifestations-du-3-au-19-decembre-2018\/#article","isPartOf":{"@id":"https:\/\/newsestlyonnais.fr\/site\/2018\/12\/04\/lyon-7-lagenda-des-manifestations-du-3-au-19-decembre-2018\/"},"author":{"name":"R\u00e9dac. NEWS","@id":"https:\/\/newsestlyonnais.fr\/site\/#\/schema\/person\/3230d5615f390bb808365d673001e887"},"headline":"LYON 7 | Les manifestations du 3 au 19 d\u00e9cembre 2018","datePublished":"2018-12-04T15:28:55+00:00","dateModified":"2020-11-12T06:24:37+00:00","mainEntityOfPage":{"@id":"https:\/\/newsestlyonnais.fr\/site\/2018\/12\/04\/lyon-7-lagenda-des-manifestations-du-3-au-19-decembre-2018\/"},"wordCount":467,"commentCount":0,"publisher":{"@id":"https:\/\/newsestlyonnais.fr\/site\/#organization"},"image":{"@id":"https:\/\/newsestlyonnais.fr\/site\/2018\/12\/04\/lyon-7-lagenda-des-manifestations-du-3-au-19-decembre-2018\/#primaryimage"},"thumbnailUrl":"https:\/\/newsestlyonnais.fr\/site\/wp-content\/uploads\/2016\/06\/NEWSESTLYONNAIS-LYON-PANNEAUP1100180.jpg","articleSection":["Lyon"],"inLanguage":"fr-FR","potentialAction":[{"@type":"CommentAction","name":"Comment","target":["https:\/\/newsestlyonnais.fr\/site\/2018\/12\/04\/lyon-7-lagenda-des-manifestations-du-3-au-19-decembre-2018\/#respond"]}]},{"@type":"WebPage","@id":"https:\/\/newsestlyonnais.fr\/site\/2018\/12\/04\/lyon-7-lagenda-des-manifestations-du-3-au-19-decembre-2018\/","url":"https:\/\/newsestlyonnais.fr\/site\/2018\/12\/04\/lyon-7-lagenda-des-manifestations-du-3-au-19-decembre-2018\/","name":"LYON 7 | Les manifestations du 3 au 19 d\u00e9cembre 2018 - News Est Lyonnais LYON 7\u00b0 : L\u2019agenda des manifestations du 3 au 19 d\u00e9cembre 2018","isPartOf":{"@id":"https:\/\/newsestlyonnais.fr\/site\/#website"},"primaryImageOfPage":{"@id":"https:\/\/newsestlyonnais.fr\/site\/2018\/12\/04\/lyon-7-lagenda-des-manifestations-du-3-au-19-decembre-2018\/#primaryimage"},"image":{"@id":"https:\/\/newsestlyonnais.fr\/site\/2018\/12\/04\/lyon-7-lagenda-des-manifestations-du-3-au-19-decembre-2018\/#primaryimage"},"thumbnailUrl":"https:\/\/newsestlyonnais.fr\/site\/wp-content\/uploads\/2016\/06\/NEWSESTLYONNAIS-LYON-PANNEAUP1100180.jpg","datePublished":"2018-12-04T15:28:55+00:00","dateModified":"2020-11-12T06:24:37+00:00","description":"LYON 7\u00b0 : L\u2019agenda des manifestations du 3 au 19 d\u00e9cembre 2018","breadcrumb":{"@id":"https:\/\/newsestlyonnais.fr\/site\/2018\/12\/04\/lyon-7-lagenda-des-manifestations-du-3-au-19-decembre-2018\/#breadcrumb"},"inLanguage":"fr-FR","potentialAction":[{"@type":"ReadAction","target":["https:\/\/newsestlyonnais.fr\/site\/2018\/12\/04\/lyon-7-lagenda-des-manifestations-du-3-au-19-decembre-2018\/"]}]},{"@type":"ImageObject","inLanguage":"fr-FR","@id":"https:\/\/newsestlyonnais.fr\/site\/2018\/12\/04\/lyon-7-lagenda-des-manifestations-du-3-au-19-decembre-2018\/#primaryimage","url":"https:\/\/newsestlyonnais.fr\/site\/wp-content\/uploads\/2016\/06\/NEWSESTLYONNAIS-LYON-PANNEAUP1100180.jpg","contentUrl":"https:\/\/newsestlyonnais.fr\/site\/wp-content\/uploads\/2016\/06\/NEWSESTLYONNAIS-LYON-PANNEAUP1100180.jpg","width":1000,"height":750,"caption":"NEWSESTLYONNAIS - LYON PANNEAU"},{"@type":"BreadcrumbList","@id":"https:\/\/newsestlyonnais.fr\/site\/2018\/12\/04\/lyon-7-lagenda-des-manifestations-du-3-au-19-decembre-2018\/#breadcrumb","itemListElement":[{"@type":"ListItem","position":1,"name":"Accueil","item":"https:\/\/newsestlyonnais.fr\/site\/"},{"@type":"ListItem","position":2,"name":"LYON 7 | Les manifestations du 3 au 19 d\u00e9cembre 2018"}]},{"@type":"WebSite","@id":"https:\/\/newsestlyonnais.fr\/site\/#website","url":"https:\/\/newsestlyonnais.fr\/site\/","name":"News Est Lyonnais","description":"L&#039;actualit\u00e9 au plus pr\u00e8s","publisher":{"@id":"https:\/\/newsestlyonnais.fr\/site\/#organization"},"potentialAction":[{"@type":"SearchAction","target":{"@type":"EntryPoint","urlTemplate":"https:\/\/newsestlyonnais.fr\/site\/?s={search_term_string}"},"query-input":{"@type":"PropertyValueSpecification","valueRequired":true,"valueName":"search_term_string"}}],"inLanguage":"fr-FR"},{"@type":"Organization","@id":"https:\/\/newsestlyonnais.fr\/site\/#organization","name":"News EST LYONNAIS","url":"https:\/\/newsestlyonnais.fr\/site\/","logo":{"@type":"ImageObject","inLanguage":"fr-FR","@id":"https:\/\/newsestlyonnais.fr\/site\/#\/schema\/logo\/image\/","url":"","contentUrl":"","caption":"News EST LYONNAIS"},"image":{"@id":"https:\/\/newsestlyonnais.fr\/site\/#\/schema\/logo\/image\/"}},{"@type":"Person","@id":"https:\/\/newsestlyonnais.fr\/site\/#\/schema\/person\/3230d5615f390bb808365d673001e887","name":"R\u00e9dac. NEWS","sameAs":["http:\/\/www.newsestlyonnais.fr","https:\/\/www.facebook.com\/pascal.oberson.1?fref=ts","https:\/\/fr.linkedin.com\/in\/pascal-oberson-b17045113"],"url":"https:\/\/newsestlyonnais.fr\/site\/author\/nel\/"}]}},"_links":{"self":[{"href":"https:\/\/newsestlyonnais.fr\/site\/wp-json\/wp\/v2\/posts\/60981","targetHints":{"allow":["GET"]}}],"collection":[{"href":"https:\/\/newsestlyonnais.fr\/site\/wp-json\/wp\/v2\/posts"}],"about":[{"href":"https:\/\/newsestlyonnais.fr\/site\/wp-json\/wp\/v2\/types\/post"}],"author":[{"embeddable":true,"href":"https:\/\/newsestlyonnais.fr\/site\/wp-json\/wp\/v2\/users\/4"}],"replies":[{"embeddable":true,"href":"https:\/\/newsestlyonnais.fr\/site\/wp-json\/wp\/v2\/comments?post=60981"}],"version-history":[{"count":0,"href":"https:\/\/newsestlyonnais.fr\/site\/wp-json\/wp\/v2\/posts\/60981\/revisions"}],"wp:featuredmedia":[{"embeddable":true,"href":"https:\/\/newsestlyonnais.fr\/site\/wp-json\/wp\/v2\/media\/8840"}],"wp:attachment":[{"href":"https:\/\/newsestlyonnais.fr\/site\/wp-json\/wp\/v2\/media?parent=60981"}],"wp:term":[{"taxonomy":"category","embeddable":true,"href":"https:\/\/newsestlyonnais.fr\/site\/wp-json\/wp\/v2\/categories?post=60981"},{"taxonomy":"post_tag","embeddable":true,"href":"https:\/\/newsestlyonnais.fr\/site\/wp-json\/wp\/v2\/tags?post=60981"}],"curies":[{"name":"wp","href":"https:\/\/api.w.org\/{rel}","templated":true}]}}