{"id":61256,"date":"2018-12-04T08:12:19","date_gmt":"2018-12-04T07:12:19","guid":{"rendered":"http:\/\/newsestlyonnais.fr\/site\/?p=61256"},"modified":"2020-11-11T14:18:15","modified_gmt":"2020-11-11T13:18:15","slug":"decines-1-edition-du-trail-du-mamelon-avec-le-d-m-a","status":"publish","type":"post","link":"https:\/\/newsestlyonnais.fr\/site\/2018\/12\/04\/decines-1-edition-du-trail-du-mamelon-avec-le-d-m-a\/","title":{"rendered":"DECINES | 1\u00b0 \u00e9dition du Trail du Mamelon avec le D.M.A."},"content":{"rendered":"<h4>Le <a href=\"https:\/\/www.decines-meyzieu-athle.com\" target=\"_blank\" rel=\"noopener noreferrer\"><span style=\"color: #3366ff\">D\u00e9cines Meyzieu Athl\u00e9tisme (D.M.A.)<\/span><\/a> organisera dimanche le Trail du Mamelon en ouverture de son traditionnel cross qui en sera \u00e0 sa 48\u00b0 \u00e9dition.<\/h4>\n<p>Le pr\u00e9sident Guillaume Schroll et sa dynamique \u00e9quipe de b\u00e9n\u00e9voles attendent une centaine de participants pour la grande premi\u00e8re d&rsquo;une \u00e9preuve \u00e0 courir sur la distance de 10 kilom\u00e8tres (6 boucles de 1,650 km environ) avec un important d\u00e9nivel\u00e9 positif de 350 m\u00e8tres.<\/p>\n<ul>\n<li><strong>D\u00e9part \u00e0 9 h 45.<\/strong><\/li>\n<li><strong>Inscriptions en ligne<\/strong> jusqu&rsquo;au jeudi 6 d\u00e9cembre : <a href=\"https:\/\/www.terrederunners.com\/inscriptions-aux-courses\/trail-du-mamelon-2018\/\" target=\"_blank\" rel=\"noopener noreferrer\">https:\/\/www.terrederunners.com\/inscriptions-aux-courses\/trail-du-mamelon-2018\/<\/a><\/li>\n<li><strong>Inscription sur place<\/strong> : 10 Euros, jusqu&rsquo;\u00e0 9 h 15.<\/li>\n<li><strong>Infos &amp; contact<\/strong> : Nicolas \/ nicolas.mazioui@outlook.fr ou 06. 71. 74. 32. 50<\/li>\n<\/ul>\n<p><strong><u>48\u00b0 Cross du Mamelon :<\/u><\/strong><\/p>\n<p><strong><u>Inscription <\/u><\/strong>: Gratuite \u00e0 l&rsquo;avance sur le site du <a href=\"http:\/\/rhone.athle.com\/asp.net\/espaces.engage\/engage.aspx\" target=\"_blank\" rel=\"noopener noreferrer\">Comit\u00e9 du Rh\u00f4ne<\/a> pour les licenci\u00e9s FFA ou 2 euros, sur place uniquement, pour les licenci\u00e9s et non licenci\u00e9s FFA, pr\u00e9sentant un certificat m\u00e9dical datant de moins d&rsquo;un an.<\/p>\n<p><u><strong>Cross ouvert \u00e0 tous<\/strong><\/u> : Licenci\u00e9 ou non licenci\u00e9 FFA, tout coureur peut participer \u00e0 l&rsquo;\u00e9preuve correspondant \u00e0 sa cat\u00e9gorie d&rsquo;age, en respectant les conditions d&rsquo;inscription. Les non licenci\u00e9s FFA peuvent seulement s&rsquo;inscrire sur place.<\/p>\n<p><strong>Plus d&rsquo;infos sur<\/strong> : <a href=\"https:\/\/www.decines-meyzieu-athle.com\/en-savoir-plus\/cross-du-mamelon-38172\" target=\"_blank\" rel=\"noopener noreferrer\">https:\/\/www.decines-meyzieu-athle.com\/en-savoir-plus\/cross-du-mamelon-38172<\/a><\/p>\n<p>&nbsp;<\/p>\n<div id='gallery-1' class='gallery galleryid-61256 gallery-columns-3 gallery-size-thumbnail'><figure class='gallery-item'>\n\t\t\t<div class='gallery-icon portrait'>\n\t\t\t\t<a href='https:\/\/newsestlyonnais.fr\/site\/2018\/11\/04\/decines-meyzieu-athletisme-trail-des-irreductibles-et-cross-du-mamelon-a-laffiche\/newsestlyonnais-trail-mamelon-2018\/'><img loading=\"lazy\" decoding=\"async\" width=\"150\" height=\"150\" src=\"https:\/\/newsestlyonnais.fr\/site\/wp-content\/uploads\/2018\/11\/NEWSESTLYONNAIS-Trail-mamelon-2018-150x150.jpg\" class=\"attachment-thumbnail size-thumbnail\" alt=\"NEWSESTLYONNAIS Trail mamelon 2018\" aria-describedby=\"gallery-1-59718\" \/><\/a>\n\t\t\t<\/div>\n\t\t\t\t<figcaption class='wp-caption-text gallery-caption' id='gallery-1-59718'>\n\t\t\t\t     1\u00b0 Trail du Mamelon  \n\t\t\t\t<\/figcaption><\/figure><figure class='gallery-item'>\n\t\t\t<div class='gallery-icon portrait'>\n\t\t\t\t<a href='https:\/\/newsestlyonnais.fr\/site\/newsestlyonnais-cross-mamelon-2018\/'><img loading=\"lazy\" decoding=\"async\" width=\"150\" height=\"150\" src=\"https:\/\/newsestlyonnais.fr\/site\/wp-content\/uploads\/2018\/11\/NEWSESTLYONNAIS-CROSS-MAMELON-2018-150x150.jpg\" class=\"attachment-thumbnail size-thumbnail\" alt=\"NEWSESTLYONNAIS CROSS MAMELON 2018\" aria-describedby=\"gallery-1-59466\" \/><\/a>\n\t\t\t<\/div>\n\t\t\t\t<figcaption class='wp-caption-text gallery-caption' id='gallery-1-59466'>\n\t\t\t\t    Le 48\u00b0 Cross du Mamelon\n\t\t\t\t<\/figcaption><\/figure>\n\t\t<\/div>\n\n","protected":false},"excerpt":{"rendered":"<p>Le D\u00e9cines Meyzieu Athl\u00e9tisme (D.M.A.) organisera dimanche le Trail du Mamelon en ouverture de son traditionnel cross qui en sera \u00e0 sa 48\u00b0 \u00e9dition. Le pr\u00e9sident Guillaume Schroll et sa dynamique \u00e9quipe de b\u00e9n\u00e9voles attendent une centaine de participants pour la grande premi\u00e8re d&rsquo;une \u00e9preuve \u00e0 courir sur la distance de 10 kilom\u00e8tres (6 boucles [&hellip;]<\/p>\n","protected":false},"author":4,"featured_media":59718,"comment_status":"open","ping_status":"open","sticky":false,"template":"","format":"standard","meta":{"footnotes":""},"categories":[2968,21,4,24],"tags":[],"class_list":["post-61256","post","type-post","status-publish","format-standard","has-post-thumbnail","hentry","category-athle-course-pied-marche","category-decines-charpieu","category-evenements-divers","category-meyzieu"],"yoast_head":"<!-- This site is optimized with the Yoast SEO plugin v27.2 - https:\/\/yoast.com\/product\/yoast-seo-wordpress\/ -->\n<title>DECINES | 1\u00b0 \u00e9dition du Trail du Mamelon avec le D.M.A. - News Est Lyonnais DECINES : 1\u00b0 \u00e9dition du Trail du Mamelon avec le D.M.A. ce dimanche<\/title>\n<meta name=\"description\" content=\"DECINES : 1\u00b0 \u00e9dition du Trail du Mamelon avec le D.M.A. ce dimanche\" \/>\n<meta name=\"robots\" content=\"index, follow, max-snippet:-1, max-image-preview:large, max-video-preview:-1\" \/>\n<link rel=\"canonical\" href=\"https:\/\/newsestlyonnais.fr\/site\/2018\/12\/04\/decines-1-edition-du-trail-du-mamelon-avec-le-d-m-a\/\" \/>\n<meta property=\"og:locale\" content=\"fr_FR\" \/>\n<meta property=\"og:type\" content=\"article\" \/>\n<meta property=\"og:title\" content=\"DECINES | 1\u00b0 \u00e9dition du Trail du Mamelon avec le D.M.A. - News Est Lyonnais DECINES : 1\u00b0 \u00e9dition du Trail du Mamelon avec le D.M.A. ce dimanche\" \/>\n<meta property=\"og:description\" content=\"DECINES : 1\u00b0 \u00e9dition du Trail du Mamelon avec le D.M.A. ce dimanche\" \/>\n<meta property=\"og:url\" content=\"https:\/\/newsestlyonnais.fr\/site\/2018\/12\/04\/decines-1-edition-du-trail-du-mamelon-avec-le-d-m-a\/\" \/>\n<meta property=\"og:site_name\" content=\"News Est Lyonnais\" \/>\n<meta property=\"article:author\" content=\"https:\/\/www.facebook.com\/pascal.oberson.1?fref=ts\" \/>\n<meta property=\"article:published_time\" content=\"2018-12-04T07:12:19+00:00\" \/>\n<meta property=\"article:modified_time\" content=\"2020-11-11T13:18:15+00:00\" \/>\n<meta property=\"og:image\" content=\"https:\/\/i0.wp.com\/newsestlyonnais.fr\/site\/wp-content\/uploads\/2018\/11\/NEWSESTLYONNAIS-Trail-mamelon-2018.jpg?fit=1588%2C2246&ssl=1\" \/>\n\t<meta property=\"og:image:width\" content=\"1588\" \/>\n\t<meta property=\"og:image:height\" content=\"2246\" \/>\n\t<meta property=\"og:image:type\" content=\"image\/jpeg\" \/>\n<meta name=\"author\" content=\"R\u00e9dac. NEWS\" \/>\n<meta name=\"twitter:card\" content=\"summary_large_image\" \/>\n<meta name=\"twitter:label1\" content=\"\u00c9crit par\" \/>\n\t<meta name=\"twitter:data1\" content=\"R\u00e9dac. NEWS\" \/>\n\t<meta name=\"twitter:label2\" content=\"Dur\u00e9e de lecture estim\u00e9e\" \/>\n\t<meta name=\"twitter:data2\" content=\"1 minute\" \/>\n<script type=\"application\/ld+json\" class=\"yoast-schema-graph\">{\"@context\":\"https:\/\/schema.org\",\"@graph\":[{\"@type\":\"Article\",\"@id\":\"https:\/\/newsestlyonnais.fr\/site\/2018\/12\/04\/decines-1-edition-du-trail-du-mamelon-avec-le-d-m-a\/#article\",\"isPartOf\":{\"@id\":\"https:\/\/newsestlyonnais.fr\/site\/2018\/12\/04\/decines-1-edition-du-trail-du-mamelon-avec-le-d-m-a\/\"},\"author\":{\"name\":\"R\u00e9dac. NEWS\",\"@id\":\"https:\/\/newsestlyonnais.fr\/site\/#\/schema\/person\/3230d5615f390bb808365d673001e887\"},\"headline\":\"DECINES | 1\u00b0 \u00e9dition du Trail du Mamelon avec le D.M.A.\",\"datePublished\":\"2018-12-04T07:12:19+00:00\",\"dateModified\":\"2020-11-11T13:18:15+00:00\",\"mainEntityOfPage\":{\"@id\":\"https:\/\/newsestlyonnais.fr\/site\/2018\/12\/04\/decines-1-edition-du-trail-du-mamelon-avec-le-d-m-a\/\"},\"wordCount\":213,\"commentCount\":0,\"publisher\":{\"@id\":\"https:\/\/newsestlyonnais.fr\/site\/#organization\"},\"image\":{\"@id\":\"https:\/\/newsestlyonnais.fr\/site\/2018\/12\/04\/decines-1-edition-du-trail-du-mamelon-avec-le-d-m-a\/#primaryimage\"},\"thumbnailUrl\":\"https:\/\/newsestlyonnais.fr\/site\/wp-content\/uploads\/2018\/11\/NEWSESTLYONNAIS-Trail-mamelon-2018.jpg\",\"articleSection\":[\"Athl\u00e9 | Course pied | Marche\",\"D\u00e9cines-Charpieu\",\"Ev\u00e8nements divers\",\"Meyzieu\"],\"inLanguage\":\"fr-FR\",\"potentialAction\":[{\"@type\":\"CommentAction\",\"name\":\"Comment\",\"target\":[\"https:\/\/newsestlyonnais.fr\/site\/2018\/12\/04\/decines-1-edition-du-trail-du-mamelon-avec-le-d-m-a\/#respond\"]}]},{\"@type\":\"WebPage\",\"@id\":\"https:\/\/newsestlyonnais.fr\/site\/2018\/12\/04\/decines-1-edition-du-trail-du-mamelon-avec-le-d-m-a\/\",\"url\":\"https:\/\/newsestlyonnais.fr\/site\/2018\/12\/04\/decines-1-edition-du-trail-du-mamelon-avec-le-d-m-a\/\",\"name\":\"DECINES | 1\u00b0 \u00e9dition du Trail du Mamelon avec le D.M.A. - News Est Lyonnais DECINES : 1\u00b0 \u00e9dition du Trail du Mamelon avec le D.M.A. ce dimanche\",\"isPartOf\":{\"@id\":\"https:\/\/newsestlyonnais.fr\/site\/#website\"},\"primaryImageOfPage\":{\"@id\":\"https:\/\/newsestlyonnais.fr\/site\/2018\/12\/04\/decines-1-edition-du-trail-du-mamelon-avec-le-d-m-a\/#primaryimage\"},\"image\":{\"@id\":\"https:\/\/newsestlyonnais.fr\/site\/2018\/12\/04\/decines-1-edition-du-trail-du-mamelon-avec-le-d-m-a\/#primaryimage\"},\"thumbnailUrl\":\"https:\/\/newsestlyonnais.fr\/site\/wp-content\/uploads\/2018\/11\/NEWSESTLYONNAIS-Trail-mamelon-2018.jpg\",\"datePublished\":\"2018-12-04T07:12:19+00:00\",\"dateModified\":\"2020-11-11T13:18:15+00:00\",\"description\":\"DECINES : 1\u00b0 \u00e9dition du Trail du Mamelon avec le D.M.A. ce dimanche\",\"breadcrumb\":{\"@id\":\"https:\/\/newsestlyonnais.fr\/site\/2018\/12\/04\/decines-1-edition-du-trail-du-mamelon-avec-le-d-m-a\/#breadcrumb\"},\"inLanguage\":\"fr-FR\",\"potentialAction\":[{\"@type\":\"ReadAction\",\"target\":[\"https:\/\/newsestlyonnais.fr\/site\/2018\/12\/04\/decines-1-edition-du-trail-du-mamelon-avec-le-d-m-a\/\"]}]},{\"@type\":\"ImageObject\",\"inLanguage\":\"fr-FR\",\"@id\":\"https:\/\/newsestlyonnais.fr\/site\/2018\/12\/04\/decines-1-edition-du-trail-du-mamelon-avec-le-d-m-a\/#primaryimage\",\"url\":\"https:\/\/newsestlyonnais.fr\/site\/wp-content\/uploads\/2018\/11\/NEWSESTLYONNAIS-Trail-mamelon-2018.jpg\",\"contentUrl\":\"https:\/\/newsestlyonnais.fr\/site\/wp-content\/uploads\/2018\/11\/NEWSESTLYONNAIS-Trail-mamelon-2018.jpg\",\"width\":1588,\"height\":2246,\"caption\":\"1\u00b0 Trail du Mamelon\"},{\"@type\":\"BreadcrumbList\",\"@id\":\"https:\/\/newsestlyonnais.fr\/site\/2018\/12\/04\/decines-1-edition-du-trail-du-mamelon-avec-le-d-m-a\/#breadcrumb\",\"itemListElement\":[{\"@type\":\"ListItem\",\"position\":1,\"name\":\"Accueil\",\"item\":\"https:\/\/newsestlyonnais.fr\/site\/\"},{\"@type\":\"ListItem\",\"position\":2,\"name\":\"DECINES | 1\u00b0 \u00e9dition du Trail du Mamelon avec le D.M.A.\"}]},{\"@type\":\"WebSite\",\"@id\":\"https:\/\/newsestlyonnais.fr\/site\/#website\",\"url\":\"https:\/\/newsestlyonnais.fr\/site\/\",\"name\":\"News Est Lyonnais\",\"description\":\"L&#039;actualit\u00e9 au plus pr\u00e8s\",\"publisher\":{\"@id\":\"https:\/\/newsestlyonnais.fr\/site\/#organization\"},\"potentialAction\":[{\"@type\":\"SearchAction\",\"target\":{\"@type\":\"EntryPoint\",\"urlTemplate\":\"https:\/\/newsestlyonnais.fr\/site\/?s={search_term_string}\"},\"query-input\":{\"@type\":\"PropertyValueSpecification\",\"valueRequired\":true,\"valueName\":\"search_term_string\"}}],\"inLanguage\":\"fr-FR\"},{\"@type\":\"Organization\",\"@id\":\"https:\/\/newsestlyonnais.fr\/site\/#organization\",\"name\":\"News EST LYONNAIS\",\"url\":\"https:\/\/newsestlyonnais.fr\/site\/\",\"logo\":{\"@type\":\"ImageObject\",\"inLanguage\":\"fr-FR\",\"@id\":\"https:\/\/newsestlyonnais.fr\/site\/#\/schema\/logo\/image\/\",\"url\":\"\",\"contentUrl\":\"\",\"caption\":\"News EST LYONNAIS\"},\"image\":{\"@id\":\"https:\/\/newsestlyonnais.fr\/site\/#\/schema\/logo\/image\/\"}},{\"@type\":\"Person\",\"@id\":\"https:\/\/newsestlyonnais.fr\/site\/#\/schema\/person\/3230d5615f390bb808365d673001e887\",\"name\":\"R\u00e9dac. NEWS\",\"sameAs\":[\"http:\/\/www.newsestlyonnais.fr\",\"https:\/\/www.facebook.com\/pascal.oberson.1?fref=ts\",\"https:\/\/fr.linkedin.com\/in\/pascal-oberson-b17045113\"],\"url\":\"https:\/\/newsestlyonnais.fr\/site\/author\/nel\/\"}]}<\/script>\n<!-- \/ Yoast SEO plugin. -->","yoast_head_json":{"title":"DECINES | 1\u00b0 \u00e9dition du Trail du Mamelon avec le D.M.A. - News Est Lyonnais DECINES : 1\u00b0 \u00e9dition du Trail du Mamelon avec le D.M.A. ce dimanche","description":"DECINES : 1\u00b0 \u00e9dition du Trail du Mamelon avec le D.M.A. ce dimanche","robots":{"index":"index","follow":"follow","max-snippet":"max-snippet:-1","max-image-preview":"max-image-preview:large","max-video-preview":"max-video-preview:-1"},"canonical":"https:\/\/newsestlyonnais.fr\/site\/2018\/12\/04\/decines-1-edition-du-trail-du-mamelon-avec-le-d-m-a\/","og_locale":"fr_FR","og_type":"article","og_title":"DECINES | 1\u00b0 \u00e9dition du Trail du Mamelon avec le D.M.A. - News Est Lyonnais DECINES : 1\u00b0 \u00e9dition du Trail du Mamelon avec le D.M.A. ce dimanche","og_description":"DECINES : 1\u00b0 \u00e9dition du Trail du Mamelon avec le D.M.A. ce dimanche","og_url":"https:\/\/newsestlyonnais.fr\/site\/2018\/12\/04\/decines-1-edition-du-trail-du-mamelon-avec-le-d-m-a\/","og_site_name":"News Est Lyonnais","article_author":"https:\/\/www.facebook.com\/pascal.oberson.1?fref=ts","article_published_time":"2018-12-04T07:12:19+00:00","article_modified_time":"2020-11-11T13:18:15+00:00","og_image":[{"width":1588,"height":2246,"url":"https:\/\/i0.wp.com\/newsestlyonnais.fr\/site\/wp-content\/uploads\/2018\/11\/NEWSESTLYONNAIS-Trail-mamelon-2018.jpg?fit=1588%2C2246&ssl=1","type":"image\/jpeg"}],"author":"R\u00e9dac. NEWS","twitter_card":"summary_large_image","twitter_misc":{"\u00c9crit par":"R\u00e9dac. NEWS","Dur\u00e9e de lecture estim\u00e9e":"1 minute"},"schema":{"@context":"https:\/\/schema.org","@graph":[{"@type":"Article","@id":"https:\/\/newsestlyonnais.fr\/site\/2018\/12\/04\/decines-1-edition-du-trail-du-mamelon-avec-le-d-m-a\/#article","isPartOf":{"@id":"https:\/\/newsestlyonnais.fr\/site\/2018\/12\/04\/decines-1-edition-du-trail-du-mamelon-avec-le-d-m-a\/"},"author":{"name":"R\u00e9dac. NEWS","@id":"https:\/\/newsestlyonnais.fr\/site\/#\/schema\/person\/3230d5615f390bb808365d673001e887"},"headline":"DECINES | 1\u00b0 \u00e9dition du Trail du Mamelon avec le D.M.A.","datePublished":"2018-12-04T07:12:19+00:00","dateModified":"2020-11-11T13:18:15+00:00","mainEntityOfPage":{"@id":"https:\/\/newsestlyonnais.fr\/site\/2018\/12\/04\/decines-1-edition-du-trail-du-mamelon-avec-le-d-m-a\/"},"wordCount":213,"commentCount":0,"publisher":{"@id":"https:\/\/newsestlyonnais.fr\/site\/#organization"},"image":{"@id":"https:\/\/newsestlyonnais.fr\/site\/2018\/12\/04\/decines-1-edition-du-trail-du-mamelon-avec-le-d-m-a\/#primaryimage"},"thumbnailUrl":"https:\/\/newsestlyonnais.fr\/site\/wp-content\/uploads\/2018\/11\/NEWSESTLYONNAIS-Trail-mamelon-2018.jpg","articleSection":["Athl\u00e9 | Course pied | Marche","D\u00e9cines-Charpieu","Ev\u00e8nements divers","Meyzieu"],"inLanguage":"fr-FR","potentialAction":[{"@type":"CommentAction","name":"Comment","target":["https:\/\/newsestlyonnais.fr\/site\/2018\/12\/04\/decines-1-edition-du-trail-du-mamelon-avec-le-d-m-a\/#respond"]}]},{"@type":"WebPage","@id":"https:\/\/newsestlyonnais.fr\/site\/2018\/12\/04\/decines-1-edition-du-trail-du-mamelon-avec-le-d-m-a\/","url":"https:\/\/newsestlyonnais.fr\/site\/2018\/12\/04\/decines-1-edition-du-trail-du-mamelon-avec-le-d-m-a\/","name":"DECINES | 1\u00b0 \u00e9dition du Trail du Mamelon avec le D.M.A. - News Est Lyonnais DECINES : 1\u00b0 \u00e9dition du Trail du Mamelon avec le D.M.A. ce dimanche","isPartOf":{"@id":"https:\/\/newsestlyonnais.fr\/site\/#website"},"primaryImageOfPage":{"@id":"https:\/\/newsestlyonnais.fr\/site\/2018\/12\/04\/decines-1-edition-du-trail-du-mamelon-avec-le-d-m-a\/#primaryimage"},"image":{"@id":"https:\/\/newsestlyonnais.fr\/site\/2018\/12\/04\/decines-1-edition-du-trail-du-mamelon-avec-le-d-m-a\/#primaryimage"},"thumbnailUrl":"https:\/\/newsestlyonnais.fr\/site\/wp-content\/uploads\/2018\/11\/NEWSESTLYONNAIS-Trail-mamelon-2018.jpg","datePublished":"2018-12-04T07:12:19+00:00","dateModified":"2020-11-11T13:18:15+00:00","description":"DECINES : 1\u00b0 \u00e9dition du Trail du Mamelon avec le D.M.A. ce dimanche","breadcrumb":{"@id":"https:\/\/newsestlyonnais.fr\/site\/2018\/12\/04\/decines-1-edition-du-trail-du-mamelon-avec-le-d-m-a\/#breadcrumb"},"inLanguage":"fr-FR","potentialAction":[{"@type":"ReadAction","target":["https:\/\/newsestlyonnais.fr\/site\/2018\/12\/04\/decines-1-edition-du-trail-du-mamelon-avec-le-d-m-a\/"]}]},{"@type":"ImageObject","inLanguage":"fr-FR","@id":"https:\/\/newsestlyonnais.fr\/site\/2018\/12\/04\/decines-1-edition-du-trail-du-mamelon-avec-le-d-m-a\/#primaryimage","url":"https:\/\/newsestlyonnais.fr\/site\/wp-content\/uploads\/2018\/11\/NEWSESTLYONNAIS-Trail-mamelon-2018.jpg","contentUrl":"https:\/\/newsestlyonnais.fr\/site\/wp-content\/uploads\/2018\/11\/NEWSESTLYONNAIS-Trail-mamelon-2018.jpg","width":1588,"height":2246,"caption":"1\u00b0 Trail du Mamelon"},{"@type":"BreadcrumbList","@id":"https:\/\/newsestlyonnais.fr\/site\/2018\/12\/04\/decines-1-edition-du-trail-du-mamelon-avec-le-d-m-a\/#breadcrumb","itemListElement":[{"@type":"ListItem","position":1,"name":"Accueil","item":"https:\/\/newsestlyonnais.fr\/site\/"},{"@type":"ListItem","position":2,"name":"DECINES | 1\u00b0 \u00e9dition du Trail du Mamelon avec le D.M.A."}]},{"@type":"WebSite","@id":"https:\/\/newsestlyonnais.fr\/site\/#website","url":"https:\/\/newsestlyonnais.fr\/site\/","name":"News Est Lyonnais","description":"L&#039;actualit\u00e9 au plus pr\u00e8s","publisher":{"@id":"https:\/\/newsestlyonnais.fr\/site\/#organization"},"potentialAction":[{"@type":"SearchAction","target":{"@type":"EntryPoint","urlTemplate":"https:\/\/newsestlyonnais.fr\/site\/?s={search_term_string}"},"query-input":{"@type":"PropertyValueSpecification","valueRequired":true,"valueName":"search_term_string"}}],"inLanguage":"fr-FR"},{"@type":"Organization","@id":"https:\/\/newsestlyonnais.fr\/site\/#organization","name":"News EST LYONNAIS","url":"https:\/\/newsestlyonnais.fr\/site\/","logo":{"@type":"ImageObject","inLanguage":"fr-FR","@id":"https:\/\/newsestlyonnais.fr\/site\/#\/schema\/logo\/image\/","url":"","contentUrl":"","caption":"News EST LYONNAIS"},"image":{"@id":"https:\/\/newsestlyonnais.fr\/site\/#\/schema\/logo\/image\/"}},{"@type":"Person","@id":"https:\/\/newsestlyonnais.fr\/site\/#\/schema\/person\/3230d5615f390bb808365d673001e887","name":"R\u00e9dac. NEWS","sameAs":["http:\/\/www.newsestlyonnais.fr","https:\/\/www.facebook.com\/pascal.oberson.1?fref=ts","https:\/\/fr.linkedin.com\/in\/pascal-oberson-b17045113"],"url":"https:\/\/newsestlyonnais.fr\/site\/author\/nel\/"}]}},"_links":{"self":[{"href":"https:\/\/newsestlyonnais.fr\/site\/wp-json\/wp\/v2\/posts\/61256","targetHints":{"allow":["GET"]}}],"collection":[{"href":"https:\/\/newsestlyonnais.fr\/site\/wp-json\/wp\/v2\/posts"}],"about":[{"href":"https:\/\/newsestlyonnais.fr\/site\/wp-json\/wp\/v2\/types\/post"}],"author":[{"embeddable":true,"href":"https:\/\/newsestlyonnais.fr\/site\/wp-json\/wp\/v2\/users\/4"}],"replies":[{"embeddable":true,"href":"https:\/\/newsestlyonnais.fr\/site\/wp-json\/wp\/v2\/comments?post=61256"}],"version-history":[{"count":0,"href":"https:\/\/newsestlyonnais.fr\/site\/wp-json\/wp\/v2\/posts\/61256\/revisions"}],"wp:featuredmedia":[{"embeddable":true,"href":"https:\/\/newsestlyonnais.fr\/site\/wp-json\/wp\/v2\/media\/59718"}],"wp:attachment":[{"href":"https:\/\/newsestlyonnais.fr\/site\/wp-json\/wp\/v2\/media?parent=61256"}],"wp:term":[{"taxonomy":"category","embeddable":true,"href":"https:\/\/newsestlyonnais.fr\/site\/wp-json\/wp\/v2\/categories?post=61256"},{"taxonomy":"post_tag","embeddable":true,"href":"https:\/\/newsestlyonnais.fr\/site\/wp-json\/wp\/v2\/tags?post=61256"}],"curies":[{"name":"wp","href":"https:\/\/api.w.org\/{rel}","templated":true}]}}