{"id":61287,"date":"2018-12-07T08:15:21","date_gmt":"2018-12-07T07:15:21","guid":{"rendered":"http:\/\/newsestlyonnais.fr\/site\/?p=61287"},"modified":"2020-11-01T12:31:45","modified_gmt":"2020-11-01T11:31:45","slug":"balan-village-telethon-du-departement-de-lain-pour-ledition-2018","status":"publish","type":"post","link":"https:\/\/newsestlyonnais.fr\/site\/2018\/12\/07\/balan-village-telethon-du-departement-de-lain-pour-ledition-2018\/","title":{"rendered":"Balan &#8211; Village t\u00e9l\u00e9thon du d\u00e9partement de l&rsquo;Ain pour l&rsquo;\u00e9dition 2018"},"content":{"rendered":"<h4>Une \u00e9dition 2018 qui se d\u00e9roulera du vendredi 7 D\u00e9cembre \u00e0 partir de 18 h au samedi 8 D\u00e9cembre jusqu&rsquo;\u00e0 24 heures.<\/h4>\n<p><strong>Balan a \u00e9t\u00e9 nomm\u00e9 village t\u00e9l\u00e9thon du d\u00e9partement de l&rsquo;Ain pour l&rsquo;\u00e9dition 2018<\/strong> et cet \u00e9v\u00e9nement r\u00e9unira une majorit\u00e9 d&rsquo;associations de la commune et bien au del\u00e0, le comit\u00e9 d\u2019organisation du T\u00e9l\u00e9thon, en partenariat avec l\u2019<a href=\"http:\/\/ascbalan.athle.com\" target=\"_blank\" rel=\"noopener noreferrer\"><strong><span style=\"color: #3366ff\">ASC Balan Athl\u00e9tisme<\/span><\/strong><\/a> et le <strong><a href=\"http:\/\/bca.athle.com\" target=\"_blank\" rel=\"noopener noreferrer\"><span style=\"color: #3366ff\">Balan C\u00f4ti\u00e8re Athl\u00e9tism<\/span><\/a><span style=\"color: #3366ff\">e<\/span><\/strong>, a d\u00e9cid\u00e9 d&rsquo;organiser l<strong>e Relais du <a href=\"https:\/\/www.afm-telethon.fr\" target=\"_blank\" rel=\"noopener noreferrer\"><span style=\"color: #3366ff\">T\u00e9l\u00e9thon<\/span><\/a>.<\/strong><\/p>\n<p>Cette animation d\u00e9butera le Vendredi \u00e0 18 h 30 et se finalisera aux alentours de 14 h 30 : soit 20 heures de relais ! L&rsquo;objectif est simple : avoir toujours au minimum une personne qui court (ou marche), sur une boucle de 1.4 kms pendant ces 20 heures, afin de rapporter de l&rsquo;argent au T\u00e9l\u00e9thon (dons des entreprises partenaires + chaque participant a la possibilit\u00e9 de faire un don).<\/p>\n<p><strong>Ceci n&rsquo;est pas une comp\u00e9tition, il n&rsquo;y a donc pas de podium, ni de r\u00e9compense.<\/strong><\/p>\n<p>Les plages horaires pour les inscriptions sont toutes les 15 minutes afin que ce relais soit ouvert au plus grand nombre (famille, enfant). Possibilit\u00e9 de s&rsquo; inscrire sur plusieurs plages horaires, plusieurs personnes pouvant courir en m\u00eame temps.<\/p>\n<ul>\n<li>D\u00e9parts de la salle polyvalente, rue des \u00e9coles \u00e0 Balan.<\/li>\n<\/ul>\n<p><strong>Plus d&rsquo;infos sur : <a href=\"https:\/\/doodle.com\/poll\/yqhsu5by5tz36zfa\" target=\"_blank\" rel=\"noopener noreferrer\">https:\/\/doodle.com\/poll\/yqhsu5by5tz36zfa<\/a><\/strong><\/p>\n<p>&nbsp;<\/p>\n<p>&nbsp;<\/p>\n<table class=\"main-template\" style=\"width: 0%\" border=\"0\" width=\"100%\" cellspacing=\"0\" cellpadding=\"0\" align=\"center\" bgcolor=\"#f9fafc\">\n<tbody>\n<tr>\n<td align=\"center\" valign=\"top\"><\/td>\n<\/tr>\n<\/tbody>\n<\/table>\n<p>&nbsp;<\/p>\n","protected":false},"excerpt":{"rendered":"<p>Une \u00e9dition 2018 qui se d\u00e9roulera du vendredi 7 D\u00e9cembre \u00e0 partir de 18 h au samedi 8 D\u00e9cembre jusqu&rsquo;\u00e0 24 heures. Balan a \u00e9t\u00e9 nomm\u00e9 village t\u00e9l\u00e9thon du d\u00e9partement de l&rsquo;Ain pour l&rsquo;\u00e9dition 2018 et cet \u00e9v\u00e9nement r\u00e9unira une majorit\u00e9 d&rsquo;associations de la commune et bien au del\u00e0, le comit\u00e9 d\u2019organisation du T\u00e9l\u00e9thon, en [&hellip;]<\/p>\n","protected":false},"author":4,"featured_media":21326,"comment_status":"open","ping_status":"open","sticky":false,"template":"","format":"standard","meta":{"footnotes":""},"categories":[156,2968,18],"tags":[],"class_list":["post-61287","post","type-post","status-publish","format-standard","has-post-thumbnail","hentry","category-ain","category-athle-course-pied-marche","category-sante-bien-etre-solidarite"],"yoast_head":"<!-- This site is optimized with the Yoast SEO plugin v27.2 - https:\/\/yoast.com\/product\/yoast-seo-wordpress\/ -->\n<title>Balan - Village t\u00e9l\u00e9thon du d\u00e9partement de l&#039;Ain pour l&#039;\u00e9dition 2018 - News Est Lyonnais Balan : Village t\u00e9l\u00e9thon du d\u00e9partement de l&#039;Ain pour l&#039;\u00e9dition 2018<\/title>\n<meta name=\"description\" content=\"Balan : Village t\u00e9l\u00e9thon du d\u00e9partement de l&#039;Ain pour l&#039;\u00e9dition 2018\" \/>\n<meta name=\"robots\" content=\"index, follow, max-snippet:-1, max-image-preview:large, max-video-preview:-1\" \/>\n<link rel=\"canonical\" href=\"https:\/\/newsestlyonnais.fr\/site\/2018\/12\/07\/balan-village-telethon-du-departement-de-lain-pour-ledition-2018\/\" \/>\n<meta property=\"og:locale\" content=\"fr_FR\" \/>\n<meta property=\"og:type\" content=\"article\" \/>\n<meta property=\"og:title\" content=\"Balan - Village t\u00e9l\u00e9thon du d\u00e9partement de l&#039;Ain pour l&#039;\u00e9dition 2018 - News Est Lyonnais Balan : Village t\u00e9l\u00e9thon du d\u00e9partement de l&#039;Ain pour l&#039;\u00e9dition 2018\" \/>\n<meta property=\"og:description\" content=\"Balan : Village t\u00e9l\u00e9thon du d\u00e9partement de l&#039;Ain pour l&#039;\u00e9dition 2018\" \/>\n<meta property=\"og:url\" content=\"https:\/\/newsestlyonnais.fr\/site\/2018\/12\/07\/balan-village-telethon-du-departement-de-lain-pour-ledition-2018\/\" \/>\n<meta property=\"og:site_name\" content=\"News Est Lyonnais\" \/>\n<meta property=\"article:author\" content=\"https:\/\/www.facebook.com\/pascal.oberson.1?fref=ts\" \/>\n<meta property=\"article:published_time\" content=\"2018-12-07T07:15:21+00:00\" \/>\n<meta property=\"article:modified_time\" content=\"2020-11-01T11:31:45+00:00\" \/>\n<meta property=\"og:image\" content=\"https:\/\/i1.wp.com\/newsestlyonnais.fr\/site\/wp-content\/uploads\/2017\/02\/NEWSESTLYONNAIS-LOGO-ASC-BALAN.jpg?fit=1000%2C750&ssl=1\" \/>\n\t<meta property=\"og:image:width\" content=\"1000\" \/>\n\t<meta property=\"og:image:height\" content=\"750\" \/>\n\t<meta property=\"og:image:type\" content=\"image\/jpeg\" \/>\n<meta name=\"author\" content=\"R\u00e9dac. NEWS\" \/>\n<meta name=\"twitter:card\" content=\"summary_large_image\" \/>\n<meta name=\"twitter:label1\" content=\"\u00c9crit par\" \/>\n\t<meta name=\"twitter:data1\" content=\"R\u00e9dac. NEWS\" \/>\n\t<meta name=\"twitter:label2\" content=\"Dur\u00e9e de lecture estim\u00e9e\" \/>\n\t<meta name=\"twitter:data2\" content=\"1 minute\" \/>\n<script type=\"application\/ld+json\" class=\"yoast-schema-graph\">{\"@context\":\"https:\/\/schema.org\",\"@graph\":[{\"@type\":\"Article\",\"@id\":\"https:\/\/newsestlyonnais.fr\/site\/2018\/12\/07\/balan-village-telethon-du-departement-de-lain-pour-ledition-2018\/#article\",\"isPartOf\":{\"@id\":\"https:\/\/newsestlyonnais.fr\/site\/2018\/12\/07\/balan-village-telethon-du-departement-de-lain-pour-ledition-2018\/\"},\"author\":{\"name\":\"R\u00e9dac. NEWS\",\"@id\":\"https:\/\/newsestlyonnais.fr\/site\/#\/schema\/person\/3230d5615f390bb808365d673001e887\"},\"headline\":\"Balan &#8211; Village t\u00e9l\u00e9thon du d\u00e9partement de l&rsquo;Ain pour l&rsquo;\u00e9dition 2018\",\"datePublished\":\"2018-12-07T07:15:21+00:00\",\"dateModified\":\"2020-11-01T11:31:45+00:00\",\"mainEntityOfPage\":{\"@id\":\"https:\/\/newsestlyonnais.fr\/site\/2018\/12\/07\/balan-village-telethon-du-departement-de-lain-pour-ledition-2018\/\"},\"wordCount\":249,\"commentCount\":0,\"publisher\":{\"@id\":\"https:\/\/newsestlyonnais.fr\/site\/#organization\"},\"image\":{\"@id\":\"https:\/\/newsestlyonnais.fr\/site\/2018\/12\/07\/balan-village-telethon-du-departement-de-lain-pour-ledition-2018\/#primaryimage\"},\"thumbnailUrl\":\"https:\/\/newsestlyonnais.fr\/site\/wp-content\/uploads\/2017\/02\/NEWSESTLYONNAIS-LOGO-ASC-BALAN.jpg\",\"articleSection\":[\"Ain (01)\",\"Athl\u00e9 | Course pied | Marche\",\"Sant\u00e9 | Bien Etre | Solidarit\u00e9\"],\"inLanguage\":\"fr-FR\",\"potentialAction\":[{\"@type\":\"CommentAction\",\"name\":\"Comment\",\"target\":[\"https:\/\/newsestlyonnais.fr\/site\/2018\/12\/07\/balan-village-telethon-du-departement-de-lain-pour-ledition-2018\/#respond\"]}]},{\"@type\":\"WebPage\",\"@id\":\"https:\/\/newsestlyonnais.fr\/site\/2018\/12\/07\/balan-village-telethon-du-departement-de-lain-pour-ledition-2018\/\",\"url\":\"https:\/\/newsestlyonnais.fr\/site\/2018\/12\/07\/balan-village-telethon-du-departement-de-lain-pour-ledition-2018\/\",\"name\":\"Balan - Village t\u00e9l\u00e9thon du d\u00e9partement de l'Ain pour l'\u00e9dition 2018 - News Est Lyonnais Balan : Village t\u00e9l\u00e9thon du d\u00e9partement de l'Ain pour l'\u00e9dition 2018\",\"isPartOf\":{\"@id\":\"https:\/\/newsestlyonnais.fr\/site\/#website\"},\"primaryImageOfPage\":{\"@id\":\"https:\/\/newsestlyonnais.fr\/site\/2018\/12\/07\/balan-village-telethon-du-departement-de-lain-pour-ledition-2018\/#primaryimage\"},\"image\":{\"@id\":\"https:\/\/newsestlyonnais.fr\/site\/2018\/12\/07\/balan-village-telethon-du-departement-de-lain-pour-ledition-2018\/#primaryimage\"},\"thumbnailUrl\":\"https:\/\/newsestlyonnais.fr\/site\/wp-content\/uploads\/2017\/02\/NEWSESTLYONNAIS-LOGO-ASC-BALAN.jpg\",\"datePublished\":\"2018-12-07T07:15:21+00:00\",\"dateModified\":\"2020-11-01T11:31:45+00:00\",\"description\":\"Balan : Village t\u00e9l\u00e9thon du d\u00e9partement de l'Ain pour l'\u00e9dition 2018\",\"breadcrumb\":{\"@id\":\"https:\/\/newsestlyonnais.fr\/site\/2018\/12\/07\/balan-village-telethon-du-departement-de-lain-pour-ledition-2018\/#breadcrumb\"},\"inLanguage\":\"fr-FR\",\"potentialAction\":[{\"@type\":\"ReadAction\",\"target\":[\"https:\/\/newsestlyonnais.fr\/site\/2018\/12\/07\/balan-village-telethon-du-departement-de-lain-pour-ledition-2018\/\"]}]},{\"@type\":\"ImageObject\",\"inLanguage\":\"fr-FR\",\"@id\":\"https:\/\/newsestlyonnais.fr\/site\/2018\/12\/07\/balan-village-telethon-du-departement-de-lain-pour-ledition-2018\/#primaryimage\",\"url\":\"https:\/\/newsestlyonnais.fr\/site\/wp-content\/uploads\/2017\/02\/NEWSESTLYONNAIS-LOGO-ASC-BALAN.jpg\",\"contentUrl\":\"https:\/\/newsestlyonnais.fr\/site\/wp-content\/uploads\/2017\/02\/NEWSESTLYONNAIS-LOGO-ASC-BALAN.jpg\",\"width\":1000,\"height\":750,\"caption\":\"NEWSESTLYONNAIS - LOGO ASC BALAN\"},{\"@type\":\"BreadcrumbList\",\"@id\":\"https:\/\/newsestlyonnais.fr\/site\/2018\/12\/07\/balan-village-telethon-du-departement-de-lain-pour-ledition-2018\/#breadcrumb\",\"itemListElement\":[{\"@type\":\"ListItem\",\"position\":1,\"name\":\"Accueil\",\"item\":\"https:\/\/newsestlyonnais.fr\/site\/\"},{\"@type\":\"ListItem\",\"position\":2,\"name\":\"Balan &#8211; Village t\u00e9l\u00e9thon du d\u00e9partement de l&rsquo;Ain pour l&rsquo;\u00e9dition 2018\"}]},{\"@type\":\"WebSite\",\"@id\":\"https:\/\/newsestlyonnais.fr\/site\/#website\",\"url\":\"https:\/\/newsestlyonnais.fr\/site\/\",\"name\":\"News Est Lyonnais\",\"description\":\"L&#039;actualit\u00e9 au plus pr\u00e8s\",\"publisher\":{\"@id\":\"https:\/\/newsestlyonnais.fr\/site\/#organization\"},\"potentialAction\":[{\"@type\":\"SearchAction\",\"target\":{\"@type\":\"EntryPoint\",\"urlTemplate\":\"https:\/\/newsestlyonnais.fr\/site\/?s={search_term_string}\"},\"query-input\":{\"@type\":\"PropertyValueSpecification\",\"valueRequired\":true,\"valueName\":\"search_term_string\"}}],\"inLanguage\":\"fr-FR\"},{\"@type\":\"Organization\",\"@id\":\"https:\/\/newsestlyonnais.fr\/site\/#organization\",\"name\":\"News EST LYONNAIS\",\"url\":\"https:\/\/newsestlyonnais.fr\/site\/\",\"logo\":{\"@type\":\"ImageObject\",\"inLanguage\":\"fr-FR\",\"@id\":\"https:\/\/newsestlyonnais.fr\/site\/#\/schema\/logo\/image\/\",\"url\":\"\",\"contentUrl\":\"\",\"caption\":\"News EST LYONNAIS\"},\"image\":{\"@id\":\"https:\/\/newsestlyonnais.fr\/site\/#\/schema\/logo\/image\/\"}},{\"@type\":\"Person\",\"@id\":\"https:\/\/newsestlyonnais.fr\/site\/#\/schema\/person\/3230d5615f390bb808365d673001e887\",\"name\":\"R\u00e9dac. NEWS\",\"sameAs\":[\"http:\/\/www.newsestlyonnais.fr\",\"https:\/\/www.facebook.com\/pascal.oberson.1?fref=ts\",\"https:\/\/fr.linkedin.com\/in\/pascal-oberson-b17045113\"],\"url\":\"https:\/\/newsestlyonnais.fr\/site\/author\/nel\/\"}]}<\/script>\n<!-- \/ Yoast SEO plugin. -->","yoast_head_json":{"title":"Balan - Village t\u00e9l\u00e9thon du d\u00e9partement de l'Ain pour l'\u00e9dition 2018 - News Est Lyonnais Balan : Village t\u00e9l\u00e9thon du d\u00e9partement de l'Ain pour l'\u00e9dition 2018","description":"Balan : Village t\u00e9l\u00e9thon du d\u00e9partement de l'Ain pour l'\u00e9dition 2018","robots":{"index":"index","follow":"follow","max-snippet":"max-snippet:-1","max-image-preview":"max-image-preview:large","max-video-preview":"max-video-preview:-1"},"canonical":"https:\/\/newsestlyonnais.fr\/site\/2018\/12\/07\/balan-village-telethon-du-departement-de-lain-pour-ledition-2018\/","og_locale":"fr_FR","og_type":"article","og_title":"Balan - Village t\u00e9l\u00e9thon du d\u00e9partement de l'Ain pour l'\u00e9dition 2018 - News Est Lyonnais Balan : Village t\u00e9l\u00e9thon du d\u00e9partement de l'Ain pour l'\u00e9dition 2018","og_description":"Balan : Village t\u00e9l\u00e9thon du d\u00e9partement de l'Ain pour l'\u00e9dition 2018","og_url":"https:\/\/newsestlyonnais.fr\/site\/2018\/12\/07\/balan-village-telethon-du-departement-de-lain-pour-ledition-2018\/","og_site_name":"News Est Lyonnais","article_author":"https:\/\/www.facebook.com\/pascal.oberson.1?fref=ts","article_published_time":"2018-12-07T07:15:21+00:00","article_modified_time":"2020-11-01T11:31:45+00:00","og_image":[{"width":1000,"height":750,"url":"https:\/\/i1.wp.com\/newsestlyonnais.fr\/site\/wp-content\/uploads\/2017\/02\/NEWSESTLYONNAIS-LOGO-ASC-BALAN.jpg?fit=1000%2C750&ssl=1","type":"image\/jpeg"}],"author":"R\u00e9dac. NEWS","twitter_card":"summary_large_image","twitter_misc":{"\u00c9crit par":"R\u00e9dac. NEWS","Dur\u00e9e de lecture estim\u00e9e":"1 minute"},"schema":{"@context":"https:\/\/schema.org","@graph":[{"@type":"Article","@id":"https:\/\/newsestlyonnais.fr\/site\/2018\/12\/07\/balan-village-telethon-du-departement-de-lain-pour-ledition-2018\/#article","isPartOf":{"@id":"https:\/\/newsestlyonnais.fr\/site\/2018\/12\/07\/balan-village-telethon-du-departement-de-lain-pour-ledition-2018\/"},"author":{"name":"R\u00e9dac. NEWS","@id":"https:\/\/newsestlyonnais.fr\/site\/#\/schema\/person\/3230d5615f390bb808365d673001e887"},"headline":"Balan &#8211; Village t\u00e9l\u00e9thon du d\u00e9partement de l&rsquo;Ain pour l&rsquo;\u00e9dition 2018","datePublished":"2018-12-07T07:15:21+00:00","dateModified":"2020-11-01T11:31:45+00:00","mainEntityOfPage":{"@id":"https:\/\/newsestlyonnais.fr\/site\/2018\/12\/07\/balan-village-telethon-du-departement-de-lain-pour-ledition-2018\/"},"wordCount":249,"commentCount":0,"publisher":{"@id":"https:\/\/newsestlyonnais.fr\/site\/#organization"},"image":{"@id":"https:\/\/newsestlyonnais.fr\/site\/2018\/12\/07\/balan-village-telethon-du-departement-de-lain-pour-ledition-2018\/#primaryimage"},"thumbnailUrl":"https:\/\/newsestlyonnais.fr\/site\/wp-content\/uploads\/2017\/02\/NEWSESTLYONNAIS-LOGO-ASC-BALAN.jpg","articleSection":["Ain (01)","Athl\u00e9 | Course pied | Marche","Sant\u00e9 | Bien Etre | Solidarit\u00e9"],"inLanguage":"fr-FR","potentialAction":[{"@type":"CommentAction","name":"Comment","target":["https:\/\/newsestlyonnais.fr\/site\/2018\/12\/07\/balan-village-telethon-du-departement-de-lain-pour-ledition-2018\/#respond"]}]},{"@type":"WebPage","@id":"https:\/\/newsestlyonnais.fr\/site\/2018\/12\/07\/balan-village-telethon-du-departement-de-lain-pour-ledition-2018\/","url":"https:\/\/newsestlyonnais.fr\/site\/2018\/12\/07\/balan-village-telethon-du-departement-de-lain-pour-ledition-2018\/","name":"Balan - Village t\u00e9l\u00e9thon du d\u00e9partement de l'Ain pour l'\u00e9dition 2018 - News Est Lyonnais Balan : Village t\u00e9l\u00e9thon du d\u00e9partement de l'Ain pour l'\u00e9dition 2018","isPartOf":{"@id":"https:\/\/newsestlyonnais.fr\/site\/#website"},"primaryImageOfPage":{"@id":"https:\/\/newsestlyonnais.fr\/site\/2018\/12\/07\/balan-village-telethon-du-departement-de-lain-pour-ledition-2018\/#primaryimage"},"image":{"@id":"https:\/\/newsestlyonnais.fr\/site\/2018\/12\/07\/balan-village-telethon-du-departement-de-lain-pour-ledition-2018\/#primaryimage"},"thumbnailUrl":"https:\/\/newsestlyonnais.fr\/site\/wp-content\/uploads\/2017\/02\/NEWSESTLYONNAIS-LOGO-ASC-BALAN.jpg","datePublished":"2018-12-07T07:15:21+00:00","dateModified":"2020-11-01T11:31:45+00:00","description":"Balan : Village t\u00e9l\u00e9thon du d\u00e9partement de l'Ain pour l'\u00e9dition 2018","breadcrumb":{"@id":"https:\/\/newsestlyonnais.fr\/site\/2018\/12\/07\/balan-village-telethon-du-departement-de-lain-pour-ledition-2018\/#breadcrumb"},"inLanguage":"fr-FR","potentialAction":[{"@type":"ReadAction","target":["https:\/\/newsestlyonnais.fr\/site\/2018\/12\/07\/balan-village-telethon-du-departement-de-lain-pour-ledition-2018\/"]}]},{"@type":"ImageObject","inLanguage":"fr-FR","@id":"https:\/\/newsestlyonnais.fr\/site\/2018\/12\/07\/balan-village-telethon-du-departement-de-lain-pour-ledition-2018\/#primaryimage","url":"https:\/\/newsestlyonnais.fr\/site\/wp-content\/uploads\/2017\/02\/NEWSESTLYONNAIS-LOGO-ASC-BALAN.jpg","contentUrl":"https:\/\/newsestlyonnais.fr\/site\/wp-content\/uploads\/2017\/02\/NEWSESTLYONNAIS-LOGO-ASC-BALAN.jpg","width":1000,"height":750,"caption":"NEWSESTLYONNAIS - LOGO ASC BALAN"},{"@type":"BreadcrumbList","@id":"https:\/\/newsestlyonnais.fr\/site\/2018\/12\/07\/balan-village-telethon-du-departement-de-lain-pour-ledition-2018\/#breadcrumb","itemListElement":[{"@type":"ListItem","position":1,"name":"Accueil","item":"https:\/\/newsestlyonnais.fr\/site\/"},{"@type":"ListItem","position":2,"name":"Balan &#8211; Village t\u00e9l\u00e9thon du d\u00e9partement de l&rsquo;Ain pour l&rsquo;\u00e9dition 2018"}]},{"@type":"WebSite","@id":"https:\/\/newsestlyonnais.fr\/site\/#website","url":"https:\/\/newsestlyonnais.fr\/site\/","name":"News Est Lyonnais","description":"L&#039;actualit\u00e9 au plus pr\u00e8s","publisher":{"@id":"https:\/\/newsestlyonnais.fr\/site\/#organization"},"potentialAction":[{"@type":"SearchAction","target":{"@type":"EntryPoint","urlTemplate":"https:\/\/newsestlyonnais.fr\/site\/?s={search_term_string}"},"query-input":{"@type":"PropertyValueSpecification","valueRequired":true,"valueName":"search_term_string"}}],"inLanguage":"fr-FR"},{"@type":"Organization","@id":"https:\/\/newsestlyonnais.fr\/site\/#organization","name":"News EST LYONNAIS","url":"https:\/\/newsestlyonnais.fr\/site\/","logo":{"@type":"ImageObject","inLanguage":"fr-FR","@id":"https:\/\/newsestlyonnais.fr\/site\/#\/schema\/logo\/image\/","url":"","contentUrl":"","caption":"News EST LYONNAIS"},"image":{"@id":"https:\/\/newsestlyonnais.fr\/site\/#\/schema\/logo\/image\/"}},{"@type":"Person","@id":"https:\/\/newsestlyonnais.fr\/site\/#\/schema\/person\/3230d5615f390bb808365d673001e887","name":"R\u00e9dac. NEWS","sameAs":["http:\/\/www.newsestlyonnais.fr","https:\/\/www.facebook.com\/pascal.oberson.1?fref=ts","https:\/\/fr.linkedin.com\/in\/pascal-oberson-b17045113"],"url":"https:\/\/newsestlyonnais.fr\/site\/author\/nel\/"}]}},"_links":{"self":[{"href":"https:\/\/newsestlyonnais.fr\/site\/wp-json\/wp\/v2\/posts\/61287","targetHints":{"allow":["GET"]}}],"collection":[{"href":"https:\/\/newsestlyonnais.fr\/site\/wp-json\/wp\/v2\/posts"}],"about":[{"href":"https:\/\/newsestlyonnais.fr\/site\/wp-json\/wp\/v2\/types\/post"}],"author":[{"embeddable":true,"href":"https:\/\/newsestlyonnais.fr\/site\/wp-json\/wp\/v2\/users\/4"}],"replies":[{"embeddable":true,"href":"https:\/\/newsestlyonnais.fr\/site\/wp-json\/wp\/v2\/comments?post=61287"}],"version-history":[{"count":0,"href":"https:\/\/newsestlyonnais.fr\/site\/wp-json\/wp\/v2\/posts\/61287\/revisions"}],"wp:featuredmedia":[{"embeddable":true,"href":"https:\/\/newsestlyonnais.fr\/site\/wp-json\/wp\/v2\/media\/21326"}],"wp:attachment":[{"href":"https:\/\/newsestlyonnais.fr\/site\/wp-json\/wp\/v2\/media?parent=61287"}],"wp:term":[{"taxonomy":"category","embeddable":true,"href":"https:\/\/newsestlyonnais.fr\/site\/wp-json\/wp\/v2\/categories?post=61287"},{"taxonomy":"post_tag","embeddable":true,"href":"https:\/\/newsestlyonnais.fr\/site\/wp-json\/wp\/v2\/tags?post=61287"}],"curies":[{"name":"wp","href":"https:\/\/api.w.org\/{rel}","templated":true}]}}