{"id":61294,"date":"2018-12-06T14:45:34","date_gmt":"2018-12-06T13:45:34","guid":{"rendered":"http:\/\/newsestlyonnais.fr\/site\/?p=61294"},"modified":"2020-11-09T08:31:22","modified_gmt":"2020-11-09T07:31:22","slug":"genas-remise-de-la-medaille-de-la-famille-a-5-genassiennes","status":"publish","type":"post","link":"https:\/\/newsestlyonnais.fr\/site\/2018\/12\/06\/genas-remise-de-la-medaille-de-la-famille-a-5-genassiennes\/","title":{"rendered":"GENAS | Remise de la m\u00e9daille de la famille \u00e0 5 genassiennes"},"content":{"rendered":"<h4>C&rsquo;est en salle des mariages de l&rsquo;h\u00f4tel de ville que s&rsquo;est d\u00e9roul\u00e9e dans la soir\u00e9e du vendredi 30 novembre dernier, la c\u00e9r\u00e9monie de remise de la m\u00e9daille de la famille \u00e0 5 genassiennes.<\/h4>\n<p>Une remise effectu\u00e9e par le maire Daniel Val\u00e9ro et Christiane Brun (1\u00b0 adjointe d\u00e9l\u00e9gu\u00e9e \u00e0 la petite enfance, l\u2019enfance, la jeunesse et aux affaires scolaires) aux 5 genassiennes suivantes :<\/p>\n<ul>\n<li>Madame <strong>Charlotte Beguinet<\/strong> (n\u00e9e en 1973 et m\u00e8re de 4 enfants).<\/li>\n<li>Madame <strong>S\u00e9verine Bourrin<\/strong> (n\u00e9e en 1973 et m\u00e8re de 4 enfants).<\/li>\n<li>Madame <strong>Anne-Marie Majorel-Lasserre<\/strong> (n\u00e9e en 1966 et m\u00e8re de 4 enfants).<\/li>\n<li>Madame <strong>Anne Rallo<\/strong> (n\u00e9e en 1979 et m\u00e8re de 5 enfants).<\/li>\n<li>Madame <strong>Evelyne Rallo<\/strong> (n\u00e9e en 1957 et m\u00e8re de 4 enfants).<\/li>\n<\/ul>\n<p><strong>NOTA<\/strong> : Cette m\u00e9daille honore les parents \u00ab \u00e9levant ou ayant \u00e9lev\u00e9 au moins quatre enfants de nationalit\u00e9 fran\u00e7aise, dont l&rsquo;a\u00een\u00e9 a atteint l&rsquo;\u00e2ge de seize ans, qui, dans l&rsquo;exercice de leur autorit\u00e9 parentale, ont manifest\u00e9 une attention et un effort constants pour assumer leur r\u00f4le de parents dans les meilleures conditions morales et mat\u00e9rielles possibles.<\/p>\n<p><span style=\"text-decoration: underline\">Cr\u00e9dit photos<\/span> : Cendrine VADON.<\/p>\n<ul>\n<li><strong>Retrouvez l&rsquo;ACTU de la commune sur : <a href=\"http:\/\/genas.fr\" target=\"_blank\" rel=\"noopener noreferrer\">http:\/\/genas.fr<\/a><\/strong><\/li>\n<\/ul>\n<div id='gallery-1' class='gallery galleryid-61294 gallery-columns-3 gallery-size-thumbnail'><figure class='gallery-item'>\n\t\t\t<div class='gallery-icon landscape'>\n\t\t\t\t<a href='https:\/\/newsestlyonnais.fr\/site\/2018\/12\/06\/genas-remise-de-la-medaille-de-la-famille-a-5-genassiennes\/newsestlyonnais-medailles-genas\/'><img loading=\"lazy\" decoding=\"async\" width=\"150\" height=\"150\" src=\"https:\/\/newsestlyonnais.fr\/site\/wp-content\/uploads\/2018\/12\/NEWSESTLYONNAIS-MEDAILLES-GENAS-150x150.jpg\" class=\"attachment-thumbnail size-thumbnail\" alt=\"NEWSESTLYONNAIS MEDAILLES GENAS\" aria-describedby=\"gallery-1-61306\" \/><\/a>\n\t\t\t<\/div>\n\t\t\t\t<figcaption class='wp-caption-text gallery-caption' id='gallery-1-61306'>\n\t\t\t\tEt le dipl\u00f4me remis avec la m\u00e9daille !\n\t\t\t\t<\/figcaption><\/figure>\n\t\t<\/div>\n\n<p>&nbsp;<\/p>\n","protected":false},"excerpt":{"rendered":"<p>C&rsquo;est en salle des mariages de l&rsquo;h\u00f4tel de ville que s&rsquo;est d\u00e9roul\u00e9e dans la soir\u00e9e du vendredi 30 novembre dernier, la c\u00e9r\u00e9monie de remise de la m\u00e9daille de la famille \u00e0 5 genassiennes. Une remise effectu\u00e9e par le maire Daniel Val\u00e9ro et Christiane Brun (1\u00b0 adjointe d\u00e9l\u00e9gu\u00e9e \u00e0 la petite enfance, l\u2019enfance, la jeunesse et [&hellip;]<\/p>\n","protected":false},"author":4,"featured_media":61304,"comment_status":"open","ping_status":"open","sticky":false,"template":"","format":"standard","meta":{"footnotes":""},"categories":[270,1598,18],"tags":[],"class_list":["post-61294","post","type-post","status-publish","format-standard","has-post-thumbnail","hentry","category-cte-de-communes-c-c-e-l","category-genas","category-sante-bien-etre-solidarite"],"yoast_head":"<!-- This site is optimized with the Yoast SEO plugin v27.2 - https:\/\/yoast.com\/product\/yoast-seo-wordpress\/ -->\n<title>GENAS | Remise de la m\u00e9daille de la famille \u00e0 5 genassiennes - News Est Lyonnais GENAS : Remise de la m\u00e9daille de la famille \u00e0 5 genassiennes<\/title>\n<meta name=\"description\" content=\"GENAS : Remise de la m\u00e9daille de la famille \u00e0 5 genassiennes\" \/>\n<meta name=\"robots\" content=\"index, follow, max-snippet:-1, max-image-preview:large, max-video-preview:-1\" \/>\n<link rel=\"canonical\" href=\"https:\/\/newsestlyonnais.fr\/site\/2018\/12\/06\/genas-remise-de-la-medaille-de-la-famille-a-5-genassiennes\/\" \/>\n<meta property=\"og:locale\" content=\"fr_FR\" \/>\n<meta property=\"og:type\" content=\"article\" \/>\n<meta property=\"og:title\" content=\"GENAS | Remise de la m\u00e9daille de la famille \u00e0 5 genassiennes - News Est Lyonnais GENAS : Remise de la m\u00e9daille de la famille \u00e0 5 genassiennes\" \/>\n<meta property=\"og:description\" content=\"GENAS : Remise de la m\u00e9daille de la famille \u00e0 5 genassiennes\" \/>\n<meta property=\"og:url\" content=\"https:\/\/newsestlyonnais.fr\/site\/2018\/12\/06\/genas-remise-de-la-medaille-de-la-famille-a-5-genassiennes\/\" \/>\n<meta property=\"og:site_name\" content=\"News Est Lyonnais\" \/>\n<meta property=\"article:author\" content=\"https:\/\/www.facebook.com\/pascal.oberson.1?fref=ts\" \/>\n<meta property=\"article:published_time\" content=\"2018-12-06T13:45:34+00:00\" \/>\n<meta property=\"article:modified_time\" content=\"2020-11-09T07:31:22+00:00\" \/>\n<meta property=\"og:image\" content=\"https:\/\/i1.wp.com\/newsestlyonnais.fr\/site\/wp-content\/uploads\/2018\/12\/NEWSESTLYONNAIS-MEDAILLES-GENAS01.jpg?fit=500%2C350&ssl=1\" \/>\n\t<meta property=\"og:image:width\" content=\"500\" \/>\n\t<meta property=\"og:image:height\" content=\"350\" \/>\n\t<meta property=\"og:image:type\" content=\"image\/jpeg\" \/>\n<meta name=\"author\" content=\"R\u00e9dac. NEWS\" \/>\n<meta name=\"twitter:card\" content=\"summary_large_image\" \/>\n<meta name=\"twitter:label1\" content=\"\u00c9crit par\" \/>\n\t<meta name=\"twitter:data1\" content=\"R\u00e9dac. NEWS\" \/>\n\t<meta name=\"twitter:label2\" content=\"Dur\u00e9e de lecture estim\u00e9e\" \/>\n\t<meta name=\"twitter:data2\" content=\"1 minute\" \/>\n<script type=\"application\/ld+json\" class=\"yoast-schema-graph\">{\"@context\":\"https:\/\/schema.org\",\"@graph\":[{\"@type\":\"Article\",\"@id\":\"https:\/\/newsestlyonnais.fr\/site\/2018\/12\/06\/genas-remise-de-la-medaille-de-la-famille-a-5-genassiennes\/#article\",\"isPartOf\":{\"@id\":\"https:\/\/newsestlyonnais.fr\/site\/2018\/12\/06\/genas-remise-de-la-medaille-de-la-famille-a-5-genassiennes\/\"},\"author\":{\"name\":\"R\u00e9dac. NEWS\",\"@id\":\"https:\/\/newsestlyonnais.fr\/site\/#\/schema\/person\/3230d5615f390bb808365d673001e887\"},\"headline\":\"GENAS | Remise de la m\u00e9daille de la famille \u00e0 5 genassiennes\",\"datePublished\":\"2018-12-06T13:45:34+00:00\",\"dateModified\":\"2020-11-09T07:31:22+00:00\",\"mainEntityOfPage\":{\"@id\":\"https:\/\/newsestlyonnais.fr\/site\/2018\/12\/06\/genas-remise-de-la-medaille-de-la-famille-a-5-genassiennes\/\"},\"wordCount\":220,\"commentCount\":0,\"publisher\":{\"@id\":\"https:\/\/newsestlyonnais.fr\/site\/#organization\"},\"image\":{\"@id\":\"https:\/\/newsestlyonnais.fr\/site\/2018\/12\/06\/genas-remise-de-la-medaille-de-la-famille-a-5-genassiennes\/#primaryimage\"},\"thumbnailUrl\":\"https:\/\/newsestlyonnais.fr\/site\/wp-content\/uploads\/2018\/12\/NEWSESTLYONNAIS-MEDAILLES-GENAS01.jpg\",\"articleSection\":[\"CCEL | Communes\",\"Genas\",\"Sant\u00e9 | Bien Etre | Solidarit\u00e9\"],\"inLanguage\":\"fr-FR\",\"potentialAction\":[{\"@type\":\"CommentAction\",\"name\":\"Comment\",\"target\":[\"https:\/\/newsestlyonnais.fr\/site\/2018\/12\/06\/genas-remise-de-la-medaille-de-la-famille-a-5-genassiennes\/#respond\"]}]},{\"@type\":\"WebPage\",\"@id\":\"https:\/\/newsestlyonnais.fr\/site\/2018\/12\/06\/genas-remise-de-la-medaille-de-la-famille-a-5-genassiennes\/\",\"url\":\"https:\/\/newsestlyonnais.fr\/site\/2018\/12\/06\/genas-remise-de-la-medaille-de-la-famille-a-5-genassiennes\/\",\"name\":\"GENAS | Remise de la m\u00e9daille de la famille \u00e0 5 genassiennes - News Est Lyonnais GENAS : Remise de la m\u00e9daille de la famille \u00e0 5 genassiennes\",\"isPartOf\":{\"@id\":\"https:\/\/newsestlyonnais.fr\/site\/#website\"},\"primaryImageOfPage\":{\"@id\":\"https:\/\/newsestlyonnais.fr\/site\/2018\/12\/06\/genas-remise-de-la-medaille-de-la-famille-a-5-genassiennes\/#primaryimage\"},\"image\":{\"@id\":\"https:\/\/newsestlyonnais.fr\/site\/2018\/12\/06\/genas-remise-de-la-medaille-de-la-famille-a-5-genassiennes\/#primaryimage\"},\"thumbnailUrl\":\"https:\/\/newsestlyonnais.fr\/site\/wp-content\/uploads\/2018\/12\/NEWSESTLYONNAIS-MEDAILLES-GENAS01.jpg\",\"datePublished\":\"2018-12-06T13:45:34+00:00\",\"dateModified\":\"2020-11-09T07:31:22+00:00\",\"description\":\"GENAS : Remise de la m\u00e9daille de la famille \u00e0 5 genassiennes\",\"breadcrumb\":{\"@id\":\"https:\/\/newsestlyonnais.fr\/site\/2018\/12\/06\/genas-remise-de-la-medaille-de-la-famille-a-5-genassiennes\/#breadcrumb\"},\"inLanguage\":\"fr-FR\",\"potentialAction\":[{\"@type\":\"ReadAction\",\"target\":[\"https:\/\/newsestlyonnais.fr\/site\/2018\/12\/06\/genas-remise-de-la-medaille-de-la-famille-a-5-genassiennes\/\"]}]},{\"@type\":\"ImageObject\",\"inLanguage\":\"fr-FR\",\"@id\":\"https:\/\/newsestlyonnais.fr\/site\/2018\/12\/06\/genas-remise-de-la-medaille-de-la-famille-a-5-genassiennes\/#primaryimage\",\"url\":\"https:\/\/newsestlyonnais.fr\/site\/wp-content\/uploads\/2018\/12\/NEWSESTLYONNAIS-MEDAILLES-GENAS01.jpg\",\"contentUrl\":\"https:\/\/newsestlyonnais.fr\/site\/wp-content\/uploads\/2018\/12\/NEWSESTLYONNAIS-MEDAILLES-GENAS01.jpg\",\"width\":500,\"height\":350,\"caption\":\"NEWSESTLYONNAIS MEDAILLES GENAS01\"},{\"@type\":\"BreadcrumbList\",\"@id\":\"https:\/\/newsestlyonnais.fr\/site\/2018\/12\/06\/genas-remise-de-la-medaille-de-la-famille-a-5-genassiennes\/#breadcrumb\",\"itemListElement\":[{\"@type\":\"ListItem\",\"position\":1,\"name\":\"Accueil\",\"item\":\"https:\/\/newsestlyonnais.fr\/site\/\"},{\"@type\":\"ListItem\",\"position\":2,\"name\":\"GENAS | Remise de la m\u00e9daille de la famille \u00e0 5 genassiennes\"}]},{\"@type\":\"WebSite\",\"@id\":\"https:\/\/newsestlyonnais.fr\/site\/#website\",\"url\":\"https:\/\/newsestlyonnais.fr\/site\/\",\"name\":\"News Est Lyonnais\",\"description\":\"L&#039;actualit\u00e9 au plus pr\u00e8s\",\"publisher\":{\"@id\":\"https:\/\/newsestlyonnais.fr\/site\/#organization\"},\"potentialAction\":[{\"@type\":\"SearchAction\",\"target\":{\"@type\":\"EntryPoint\",\"urlTemplate\":\"https:\/\/newsestlyonnais.fr\/site\/?s={search_term_string}\"},\"query-input\":{\"@type\":\"PropertyValueSpecification\",\"valueRequired\":true,\"valueName\":\"search_term_string\"}}],\"inLanguage\":\"fr-FR\"},{\"@type\":\"Organization\",\"@id\":\"https:\/\/newsestlyonnais.fr\/site\/#organization\",\"name\":\"News EST LYONNAIS\",\"url\":\"https:\/\/newsestlyonnais.fr\/site\/\",\"logo\":{\"@type\":\"ImageObject\",\"inLanguage\":\"fr-FR\",\"@id\":\"https:\/\/newsestlyonnais.fr\/site\/#\/schema\/logo\/image\/\",\"url\":\"\",\"contentUrl\":\"\",\"caption\":\"News EST LYONNAIS\"},\"image\":{\"@id\":\"https:\/\/newsestlyonnais.fr\/site\/#\/schema\/logo\/image\/\"}},{\"@type\":\"Person\",\"@id\":\"https:\/\/newsestlyonnais.fr\/site\/#\/schema\/person\/3230d5615f390bb808365d673001e887\",\"name\":\"R\u00e9dac. NEWS\",\"sameAs\":[\"http:\/\/www.newsestlyonnais.fr\",\"https:\/\/www.facebook.com\/pascal.oberson.1?fref=ts\",\"https:\/\/fr.linkedin.com\/in\/pascal-oberson-b17045113\"],\"url\":\"https:\/\/newsestlyonnais.fr\/site\/author\/nel\/\"}]}<\/script>\n<!-- \/ Yoast SEO plugin. -->","yoast_head_json":{"title":"GENAS | Remise de la m\u00e9daille de la famille \u00e0 5 genassiennes - News Est Lyonnais GENAS : Remise de la m\u00e9daille de la famille \u00e0 5 genassiennes","description":"GENAS : Remise de la m\u00e9daille de la famille \u00e0 5 genassiennes","robots":{"index":"index","follow":"follow","max-snippet":"max-snippet:-1","max-image-preview":"max-image-preview:large","max-video-preview":"max-video-preview:-1"},"canonical":"https:\/\/newsestlyonnais.fr\/site\/2018\/12\/06\/genas-remise-de-la-medaille-de-la-famille-a-5-genassiennes\/","og_locale":"fr_FR","og_type":"article","og_title":"GENAS | Remise de la m\u00e9daille de la famille \u00e0 5 genassiennes - News Est Lyonnais GENAS : Remise de la m\u00e9daille de la famille \u00e0 5 genassiennes","og_description":"GENAS : Remise de la m\u00e9daille de la famille \u00e0 5 genassiennes","og_url":"https:\/\/newsestlyonnais.fr\/site\/2018\/12\/06\/genas-remise-de-la-medaille-de-la-famille-a-5-genassiennes\/","og_site_name":"News Est Lyonnais","article_author":"https:\/\/www.facebook.com\/pascal.oberson.1?fref=ts","article_published_time":"2018-12-06T13:45:34+00:00","article_modified_time":"2020-11-09T07:31:22+00:00","og_image":[{"width":500,"height":350,"url":"https:\/\/i1.wp.com\/newsestlyonnais.fr\/site\/wp-content\/uploads\/2018\/12\/NEWSESTLYONNAIS-MEDAILLES-GENAS01.jpg?fit=500%2C350&ssl=1","type":"image\/jpeg"}],"author":"R\u00e9dac. NEWS","twitter_card":"summary_large_image","twitter_misc":{"\u00c9crit par":"R\u00e9dac. NEWS","Dur\u00e9e de lecture estim\u00e9e":"1 minute"},"schema":{"@context":"https:\/\/schema.org","@graph":[{"@type":"Article","@id":"https:\/\/newsestlyonnais.fr\/site\/2018\/12\/06\/genas-remise-de-la-medaille-de-la-famille-a-5-genassiennes\/#article","isPartOf":{"@id":"https:\/\/newsestlyonnais.fr\/site\/2018\/12\/06\/genas-remise-de-la-medaille-de-la-famille-a-5-genassiennes\/"},"author":{"name":"R\u00e9dac. NEWS","@id":"https:\/\/newsestlyonnais.fr\/site\/#\/schema\/person\/3230d5615f390bb808365d673001e887"},"headline":"GENAS | Remise de la m\u00e9daille de la famille \u00e0 5 genassiennes","datePublished":"2018-12-06T13:45:34+00:00","dateModified":"2020-11-09T07:31:22+00:00","mainEntityOfPage":{"@id":"https:\/\/newsestlyonnais.fr\/site\/2018\/12\/06\/genas-remise-de-la-medaille-de-la-famille-a-5-genassiennes\/"},"wordCount":220,"commentCount":0,"publisher":{"@id":"https:\/\/newsestlyonnais.fr\/site\/#organization"},"image":{"@id":"https:\/\/newsestlyonnais.fr\/site\/2018\/12\/06\/genas-remise-de-la-medaille-de-la-famille-a-5-genassiennes\/#primaryimage"},"thumbnailUrl":"https:\/\/newsestlyonnais.fr\/site\/wp-content\/uploads\/2018\/12\/NEWSESTLYONNAIS-MEDAILLES-GENAS01.jpg","articleSection":["CCEL | Communes","Genas","Sant\u00e9 | Bien Etre | Solidarit\u00e9"],"inLanguage":"fr-FR","potentialAction":[{"@type":"CommentAction","name":"Comment","target":["https:\/\/newsestlyonnais.fr\/site\/2018\/12\/06\/genas-remise-de-la-medaille-de-la-famille-a-5-genassiennes\/#respond"]}]},{"@type":"WebPage","@id":"https:\/\/newsestlyonnais.fr\/site\/2018\/12\/06\/genas-remise-de-la-medaille-de-la-famille-a-5-genassiennes\/","url":"https:\/\/newsestlyonnais.fr\/site\/2018\/12\/06\/genas-remise-de-la-medaille-de-la-famille-a-5-genassiennes\/","name":"GENAS | Remise de la m\u00e9daille de la famille \u00e0 5 genassiennes - News Est Lyonnais GENAS : Remise de la m\u00e9daille de la famille \u00e0 5 genassiennes","isPartOf":{"@id":"https:\/\/newsestlyonnais.fr\/site\/#website"},"primaryImageOfPage":{"@id":"https:\/\/newsestlyonnais.fr\/site\/2018\/12\/06\/genas-remise-de-la-medaille-de-la-famille-a-5-genassiennes\/#primaryimage"},"image":{"@id":"https:\/\/newsestlyonnais.fr\/site\/2018\/12\/06\/genas-remise-de-la-medaille-de-la-famille-a-5-genassiennes\/#primaryimage"},"thumbnailUrl":"https:\/\/newsestlyonnais.fr\/site\/wp-content\/uploads\/2018\/12\/NEWSESTLYONNAIS-MEDAILLES-GENAS01.jpg","datePublished":"2018-12-06T13:45:34+00:00","dateModified":"2020-11-09T07:31:22+00:00","description":"GENAS : Remise de la m\u00e9daille de la famille \u00e0 5 genassiennes","breadcrumb":{"@id":"https:\/\/newsestlyonnais.fr\/site\/2018\/12\/06\/genas-remise-de-la-medaille-de-la-famille-a-5-genassiennes\/#breadcrumb"},"inLanguage":"fr-FR","potentialAction":[{"@type":"ReadAction","target":["https:\/\/newsestlyonnais.fr\/site\/2018\/12\/06\/genas-remise-de-la-medaille-de-la-famille-a-5-genassiennes\/"]}]},{"@type":"ImageObject","inLanguage":"fr-FR","@id":"https:\/\/newsestlyonnais.fr\/site\/2018\/12\/06\/genas-remise-de-la-medaille-de-la-famille-a-5-genassiennes\/#primaryimage","url":"https:\/\/newsestlyonnais.fr\/site\/wp-content\/uploads\/2018\/12\/NEWSESTLYONNAIS-MEDAILLES-GENAS01.jpg","contentUrl":"https:\/\/newsestlyonnais.fr\/site\/wp-content\/uploads\/2018\/12\/NEWSESTLYONNAIS-MEDAILLES-GENAS01.jpg","width":500,"height":350,"caption":"NEWSESTLYONNAIS MEDAILLES GENAS01"},{"@type":"BreadcrumbList","@id":"https:\/\/newsestlyonnais.fr\/site\/2018\/12\/06\/genas-remise-de-la-medaille-de-la-famille-a-5-genassiennes\/#breadcrumb","itemListElement":[{"@type":"ListItem","position":1,"name":"Accueil","item":"https:\/\/newsestlyonnais.fr\/site\/"},{"@type":"ListItem","position":2,"name":"GENAS | Remise de la m\u00e9daille de la famille \u00e0 5 genassiennes"}]},{"@type":"WebSite","@id":"https:\/\/newsestlyonnais.fr\/site\/#website","url":"https:\/\/newsestlyonnais.fr\/site\/","name":"News Est Lyonnais","description":"L&#039;actualit\u00e9 au plus pr\u00e8s","publisher":{"@id":"https:\/\/newsestlyonnais.fr\/site\/#organization"},"potentialAction":[{"@type":"SearchAction","target":{"@type":"EntryPoint","urlTemplate":"https:\/\/newsestlyonnais.fr\/site\/?s={search_term_string}"},"query-input":{"@type":"PropertyValueSpecification","valueRequired":true,"valueName":"search_term_string"}}],"inLanguage":"fr-FR"},{"@type":"Organization","@id":"https:\/\/newsestlyonnais.fr\/site\/#organization","name":"News EST LYONNAIS","url":"https:\/\/newsestlyonnais.fr\/site\/","logo":{"@type":"ImageObject","inLanguage":"fr-FR","@id":"https:\/\/newsestlyonnais.fr\/site\/#\/schema\/logo\/image\/","url":"","contentUrl":"","caption":"News EST LYONNAIS"},"image":{"@id":"https:\/\/newsestlyonnais.fr\/site\/#\/schema\/logo\/image\/"}},{"@type":"Person","@id":"https:\/\/newsestlyonnais.fr\/site\/#\/schema\/person\/3230d5615f390bb808365d673001e887","name":"R\u00e9dac. NEWS","sameAs":["http:\/\/www.newsestlyonnais.fr","https:\/\/www.facebook.com\/pascal.oberson.1?fref=ts","https:\/\/fr.linkedin.com\/in\/pascal-oberson-b17045113"],"url":"https:\/\/newsestlyonnais.fr\/site\/author\/nel\/"}]}},"_links":{"self":[{"href":"https:\/\/newsestlyonnais.fr\/site\/wp-json\/wp\/v2\/posts\/61294","targetHints":{"allow":["GET"]}}],"collection":[{"href":"https:\/\/newsestlyonnais.fr\/site\/wp-json\/wp\/v2\/posts"}],"about":[{"href":"https:\/\/newsestlyonnais.fr\/site\/wp-json\/wp\/v2\/types\/post"}],"author":[{"embeddable":true,"href":"https:\/\/newsestlyonnais.fr\/site\/wp-json\/wp\/v2\/users\/4"}],"replies":[{"embeddable":true,"href":"https:\/\/newsestlyonnais.fr\/site\/wp-json\/wp\/v2\/comments?post=61294"}],"version-history":[{"count":0,"href":"https:\/\/newsestlyonnais.fr\/site\/wp-json\/wp\/v2\/posts\/61294\/revisions"}],"wp:featuredmedia":[{"embeddable":true,"href":"https:\/\/newsestlyonnais.fr\/site\/wp-json\/wp\/v2\/media\/61304"}],"wp:attachment":[{"href":"https:\/\/newsestlyonnais.fr\/site\/wp-json\/wp\/v2\/media?parent=61294"}],"wp:term":[{"taxonomy":"category","embeddable":true,"href":"https:\/\/newsestlyonnais.fr\/site\/wp-json\/wp\/v2\/categories?post=61294"},{"taxonomy":"post_tag","embeddable":true,"href":"https:\/\/newsestlyonnais.fr\/site\/wp-json\/wp\/v2\/tags?post=61294"}],"curies":[{"name":"wp","href":"https:\/\/api.w.org\/{rel}","templated":true}]}}