{"id":61346,"date":"2018-12-07T06:35:08","date_gmt":"2018-12-07T05:35:08","guid":{"rendered":"http:\/\/newsestlyonnais.fr\/site\/?p=61346"},"modified":"2020-11-11T19:25:08","modified_gmt":"2020-11-11T18:25:08","slug":"transports-offre-reseau-tcl-renforcee-pour-la-fete-des-lumieres-et-les-dimanches-de-decembretransports-offre-du-reseau-tcl-renforcee-pour-la-fete-des-lumieres-et-les-dimanches-de-decembre","status":"publish","type":"post","link":"https:\/\/newsestlyonnais.fr\/site\/2018\/12\/07\/transports-offre-reseau-tcl-renforcee-pour-la-fete-des-lumieres-et-les-dimanches-de-decembretransports-offre-du-reseau-tcl-renforcee-pour-la-fete-des-lumieres-et-les-dimanches-de-decembre\/","title":{"rendered":"TRANSPORTS | Offre r\u00e9seau TCL renforc\u00e9e pour la F\u00eate des Lumi\u00e8res et les dimanches de D\u00e9cembre"},"content":{"rendered":"<h4>Afin d\u2019accompagner les 6,7 millions de d\u00e9placements attendus durant les 4 jours de la F\u00eate des Lumi\u00e8res, un dispositif sur mesure est d\u00e9ploy\u00e9.<\/h4>\n<p>Les fr\u00e9quences des lignes de m\u00e9tro, tramway et principales lignes de bus du r\u00e9seau TCL sont renforc\u00e9es pour acc\u00e9der \u00e0 la Presqu\u2019\u00eele. <strong>Plus de 2.000 agents TCL seront mobilis\u00e9s jour et nuit<\/strong> pour mettre en place un dispositif adapt\u00e9 et s\u00e9curis\u00e9.<\/p>\n<p><strong>L\u2019ensemble du r\u00e9seau TCL sera gratuit le samedi 8 d\u00e9cembre \u00e0 partir de 16 h<\/strong>. <strong>Un titre sp\u00e9cial au prix de 3 \u20ac est propos\u00e9 les 6, 7 et 9 d\u00e9cembre pour se d\u00e9placer sans limite de 16 h \u00e0 la fin de service<\/strong>.<\/p>\n<p>Ce ticket \u00ab TCL en f\u00eate \u00bb est disponible dans les distributeurs automatiques, les agences commerciales et<br \/>\naupr\u00e8s des conducteurs de bus. <a href=\"http:\/\/www.fetedeslumieres.tcl.fr\" target=\"_blank\" rel=\"noopener noreferrer\">http:\/\/www.fetedeslumieres.tcl.fr<\/a><\/p>\n<p>A l\u2019occasion des ouvertures exceptionnelles des commerces les dimanches jusqu\u2019\u00e0 la fin de l\u2019ann\u00e9e, <strong>l\u2019offre du r\u00e9seau TCL est renforc\u00e9e les 9, 16, 23 et 30 d\u00e9cembre<\/strong>. <strong>Plus de 20 lignes de m\u00e9tro, tramway et bus<\/strong> permettant d\u2019acc\u00e9der \u00e0 Lyon, Part-Dieu, Confluence, Caluire, Francheville, Ecully, Givors, Porte des Alpes, Saint-Genis Laval, Bron et Vaulx-en-Velin, offriront une fr\u00e9quence accrue aux habitants de l\u2019agglom\u00e9ration, afin de faciliter leurs achats pour les f\u00eates de fin d\u2019ann\u00e9e.<\/p>\n<p>Plus d&rsquo;infos sur : <a href=\"http:\/\/www.tcl.fr\" target=\"_blank\" rel=\"noopener noreferrer\">http:\/\/www.tcl.fr<\/a><\/p>\n","protected":false},"excerpt":{"rendered":"<p>Afin d\u2019accompagner les 6,7 millions de d\u00e9placements attendus durant les 4 jours de la F\u00eate des Lumi\u00e8res, un dispositif sur mesure est d\u00e9ploy\u00e9. Les fr\u00e9quences des lignes de m\u00e9tro, tramway et principales lignes de bus du r\u00e9seau TCL sont renforc\u00e9es pour acc\u00e9der \u00e0 la Presqu\u2019\u00eele. Plus de 2.000 agents TCL seront mobilis\u00e9s jour et nuit [&hellip;]<\/p>\n","protected":false},"author":4,"featured_media":25760,"comment_status":"open","ping_status":"open","sticky":false,"template":"","format":"standard","meta":{"footnotes":""},"categories":[19,1620,1625,309,13,28],"tags":[],"class_list":["post-61346","post","type-post","status-publish","format-standard","has-post-thumbnail","hentry","category-bron","category-caluire","category-lyon","category-pratique","category-transports-circulation","category-vaulx-en-velin"],"yoast_head":"<!-- This site is optimized with the Yoast SEO plugin v27.2 - https:\/\/yoast.com\/product\/yoast-seo-wordpress\/ -->\n<title>TRANSPORTS | Offre r\u00e9seau TCL renforc\u00e9e pour la F\u00eate des Lumi\u00e8res et les dimanches de D\u00e9cembre - News Est Lyonnais TRANSPORTS : OFFRE DU R\u00c9SEAU TCL RENFORC\u00c9E POUR LA F\u00caTE DES LUMI\u00c8RES ET LES DIMANCHES DE D\u00c9CEMBRE<\/title>\n<meta name=\"description\" content=\"TRANSPORTS : OFFRE DU R\u00c9SEAU TCL RENFORC\u00c9E POUR LA F\u00caTE DES LUMI\u00c8RES ET LES DIMANCHES DE D\u00c9CEMBRE\" \/>\n<meta name=\"robots\" content=\"index, follow, max-snippet:-1, max-image-preview:large, max-video-preview:-1\" \/>\n<link rel=\"canonical\" href=\"https:\/\/newsestlyonnais.fr\/site\/2018\/12\/07\/transports-offre-reseau-tcl-renforcee-pour-la-fete-des-lumieres-et-les-dimanches-de-decembretransports-offre-du-reseau-tcl-renforcee-pour-la-fete-des-lumieres-et-les-dimanches-de-decembre\/\" \/>\n<meta property=\"og:locale\" content=\"fr_FR\" \/>\n<meta property=\"og:type\" content=\"article\" \/>\n<meta property=\"og:title\" content=\"TRANSPORTS | Offre r\u00e9seau TCL renforc\u00e9e pour la F\u00eate des Lumi\u00e8res et les dimanches de D\u00e9cembre - News Est Lyonnais TRANSPORTS : OFFRE DU R\u00c9SEAU TCL RENFORC\u00c9E POUR LA F\u00caTE DES LUMI\u00c8RES ET LES DIMANCHES DE D\u00c9CEMBRE\" \/>\n<meta property=\"og:description\" content=\"TRANSPORTS : OFFRE DU R\u00c9SEAU TCL RENFORC\u00c9E POUR LA F\u00caTE DES LUMI\u00c8RES ET LES DIMANCHES DE D\u00c9CEMBRE\" \/>\n<meta property=\"og:url\" content=\"https:\/\/newsestlyonnais.fr\/site\/2018\/12\/07\/transports-offre-reseau-tcl-renforcee-pour-la-fete-des-lumieres-et-les-dimanches-de-decembretransports-offre-du-reseau-tcl-renforcee-pour-la-fete-des-lumieres-et-les-dimanches-de-decembre\/\" \/>\n<meta property=\"og:site_name\" content=\"News Est Lyonnais\" \/>\n<meta property=\"article:author\" content=\"https:\/\/www.facebook.com\/pascal.oberson.1?fref=ts\" \/>\n<meta property=\"article:published_time\" content=\"2018-12-07T05:35:08+00:00\" \/>\n<meta property=\"article:modified_time\" content=\"2020-11-11T18:25:08+00:00\" \/>\n<meta property=\"og:image\" content=\"https:\/\/i2.wp.com\/newsestlyonnais.fr\/site\/wp-content\/uploads\/2017\/04\/NewsEstLyonnais-Flash-Info.png?fit=1000%2C750&ssl=1\" \/>\n\t<meta property=\"og:image:width\" content=\"1000\" \/>\n\t<meta property=\"og:image:height\" content=\"750\" \/>\n\t<meta property=\"og:image:type\" content=\"image\/png\" \/>\n<meta name=\"author\" content=\"R\u00e9dac. NEWS\" \/>\n<meta name=\"twitter:card\" content=\"summary_large_image\" \/>\n<meta name=\"twitter:label1\" content=\"\u00c9crit par\" \/>\n\t<meta name=\"twitter:data1\" content=\"R\u00e9dac. NEWS\" \/>\n\t<meta name=\"twitter:label2\" content=\"Dur\u00e9e de lecture estim\u00e9e\" \/>\n\t<meta name=\"twitter:data2\" content=\"1 minute\" \/>\n<script type=\"application\/ld+json\" class=\"yoast-schema-graph\">{\"@context\":\"https:\/\/schema.org\",\"@graph\":[{\"@type\":\"Article\",\"@id\":\"https:\/\/newsestlyonnais.fr\/site\/2018\/12\/07\/transports-offre-reseau-tcl-renforcee-pour-la-fete-des-lumieres-et-les-dimanches-de-decembretransports-offre-du-reseau-tcl-renforcee-pour-la-fete-des-lumieres-et-les-dimanches-de-decembre\/#article\",\"isPartOf\":{\"@id\":\"https:\/\/newsestlyonnais.fr\/site\/2018\/12\/07\/transports-offre-reseau-tcl-renforcee-pour-la-fete-des-lumieres-et-les-dimanches-de-decembretransports-offre-du-reseau-tcl-renforcee-pour-la-fete-des-lumieres-et-les-dimanches-de-decembre\/\"},\"author\":{\"name\":\"R\u00e9dac. NEWS\",\"@id\":\"https:\/\/newsestlyonnais.fr\/site\/#\/schema\/person\/3230d5615f390bb808365d673001e887\"},\"headline\":\"TRANSPORTS | Offre r\u00e9seau TCL renforc\u00e9e pour la F\u00eate des Lumi\u00e8res et les dimanches de D\u00e9cembre\",\"datePublished\":\"2018-12-07T05:35:08+00:00\",\"dateModified\":\"2020-11-11T18:25:08+00:00\",\"mainEntityOfPage\":{\"@id\":\"https:\/\/newsestlyonnais.fr\/site\/2018\/12\/07\/transports-offre-reseau-tcl-renforcee-pour-la-fete-des-lumieres-et-les-dimanches-de-decembretransports-offre-du-reseau-tcl-renforcee-pour-la-fete-des-lumieres-et-les-dimanches-de-decembre\/\"},\"wordCount\":251,\"commentCount\":0,\"publisher\":{\"@id\":\"https:\/\/newsestlyonnais.fr\/site\/#organization\"},\"image\":{\"@id\":\"https:\/\/newsestlyonnais.fr\/site\/2018\/12\/07\/transports-offre-reseau-tcl-renforcee-pour-la-fete-des-lumieres-et-les-dimanches-de-decembretransports-offre-du-reseau-tcl-renforcee-pour-la-fete-des-lumieres-et-les-dimanches-de-decembre\/#primaryimage\"},\"thumbnailUrl\":\"https:\/\/newsestlyonnais.fr\/site\/wp-content\/uploads\/2017\/04\/NewsEstLyonnais-Flash-Info.png\",\"articleSection\":[\"Bron\",\"Caluire\",\"Lyon\",\"Pratique\",\"Transports | Circulation\",\"Vaulx-en-Velin\"],\"inLanguage\":\"fr-FR\",\"potentialAction\":[{\"@type\":\"CommentAction\",\"name\":\"Comment\",\"target\":[\"https:\/\/newsestlyonnais.fr\/site\/2018\/12\/07\/transports-offre-reseau-tcl-renforcee-pour-la-fete-des-lumieres-et-les-dimanches-de-decembretransports-offre-du-reseau-tcl-renforcee-pour-la-fete-des-lumieres-et-les-dimanches-de-decembre\/#respond\"]}]},{\"@type\":\"WebPage\",\"@id\":\"https:\/\/newsestlyonnais.fr\/site\/2018\/12\/07\/transports-offre-reseau-tcl-renforcee-pour-la-fete-des-lumieres-et-les-dimanches-de-decembretransports-offre-du-reseau-tcl-renforcee-pour-la-fete-des-lumieres-et-les-dimanches-de-decembre\/\",\"url\":\"https:\/\/newsestlyonnais.fr\/site\/2018\/12\/07\/transports-offre-reseau-tcl-renforcee-pour-la-fete-des-lumieres-et-les-dimanches-de-decembretransports-offre-du-reseau-tcl-renforcee-pour-la-fete-des-lumieres-et-les-dimanches-de-decembre\/\",\"name\":\"TRANSPORTS | Offre r\u00e9seau TCL renforc\u00e9e pour la F\u00eate des Lumi\u00e8res et les dimanches de D\u00e9cembre - News Est Lyonnais TRANSPORTS : OFFRE DU R\u00c9SEAU TCL RENFORC\u00c9E POUR LA F\u00caTE DES LUMI\u00c8RES ET LES DIMANCHES DE D\u00c9CEMBRE\",\"isPartOf\":{\"@id\":\"https:\/\/newsestlyonnais.fr\/site\/#website\"},\"primaryImageOfPage\":{\"@id\":\"https:\/\/newsestlyonnais.fr\/site\/2018\/12\/07\/transports-offre-reseau-tcl-renforcee-pour-la-fete-des-lumieres-et-les-dimanches-de-decembretransports-offre-du-reseau-tcl-renforcee-pour-la-fete-des-lumieres-et-les-dimanches-de-decembre\/#primaryimage\"},\"image\":{\"@id\":\"https:\/\/newsestlyonnais.fr\/site\/2018\/12\/07\/transports-offre-reseau-tcl-renforcee-pour-la-fete-des-lumieres-et-les-dimanches-de-decembretransports-offre-du-reseau-tcl-renforcee-pour-la-fete-des-lumieres-et-les-dimanches-de-decembre\/#primaryimage\"},\"thumbnailUrl\":\"https:\/\/newsestlyonnais.fr\/site\/wp-content\/uploads\/2017\/04\/NewsEstLyonnais-Flash-Info.png\",\"datePublished\":\"2018-12-07T05:35:08+00:00\",\"dateModified\":\"2020-11-11T18:25:08+00:00\",\"description\":\"TRANSPORTS : OFFRE DU R\u00c9SEAU TCL RENFORC\u00c9E POUR LA F\u00caTE DES LUMI\u00c8RES ET LES DIMANCHES DE D\u00c9CEMBRE\",\"breadcrumb\":{\"@id\":\"https:\/\/newsestlyonnais.fr\/site\/2018\/12\/07\/transports-offre-reseau-tcl-renforcee-pour-la-fete-des-lumieres-et-les-dimanches-de-decembretransports-offre-du-reseau-tcl-renforcee-pour-la-fete-des-lumieres-et-les-dimanches-de-decembre\/#breadcrumb\"},\"inLanguage\":\"fr-FR\",\"potentialAction\":[{\"@type\":\"ReadAction\",\"target\":[\"https:\/\/newsestlyonnais.fr\/site\/2018\/12\/07\/transports-offre-reseau-tcl-renforcee-pour-la-fete-des-lumieres-et-les-dimanches-de-decembretransports-offre-du-reseau-tcl-renforcee-pour-la-fete-des-lumieres-et-les-dimanches-de-decembre\/\"]}]},{\"@type\":\"ImageObject\",\"inLanguage\":\"fr-FR\",\"@id\":\"https:\/\/newsestlyonnais.fr\/site\/2018\/12\/07\/transports-offre-reseau-tcl-renforcee-pour-la-fete-des-lumieres-et-les-dimanches-de-decembretransports-offre-du-reseau-tcl-renforcee-pour-la-fete-des-lumieres-et-les-dimanches-de-decembre\/#primaryimage\",\"url\":\"https:\/\/newsestlyonnais.fr\/site\/wp-content\/uploads\/2017\/04\/NewsEstLyonnais-Flash-Info.png\",\"contentUrl\":\"https:\/\/newsestlyonnais.fr\/site\/wp-content\/uploads\/2017\/04\/NewsEstLyonnais-Flash-Info.png\",\"width\":1000,\"height\":750,\"caption\":\"NewsEstLyonnais-Flash-Info\"},{\"@type\":\"BreadcrumbList\",\"@id\":\"https:\/\/newsestlyonnais.fr\/site\/2018\/12\/07\/transports-offre-reseau-tcl-renforcee-pour-la-fete-des-lumieres-et-les-dimanches-de-decembretransports-offre-du-reseau-tcl-renforcee-pour-la-fete-des-lumieres-et-les-dimanches-de-decembre\/#breadcrumb\",\"itemListElement\":[{\"@type\":\"ListItem\",\"position\":1,\"name\":\"Accueil\",\"item\":\"https:\/\/newsestlyonnais.fr\/site\/\"},{\"@type\":\"ListItem\",\"position\":2,\"name\":\"TRANSPORTS | Offre r\u00e9seau TCL renforc\u00e9e pour la F\u00eate des Lumi\u00e8res et les dimanches de D\u00e9cembre\"}]},{\"@type\":\"WebSite\",\"@id\":\"https:\/\/newsestlyonnais.fr\/site\/#website\",\"url\":\"https:\/\/newsestlyonnais.fr\/site\/\",\"name\":\"News Est Lyonnais\",\"description\":\"L&#039;actualit\u00e9 au plus pr\u00e8s\",\"publisher\":{\"@id\":\"https:\/\/newsestlyonnais.fr\/site\/#organization\"},\"potentialAction\":[{\"@type\":\"SearchAction\",\"target\":{\"@type\":\"EntryPoint\",\"urlTemplate\":\"https:\/\/newsestlyonnais.fr\/site\/?s={search_term_string}\"},\"query-input\":{\"@type\":\"PropertyValueSpecification\",\"valueRequired\":true,\"valueName\":\"search_term_string\"}}],\"inLanguage\":\"fr-FR\"},{\"@type\":\"Organization\",\"@id\":\"https:\/\/newsestlyonnais.fr\/site\/#organization\",\"name\":\"News EST LYONNAIS\",\"url\":\"https:\/\/newsestlyonnais.fr\/site\/\",\"logo\":{\"@type\":\"ImageObject\",\"inLanguage\":\"fr-FR\",\"@id\":\"https:\/\/newsestlyonnais.fr\/site\/#\/schema\/logo\/image\/\",\"url\":\"\",\"contentUrl\":\"\",\"caption\":\"News EST LYONNAIS\"},\"image\":{\"@id\":\"https:\/\/newsestlyonnais.fr\/site\/#\/schema\/logo\/image\/\"}},{\"@type\":\"Person\",\"@id\":\"https:\/\/newsestlyonnais.fr\/site\/#\/schema\/person\/3230d5615f390bb808365d673001e887\",\"name\":\"R\u00e9dac. NEWS\",\"sameAs\":[\"http:\/\/www.newsestlyonnais.fr\",\"https:\/\/www.facebook.com\/pascal.oberson.1?fref=ts\",\"https:\/\/fr.linkedin.com\/in\/pascal-oberson-b17045113\"],\"url\":\"https:\/\/newsestlyonnais.fr\/site\/author\/nel\/\"}]}<\/script>\n<!-- \/ Yoast SEO plugin. -->","yoast_head_json":{"title":"TRANSPORTS | Offre r\u00e9seau TCL renforc\u00e9e pour la F\u00eate des Lumi\u00e8res et les dimanches de D\u00e9cembre - News Est Lyonnais TRANSPORTS : OFFRE DU R\u00c9SEAU TCL RENFORC\u00c9E POUR LA F\u00caTE DES LUMI\u00c8RES ET LES DIMANCHES DE D\u00c9CEMBRE","description":"TRANSPORTS : OFFRE DU R\u00c9SEAU TCL RENFORC\u00c9E POUR LA F\u00caTE DES LUMI\u00c8RES ET LES DIMANCHES DE D\u00c9CEMBRE","robots":{"index":"index","follow":"follow","max-snippet":"max-snippet:-1","max-image-preview":"max-image-preview:large","max-video-preview":"max-video-preview:-1"},"canonical":"https:\/\/newsestlyonnais.fr\/site\/2018\/12\/07\/transports-offre-reseau-tcl-renforcee-pour-la-fete-des-lumieres-et-les-dimanches-de-decembretransports-offre-du-reseau-tcl-renforcee-pour-la-fete-des-lumieres-et-les-dimanches-de-decembre\/","og_locale":"fr_FR","og_type":"article","og_title":"TRANSPORTS | Offre r\u00e9seau TCL renforc\u00e9e pour la F\u00eate des Lumi\u00e8res et les dimanches de D\u00e9cembre - News Est Lyonnais TRANSPORTS : OFFRE DU R\u00c9SEAU TCL RENFORC\u00c9E POUR LA F\u00caTE DES LUMI\u00c8RES ET LES DIMANCHES DE D\u00c9CEMBRE","og_description":"TRANSPORTS : OFFRE DU R\u00c9SEAU TCL RENFORC\u00c9E POUR LA F\u00caTE DES LUMI\u00c8RES ET LES DIMANCHES DE D\u00c9CEMBRE","og_url":"https:\/\/newsestlyonnais.fr\/site\/2018\/12\/07\/transports-offre-reseau-tcl-renforcee-pour-la-fete-des-lumieres-et-les-dimanches-de-decembretransports-offre-du-reseau-tcl-renforcee-pour-la-fete-des-lumieres-et-les-dimanches-de-decembre\/","og_site_name":"News Est Lyonnais","article_author":"https:\/\/www.facebook.com\/pascal.oberson.1?fref=ts","article_published_time":"2018-12-07T05:35:08+00:00","article_modified_time":"2020-11-11T18:25:08+00:00","og_image":[{"width":1000,"height":750,"url":"https:\/\/i2.wp.com\/newsestlyonnais.fr\/site\/wp-content\/uploads\/2017\/04\/NewsEstLyonnais-Flash-Info.png?fit=1000%2C750&ssl=1","type":"image\/png"}],"author":"R\u00e9dac. NEWS","twitter_card":"summary_large_image","twitter_misc":{"\u00c9crit par":"R\u00e9dac. NEWS","Dur\u00e9e de lecture estim\u00e9e":"1 minute"},"schema":{"@context":"https:\/\/schema.org","@graph":[{"@type":"Article","@id":"https:\/\/newsestlyonnais.fr\/site\/2018\/12\/07\/transports-offre-reseau-tcl-renforcee-pour-la-fete-des-lumieres-et-les-dimanches-de-decembretransports-offre-du-reseau-tcl-renforcee-pour-la-fete-des-lumieres-et-les-dimanches-de-decembre\/#article","isPartOf":{"@id":"https:\/\/newsestlyonnais.fr\/site\/2018\/12\/07\/transports-offre-reseau-tcl-renforcee-pour-la-fete-des-lumieres-et-les-dimanches-de-decembretransports-offre-du-reseau-tcl-renforcee-pour-la-fete-des-lumieres-et-les-dimanches-de-decembre\/"},"author":{"name":"R\u00e9dac. NEWS","@id":"https:\/\/newsestlyonnais.fr\/site\/#\/schema\/person\/3230d5615f390bb808365d673001e887"},"headline":"TRANSPORTS | Offre r\u00e9seau TCL renforc\u00e9e pour la F\u00eate des Lumi\u00e8res et les dimanches de D\u00e9cembre","datePublished":"2018-12-07T05:35:08+00:00","dateModified":"2020-11-11T18:25:08+00:00","mainEntityOfPage":{"@id":"https:\/\/newsestlyonnais.fr\/site\/2018\/12\/07\/transports-offre-reseau-tcl-renforcee-pour-la-fete-des-lumieres-et-les-dimanches-de-decembretransports-offre-du-reseau-tcl-renforcee-pour-la-fete-des-lumieres-et-les-dimanches-de-decembre\/"},"wordCount":251,"commentCount":0,"publisher":{"@id":"https:\/\/newsestlyonnais.fr\/site\/#organization"},"image":{"@id":"https:\/\/newsestlyonnais.fr\/site\/2018\/12\/07\/transports-offre-reseau-tcl-renforcee-pour-la-fete-des-lumieres-et-les-dimanches-de-decembretransports-offre-du-reseau-tcl-renforcee-pour-la-fete-des-lumieres-et-les-dimanches-de-decembre\/#primaryimage"},"thumbnailUrl":"https:\/\/newsestlyonnais.fr\/site\/wp-content\/uploads\/2017\/04\/NewsEstLyonnais-Flash-Info.png","articleSection":["Bron","Caluire","Lyon","Pratique","Transports | Circulation","Vaulx-en-Velin"],"inLanguage":"fr-FR","potentialAction":[{"@type":"CommentAction","name":"Comment","target":["https:\/\/newsestlyonnais.fr\/site\/2018\/12\/07\/transports-offre-reseau-tcl-renforcee-pour-la-fete-des-lumieres-et-les-dimanches-de-decembretransports-offre-du-reseau-tcl-renforcee-pour-la-fete-des-lumieres-et-les-dimanches-de-decembre\/#respond"]}]},{"@type":"WebPage","@id":"https:\/\/newsestlyonnais.fr\/site\/2018\/12\/07\/transports-offre-reseau-tcl-renforcee-pour-la-fete-des-lumieres-et-les-dimanches-de-decembretransports-offre-du-reseau-tcl-renforcee-pour-la-fete-des-lumieres-et-les-dimanches-de-decembre\/","url":"https:\/\/newsestlyonnais.fr\/site\/2018\/12\/07\/transports-offre-reseau-tcl-renforcee-pour-la-fete-des-lumieres-et-les-dimanches-de-decembretransports-offre-du-reseau-tcl-renforcee-pour-la-fete-des-lumieres-et-les-dimanches-de-decembre\/","name":"TRANSPORTS | Offre r\u00e9seau TCL renforc\u00e9e pour la F\u00eate des Lumi\u00e8res et les dimanches de D\u00e9cembre - News Est Lyonnais TRANSPORTS : OFFRE DU R\u00c9SEAU TCL RENFORC\u00c9E POUR LA F\u00caTE DES LUMI\u00c8RES ET LES DIMANCHES DE D\u00c9CEMBRE","isPartOf":{"@id":"https:\/\/newsestlyonnais.fr\/site\/#website"},"primaryImageOfPage":{"@id":"https:\/\/newsestlyonnais.fr\/site\/2018\/12\/07\/transports-offre-reseau-tcl-renforcee-pour-la-fete-des-lumieres-et-les-dimanches-de-decembretransports-offre-du-reseau-tcl-renforcee-pour-la-fete-des-lumieres-et-les-dimanches-de-decembre\/#primaryimage"},"image":{"@id":"https:\/\/newsestlyonnais.fr\/site\/2018\/12\/07\/transports-offre-reseau-tcl-renforcee-pour-la-fete-des-lumieres-et-les-dimanches-de-decembretransports-offre-du-reseau-tcl-renforcee-pour-la-fete-des-lumieres-et-les-dimanches-de-decembre\/#primaryimage"},"thumbnailUrl":"https:\/\/newsestlyonnais.fr\/site\/wp-content\/uploads\/2017\/04\/NewsEstLyonnais-Flash-Info.png","datePublished":"2018-12-07T05:35:08+00:00","dateModified":"2020-11-11T18:25:08+00:00","description":"TRANSPORTS : OFFRE DU R\u00c9SEAU TCL RENFORC\u00c9E POUR LA F\u00caTE DES LUMI\u00c8RES ET LES DIMANCHES DE D\u00c9CEMBRE","breadcrumb":{"@id":"https:\/\/newsestlyonnais.fr\/site\/2018\/12\/07\/transports-offre-reseau-tcl-renforcee-pour-la-fete-des-lumieres-et-les-dimanches-de-decembretransports-offre-du-reseau-tcl-renforcee-pour-la-fete-des-lumieres-et-les-dimanches-de-decembre\/#breadcrumb"},"inLanguage":"fr-FR","potentialAction":[{"@type":"ReadAction","target":["https:\/\/newsestlyonnais.fr\/site\/2018\/12\/07\/transports-offre-reseau-tcl-renforcee-pour-la-fete-des-lumieres-et-les-dimanches-de-decembretransports-offre-du-reseau-tcl-renforcee-pour-la-fete-des-lumieres-et-les-dimanches-de-decembre\/"]}]},{"@type":"ImageObject","inLanguage":"fr-FR","@id":"https:\/\/newsestlyonnais.fr\/site\/2018\/12\/07\/transports-offre-reseau-tcl-renforcee-pour-la-fete-des-lumieres-et-les-dimanches-de-decembretransports-offre-du-reseau-tcl-renforcee-pour-la-fete-des-lumieres-et-les-dimanches-de-decembre\/#primaryimage","url":"https:\/\/newsestlyonnais.fr\/site\/wp-content\/uploads\/2017\/04\/NewsEstLyonnais-Flash-Info.png","contentUrl":"https:\/\/newsestlyonnais.fr\/site\/wp-content\/uploads\/2017\/04\/NewsEstLyonnais-Flash-Info.png","width":1000,"height":750,"caption":"NewsEstLyonnais-Flash-Info"},{"@type":"BreadcrumbList","@id":"https:\/\/newsestlyonnais.fr\/site\/2018\/12\/07\/transports-offre-reseau-tcl-renforcee-pour-la-fete-des-lumieres-et-les-dimanches-de-decembretransports-offre-du-reseau-tcl-renforcee-pour-la-fete-des-lumieres-et-les-dimanches-de-decembre\/#breadcrumb","itemListElement":[{"@type":"ListItem","position":1,"name":"Accueil","item":"https:\/\/newsestlyonnais.fr\/site\/"},{"@type":"ListItem","position":2,"name":"TRANSPORTS | Offre r\u00e9seau TCL renforc\u00e9e pour la F\u00eate des Lumi\u00e8res et les dimanches de D\u00e9cembre"}]},{"@type":"WebSite","@id":"https:\/\/newsestlyonnais.fr\/site\/#website","url":"https:\/\/newsestlyonnais.fr\/site\/","name":"News Est Lyonnais","description":"L&#039;actualit\u00e9 au plus pr\u00e8s","publisher":{"@id":"https:\/\/newsestlyonnais.fr\/site\/#organization"},"potentialAction":[{"@type":"SearchAction","target":{"@type":"EntryPoint","urlTemplate":"https:\/\/newsestlyonnais.fr\/site\/?s={search_term_string}"},"query-input":{"@type":"PropertyValueSpecification","valueRequired":true,"valueName":"search_term_string"}}],"inLanguage":"fr-FR"},{"@type":"Organization","@id":"https:\/\/newsestlyonnais.fr\/site\/#organization","name":"News EST LYONNAIS","url":"https:\/\/newsestlyonnais.fr\/site\/","logo":{"@type":"ImageObject","inLanguage":"fr-FR","@id":"https:\/\/newsestlyonnais.fr\/site\/#\/schema\/logo\/image\/","url":"","contentUrl":"","caption":"News EST LYONNAIS"},"image":{"@id":"https:\/\/newsestlyonnais.fr\/site\/#\/schema\/logo\/image\/"}},{"@type":"Person","@id":"https:\/\/newsestlyonnais.fr\/site\/#\/schema\/person\/3230d5615f390bb808365d673001e887","name":"R\u00e9dac. NEWS","sameAs":["http:\/\/www.newsestlyonnais.fr","https:\/\/www.facebook.com\/pascal.oberson.1?fref=ts","https:\/\/fr.linkedin.com\/in\/pascal-oberson-b17045113"],"url":"https:\/\/newsestlyonnais.fr\/site\/author\/nel\/"}]}},"_links":{"self":[{"href":"https:\/\/newsestlyonnais.fr\/site\/wp-json\/wp\/v2\/posts\/61346","targetHints":{"allow":["GET"]}}],"collection":[{"href":"https:\/\/newsestlyonnais.fr\/site\/wp-json\/wp\/v2\/posts"}],"about":[{"href":"https:\/\/newsestlyonnais.fr\/site\/wp-json\/wp\/v2\/types\/post"}],"author":[{"embeddable":true,"href":"https:\/\/newsestlyonnais.fr\/site\/wp-json\/wp\/v2\/users\/4"}],"replies":[{"embeddable":true,"href":"https:\/\/newsestlyonnais.fr\/site\/wp-json\/wp\/v2\/comments?post=61346"}],"version-history":[{"count":0,"href":"https:\/\/newsestlyonnais.fr\/site\/wp-json\/wp\/v2\/posts\/61346\/revisions"}],"wp:featuredmedia":[{"embeddable":true,"href":"https:\/\/newsestlyonnais.fr\/site\/wp-json\/wp\/v2\/media\/25760"}],"wp:attachment":[{"href":"https:\/\/newsestlyonnais.fr\/site\/wp-json\/wp\/v2\/media?parent=61346"}],"wp:term":[{"taxonomy":"category","embeddable":true,"href":"https:\/\/newsestlyonnais.fr\/site\/wp-json\/wp\/v2\/categories?post=61346"},{"taxonomy":"post_tag","embeddable":true,"href":"https:\/\/newsestlyonnais.fr\/site\/wp-json\/wp\/v2\/tags?post=61346"}],"curies":[{"name":"wp","href":"https:\/\/api.w.org\/{rel}","templated":true}]}}