{"id":61427,"date":"2018-12-05T20:48:57","date_gmt":"2018-12-05T19:48:57","guid":{"rendered":"http:\/\/newsestlyonnais.fr\/site\/?p=61427"},"modified":"2020-11-15T12:10:44","modified_gmt":"2020-11-15T11:10:44","slug":"genas-inauguration-de-leglise-saint-barthelemy-avec-monseigneur-barbarin","status":"publish","type":"post","link":"https:\/\/newsestlyonnais.fr\/site\/2018\/12\/05\/genas-inauguration-de-leglise-saint-barthelemy-avec-monseigneur-barbarin\/","title":{"rendered":"GENAS | Inauguration de l&rsquo;\u00e9glise Saint Barth\u00e9l\u00e9my avec Monseigneur Barbarin"},"content":{"rendered":"<p>Une c\u00e9r\u00e9monie qui s&rsquo;est d\u00e9roul\u00e9e en ce symbolique jour de la F\u00eate des Lumi\u00e8res en pr\u00e9sence de Monseigneur Barbarin, archev\u00eaque de Lyon et primat des Gaules, du maire Daniel Val\u00e9ro et devant une forte affluence avec 400 personnes pr\u00e9sentes.<\/p>\n<ul>\n<li><strong>Retrouvez l&rsquo;ACTU de la commune sur : <a href=\"http:\/\/genas.fr\" target=\"_blank\" rel=\"noopener noreferrer\">http:\/\/genas.fr<\/a><\/strong><\/li>\n<\/ul>\n<p><span style=\"text-decoration: underline;\">Retour en images sur cette \u00e9glise construite il y a 140 ans et sur son inauguration ce jour<\/span> :<\/p>\n<div id='gallery-1' class='gallery galleryid-61427 gallery-columns-3 gallery-size-thumbnail'><figure class='gallery-item'>\n\t\t\t<div class='gallery-icon landscape'>\n\t\t\t\t<a href='https:\/\/newsestlyonnais.fr\/site\/2018\/12\/05\/genas-inauguration-de-leglise-saint-barthelemy-avec-monseigneur-barbarin\/newsestlyonnais-eglise-genas-02\/'><img loading=\"lazy\" decoding=\"async\" width=\"150\" height=\"150\" src=\"https:\/\/newsestlyonnais.fr\/site\/wp-content\/uploads\/2018\/12\/NEWSESTLYONNAIS-EGLISE-GENAS-02-150x150.jpg\" class=\"attachment-thumbnail size-thumbnail\" alt=\"NEWSESTLYONNAIS EGLISE GENAS 02\" \/><\/a>\n\t\t\t<\/div><\/figure><figure class='gallery-item'>\n\t\t\t<div class='gallery-icon landscape'>\n\t\t\t\t<a href='https:\/\/newsestlyonnais.fr\/site\/2018\/12\/05\/genas-inauguration-de-leglise-saint-barthelemy-avec-monseigneur-barbarin\/newsestlyonnais-eglise-genas-03\/'><img loading=\"lazy\" decoding=\"async\" width=\"150\" height=\"150\" src=\"https:\/\/newsestlyonnais.fr\/site\/wp-content\/uploads\/2018\/12\/NEWSESTLYONNAIS-EGLISE-GENAS-03-150x150.jpg\" class=\"attachment-thumbnail size-thumbnail\" alt=\"NEWSESTLYONNAIS EGLISE GENAS 03\" \/><\/a>\n\t\t\t<\/div><\/figure><figure class='gallery-item'>\n\t\t\t<div class='gallery-icon landscape'>\n\t\t\t\t<a href='https:\/\/newsestlyonnais.fr\/site\/2018\/12\/05\/genas-inauguration-de-leglise-saint-barthelemy-avec-monseigneur-barbarin\/newsestlyonnais-eglise-genas-04\/'><img loading=\"lazy\" decoding=\"async\" width=\"150\" height=\"150\" src=\"https:\/\/newsestlyonnais.fr\/site\/wp-content\/uploads\/2018\/12\/NEWSESTLYONNAIS-EGLISE-GENAS-04-150x150.jpg\" class=\"attachment-thumbnail size-thumbnail\" alt=\"NEWSESTLYONNAIS EGLISE GENAS 04\" aria-describedby=\"gallery-1-61439\" \/><\/a>\n\t\t\t<\/div>\n\t\t\t\t<figcaption class='wp-caption-text gallery-caption' id='gallery-1-61439'>\n\t\t\t\t400 personnes pr\u00e9sentes dans l&rsquo;\u00e9glise pour cette inauguration\n\t\t\t\t<\/figcaption><\/figure><figure class='gallery-item'>\n\t\t\t<div class='gallery-icon landscape'>\n\t\t\t\t<a href='https:\/\/newsestlyonnais.fr\/site\/2018\/12\/05\/genas-inauguration-de-leglise-saint-barthelemy-avec-monseigneur-barbarin\/newsestlyonnais-eglise-genas-05\/'><img loading=\"lazy\" decoding=\"async\" width=\"150\" height=\"150\" src=\"https:\/\/newsestlyonnais.fr\/site\/wp-content\/uploads\/2018\/12\/NEWSESTLYONNAIS-EGLISE-GENAS-05-150x150.jpg\" class=\"attachment-thumbnail size-thumbnail\" alt=\"NEWSESTLYONNAIS EGLISE GENAS 05\" aria-describedby=\"gallery-1-61440\" \/><\/a>\n\t\t\t<\/div>\n\t\t\t\t<figcaption class='wp-caption-text gallery-caption' id='gallery-1-61440'>\n\t\t\t\tMonseigneur Barbarin pr\u00e9sent pour cette c\u00e9r\u00e9monie\n\t\t\t\t<\/figcaption><\/figure><figure class='gallery-item'>\n\t\t\t<div class='gallery-icon landscape'>\n\t\t\t\t<a href='https:\/\/newsestlyonnais.fr\/site\/2018\/12\/05\/genas-inauguration-de-leglise-saint-barthelemy-avec-monseigneur-barbarin\/newsestlyonnais-eglise-genas-06\/'><img loading=\"lazy\" decoding=\"async\" width=\"150\" height=\"150\" src=\"https:\/\/newsestlyonnais.fr\/site\/wp-content\/uploads\/2018\/12\/NEWSESTLYONNAIS-EGLISE-GENAS-06-150x150.jpg\" class=\"attachment-thumbnail size-thumbnail\" alt=\"NEWSESTLYONNAIS EGLISE GENAS 06\" aria-describedby=\"gallery-1-61442\" \/><\/a>\n\t\t\t<\/div>\n\t\t\t\t<figcaption class='wp-caption-text gallery-caption' id='gallery-1-61442'>\n\t\t\t\tLe maire Daniel Val\u00e9ro a lanc\u00e9 cette inauguration\n\t\t\t\t<\/figcaption><\/figure><figure class='gallery-item'>\n\t\t\t<div class='gallery-icon landscape'>\n\t\t\t\t<a href='https:\/\/newsestlyonnais.fr\/site\/2018\/12\/05\/genas-inauguration-de-leglise-saint-barthelemy-avec-monseigneur-barbarin\/newsestlyonnais-eglise-genas-07\/'><img loading=\"lazy\" decoding=\"async\" width=\"150\" height=\"150\" src=\"https:\/\/newsestlyonnais.fr\/site\/wp-content\/uploads\/2018\/12\/NEWSESTLYONNAIS-EGLISE-GENAS-07-150x150.jpg\" class=\"attachment-thumbnail size-thumbnail\" alt=\"NEWSESTLYONNAIS EGLISE GENAS 07\" aria-describedby=\"gallery-1-61444\" \/><\/a>\n\t\t\t<\/div>\n\t\t\t\t<figcaption class='wp-caption-text gallery-caption' id='gallery-1-61444'>\n\t\t\t\tInterventions d&rsquo;Anne Dargaud (historienne locale) et Bruno Jouve (architecte du patrimoine)\n\t\t\t\t<\/figcaption><\/figure><figure class='gallery-item'>\n\t\t\t<div class='gallery-icon landscape'>\n\t\t\t\t<a href='https:\/\/newsestlyonnais.fr\/site\/2018\/12\/05\/genas-inauguration-de-leglise-saint-barthelemy-avec-monseigneur-barbarin\/newsestlyonnais-eglise-genas-11\/'><img loading=\"lazy\" decoding=\"async\" width=\"150\" height=\"150\" src=\"https:\/\/newsestlyonnais.fr\/site\/wp-content\/uploads\/2018\/12\/NEWSESTLYONNAIS-EGLISE-GENAS-11-150x150.jpg\" class=\"attachment-thumbnail size-thumbnail\" alt=\"NEWSESTLYONNAIS EGLISE GENAS 11\" aria-describedby=\"gallery-1-61450\" \/><\/a>\n\t\t\t<\/div>\n\t\t\t\t<figcaption class='wp-caption-text gallery-caption' id='gallery-1-61450'>\n\t\t\t\tUne visite comment\u00e9e de l&rsquo;\u00e9glise apr\u00e8s travaux\n\t\t\t\t<\/figcaption><\/figure><figure class='gallery-item'>\n\t\t\t<div class='gallery-icon landscape'>\n\t\t\t\t<a href='https:\/\/newsestlyonnais.fr\/site\/2018\/12\/05\/genas-inauguration-de-leglise-saint-barthelemy-avec-monseigneur-barbarin\/newsestlyonnais-eglise-13\/'><img loading=\"lazy\" decoding=\"async\" width=\"150\" height=\"150\" src=\"https:\/\/newsestlyonnais.fr\/site\/wp-content\/uploads\/2018\/12\/NEWSESTLYONNAIS-EGLISE-13-150x150.jpg\" class=\"attachment-thumbnail size-thumbnail\" alt=\"NEWSESTLYONNAIS EGLISE 13\" aria-describedby=\"gallery-1-61453\" \/><\/a>\n\t\t\t<\/div>\n\t\t\t\t<figcaption class='wp-caption-text gallery-caption' id='gallery-1-61453'>\n\t\t\t\tLe maire Daniel Val\u00e9ro et Monseigneur Barbarin  \n\t\t\t\t<\/figcaption><\/figure><figure class='gallery-item'>\n\t\t\t<div class='gallery-icon landscape'>\n\t\t\t\t<a href='https:\/\/newsestlyonnais.fr\/site\/2018\/12\/05\/genas-inauguration-de-leglise-saint-barthelemy-avec-monseigneur-barbarin\/newsestlyonnais-eglise-genas-12\/'><img loading=\"lazy\" decoding=\"async\" width=\"150\" height=\"150\" src=\"https:\/\/newsestlyonnais.fr\/site\/wp-content\/uploads\/2018\/12\/NEWSESTLYONNAIS-EGLISE-GENAS-12-150x150.jpg\" class=\"attachment-thumbnail size-thumbnail\" alt=\"NEWSESTLYONNAIS EGLISE GENAS 12\" \/><\/a>\n\t\t\t<\/div><\/figure><figure class='gallery-item'>\n\t\t\t<div class='gallery-icon landscape'>\n\t\t\t\t<a href='https:\/\/newsestlyonnais.fr\/site\/2018\/12\/05\/genas-inauguration-de-leglise-saint-barthelemy-avec-monseigneur-barbarin\/newsestlyonnais-eglise-15-2\/'><img loading=\"lazy\" decoding=\"async\" width=\"150\" height=\"150\" src=\"https:\/\/newsestlyonnais.fr\/site\/wp-content\/uploads\/2018\/12\/NEWSESTLYONNAIS-EGLISE-15-2-150x150.jpg\" class=\"attachment-thumbnail size-thumbnail\" alt=\"NEWSESTLYONNAIS EGLISE 15 (2)\" \/><\/a>\n\t\t\t<\/div><\/figure><figure class='gallery-item'>\n\t\t\t<div class='gallery-icon landscape'>\n\t\t\t\t<a href='https:\/\/newsestlyonnais.fr\/site\/2018\/12\/05\/genas-inauguration-de-leglise-saint-barthelemy-avec-monseigneur-barbarin\/newsestlyonnais-eglise-genas-08\/'><img loading=\"lazy\" decoding=\"async\" width=\"150\" height=\"150\" src=\"https:\/\/newsestlyonnais.fr\/site\/wp-content\/uploads\/2018\/12\/NEWSESTLYONNAIS-EGLISE-GENAS-08-150x150.jpg\" class=\"attachment-thumbnail size-thumbnail\" alt=\"NEWSESTLYONNAIS EGLISE GENAS 08\" \/><\/a>\n\t\t\t<\/div><\/figure><figure class='gallery-item'>\n\t\t\t<div class='gallery-icon landscape'>\n\t\t\t\t<a href='https:\/\/newsestlyonnais.fr\/site\/2018\/12\/05\/genas-inauguration-de-leglise-saint-barthelemy-avec-monseigneur-barbarin\/newsestlyonnais-eglise-genas-09\/'><img loading=\"lazy\" decoding=\"async\" width=\"150\" height=\"150\" src=\"https:\/\/newsestlyonnais.fr\/site\/wp-content\/uploads\/2018\/12\/NEWSESTLYONNAIS-EGLISE-GENAS-09-150x150.jpg\" class=\"attachment-thumbnail size-thumbnail\" alt=\"NEWSESTLYONNAIS EGLISE GENAS 09\" \/><\/a>\n\t\t\t<\/div><\/figure><figure class='gallery-item'>\n\t\t\t<div class='gallery-icon landscape'>\n\t\t\t\t<a href='https:\/\/newsestlyonnais.fr\/site\/2018\/12\/05\/genas-inauguration-de-leglise-saint-barthelemy-avec-monseigneur-barbarin\/newsestlyonnais-eglise-genas-10\/'><img loading=\"lazy\" decoding=\"async\" width=\"150\" height=\"150\" src=\"https:\/\/newsestlyonnais.fr\/site\/wp-content\/uploads\/2018\/12\/NEWSESTLYONNAIS-EGLISE-GENAS-10-150x150.jpg\" class=\"attachment-thumbnail size-thumbnail\" alt=\"NEWSESTLYONNAIS EGLISE GENAS 10\" \/><\/a>\n\t\t\t<\/div><\/figure><figure class='gallery-item'>\n\t\t\t<div class='gallery-icon landscape'>\n\t\t\t\t<a href='https:\/\/newsestlyonnais.fr\/site\/2018\/12\/05\/genas-inauguration-de-leglise-saint-barthelemy-avec-monseigneur-barbarin\/newsestlyonnais-eglise-14\/'><img loading=\"lazy\" decoding=\"async\" width=\"150\" height=\"150\" src=\"https:\/\/newsestlyonnais.fr\/site\/wp-content\/uploads\/2018\/12\/NEWSESTLYONNAIS-EGLISE-14-150x150.jpg\" class=\"attachment-thumbnail size-thumbnail\" alt=\"NEWSESTLYONNAIS EGLISE 14\" \/><\/a>\n\t\t\t<\/div><\/figure>\n\t\t<\/div>\n\n<p>&nbsp;<\/p>\n","protected":false},"excerpt":{"rendered":"<p>L&rsquo;heure \u00e9tait \u00e0 l&rsquo;inauguration dans la matin\u00e9e de samedi, apr\u00e8s un an et demi de travaux et une totale r\u00e9novation, ext\u00e9rieure puis int\u00e9rieure.<\/p>\n","protected":false},"author":4,"featured_media":61430,"comment_status":"open","ping_status":"open","sticky":false,"template":"","format":"standard","meta":{"footnotes":""},"categories":[270,1598,1219],"tags":[],"class_list":["post-61427","post","type-post","status-publish","format-standard","has-post-thumbnail","hentry","category-cte-de-communes-c-c-e-l","category-genas","category-religion-seniors-souvenir"],"yoast_head":"<!-- This site is optimized with the Yoast SEO plugin v27.2 - https:\/\/yoast.com\/product\/yoast-seo-wordpress\/ -->\n<title>GENAS | Inauguration de l&#039;\u00e9glise Saint Barth\u00e9l\u00e9my avec Monseigneur Barbarin - News Est Lyonnais GENAS : Inauguration ce samedi matin de l&#039;\u00e9glise Saint Barth\u00e9l\u00e9my avec Monseigneur Barbarin<\/title>\n<meta name=\"description\" content=\"GENAS : Inauguration ce samedi matin de l&#039;\u00e9glise Saint Barth\u00e9l\u00e9my avec Monseigneur Barbarin\" \/>\n<meta name=\"robots\" content=\"index, follow, max-snippet:-1, max-image-preview:large, max-video-preview:-1\" \/>\n<link rel=\"canonical\" href=\"https:\/\/newsestlyonnais.fr\/site\/2018\/12\/05\/genas-inauguration-de-leglise-saint-barthelemy-avec-monseigneur-barbarin\/\" \/>\n<meta property=\"og:locale\" content=\"fr_FR\" \/>\n<meta property=\"og:type\" content=\"article\" \/>\n<meta property=\"og:title\" content=\"GENAS | Inauguration de l&#039;\u00e9glise Saint Barth\u00e9l\u00e9my avec Monseigneur Barbarin - News Est Lyonnais GENAS : Inauguration ce samedi matin de l&#039;\u00e9glise Saint Barth\u00e9l\u00e9my avec Monseigneur Barbarin\" \/>\n<meta property=\"og:description\" content=\"GENAS : Inauguration ce samedi matin de l&#039;\u00e9glise Saint Barth\u00e9l\u00e9my avec Monseigneur Barbarin\" \/>\n<meta property=\"og:url\" content=\"https:\/\/newsestlyonnais.fr\/site\/2018\/12\/05\/genas-inauguration-de-leglise-saint-barthelemy-avec-monseigneur-barbarin\/\" \/>\n<meta property=\"og:site_name\" content=\"News Est Lyonnais\" \/>\n<meta property=\"article:author\" content=\"https:\/\/www.facebook.com\/pascal.oberson.1?fref=ts\" \/>\n<meta property=\"article:published_time\" content=\"2018-12-05T19:48:57+00:00\" \/>\n<meta property=\"article:modified_time\" content=\"2020-11-15T11:10:44+00:00\" \/>\n<meta property=\"og:image\" content=\"https:\/\/i0.wp.com\/newsestlyonnais.fr\/site\/wp-content\/uploads\/2018\/12\/NEWSESTLYONNAIS-EGLISE-GENAS-01.jpg?fit=2048%2C1536&ssl=1\" \/>\n\t<meta property=\"og:image:width\" content=\"2048\" \/>\n\t<meta property=\"og:image:height\" content=\"1536\" \/>\n\t<meta property=\"og:image:type\" content=\"image\/jpeg\" \/>\n<meta name=\"author\" content=\"R\u00e9dac. NEWS\" \/>\n<meta name=\"twitter:card\" content=\"summary_large_image\" \/>\n<meta name=\"twitter:label1\" content=\"\u00c9crit par\" \/>\n\t<meta name=\"twitter:data1\" content=\"R\u00e9dac. NEWS\" \/>\n<script type=\"application\/ld+json\" class=\"yoast-schema-graph\">{\"@context\":\"https:\/\/schema.org\",\"@graph\":[{\"@type\":\"Article\",\"@id\":\"https:\/\/newsestlyonnais.fr\/site\/2018\/12\/05\/genas-inauguration-de-leglise-saint-barthelemy-avec-monseigneur-barbarin\/#article\",\"isPartOf\":{\"@id\":\"https:\/\/newsestlyonnais.fr\/site\/2018\/12\/05\/genas-inauguration-de-leglise-saint-barthelemy-avec-monseigneur-barbarin\/\"},\"author\":{\"name\":\"R\u00e9dac. NEWS\",\"@id\":\"https:\/\/newsestlyonnais.fr\/site\/#\/schema\/person\/3230d5615f390bb808365d673001e887\"},\"headline\":\"GENAS | Inauguration de l&rsquo;\u00e9glise Saint Barth\u00e9l\u00e9my avec Monseigneur Barbarin\",\"datePublished\":\"2018-12-05T19:48:57+00:00\",\"dateModified\":\"2020-11-15T11:10:44+00:00\",\"mainEntityOfPage\":{\"@id\":\"https:\/\/newsestlyonnais.fr\/site\/2018\/12\/05\/genas-inauguration-de-leglise-saint-barthelemy-avec-monseigneur-barbarin\/\"},\"wordCount\":93,\"commentCount\":0,\"publisher\":{\"@id\":\"https:\/\/newsestlyonnais.fr\/site\/#organization\"},\"image\":{\"@id\":\"https:\/\/newsestlyonnais.fr\/site\/2018\/12\/05\/genas-inauguration-de-leglise-saint-barthelemy-avec-monseigneur-barbarin\/#primaryimage\"},\"thumbnailUrl\":\"https:\/\/newsestlyonnais.fr\/site\/wp-content\/uploads\/2018\/12\/NEWSESTLYONNAIS-EGLISE-GENAS-01.jpg\",\"articleSection\":[\"CCEL | Communes\",\"Genas\",\"Religion | Seniors | Souvenir\"],\"inLanguage\":\"fr-FR\",\"potentialAction\":[{\"@type\":\"CommentAction\",\"name\":\"Comment\",\"target\":[\"https:\/\/newsestlyonnais.fr\/site\/2018\/12\/05\/genas-inauguration-de-leglise-saint-barthelemy-avec-monseigneur-barbarin\/#respond\"]}]},{\"@type\":\"WebPage\",\"@id\":\"https:\/\/newsestlyonnais.fr\/site\/2018\/12\/05\/genas-inauguration-de-leglise-saint-barthelemy-avec-monseigneur-barbarin\/\",\"url\":\"https:\/\/newsestlyonnais.fr\/site\/2018\/12\/05\/genas-inauguration-de-leglise-saint-barthelemy-avec-monseigneur-barbarin\/\",\"name\":\"GENAS | Inauguration de l'\u00e9glise Saint Barth\u00e9l\u00e9my avec Monseigneur Barbarin - News Est Lyonnais GENAS : Inauguration ce samedi matin de l'\u00e9glise Saint Barth\u00e9l\u00e9my avec Monseigneur Barbarin\",\"isPartOf\":{\"@id\":\"https:\/\/newsestlyonnais.fr\/site\/#website\"},\"primaryImageOfPage\":{\"@id\":\"https:\/\/newsestlyonnais.fr\/site\/2018\/12\/05\/genas-inauguration-de-leglise-saint-barthelemy-avec-monseigneur-barbarin\/#primaryimage\"},\"image\":{\"@id\":\"https:\/\/newsestlyonnais.fr\/site\/2018\/12\/05\/genas-inauguration-de-leglise-saint-barthelemy-avec-monseigneur-barbarin\/#primaryimage\"},\"thumbnailUrl\":\"https:\/\/newsestlyonnais.fr\/site\/wp-content\/uploads\/2018\/12\/NEWSESTLYONNAIS-EGLISE-GENAS-01.jpg\",\"datePublished\":\"2018-12-05T19:48:57+00:00\",\"dateModified\":\"2020-11-15T11:10:44+00:00\",\"description\":\"GENAS : Inauguration ce samedi matin de l'\u00e9glise Saint Barth\u00e9l\u00e9my avec Monseigneur Barbarin\",\"breadcrumb\":{\"@id\":\"https:\/\/newsestlyonnais.fr\/site\/2018\/12\/05\/genas-inauguration-de-leglise-saint-barthelemy-avec-monseigneur-barbarin\/#breadcrumb\"},\"inLanguage\":\"fr-FR\",\"potentialAction\":[{\"@type\":\"ReadAction\",\"target\":[\"https:\/\/newsestlyonnais.fr\/site\/2018\/12\/05\/genas-inauguration-de-leglise-saint-barthelemy-avec-monseigneur-barbarin\/\"]}]},{\"@type\":\"ImageObject\",\"inLanguage\":\"fr-FR\",\"@id\":\"https:\/\/newsestlyonnais.fr\/site\/2018\/12\/05\/genas-inauguration-de-leglise-saint-barthelemy-avec-monseigneur-barbarin\/#primaryimage\",\"url\":\"https:\/\/newsestlyonnais.fr\/site\/wp-content\/uploads\/2018\/12\/NEWSESTLYONNAIS-EGLISE-GENAS-01.jpg\",\"contentUrl\":\"https:\/\/newsestlyonnais.fr\/site\/wp-content\/uploads\/2018\/12\/NEWSESTLYONNAIS-EGLISE-GENAS-01.jpg\",\"width\":2048,\"height\":1536,\"caption\":\"NEWSESTLYONNAIS EGLISE GENAS 01\"},{\"@type\":\"BreadcrumbList\",\"@id\":\"https:\/\/newsestlyonnais.fr\/site\/2018\/12\/05\/genas-inauguration-de-leglise-saint-barthelemy-avec-monseigneur-barbarin\/#breadcrumb\",\"itemListElement\":[{\"@type\":\"ListItem\",\"position\":1,\"name\":\"Accueil\",\"item\":\"https:\/\/newsestlyonnais.fr\/site\/\"},{\"@type\":\"ListItem\",\"position\":2,\"name\":\"GENAS | Inauguration de l&rsquo;\u00e9glise Saint Barth\u00e9l\u00e9my avec Monseigneur Barbarin\"}]},{\"@type\":\"WebSite\",\"@id\":\"https:\/\/newsestlyonnais.fr\/site\/#website\",\"url\":\"https:\/\/newsestlyonnais.fr\/site\/\",\"name\":\"News Est Lyonnais\",\"description\":\"L&#039;actualit\u00e9 au plus pr\u00e8s\",\"publisher\":{\"@id\":\"https:\/\/newsestlyonnais.fr\/site\/#organization\"},\"potentialAction\":[{\"@type\":\"SearchAction\",\"target\":{\"@type\":\"EntryPoint\",\"urlTemplate\":\"https:\/\/newsestlyonnais.fr\/site\/?s={search_term_string}\"},\"query-input\":{\"@type\":\"PropertyValueSpecification\",\"valueRequired\":true,\"valueName\":\"search_term_string\"}}],\"inLanguage\":\"fr-FR\"},{\"@type\":\"Organization\",\"@id\":\"https:\/\/newsestlyonnais.fr\/site\/#organization\",\"name\":\"News EST LYONNAIS\",\"url\":\"https:\/\/newsestlyonnais.fr\/site\/\",\"logo\":{\"@type\":\"ImageObject\",\"inLanguage\":\"fr-FR\",\"@id\":\"https:\/\/newsestlyonnais.fr\/site\/#\/schema\/logo\/image\/\",\"url\":\"\",\"contentUrl\":\"\",\"caption\":\"News EST LYONNAIS\"},\"image\":{\"@id\":\"https:\/\/newsestlyonnais.fr\/site\/#\/schema\/logo\/image\/\"}},{\"@type\":\"Person\",\"@id\":\"https:\/\/newsestlyonnais.fr\/site\/#\/schema\/person\/3230d5615f390bb808365d673001e887\",\"name\":\"R\u00e9dac. NEWS\",\"sameAs\":[\"http:\/\/www.newsestlyonnais.fr\",\"https:\/\/www.facebook.com\/pascal.oberson.1?fref=ts\",\"https:\/\/fr.linkedin.com\/in\/pascal-oberson-b17045113\"],\"url\":\"https:\/\/newsestlyonnais.fr\/site\/author\/nel\/\"}]}<\/script>\n<!-- \/ Yoast SEO plugin. -->","yoast_head_json":{"title":"GENAS | Inauguration de l'\u00e9glise Saint Barth\u00e9l\u00e9my avec Monseigneur Barbarin - News Est Lyonnais GENAS : Inauguration ce samedi matin de l'\u00e9glise Saint Barth\u00e9l\u00e9my avec Monseigneur Barbarin","description":"GENAS : Inauguration ce samedi matin de l'\u00e9glise Saint Barth\u00e9l\u00e9my avec Monseigneur Barbarin","robots":{"index":"index","follow":"follow","max-snippet":"max-snippet:-1","max-image-preview":"max-image-preview:large","max-video-preview":"max-video-preview:-1"},"canonical":"https:\/\/newsestlyonnais.fr\/site\/2018\/12\/05\/genas-inauguration-de-leglise-saint-barthelemy-avec-monseigneur-barbarin\/","og_locale":"fr_FR","og_type":"article","og_title":"GENAS | Inauguration de l'\u00e9glise Saint Barth\u00e9l\u00e9my avec Monseigneur Barbarin - News Est Lyonnais GENAS : Inauguration ce samedi matin de l'\u00e9glise Saint Barth\u00e9l\u00e9my avec Monseigneur Barbarin","og_description":"GENAS : Inauguration ce samedi matin de l'\u00e9glise Saint Barth\u00e9l\u00e9my avec Monseigneur Barbarin","og_url":"https:\/\/newsestlyonnais.fr\/site\/2018\/12\/05\/genas-inauguration-de-leglise-saint-barthelemy-avec-monseigneur-barbarin\/","og_site_name":"News Est Lyonnais","article_author":"https:\/\/www.facebook.com\/pascal.oberson.1?fref=ts","article_published_time":"2018-12-05T19:48:57+00:00","article_modified_time":"2020-11-15T11:10:44+00:00","og_image":[{"width":2048,"height":1536,"url":"https:\/\/i0.wp.com\/newsestlyonnais.fr\/site\/wp-content\/uploads\/2018\/12\/NEWSESTLYONNAIS-EGLISE-GENAS-01.jpg?fit=2048%2C1536&ssl=1","type":"image\/jpeg"}],"author":"R\u00e9dac. NEWS","twitter_card":"summary_large_image","twitter_misc":{"\u00c9crit par":"R\u00e9dac. NEWS"},"schema":{"@context":"https:\/\/schema.org","@graph":[{"@type":"Article","@id":"https:\/\/newsestlyonnais.fr\/site\/2018\/12\/05\/genas-inauguration-de-leglise-saint-barthelemy-avec-monseigneur-barbarin\/#article","isPartOf":{"@id":"https:\/\/newsestlyonnais.fr\/site\/2018\/12\/05\/genas-inauguration-de-leglise-saint-barthelemy-avec-monseigneur-barbarin\/"},"author":{"name":"R\u00e9dac. NEWS","@id":"https:\/\/newsestlyonnais.fr\/site\/#\/schema\/person\/3230d5615f390bb808365d673001e887"},"headline":"GENAS | Inauguration de l&rsquo;\u00e9glise Saint Barth\u00e9l\u00e9my avec Monseigneur Barbarin","datePublished":"2018-12-05T19:48:57+00:00","dateModified":"2020-11-15T11:10:44+00:00","mainEntityOfPage":{"@id":"https:\/\/newsestlyonnais.fr\/site\/2018\/12\/05\/genas-inauguration-de-leglise-saint-barthelemy-avec-monseigneur-barbarin\/"},"wordCount":93,"commentCount":0,"publisher":{"@id":"https:\/\/newsestlyonnais.fr\/site\/#organization"},"image":{"@id":"https:\/\/newsestlyonnais.fr\/site\/2018\/12\/05\/genas-inauguration-de-leglise-saint-barthelemy-avec-monseigneur-barbarin\/#primaryimage"},"thumbnailUrl":"https:\/\/newsestlyonnais.fr\/site\/wp-content\/uploads\/2018\/12\/NEWSESTLYONNAIS-EGLISE-GENAS-01.jpg","articleSection":["CCEL | Communes","Genas","Religion | Seniors | Souvenir"],"inLanguage":"fr-FR","potentialAction":[{"@type":"CommentAction","name":"Comment","target":["https:\/\/newsestlyonnais.fr\/site\/2018\/12\/05\/genas-inauguration-de-leglise-saint-barthelemy-avec-monseigneur-barbarin\/#respond"]}]},{"@type":"WebPage","@id":"https:\/\/newsestlyonnais.fr\/site\/2018\/12\/05\/genas-inauguration-de-leglise-saint-barthelemy-avec-monseigneur-barbarin\/","url":"https:\/\/newsestlyonnais.fr\/site\/2018\/12\/05\/genas-inauguration-de-leglise-saint-barthelemy-avec-monseigneur-barbarin\/","name":"GENAS | Inauguration de l'\u00e9glise Saint Barth\u00e9l\u00e9my avec Monseigneur Barbarin - News Est Lyonnais GENAS : Inauguration ce samedi matin de l'\u00e9glise Saint Barth\u00e9l\u00e9my avec Monseigneur Barbarin","isPartOf":{"@id":"https:\/\/newsestlyonnais.fr\/site\/#website"},"primaryImageOfPage":{"@id":"https:\/\/newsestlyonnais.fr\/site\/2018\/12\/05\/genas-inauguration-de-leglise-saint-barthelemy-avec-monseigneur-barbarin\/#primaryimage"},"image":{"@id":"https:\/\/newsestlyonnais.fr\/site\/2018\/12\/05\/genas-inauguration-de-leglise-saint-barthelemy-avec-monseigneur-barbarin\/#primaryimage"},"thumbnailUrl":"https:\/\/newsestlyonnais.fr\/site\/wp-content\/uploads\/2018\/12\/NEWSESTLYONNAIS-EGLISE-GENAS-01.jpg","datePublished":"2018-12-05T19:48:57+00:00","dateModified":"2020-11-15T11:10:44+00:00","description":"GENAS : Inauguration ce samedi matin de l'\u00e9glise Saint Barth\u00e9l\u00e9my avec Monseigneur Barbarin","breadcrumb":{"@id":"https:\/\/newsestlyonnais.fr\/site\/2018\/12\/05\/genas-inauguration-de-leglise-saint-barthelemy-avec-monseigneur-barbarin\/#breadcrumb"},"inLanguage":"fr-FR","potentialAction":[{"@type":"ReadAction","target":["https:\/\/newsestlyonnais.fr\/site\/2018\/12\/05\/genas-inauguration-de-leglise-saint-barthelemy-avec-monseigneur-barbarin\/"]}]},{"@type":"ImageObject","inLanguage":"fr-FR","@id":"https:\/\/newsestlyonnais.fr\/site\/2018\/12\/05\/genas-inauguration-de-leglise-saint-barthelemy-avec-monseigneur-barbarin\/#primaryimage","url":"https:\/\/newsestlyonnais.fr\/site\/wp-content\/uploads\/2018\/12\/NEWSESTLYONNAIS-EGLISE-GENAS-01.jpg","contentUrl":"https:\/\/newsestlyonnais.fr\/site\/wp-content\/uploads\/2018\/12\/NEWSESTLYONNAIS-EGLISE-GENAS-01.jpg","width":2048,"height":1536,"caption":"NEWSESTLYONNAIS EGLISE GENAS 01"},{"@type":"BreadcrumbList","@id":"https:\/\/newsestlyonnais.fr\/site\/2018\/12\/05\/genas-inauguration-de-leglise-saint-barthelemy-avec-monseigneur-barbarin\/#breadcrumb","itemListElement":[{"@type":"ListItem","position":1,"name":"Accueil","item":"https:\/\/newsestlyonnais.fr\/site\/"},{"@type":"ListItem","position":2,"name":"GENAS | Inauguration de l&rsquo;\u00e9glise Saint Barth\u00e9l\u00e9my avec Monseigneur Barbarin"}]},{"@type":"WebSite","@id":"https:\/\/newsestlyonnais.fr\/site\/#website","url":"https:\/\/newsestlyonnais.fr\/site\/","name":"News Est Lyonnais","description":"L&#039;actualit\u00e9 au plus pr\u00e8s","publisher":{"@id":"https:\/\/newsestlyonnais.fr\/site\/#organization"},"potentialAction":[{"@type":"SearchAction","target":{"@type":"EntryPoint","urlTemplate":"https:\/\/newsestlyonnais.fr\/site\/?s={search_term_string}"},"query-input":{"@type":"PropertyValueSpecification","valueRequired":true,"valueName":"search_term_string"}}],"inLanguage":"fr-FR"},{"@type":"Organization","@id":"https:\/\/newsestlyonnais.fr\/site\/#organization","name":"News EST LYONNAIS","url":"https:\/\/newsestlyonnais.fr\/site\/","logo":{"@type":"ImageObject","inLanguage":"fr-FR","@id":"https:\/\/newsestlyonnais.fr\/site\/#\/schema\/logo\/image\/","url":"","contentUrl":"","caption":"News EST LYONNAIS"},"image":{"@id":"https:\/\/newsestlyonnais.fr\/site\/#\/schema\/logo\/image\/"}},{"@type":"Person","@id":"https:\/\/newsestlyonnais.fr\/site\/#\/schema\/person\/3230d5615f390bb808365d673001e887","name":"R\u00e9dac. NEWS","sameAs":["http:\/\/www.newsestlyonnais.fr","https:\/\/www.facebook.com\/pascal.oberson.1?fref=ts","https:\/\/fr.linkedin.com\/in\/pascal-oberson-b17045113"],"url":"https:\/\/newsestlyonnais.fr\/site\/author\/nel\/"}]}},"_links":{"self":[{"href":"https:\/\/newsestlyonnais.fr\/site\/wp-json\/wp\/v2\/posts\/61427","targetHints":{"allow":["GET"]}}],"collection":[{"href":"https:\/\/newsestlyonnais.fr\/site\/wp-json\/wp\/v2\/posts"}],"about":[{"href":"https:\/\/newsestlyonnais.fr\/site\/wp-json\/wp\/v2\/types\/post"}],"author":[{"embeddable":true,"href":"https:\/\/newsestlyonnais.fr\/site\/wp-json\/wp\/v2\/users\/4"}],"replies":[{"embeddable":true,"href":"https:\/\/newsestlyonnais.fr\/site\/wp-json\/wp\/v2\/comments?post=61427"}],"version-history":[{"count":0,"href":"https:\/\/newsestlyonnais.fr\/site\/wp-json\/wp\/v2\/posts\/61427\/revisions"}],"wp:featuredmedia":[{"embeddable":true,"href":"https:\/\/newsestlyonnais.fr\/site\/wp-json\/wp\/v2\/media\/61430"}],"wp:attachment":[{"href":"https:\/\/newsestlyonnais.fr\/site\/wp-json\/wp\/v2\/media?parent=61427"}],"wp:term":[{"taxonomy":"category","embeddable":true,"href":"https:\/\/newsestlyonnais.fr\/site\/wp-json\/wp\/v2\/categories?post=61427"},{"taxonomy":"post_tag","embeddable":true,"href":"https:\/\/newsestlyonnais.fr\/site\/wp-json\/wp\/v2\/tags?post=61427"}],"curies":[{"name":"wp","href":"https:\/\/api.w.org\/{rel}","templated":true}]}}