{"id":61661,"date":"2018-12-13T06:56:12","date_gmt":"2018-12-13T05:56:12","guid":{"rendered":"http:\/\/newsestlyonnais.fr\/site\/?p=61661"},"modified":"2021-04-09T14:59:47","modified_gmt":"2021-04-09T13:59:47","slug":"meyzieu-le-plan-mercredi-va-etre-officiellement-signe","status":"publish","type":"post","link":"https:\/\/newsestlyonnais.fr\/site\/2018\/12\/13\/meyzieu-le-plan-mercredi-va-etre-officiellement-signe\/","title":{"rendered":"MEYZIEU | Le plan mercredi va \u00eatre officiellement sign\u00e9"},"content":{"rendered":"<h4>Chaque mercredi, la Ville de Meyzieu accueille 132 enfants \u00e2g\u00e9s de 4 \u00e0 12 ans dans ses centres de loisirs et depuis le retour \u00e0 la semaine de 4 jours, ce temps a \u00e9t\u00e9 repens\u00e9.<\/h4>\n<p><strong> MEYZIEU DEVIENT OFFICIELLEMENT LA PREMI\u00c8RE VILLE DU RH\u00d4NE<\/strong> \u00e0 voir son projet labellis\u00e9 au b\u00e9n\u00e9fice de la qualit\u00e9 d\u2019accueil propos\u00e9e aux jeunes majolans durant les temps p\u00e9riscolaires.<\/p>\n<p>Christophe Quiniou (Maire de Meyzieu), signera officiellement \u00ab le plan mercredi \u00bb de la Ville de Meyzieu en pr\u00e9sence de Guy Charlot (inspecteur d\u2019acad\u00e9mie) et de repr\u00e9sentants de l\u2019\u00c9tat et de la CAF.<\/p>\n<p>Cette signature est la reconnaissance d\u2019un travail d\u2019envergure men\u00e9 afin de proposer un accueil de qualit\u00e9, ancr\u00e9 sur le territoire, en coh\u00e9rence avec les autres temps d\u2019accueil des enfants, accessible \u00e0 tous et aux activit\u00e9s diversifi\u00e9es. La pertinence du projet majolan a retenu l\u2019attention du Groupe D\u2019appui D\u00e9partemental.<\/p>\n<p>Les points forts du \u00ab plan mercredi \u00bb majolan reposent en partie sur des activit\u00e9s diversifi\u00e9es, organis\u00e9es avec diff\u00e9rentes structures municipales telles que la m\u00e9diath\u00e8que, le centre aquatique \u00ab Les Vagues \u00bb ou encore la<br \/>\nbase nautique. Des partenariats sont aussi conclus avec les associations majolanes.<\/p>\n<ul>\n<li><span style=\"text-decoration: underline\">Signature officielle<\/span> du \u00ab Plan mercredi \u00bb : Mercredi 19 d\u00e9cembre.<\/li>\n<\/ul>\n<h4>Retrouvez l&rsquo;ACTU de la commune sur : <a href=\"http:\/\/www.meyzieu.fr\" target=\"_blank\" rel=\"noopener\">http:\/\/www.meyzieu.fr<\/a><\/h4>\n","protected":false},"excerpt":{"rendered":"<p>Chaque mercredi, la Ville de Meyzieu accueille 132 enfants \u00e2g\u00e9s de 4 \u00e0 12 ans dans ses centres de loisirs et depuis le retour \u00e0 la semaine de 4 jours, ce temps a \u00e9t\u00e9 repens\u00e9. MEYZIEU DEVIENT OFFICIELLEMENT LA PREMI\u00c8RE VILLE DU RH\u00d4NE \u00e0 voir son projet labellis\u00e9 au b\u00e9n\u00e9fice de la qualit\u00e9 d\u2019accueil propos\u00e9e [&hellip;]<\/p>\n","protected":false},"author":4,"featured_media":50594,"comment_status":"open","ping_status":"open","sticky":false,"template":"","format":"standard","meta":{"footnotes":""},"categories":[30,171,24,173],"tags":[],"class_list":["post-61661","post","type-post","status-publish","format-standard","has-post-thumbnail","hentry","category-a-la-une","category-enfance-jeunesse","category-meyzieu","category-scolaire"],"yoast_head":"<!-- This site is optimized with the Yoast SEO plugin v27.2 - https:\/\/yoast.com\/product\/yoast-seo-wordpress\/ -->\n<title>MEYZIEU | Le plan mercredi va \u00eatre officiellement sign\u00e9 - News Est Lyonnais MEYZIEU : Le plan mercredi va \u00eatre officiellement sign\u00e9<\/title>\n<meta name=\"description\" content=\"MEYZIEU : Le plan mercredi va \u00eatre officiellement sign\u00e9\" \/>\n<meta name=\"robots\" content=\"index, follow, max-snippet:-1, max-image-preview:large, max-video-preview:-1\" \/>\n<link rel=\"canonical\" href=\"https:\/\/newsestlyonnais.fr\/site\/2018\/12\/13\/meyzieu-le-plan-mercredi-va-etre-officiellement-signe\/\" \/>\n<meta property=\"og:locale\" content=\"fr_FR\" \/>\n<meta property=\"og:type\" content=\"article\" \/>\n<meta property=\"og:title\" content=\"MEYZIEU | Le plan mercredi va \u00eatre officiellement sign\u00e9 - News Est Lyonnais MEYZIEU : Le plan mercredi va \u00eatre officiellement sign\u00e9\" \/>\n<meta property=\"og:description\" content=\"MEYZIEU : Le plan mercredi va \u00eatre officiellement sign\u00e9\" \/>\n<meta property=\"og:url\" content=\"https:\/\/newsestlyonnais.fr\/site\/2018\/12\/13\/meyzieu-le-plan-mercredi-va-etre-officiellement-signe\/\" \/>\n<meta property=\"og:site_name\" content=\"News Est Lyonnais\" \/>\n<meta property=\"article:author\" content=\"https:\/\/www.facebook.com\/pascal.oberson.1?fref=ts\" \/>\n<meta property=\"article:published_time\" content=\"2018-12-13T05:56:12+00:00\" \/>\n<meta property=\"article:modified_time\" content=\"2021-04-09T13:59:47+00:00\" \/>\n<meta property=\"og:image\" content=\"https:\/\/i0.wp.com\/newsestlyonnais.fr\/site\/wp-content\/uploads\/2018\/05\/NEWSESTLYONNAIS-.png?fit=1280%2C960&ssl=1\" \/>\n\t<meta property=\"og:image:width\" content=\"1280\" \/>\n\t<meta property=\"og:image:height\" content=\"960\" \/>\n\t<meta property=\"og:image:type\" content=\"image\/png\" \/>\n<meta name=\"author\" content=\"R\u00e9dac. NEWS\" \/>\n<meta name=\"twitter:card\" content=\"summary_large_image\" \/>\n<meta name=\"twitter:label1\" content=\"\u00c9crit par\" \/>\n\t<meta name=\"twitter:data1\" content=\"R\u00e9dac. NEWS\" \/>\n\t<meta name=\"twitter:label2\" content=\"Dur\u00e9e de lecture estim\u00e9e\" \/>\n\t<meta name=\"twitter:data2\" content=\"1 minute\" \/>\n<script type=\"application\/ld+json\" class=\"yoast-schema-graph\">{\"@context\":\"https:\/\/schema.org\",\"@graph\":[{\"@type\":\"Article\",\"@id\":\"https:\/\/newsestlyonnais.fr\/site\/2018\/12\/13\/meyzieu-le-plan-mercredi-va-etre-officiellement-signe\/#article\",\"isPartOf\":{\"@id\":\"https:\/\/newsestlyonnais.fr\/site\/2018\/12\/13\/meyzieu-le-plan-mercredi-va-etre-officiellement-signe\/\"},\"author\":{\"name\":\"R\u00e9dac. NEWS\",\"@id\":\"https:\/\/newsestlyonnais.fr\/site\/#\/schema\/person\/3230d5615f390bb808365d673001e887\"},\"headline\":\"MEYZIEU | Le plan mercredi va \u00eatre officiellement sign\u00e9\",\"datePublished\":\"2018-12-13T05:56:12+00:00\",\"dateModified\":\"2021-04-09T13:59:47+00:00\",\"mainEntityOfPage\":{\"@id\":\"https:\/\/newsestlyonnais.fr\/site\/2018\/12\/13\/meyzieu-le-plan-mercredi-va-etre-officiellement-signe\/\"},\"wordCount\":230,\"commentCount\":0,\"publisher\":{\"@id\":\"https:\/\/newsestlyonnais.fr\/site\/#organization\"},\"image\":{\"@id\":\"https:\/\/newsestlyonnais.fr\/site\/2018\/12\/13\/meyzieu-le-plan-mercredi-va-etre-officiellement-signe\/#primaryimage\"},\"thumbnailUrl\":\"https:\/\/newsestlyonnais.fr\/site\/wp-content\/uploads\/2018\/05\/NEWSESTLYONNAIS-.png\",\"articleSection\":[\"\u00e0 la une\",\"Enfance | Jeunesse\",\"Meyzieu\",\"Scolaire\"],\"inLanguage\":\"fr-FR\",\"potentialAction\":[{\"@type\":\"CommentAction\",\"name\":\"Comment\",\"target\":[\"https:\/\/newsestlyonnais.fr\/site\/2018\/12\/13\/meyzieu-le-plan-mercredi-va-etre-officiellement-signe\/#respond\"]}]},{\"@type\":\"WebPage\",\"@id\":\"https:\/\/newsestlyonnais.fr\/site\/2018\/12\/13\/meyzieu-le-plan-mercredi-va-etre-officiellement-signe\/\",\"url\":\"https:\/\/newsestlyonnais.fr\/site\/2018\/12\/13\/meyzieu-le-plan-mercredi-va-etre-officiellement-signe\/\",\"name\":\"MEYZIEU | Le plan mercredi va \u00eatre officiellement sign\u00e9 - News Est Lyonnais MEYZIEU : Le plan mercredi va \u00eatre officiellement sign\u00e9\",\"isPartOf\":{\"@id\":\"https:\/\/newsestlyonnais.fr\/site\/#website\"},\"primaryImageOfPage\":{\"@id\":\"https:\/\/newsestlyonnais.fr\/site\/2018\/12\/13\/meyzieu-le-plan-mercredi-va-etre-officiellement-signe\/#primaryimage\"},\"image\":{\"@id\":\"https:\/\/newsestlyonnais.fr\/site\/2018\/12\/13\/meyzieu-le-plan-mercredi-va-etre-officiellement-signe\/#primaryimage\"},\"thumbnailUrl\":\"https:\/\/newsestlyonnais.fr\/site\/wp-content\/uploads\/2018\/05\/NEWSESTLYONNAIS-.png\",\"datePublished\":\"2018-12-13T05:56:12+00:00\",\"dateModified\":\"2021-04-09T13:59:47+00:00\",\"description\":\"MEYZIEU : Le plan mercredi va \u00eatre officiellement sign\u00e9\",\"breadcrumb\":{\"@id\":\"https:\/\/newsestlyonnais.fr\/site\/2018\/12\/13\/meyzieu-le-plan-mercredi-va-etre-officiellement-signe\/#breadcrumb\"},\"inLanguage\":\"fr-FR\",\"potentialAction\":[{\"@type\":\"ReadAction\",\"target\":[\"https:\/\/newsestlyonnais.fr\/site\/2018\/12\/13\/meyzieu-le-plan-mercredi-va-etre-officiellement-signe\/\"]}]},{\"@type\":\"ImageObject\",\"inLanguage\":\"fr-FR\",\"@id\":\"https:\/\/newsestlyonnais.fr\/site\/2018\/12\/13\/meyzieu-le-plan-mercredi-va-etre-officiellement-signe\/#primaryimage\",\"url\":\"https:\/\/newsestlyonnais.fr\/site\/wp-content\/uploads\/2018\/05\/NEWSESTLYONNAIS-.png\",\"contentUrl\":\"https:\/\/newsestlyonnais.fr\/site\/wp-content\/uploads\/2018\/05\/NEWSESTLYONNAIS-.png\",\"width\":1280,\"height\":960,\"caption\":\"NEWSESTLYONNAIS VISUEL MEYZIEU\"},{\"@type\":\"BreadcrumbList\",\"@id\":\"https:\/\/newsestlyonnais.fr\/site\/2018\/12\/13\/meyzieu-le-plan-mercredi-va-etre-officiellement-signe\/#breadcrumb\",\"itemListElement\":[{\"@type\":\"ListItem\",\"position\":1,\"name\":\"Accueil\",\"item\":\"https:\/\/newsestlyonnais.fr\/site\/\"},{\"@type\":\"ListItem\",\"position\":2,\"name\":\"MEYZIEU | Le plan mercredi va \u00eatre officiellement sign\u00e9\"}]},{\"@type\":\"WebSite\",\"@id\":\"https:\/\/newsestlyonnais.fr\/site\/#website\",\"url\":\"https:\/\/newsestlyonnais.fr\/site\/\",\"name\":\"News Est Lyonnais\",\"description\":\"L&#039;actualit\u00e9 au plus pr\u00e8s\",\"publisher\":{\"@id\":\"https:\/\/newsestlyonnais.fr\/site\/#organization\"},\"potentialAction\":[{\"@type\":\"SearchAction\",\"target\":{\"@type\":\"EntryPoint\",\"urlTemplate\":\"https:\/\/newsestlyonnais.fr\/site\/?s={search_term_string}\"},\"query-input\":{\"@type\":\"PropertyValueSpecification\",\"valueRequired\":true,\"valueName\":\"search_term_string\"}}],\"inLanguage\":\"fr-FR\"},{\"@type\":\"Organization\",\"@id\":\"https:\/\/newsestlyonnais.fr\/site\/#organization\",\"name\":\"News EST LYONNAIS\",\"url\":\"https:\/\/newsestlyonnais.fr\/site\/\",\"logo\":{\"@type\":\"ImageObject\",\"inLanguage\":\"fr-FR\",\"@id\":\"https:\/\/newsestlyonnais.fr\/site\/#\/schema\/logo\/image\/\",\"url\":\"\",\"contentUrl\":\"\",\"caption\":\"News EST LYONNAIS\"},\"image\":{\"@id\":\"https:\/\/newsestlyonnais.fr\/site\/#\/schema\/logo\/image\/\"}},{\"@type\":\"Person\",\"@id\":\"https:\/\/newsestlyonnais.fr\/site\/#\/schema\/person\/3230d5615f390bb808365d673001e887\",\"name\":\"R\u00e9dac. NEWS\",\"sameAs\":[\"http:\/\/www.newsestlyonnais.fr\",\"https:\/\/www.facebook.com\/pascal.oberson.1?fref=ts\",\"https:\/\/fr.linkedin.com\/in\/pascal-oberson-b17045113\"],\"url\":\"https:\/\/newsestlyonnais.fr\/site\/author\/nel\/\"}]}<\/script>\n<!-- \/ Yoast SEO plugin. -->","yoast_head_json":{"title":"MEYZIEU | Le plan mercredi va \u00eatre officiellement sign\u00e9 - News Est Lyonnais MEYZIEU : Le plan mercredi va \u00eatre officiellement sign\u00e9","description":"MEYZIEU : Le plan mercredi va \u00eatre officiellement sign\u00e9","robots":{"index":"index","follow":"follow","max-snippet":"max-snippet:-1","max-image-preview":"max-image-preview:large","max-video-preview":"max-video-preview:-1"},"canonical":"https:\/\/newsestlyonnais.fr\/site\/2018\/12\/13\/meyzieu-le-plan-mercredi-va-etre-officiellement-signe\/","og_locale":"fr_FR","og_type":"article","og_title":"MEYZIEU | Le plan mercredi va \u00eatre officiellement sign\u00e9 - News Est Lyonnais MEYZIEU : Le plan mercredi va \u00eatre officiellement sign\u00e9","og_description":"MEYZIEU : Le plan mercredi va \u00eatre officiellement sign\u00e9","og_url":"https:\/\/newsestlyonnais.fr\/site\/2018\/12\/13\/meyzieu-le-plan-mercredi-va-etre-officiellement-signe\/","og_site_name":"News Est Lyonnais","article_author":"https:\/\/www.facebook.com\/pascal.oberson.1?fref=ts","article_published_time":"2018-12-13T05:56:12+00:00","article_modified_time":"2021-04-09T13:59:47+00:00","og_image":[{"width":1280,"height":960,"url":"https:\/\/i0.wp.com\/newsestlyonnais.fr\/site\/wp-content\/uploads\/2018\/05\/NEWSESTLYONNAIS-.png?fit=1280%2C960&ssl=1","type":"image\/png"}],"author":"R\u00e9dac. NEWS","twitter_card":"summary_large_image","twitter_misc":{"\u00c9crit par":"R\u00e9dac. NEWS","Dur\u00e9e de lecture estim\u00e9e":"1 minute"},"schema":{"@context":"https:\/\/schema.org","@graph":[{"@type":"Article","@id":"https:\/\/newsestlyonnais.fr\/site\/2018\/12\/13\/meyzieu-le-plan-mercredi-va-etre-officiellement-signe\/#article","isPartOf":{"@id":"https:\/\/newsestlyonnais.fr\/site\/2018\/12\/13\/meyzieu-le-plan-mercredi-va-etre-officiellement-signe\/"},"author":{"name":"R\u00e9dac. NEWS","@id":"https:\/\/newsestlyonnais.fr\/site\/#\/schema\/person\/3230d5615f390bb808365d673001e887"},"headline":"MEYZIEU | Le plan mercredi va \u00eatre officiellement sign\u00e9","datePublished":"2018-12-13T05:56:12+00:00","dateModified":"2021-04-09T13:59:47+00:00","mainEntityOfPage":{"@id":"https:\/\/newsestlyonnais.fr\/site\/2018\/12\/13\/meyzieu-le-plan-mercredi-va-etre-officiellement-signe\/"},"wordCount":230,"commentCount":0,"publisher":{"@id":"https:\/\/newsestlyonnais.fr\/site\/#organization"},"image":{"@id":"https:\/\/newsestlyonnais.fr\/site\/2018\/12\/13\/meyzieu-le-plan-mercredi-va-etre-officiellement-signe\/#primaryimage"},"thumbnailUrl":"https:\/\/newsestlyonnais.fr\/site\/wp-content\/uploads\/2018\/05\/NEWSESTLYONNAIS-.png","articleSection":["\u00e0 la une","Enfance | Jeunesse","Meyzieu","Scolaire"],"inLanguage":"fr-FR","potentialAction":[{"@type":"CommentAction","name":"Comment","target":["https:\/\/newsestlyonnais.fr\/site\/2018\/12\/13\/meyzieu-le-plan-mercredi-va-etre-officiellement-signe\/#respond"]}]},{"@type":"WebPage","@id":"https:\/\/newsestlyonnais.fr\/site\/2018\/12\/13\/meyzieu-le-plan-mercredi-va-etre-officiellement-signe\/","url":"https:\/\/newsestlyonnais.fr\/site\/2018\/12\/13\/meyzieu-le-plan-mercredi-va-etre-officiellement-signe\/","name":"MEYZIEU | Le plan mercredi va \u00eatre officiellement sign\u00e9 - News Est Lyonnais MEYZIEU : Le plan mercredi va \u00eatre officiellement sign\u00e9","isPartOf":{"@id":"https:\/\/newsestlyonnais.fr\/site\/#website"},"primaryImageOfPage":{"@id":"https:\/\/newsestlyonnais.fr\/site\/2018\/12\/13\/meyzieu-le-plan-mercredi-va-etre-officiellement-signe\/#primaryimage"},"image":{"@id":"https:\/\/newsestlyonnais.fr\/site\/2018\/12\/13\/meyzieu-le-plan-mercredi-va-etre-officiellement-signe\/#primaryimage"},"thumbnailUrl":"https:\/\/newsestlyonnais.fr\/site\/wp-content\/uploads\/2018\/05\/NEWSESTLYONNAIS-.png","datePublished":"2018-12-13T05:56:12+00:00","dateModified":"2021-04-09T13:59:47+00:00","description":"MEYZIEU : Le plan mercredi va \u00eatre officiellement sign\u00e9","breadcrumb":{"@id":"https:\/\/newsestlyonnais.fr\/site\/2018\/12\/13\/meyzieu-le-plan-mercredi-va-etre-officiellement-signe\/#breadcrumb"},"inLanguage":"fr-FR","potentialAction":[{"@type":"ReadAction","target":["https:\/\/newsestlyonnais.fr\/site\/2018\/12\/13\/meyzieu-le-plan-mercredi-va-etre-officiellement-signe\/"]}]},{"@type":"ImageObject","inLanguage":"fr-FR","@id":"https:\/\/newsestlyonnais.fr\/site\/2018\/12\/13\/meyzieu-le-plan-mercredi-va-etre-officiellement-signe\/#primaryimage","url":"https:\/\/newsestlyonnais.fr\/site\/wp-content\/uploads\/2018\/05\/NEWSESTLYONNAIS-.png","contentUrl":"https:\/\/newsestlyonnais.fr\/site\/wp-content\/uploads\/2018\/05\/NEWSESTLYONNAIS-.png","width":1280,"height":960,"caption":"NEWSESTLYONNAIS VISUEL MEYZIEU"},{"@type":"BreadcrumbList","@id":"https:\/\/newsestlyonnais.fr\/site\/2018\/12\/13\/meyzieu-le-plan-mercredi-va-etre-officiellement-signe\/#breadcrumb","itemListElement":[{"@type":"ListItem","position":1,"name":"Accueil","item":"https:\/\/newsestlyonnais.fr\/site\/"},{"@type":"ListItem","position":2,"name":"MEYZIEU | Le plan mercredi va \u00eatre officiellement sign\u00e9"}]},{"@type":"WebSite","@id":"https:\/\/newsestlyonnais.fr\/site\/#website","url":"https:\/\/newsestlyonnais.fr\/site\/","name":"News Est Lyonnais","description":"L&#039;actualit\u00e9 au plus pr\u00e8s","publisher":{"@id":"https:\/\/newsestlyonnais.fr\/site\/#organization"},"potentialAction":[{"@type":"SearchAction","target":{"@type":"EntryPoint","urlTemplate":"https:\/\/newsestlyonnais.fr\/site\/?s={search_term_string}"},"query-input":{"@type":"PropertyValueSpecification","valueRequired":true,"valueName":"search_term_string"}}],"inLanguage":"fr-FR"},{"@type":"Organization","@id":"https:\/\/newsestlyonnais.fr\/site\/#organization","name":"News EST LYONNAIS","url":"https:\/\/newsestlyonnais.fr\/site\/","logo":{"@type":"ImageObject","inLanguage":"fr-FR","@id":"https:\/\/newsestlyonnais.fr\/site\/#\/schema\/logo\/image\/","url":"","contentUrl":"","caption":"News EST LYONNAIS"},"image":{"@id":"https:\/\/newsestlyonnais.fr\/site\/#\/schema\/logo\/image\/"}},{"@type":"Person","@id":"https:\/\/newsestlyonnais.fr\/site\/#\/schema\/person\/3230d5615f390bb808365d673001e887","name":"R\u00e9dac. NEWS","sameAs":["http:\/\/www.newsestlyonnais.fr","https:\/\/www.facebook.com\/pascal.oberson.1?fref=ts","https:\/\/fr.linkedin.com\/in\/pascal-oberson-b17045113"],"url":"https:\/\/newsestlyonnais.fr\/site\/author\/nel\/"}]}},"_links":{"self":[{"href":"https:\/\/newsestlyonnais.fr\/site\/wp-json\/wp\/v2\/posts\/61661","targetHints":{"allow":["GET"]}}],"collection":[{"href":"https:\/\/newsestlyonnais.fr\/site\/wp-json\/wp\/v2\/posts"}],"about":[{"href":"https:\/\/newsestlyonnais.fr\/site\/wp-json\/wp\/v2\/types\/post"}],"author":[{"embeddable":true,"href":"https:\/\/newsestlyonnais.fr\/site\/wp-json\/wp\/v2\/users\/4"}],"replies":[{"embeddable":true,"href":"https:\/\/newsestlyonnais.fr\/site\/wp-json\/wp\/v2\/comments?post=61661"}],"version-history":[{"count":0,"href":"https:\/\/newsestlyonnais.fr\/site\/wp-json\/wp\/v2\/posts\/61661\/revisions"}],"wp:featuredmedia":[{"embeddable":true,"href":"https:\/\/newsestlyonnais.fr\/site\/wp-json\/wp\/v2\/media\/50594"}],"wp:attachment":[{"href":"https:\/\/newsestlyonnais.fr\/site\/wp-json\/wp\/v2\/media?parent=61661"}],"wp:term":[{"taxonomy":"category","embeddable":true,"href":"https:\/\/newsestlyonnais.fr\/site\/wp-json\/wp\/v2\/categories?post=61661"},{"taxonomy":"post_tag","embeddable":true,"href":"https:\/\/newsestlyonnais.fr\/site\/wp-json\/wp\/v2\/tags?post=61661"}],"curies":[{"name":"wp","href":"https:\/\/api.w.org\/{rel}","templated":true}]}}