{"id":61874,"date":"2018-12-19T10:17:21","date_gmt":"2018-12-19T09:17:21","guid":{"rendered":"http:\/\/newsestlyonnais.fr\/site\/?p=61874"},"modified":"2020-11-05T05:52:57","modified_gmt":"2020-11-05T04:52:57","slug":"genas-larbre-de-noel-de-lecole-de-tennis-a-rassemble-150-enfants","status":"publish","type":"post","link":"https:\/\/newsestlyonnais.fr\/site\/2018\/12\/19\/genas-larbre-de-noel-de-lecole-de-tennis-a-rassemble-150-enfants\/","title":{"rendered":"GENAS | L&rsquo;arbre de No\u00ebl de l&rsquo;\u00e9cole de tennis a rassembl\u00e9 150 enfants"},"content":{"rendered":"<h4>C&rsquo;est avec un effectif qui vient de d\u00e9passer les 350 adh\u00e9rents, dont 150 jeunes, que le Tennis Club de Genas s&rsquo;appr\u00eate \u00e0 conclure une ann\u00e9e 2018 qui aura \u00e9t\u00e9 riche en moments forts.<\/h4>\n<p>A l&rsquo;occasion de son arbre de No\u00ebl organis\u00e9 mercredi, le TC Genas a offert \u00e0 toutes les jeunes pousses de l&rsquo;\u00e9cole de tennis (<strong>PHOTO A LA UNE<\/strong>), le nouveau tee-shirt blanc du club o\u00f9 figure le logo r\u00e9cemment cr\u00e9\u00e9 et dont le concours a \u00e9t\u00e9 gagn\u00e9 par Aur\u00e9lien Bourdet.<\/p>\n<p>Le club propose d&rsquo;autre part un stage pour enfants durant ces vacances de\u00a0No\u00ebl comme pour toutes les autres vacances scolaires.<\/p>\n<p>Les \u00e9v\u00e8nements ne manqueront pas lors du d\u00e9but de l&rsquo;ann\u00e9e 2019 avec la reprise des cours de l&rsquo;\u00e9cole de tennis (lundi 7 janvier), la galette des rois (samedi 19 janvier) et la participation du club aux Parcours du Coeur \u00e0 Genas (dimanche 7 avril). A la fin du 1\u00b0 trimestre 2019, le club pr\u00e9sid\u00e9 par Richard Bonnanfant va proposer des initiations adultes le semaine entre 14 h &amp; 19 heures.<\/p>\n<p>Enfin un dossier a \u00e9t\u00e9 d\u00e9pos\u00e9 aupr\u00e8s de l&rsquo;Acad\u00e9mie du Rh\u00f4ne concernant la reconduction pour la saison 2019\/2020, de la classe tennis au sein du coll\u00e8ge Leprince-Ringuet.<\/p>\n<ul>\n<li><em><strong>Retrouvez l&rsquo; ACTU du club sur :\u00a0<a href=\"https:\/\/www.tcgenas.fr\" target=\"_blank\" rel=\"noopener noreferrer\">https:\/\/www.tcgenas.fr<\/a> <\/strong><\/em><\/li>\n<\/ul>\n","protected":false},"excerpt":{"rendered":"<p>C&rsquo;est avec un effectif qui vient de d\u00e9passer les 350 adh\u00e9rents, dont 150 jeunes, que le Tennis Club de Genas s&rsquo;appr\u00eate \u00e0 conclure une ann\u00e9e 2018 qui aura \u00e9t\u00e9 riche en moments forts. A l&rsquo;occasion de son arbre de No\u00ebl organis\u00e9 mercredi, le TC Genas a offert \u00e0 toutes les jeunes pousses de l&rsquo;\u00e9cole de [&hellip;]<\/p>\n","protected":false},"author":4,"featured_media":61917,"comment_status":"open","ping_status":"open","sticky":false,"template":"","format":"standard","meta":{"footnotes":""},"categories":[270,4,1598],"tags":[2005,2001,2049],"class_list":["post-61874","post","type-post","status-publish","format-standard","has-post-thumbnail","hentry","category-cte-de-communes-c-c-e-l","category-evenements-divers","category-genas","tag-genas","tag-noel","tag-tennis"],"yoast_head":"<!-- This site is optimized with the Yoast SEO plugin v27.2 - https:\/\/yoast.com\/product\/yoast-seo-wordpress\/ -->\n<title>GENAS | L&#039;arbre de No\u00ebl de l&#039;\u00e9cole de tennis a rassembl\u00e9 150 enfants - News Est Lyonnais GENAS : L&#039;arbre de No\u00ebl de l&#039;\u00e9cole de tennis a rassembl\u00e9 150 enfants<\/title>\n<meta name=\"description\" content=\"GENAS : L&#039;arbre de No\u00ebl de l&#039;\u00e9cole de tennis a rassembl\u00e9 150 enfants\" \/>\n<meta name=\"robots\" content=\"index, follow, max-snippet:-1, max-image-preview:large, max-video-preview:-1\" \/>\n<link rel=\"canonical\" href=\"https:\/\/newsestlyonnais.fr\/site\/2018\/12\/19\/genas-larbre-de-noel-de-lecole-de-tennis-a-rassemble-150-enfants\/\" \/>\n<meta property=\"og:locale\" content=\"fr_FR\" \/>\n<meta property=\"og:type\" content=\"article\" \/>\n<meta property=\"og:title\" content=\"GENAS | L&#039;arbre de No\u00ebl de l&#039;\u00e9cole de tennis a rassembl\u00e9 150 enfants - News Est Lyonnais GENAS : L&#039;arbre de No\u00ebl de l&#039;\u00e9cole de tennis a rassembl\u00e9 150 enfants\" \/>\n<meta property=\"og:description\" content=\"GENAS : L&#039;arbre de No\u00ebl de l&#039;\u00e9cole de tennis a rassembl\u00e9 150 enfants\" \/>\n<meta property=\"og:url\" content=\"https:\/\/newsestlyonnais.fr\/site\/2018\/12\/19\/genas-larbre-de-noel-de-lecole-de-tennis-a-rassemble-150-enfants\/\" \/>\n<meta property=\"og:site_name\" content=\"News Est Lyonnais\" \/>\n<meta property=\"article:author\" content=\"https:\/\/www.facebook.com\/pascal.oberson.1?fref=ts\" \/>\n<meta property=\"article:published_time\" content=\"2018-12-19T09:17:21+00:00\" \/>\n<meta property=\"article:modified_time\" content=\"2020-11-05T04:52:57+00:00\" \/>\n<meta property=\"og:image\" content=\"https:\/\/i2.wp.com\/newsestlyonnais.fr\/site\/wp-content\/uploads\/2018\/12\/NEWSESTLYONNAIS-ECOLE-TENNIS-GENAS-3.jpg?fit=3264%2C1836&ssl=1\" \/>\n\t<meta property=\"og:image:width\" content=\"3264\" \/>\n\t<meta property=\"og:image:height\" content=\"1836\" \/>\n\t<meta property=\"og:image:type\" content=\"image\/jpeg\" \/>\n<meta name=\"author\" content=\"R\u00e9dac. NEWS\" \/>\n<meta name=\"twitter:card\" content=\"summary_large_image\" \/>\n<meta name=\"twitter:label1\" content=\"\u00c9crit par\" \/>\n\t<meta name=\"twitter:data1\" content=\"R\u00e9dac. NEWS\" \/>\n\t<meta name=\"twitter:label2\" content=\"Dur\u00e9e de lecture estim\u00e9e\" \/>\n\t<meta name=\"twitter:data2\" content=\"1 minute\" \/>\n<script type=\"application\/ld+json\" class=\"yoast-schema-graph\">{\"@context\":\"https:\/\/schema.org\",\"@graph\":[{\"@type\":\"Article\",\"@id\":\"https:\/\/newsestlyonnais.fr\/site\/2018\/12\/19\/genas-larbre-de-noel-de-lecole-de-tennis-a-rassemble-150-enfants\/#article\",\"isPartOf\":{\"@id\":\"https:\/\/newsestlyonnais.fr\/site\/2018\/12\/19\/genas-larbre-de-noel-de-lecole-de-tennis-a-rassemble-150-enfants\/\"},\"author\":{\"name\":\"R\u00e9dac. NEWS\",\"@id\":\"https:\/\/newsestlyonnais.fr\/site\/#\/schema\/person\/3230d5615f390bb808365d673001e887\"},\"headline\":\"GENAS | L&rsquo;arbre de No\u00ebl de l&rsquo;\u00e9cole de tennis a rassembl\u00e9 150 enfants\",\"datePublished\":\"2018-12-19T09:17:21+00:00\",\"dateModified\":\"2020-11-05T04:52:57+00:00\",\"mainEntityOfPage\":{\"@id\":\"https:\/\/newsestlyonnais.fr\/site\/2018\/12\/19\/genas-larbre-de-noel-de-lecole-de-tennis-a-rassemble-150-enfants\/\"},\"wordCount\":234,\"commentCount\":0,\"publisher\":{\"@id\":\"https:\/\/newsestlyonnais.fr\/site\/#organization\"},\"image\":{\"@id\":\"https:\/\/newsestlyonnais.fr\/site\/2018\/12\/19\/genas-larbre-de-noel-de-lecole-de-tennis-a-rassemble-150-enfants\/#primaryimage\"},\"thumbnailUrl\":\"https:\/\/newsestlyonnais.fr\/site\/wp-content\/uploads\/2018\/12\/NEWSESTLYONNAIS-ECOLE-TENNIS-GENAS-3.jpg\",\"keywords\":[\"GENAS\",\"NOEL\",\"TENNIS\"],\"articleSection\":[\"CCEL | Communes\",\"Ev\u00e8nements divers\",\"Genas\"],\"inLanguage\":\"fr-FR\",\"potentialAction\":[{\"@type\":\"CommentAction\",\"name\":\"Comment\",\"target\":[\"https:\/\/newsestlyonnais.fr\/site\/2018\/12\/19\/genas-larbre-de-noel-de-lecole-de-tennis-a-rassemble-150-enfants\/#respond\"]}]},{\"@type\":\"WebPage\",\"@id\":\"https:\/\/newsestlyonnais.fr\/site\/2018\/12\/19\/genas-larbre-de-noel-de-lecole-de-tennis-a-rassemble-150-enfants\/\",\"url\":\"https:\/\/newsestlyonnais.fr\/site\/2018\/12\/19\/genas-larbre-de-noel-de-lecole-de-tennis-a-rassemble-150-enfants\/\",\"name\":\"GENAS | L'arbre de No\u00ebl de l'\u00e9cole de tennis a rassembl\u00e9 150 enfants - News Est Lyonnais GENAS : L'arbre de No\u00ebl de l'\u00e9cole de tennis a rassembl\u00e9 150 enfants\",\"isPartOf\":{\"@id\":\"https:\/\/newsestlyonnais.fr\/site\/#website\"},\"primaryImageOfPage\":{\"@id\":\"https:\/\/newsestlyonnais.fr\/site\/2018\/12\/19\/genas-larbre-de-noel-de-lecole-de-tennis-a-rassemble-150-enfants\/#primaryimage\"},\"image\":{\"@id\":\"https:\/\/newsestlyonnais.fr\/site\/2018\/12\/19\/genas-larbre-de-noel-de-lecole-de-tennis-a-rassemble-150-enfants\/#primaryimage\"},\"thumbnailUrl\":\"https:\/\/newsestlyonnais.fr\/site\/wp-content\/uploads\/2018\/12\/NEWSESTLYONNAIS-ECOLE-TENNIS-GENAS-3.jpg\",\"datePublished\":\"2018-12-19T09:17:21+00:00\",\"dateModified\":\"2020-11-05T04:52:57+00:00\",\"description\":\"GENAS : L'arbre de No\u00ebl de l'\u00e9cole de tennis a rassembl\u00e9 150 enfants\",\"breadcrumb\":{\"@id\":\"https:\/\/newsestlyonnais.fr\/site\/2018\/12\/19\/genas-larbre-de-noel-de-lecole-de-tennis-a-rassemble-150-enfants\/#breadcrumb\"},\"inLanguage\":\"fr-FR\",\"potentialAction\":[{\"@type\":\"ReadAction\",\"target\":[\"https:\/\/newsestlyonnais.fr\/site\/2018\/12\/19\/genas-larbre-de-noel-de-lecole-de-tennis-a-rassemble-150-enfants\/\"]}]},{\"@type\":\"ImageObject\",\"inLanguage\":\"fr-FR\",\"@id\":\"https:\/\/newsestlyonnais.fr\/site\/2018\/12\/19\/genas-larbre-de-noel-de-lecole-de-tennis-a-rassemble-150-enfants\/#primaryimage\",\"url\":\"https:\/\/newsestlyonnais.fr\/site\/wp-content\/uploads\/2018\/12\/NEWSESTLYONNAIS-ECOLE-TENNIS-GENAS-3.jpg\",\"contentUrl\":\"https:\/\/newsestlyonnais.fr\/site\/wp-content\/uploads\/2018\/12\/NEWSESTLYONNAIS-ECOLE-TENNIS-GENAS-3.jpg\",\"width\":3264,\"height\":1836,\"caption\":\"NEWSESTLYONNAIS ECOLE TENNIS GENAS (3)\"},{\"@type\":\"BreadcrumbList\",\"@id\":\"https:\/\/newsestlyonnais.fr\/site\/2018\/12\/19\/genas-larbre-de-noel-de-lecole-de-tennis-a-rassemble-150-enfants\/#breadcrumb\",\"itemListElement\":[{\"@type\":\"ListItem\",\"position\":1,\"name\":\"Accueil\",\"item\":\"https:\/\/newsestlyonnais.fr\/site\/\"},{\"@type\":\"ListItem\",\"position\":2,\"name\":\"GENAS | L&rsquo;arbre de No\u00ebl de l&rsquo;\u00e9cole de tennis a rassembl\u00e9 150 enfants\"}]},{\"@type\":\"WebSite\",\"@id\":\"https:\/\/newsestlyonnais.fr\/site\/#website\",\"url\":\"https:\/\/newsestlyonnais.fr\/site\/\",\"name\":\"News Est Lyonnais\",\"description\":\"L&#039;actualit\u00e9 au plus pr\u00e8s\",\"publisher\":{\"@id\":\"https:\/\/newsestlyonnais.fr\/site\/#organization\"},\"potentialAction\":[{\"@type\":\"SearchAction\",\"target\":{\"@type\":\"EntryPoint\",\"urlTemplate\":\"https:\/\/newsestlyonnais.fr\/site\/?s={search_term_string}\"},\"query-input\":{\"@type\":\"PropertyValueSpecification\",\"valueRequired\":true,\"valueName\":\"search_term_string\"}}],\"inLanguage\":\"fr-FR\"},{\"@type\":\"Organization\",\"@id\":\"https:\/\/newsestlyonnais.fr\/site\/#organization\",\"name\":\"News EST LYONNAIS\",\"url\":\"https:\/\/newsestlyonnais.fr\/site\/\",\"logo\":{\"@type\":\"ImageObject\",\"inLanguage\":\"fr-FR\",\"@id\":\"https:\/\/newsestlyonnais.fr\/site\/#\/schema\/logo\/image\/\",\"url\":\"\",\"contentUrl\":\"\",\"caption\":\"News EST LYONNAIS\"},\"image\":{\"@id\":\"https:\/\/newsestlyonnais.fr\/site\/#\/schema\/logo\/image\/\"}},{\"@type\":\"Person\",\"@id\":\"https:\/\/newsestlyonnais.fr\/site\/#\/schema\/person\/3230d5615f390bb808365d673001e887\",\"name\":\"R\u00e9dac. NEWS\",\"sameAs\":[\"http:\/\/www.newsestlyonnais.fr\",\"https:\/\/www.facebook.com\/pascal.oberson.1?fref=ts\",\"https:\/\/fr.linkedin.com\/in\/pascal-oberson-b17045113\"],\"url\":\"https:\/\/newsestlyonnais.fr\/site\/author\/nel\/\"}]}<\/script>\n<!-- \/ Yoast SEO plugin. -->","yoast_head_json":{"title":"GENAS | L'arbre de No\u00ebl de l'\u00e9cole de tennis a rassembl\u00e9 150 enfants - News Est Lyonnais GENAS : L'arbre de No\u00ebl de l'\u00e9cole de tennis a rassembl\u00e9 150 enfants","description":"GENAS : L'arbre de No\u00ebl de l'\u00e9cole de tennis a rassembl\u00e9 150 enfants","robots":{"index":"index","follow":"follow","max-snippet":"max-snippet:-1","max-image-preview":"max-image-preview:large","max-video-preview":"max-video-preview:-1"},"canonical":"https:\/\/newsestlyonnais.fr\/site\/2018\/12\/19\/genas-larbre-de-noel-de-lecole-de-tennis-a-rassemble-150-enfants\/","og_locale":"fr_FR","og_type":"article","og_title":"GENAS | L'arbre de No\u00ebl de l'\u00e9cole de tennis a rassembl\u00e9 150 enfants - News Est Lyonnais GENAS : L'arbre de No\u00ebl de l'\u00e9cole de tennis a rassembl\u00e9 150 enfants","og_description":"GENAS : L'arbre de No\u00ebl de l'\u00e9cole de tennis a rassembl\u00e9 150 enfants","og_url":"https:\/\/newsestlyonnais.fr\/site\/2018\/12\/19\/genas-larbre-de-noel-de-lecole-de-tennis-a-rassemble-150-enfants\/","og_site_name":"News Est Lyonnais","article_author":"https:\/\/www.facebook.com\/pascal.oberson.1?fref=ts","article_published_time":"2018-12-19T09:17:21+00:00","article_modified_time":"2020-11-05T04:52:57+00:00","og_image":[{"width":3264,"height":1836,"url":"https:\/\/i2.wp.com\/newsestlyonnais.fr\/site\/wp-content\/uploads\/2018\/12\/NEWSESTLYONNAIS-ECOLE-TENNIS-GENAS-3.jpg?fit=3264%2C1836&ssl=1","type":"image\/jpeg"}],"author":"R\u00e9dac. NEWS","twitter_card":"summary_large_image","twitter_misc":{"\u00c9crit par":"R\u00e9dac. NEWS","Dur\u00e9e de lecture estim\u00e9e":"1 minute"},"schema":{"@context":"https:\/\/schema.org","@graph":[{"@type":"Article","@id":"https:\/\/newsestlyonnais.fr\/site\/2018\/12\/19\/genas-larbre-de-noel-de-lecole-de-tennis-a-rassemble-150-enfants\/#article","isPartOf":{"@id":"https:\/\/newsestlyonnais.fr\/site\/2018\/12\/19\/genas-larbre-de-noel-de-lecole-de-tennis-a-rassemble-150-enfants\/"},"author":{"name":"R\u00e9dac. NEWS","@id":"https:\/\/newsestlyonnais.fr\/site\/#\/schema\/person\/3230d5615f390bb808365d673001e887"},"headline":"GENAS | L&rsquo;arbre de No\u00ebl de l&rsquo;\u00e9cole de tennis a rassembl\u00e9 150 enfants","datePublished":"2018-12-19T09:17:21+00:00","dateModified":"2020-11-05T04:52:57+00:00","mainEntityOfPage":{"@id":"https:\/\/newsestlyonnais.fr\/site\/2018\/12\/19\/genas-larbre-de-noel-de-lecole-de-tennis-a-rassemble-150-enfants\/"},"wordCount":234,"commentCount":0,"publisher":{"@id":"https:\/\/newsestlyonnais.fr\/site\/#organization"},"image":{"@id":"https:\/\/newsestlyonnais.fr\/site\/2018\/12\/19\/genas-larbre-de-noel-de-lecole-de-tennis-a-rassemble-150-enfants\/#primaryimage"},"thumbnailUrl":"https:\/\/newsestlyonnais.fr\/site\/wp-content\/uploads\/2018\/12\/NEWSESTLYONNAIS-ECOLE-TENNIS-GENAS-3.jpg","keywords":["GENAS","NOEL","TENNIS"],"articleSection":["CCEL | Communes","Ev\u00e8nements divers","Genas"],"inLanguage":"fr-FR","potentialAction":[{"@type":"CommentAction","name":"Comment","target":["https:\/\/newsestlyonnais.fr\/site\/2018\/12\/19\/genas-larbre-de-noel-de-lecole-de-tennis-a-rassemble-150-enfants\/#respond"]}]},{"@type":"WebPage","@id":"https:\/\/newsestlyonnais.fr\/site\/2018\/12\/19\/genas-larbre-de-noel-de-lecole-de-tennis-a-rassemble-150-enfants\/","url":"https:\/\/newsestlyonnais.fr\/site\/2018\/12\/19\/genas-larbre-de-noel-de-lecole-de-tennis-a-rassemble-150-enfants\/","name":"GENAS | L'arbre de No\u00ebl de l'\u00e9cole de tennis a rassembl\u00e9 150 enfants - News Est Lyonnais GENAS : L'arbre de No\u00ebl de l'\u00e9cole de tennis a rassembl\u00e9 150 enfants","isPartOf":{"@id":"https:\/\/newsestlyonnais.fr\/site\/#website"},"primaryImageOfPage":{"@id":"https:\/\/newsestlyonnais.fr\/site\/2018\/12\/19\/genas-larbre-de-noel-de-lecole-de-tennis-a-rassemble-150-enfants\/#primaryimage"},"image":{"@id":"https:\/\/newsestlyonnais.fr\/site\/2018\/12\/19\/genas-larbre-de-noel-de-lecole-de-tennis-a-rassemble-150-enfants\/#primaryimage"},"thumbnailUrl":"https:\/\/newsestlyonnais.fr\/site\/wp-content\/uploads\/2018\/12\/NEWSESTLYONNAIS-ECOLE-TENNIS-GENAS-3.jpg","datePublished":"2018-12-19T09:17:21+00:00","dateModified":"2020-11-05T04:52:57+00:00","description":"GENAS : L'arbre de No\u00ebl de l'\u00e9cole de tennis a rassembl\u00e9 150 enfants","breadcrumb":{"@id":"https:\/\/newsestlyonnais.fr\/site\/2018\/12\/19\/genas-larbre-de-noel-de-lecole-de-tennis-a-rassemble-150-enfants\/#breadcrumb"},"inLanguage":"fr-FR","potentialAction":[{"@type":"ReadAction","target":["https:\/\/newsestlyonnais.fr\/site\/2018\/12\/19\/genas-larbre-de-noel-de-lecole-de-tennis-a-rassemble-150-enfants\/"]}]},{"@type":"ImageObject","inLanguage":"fr-FR","@id":"https:\/\/newsestlyonnais.fr\/site\/2018\/12\/19\/genas-larbre-de-noel-de-lecole-de-tennis-a-rassemble-150-enfants\/#primaryimage","url":"https:\/\/newsestlyonnais.fr\/site\/wp-content\/uploads\/2018\/12\/NEWSESTLYONNAIS-ECOLE-TENNIS-GENAS-3.jpg","contentUrl":"https:\/\/newsestlyonnais.fr\/site\/wp-content\/uploads\/2018\/12\/NEWSESTLYONNAIS-ECOLE-TENNIS-GENAS-3.jpg","width":3264,"height":1836,"caption":"NEWSESTLYONNAIS ECOLE TENNIS GENAS (3)"},{"@type":"BreadcrumbList","@id":"https:\/\/newsestlyonnais.fr\/site\/2018\/12\/19\/genas-larbre-de-noel-de-lecole-de-tennis-a-rassemble-150-enfants\/#breadcrumb","itemListElement":[{"@type":"ListItem","position":1,"name":"Accueil","item":"https:\/\/newsestlyonnais.fr\/site\/"},{"@type":"ListItem","position":2,"name":"GENAS | L&rsquo;arbre de No\u00ebl de l&rsquo;\u00e9cole de tennis a rassembl\u00e9 150 enfants"}]},{"@type":"WebSite","@id":"https:\/\/newsestlyonnais.fr\/site\/#website","url":"https:\/\/newsestlyonnais.fr\/site\/","name":"News Est Lyonnais","description":"L&#039;actualit\u00e9 au plus pr\u00e8s","publisher":{"@id":"https:\/\/newsestlyonnais.fr\/site\/#organization"},"potentialAction":[{"@type":"SearchAction","target":{"@type":"EntryPoint","urlTemplate":"https:\/\/newsestlyonnais.fr\/site\/?s={search_term_string}"},"query-input":{"@type":"PropertyValueSpecification","valueRequired":true,"valueName":"search_term_string"}}],"inLanguage":"fr-FR"},{"@type":"Organization","@id":"https:\/\/newsestlyonnais.fr\/site\/#organization","name":"News EST LYONNAIS","url":"https:\/\/newsestlyonnais.fr\/site\/","logo":{"@type":"ImageObject","inLanguage":"fr-FR","@id":"https:\/\/newsestlyonnais.fr\/site\/#\/schema\/logo\/image\/","url":"","contentUrl":"","caption":"News EST LYONNAIS"},"image":{"@id":"https:\/\/newsestlyonnais.fr\/site\/#\/schema\/logo\/image\/"}},{"@type":"Person","@id":"https:\/\/newsestlyonnais.fr\/site\/#\/schema\/person\/3230d5615f390bb808365d673001e887","name":"R\u00e9dac. NEWS","sameAs":["http:\/\/www.newsestlyonnais.fr","https:\/\/www.facebook.com\/pascal.oberson.1?fref=ts","https:\/\/fr.linkedin.com\/in\/pascal-oberson-b17045113"],"url":"https:\/\/newsestlyonnais.fr\/site\/author\/nel\/"}]}},"_links":{"self":[{"href":"https:\/\/newsestlyonnais.fr\/site\/wp-json\/wp\/v2\/posts\/61874","targetHints":{"allow":["GET"]}}],"collection":[{"href":"https:\/\/newsestlyonnais.fr\/site\/wp-json\/wp\/v2\/posts"}],"about":[{"href":"https:\/\/newsestlyonnais.fr\/site\/wp-json\/wp\/v2\/types\/post"}],"author":[{"embeddable":true,"href":"https:\/\/newsestlyonnais.fr\/site\/wp-json\/wp\/v2\/users\/4"}],"replies":[{"embeddable":true,"href":"https:\/\/newsestlyonnais.fr\/site\/wp-json\/wp\/v2\/comments?post=61874"}],"version-history":[{"count":0,"href":"https:\/\/newsestlyonnais.fr\/site\/wp-json\/wp\/v2\/posts\/61874\/revisions"}],"wp:featuredmedia":[{"embeddable":true,"href":"https:\/\/newsestlyonnais.fr\/site\/wp-json\/wp\/v2\/media\/61917"}],"wp:attachment":[{"href":"https:\/\/newsestlyonnais.fr\/site\/wp-json\/wp\/v2\/media?parent=61874"}],"wp:term":[{"taxonomy":"category","embeddable":true,"href":"https:\/\/newsestlyonnais.fr\/site\/wp-json\/wp\/v2\/categories?post=61874"},{"taxonomy":"post_tag","embeddable":true,"href":"https:\/\/newsestlyonnais.fr\/site\/wp-json\/wp\/v2\/tags?post=61874"}],"curies":[{"name":"wp","href":"https:\/\/api.w.org\/{rel}","templated":true}]}}