{"id":61885,"date":"2018-12-19T06:23:04","date_gmt":"2018-12-19T05:23:04","guid":{"rendered":"http:\/\/newsestlyonnais.fr\/site\/?p=61885"},"modified":"2020-11-02T12:38:24","modified_gmt":"2020-11-02T11:38:24","slug":"lyon-signatures-de-conventions-pour-lorganisation-de-lenseignement-du-rugby-a-lecole-elementaire","status":"publish","type":"post","link":"https:\/\/newsestlyonnais.fr\/site\/2018\/12\/19\/lyon-signatures-de-conventions-pour-lorganisation-de-lenseignement-du-rugby-a-lecole-elementaire\/","title":{"rendered":"LYON | Signatures de conventions pour l&rsquo;organisation de l&rsquo;enseignement du Rugby \u00e0 l&rsquo;\u00e9cole \u00e9l\u00e9mentaire"},"content":{"rendered":"<h5>Apr\u00e8s la signature de la convention nationale entre la F\u00e9d\u00e9ration Fran\u00e7aise de Rugby \u00e0 XIII et le minist\u00e8re de l&rsquo; Education Nationale en Octobre 2015, le pr\u00e9sident du Comit\u00e9 Rh\u00f4ne et M\u00e9tropole de Lyon rugby \u00e0 XIII Jacques Cavezzan, a sign\u00e9 jeudi matin \u00e0 Lyon une convention d\u00e9partementale tri-partite (USEP &#8211; Education Nationale Rh\u00f4ne et Comit\u00e9 du Rh\u00f4ne de Rugby XIII).<\/h5>\n<p>Celle -ci intervenant apr\u00e8s un an de travail de l&rsquo;ATD Kevin Blot et du CPC de D\u00e9cines-Meyzieu Fr\u00e9d\u00e9ric Delay-Goyet\u00a0 pour la mise en place d&rsquo;un livret p\u00e9dagogique pour l&rsquo;enseignement du Rugby \u00e0 XIII \u00e0 l&rsquo;\u00e9cole primaire, le pr\u00e9sident du Comit\u00e9 Rh\u00f4ne et M\u00e9tropole de Lyon rugby \u00e0 XIII<\/p>\n<p>Jacques Cavezzan a sign\u00e9 en pr\u00e9sence de Guy Charlot (Inspecteur d&rsquo;acad\u00e9mie et Directeur acad\u00e9mique des services de l&rsquo;\u00e9ducation nationale du Rh\u00f4ne &amp; de Jacques Raguideau (Pr\u00e9sident de l&rsquo;USEP du Rh\u00f4ne), cette convention d\u00e9partementale tri-partite.<\/p>\n<p>Elle va permettre d&rsquo;introduire <strong>l&rsquo;enseignement du rugby \u00e0 XIII dans le temps scolaire des \u00e9coles publiques du Rh\u00f4ne et M\u00e9tropole de Lyon<\/strong> par les enseignants dans de bonnes conditions d&rsquo;efficacit\u00e9 et de s\u00e9curit\u00e9 comme cela a \u00e9t\u00e9 fait en juin dernier \u00e0 l&rsquo;\u00e9cole Prainet 2 de D\u00e9cines. Les animateurs du Comit\u00e9 du Rh\u00f4ne de Rugby \u00e0 XIII \u00e9taient intervenus avec les enseignants de cette \u00e9cole pour valider le livret p\u00e9dagogique intitul\u00e9 \u00ab\u00a0le Rugby \u00e0 l&rsquo;\u00e9cole \u00e9l\u00e9mentaire\u00a0\u00bb qui servira de point d&rsquo;appui aux enseignants, en l&rsquo;absence d&rsquo;intervenant Club ou ext\u00e9rieur.<\/p>\n<ul>\n<li><span style=\"text-decoration: underline\">Une convention sign\u00e9e en m\u00eame temps que la Convention de l&rsquo;enseignement du Rugby \u00e0 XV \u00e0 l&rsquo;\u00e9cole \u00e9l\u00e9mentaire<\/span> par le Pr\u00e9sident du Comit\u00e9 du Rh\u00f4ne et M\u00e9tropole de Lyon de Rugby \u00e0 XV, M. Daniel D\u00e9z\u00e9.<\/li>\n<\/ul>\n<p>Luc Bonnet &amp; Paul Bouvard (Conseillers P\u00e9dagogiques D\u00e9partementaux EPS) \u00e9taient pr\u00e9sents \u00e0 la r\u00e9union, et se sont f\u00e9licit\u00e9s de <strong>rassembler les deux Comit\u00e9s de Rugby pour une cause commune: l&rsquo;enseignement du Rugby \u00e0 l&rsquo;\u00e9cole \u00e9l\u00e9mentaire en utilisant le m\u00eame livret p\u00e9dagogique, une premi\u00e8re en France !<\/strong><\/p>\n<p>De son c\u00f4t\u00e9, l&rsquo;inspecteur d&rsquo;Acad\u00e9mie Guy Charlot a remerci\u00e9 les deux Pr\u00e9sidents de Comit\u00e9 du Rugby XIII et XV pour cette collaboration active \u00e0 la mise en place du livret p\u00e9dagogique et a rappel\u00e9 les valeurs communes \u00e0 savoir le respect, la solidarit\u00e9 et l&rsquo;apprentissage des r\u00e8gles de bonne conduite pour les \u00e9coliers \u00e0 travers le rugby.<\/p>\n<div id='gallery-1' class='gallery galleryid-61885 gallery-columns-3 gallery-size-thumbnail'><figure class='gallery-item'>\n\t\t\t<div class='gallery-icon landscape'>\n\t\t\t\t<a href='https:\/\/newsestlyonnais.fr\/site\/2018\/12\/19\/lyon-signatures-de-conventions-pour-lorganisation-de-lenseignement-du-rugby-a-lecole-elementaire\/newsestlyonnais-personnalites-presentes\/'><img loading=\"lazy\" decoding=\"async\" width=\"150\" height=\"150\" src=\"https:\/\/newsestlyonnais.fr\/site\/wp-content\/uploads\/2018\/12\/NEWSESTLYONNAIS-Personnalit\u00e9s-pr\u00e9sentes-150x150.jpg\" class=\"attachment-thumbnail size-thumbnail\" alt=\"NEWSESTLYONNAIS Personnalit\u00e9s pr\u00e9sentes\" aria-describedby=\"gallery-1-61897\" \/><\/a>\n\t\t\t<\/div>\n\t\t\t\t<figcaption class='wp-caption-text gallery-caption' id='gallery-1-61897'>\n\t\t\t\tLes personnalit\u00e9s pr\u00e9sentes\n\t\t\t\t<\/figcaption><\/figure><figure class='gallery-item'>\n\t\t\t<div class='gallery-icon landscape'>\n\t\t\t\t<a href='https:\/\/newsestlyonnais.fr\/site\/2018\/12\/19\/lyon-signatures-de-conventions-pour-lorganisation-de-lenseignement-du-rugby-a-lecole-elementaire\/remise-dune-cravate-rugby-a-linspecteur-dacademie\/'><img loading=\"lazy\" decoding=\"async\" width=\"150\" height=\"150\" src=\"https:\/\/newsestlyonnais.fr\/site\/wp-content\/uploads\/2018\/12\/Remise-dune-Cravate-Rugby-\u00e0-linspecteur-dacad\u00e9mie-150x150.jpg\" class=\"attachment-thumbnail size-thumbnail\" alt=\"\" aria-describedby=\"gallery-1-61894\" \/><\/a>\n\t\t\t<\/div>\n\t\t\t\t<figcaption class='wp-caption-text gallery-caption' id='gallery-1-61894'>\n\t\t\t\tRemise d&rsquo;une cravate Rugby \u00e0 l&rsquo;inspecteur d&rsquo;acad\u00e9mie\n\t\t\t\t<\/figcaption><\/figure><figure class='gallery-item'>\n\t\t\t<div class='gallery-icon landscape'>\n\t\t\t\t<a href='https:\/\/newsestlyonnais.fr\/site\/2018\/12\/19\/lyon-signatures-de-conventions-pour-lorganisation-de-lenseignement-du-rugby-a-lecole-elementaire\/newsestlyonnais-j-cavezzan-et-jacques-raguideau-usep\/'><img loading=\"lazy\" decoding=\"async\" width=\"150\" height=\"150\" src=\"https:\/\/newsestlyonnais.fr\/site\/wp-content\/uploads\/2018\/12\/NEWSESTLYONNAIS-J.-Cavezzan-et-Jacques-Raguideau-USEP-150x150.jpg\" class=\"attachment-thumbnail size-thumbnail\" alt=\"NEWSESTLYONNAIS J. Cavezzan et Jacques Raguideau (USEP)\" aria-describedby=\"gallery-1-61898\" \/><\/a>\n\t\t\t<\/div>\n\t\t\t\t<figcaption class='wp-caption-text gallery-caption' id='gallery-1-61898'>\n\t\t\t\tJacques Cavezzan s&rsquo;entretenant avec Jacques Raguideau (USEP)\n\t\t\t\t<\/figcaption><\/figure>\n\t\t<\/div>\n\n","protected":false},"excerpt":{"rendered":"<p>Apr\u00e8s la signature de la convention nationale entre la F\u00e9d\u00e9ration Fran\u00e7aise de Rugby \u00e0 XIII et le minist\u00e8re de l&rsquo; Education Nationale en Octobre 2015, le pr\u00e9sident du Comit\u00e9 Rh\u00f4ne et M\u00e9tropole de Lyon rugby \u00e0 XIII Jacques Cavezzan, a sign\u00e9 jeudi matin \u00e0 Lyon une convention d\u00e9partementale tri-partite (USEP &#8211; Education Nationale Rh\u00f4ne et [&hellip;]<\/p>\n","protected":false},"author":4,"featured_media":61895,"comment_status":"open","ping_status":"open","sticky":false,"template":"","format":"standard","meta":{"footnotes":""},"categories":[2996,1625,168,2999,173],"tags":[2046,1997,2045],"class_list":["post-61885","post","type-post","status-publish","format-standard","has-post-thumbnail","hentry","category-football-rugby","category-lyon","category-rugby-a-xiii","category-rugby-a-xv-sports","category-scolaire","tag-convention","tag-rugby","tag-usep"],"yoast_head":"<!-- This site is optimized with the Yoast SEO plugin v27.2 - https:\/\/yoast.com\/product\/yoast-seo-wordpress\/ -->\n<title>LYON | Signatures de conventions pour l&#039;organisation de l&#039;enseignement du Rugby \u00e0 l&#039;\u00e9cole \u00e9l\u00e9mentaire - News Est Lyonnais LYON : Signatures de conventions pour l&#039;organisation de l&#039;enseignement du Rugby \u00e0 l&#039;\u00e9cole \u00e9l\u00e9mentaire<\/title>\n<meta name=\"description\" content=\"LYON : Signatures de conventions pour l&#039;organisation de l&#039;enseignement du Rugby \u00e0 l&#039;\u00e9cole \u00e9l\u00e9mentaire\" \/>\n<meta name=\"robots\" content=\"index, follow, max-snippet:-1, max-image-preview:large, max-video-preview:-1\" \/>\n<link rel=\"canonical\" href=\"https:\/\/newsestlyonnais.fr\/site\/2018\/12\/19\/lyon-signatures-de-conventions-pour-lorganisation-de-lenseignement-du-rugby-a-lecole-elementaire\/\" \/>\n<meta property=\"og:locale\" content=\"fr_FR\" \/>\n<meta property=\"og:type\" content=\"article\" \/>\n<meta property=\"og:title\" content=\"LYON | Signatures de conventions pour l&#039;organisation de l&#039;enseignement du Rugby \u00e0 l&#039;\u00e9cole \u00e9l\u00e9mentaire - News Est Lyonnais LYON : Signatures de conventions pour l&#039;organisation de l&#039;enseignement du Rugby \u00e0 l&#039;\u00e9cole \u00e9l\u00e9mentaire\" \/>\n<meta property=\"og:description\" content=\"LYON : Signatures de conventions pour l&#039;organisation de l&#039;enseignement du Rugby \u00e0 l&#039;\u00e9cole \u00e9l\u00e9mentaire\" \/>\n<meta property=\"og:url\" content=\"https:\/\/newsestlyonnais.fr\/site\/2018\/12\/19\/lyon-signatures-de-conventions-pour-lorganisation-de-lenseignement-du-rugby-a-lecole-elementaire\/\" \/>\n<meta property=\"og:site_name\" content=\"News Est Lyonnais\" \/>\n<meta property=\"article:author\" content=\"https:\/\/www.facebook.com\/pascal.oberson.1?fref=ts\" \/>\n<meta property=\"article:published_time\" content=\"2018-12-19T05:23:04+00:00\" \/>\n<meta property=\"article:modified_time\" content=\"2020-11-02T11:38:24+00:00\" \/>\n<meta property=\"og:image\" content=\"https:\/\/i1.wp.com\/newsestlyonnais.fr\/site\/wp-content\/uploads\/2018\/12\/NEWSESTLYONNAIS-Signature-Convention-01.jpg?fit=1024%2C498&ssl=1\" \/>\n\t<meta property=\"og:image:width\" content=\"1024\" \/>\n\t<meta property=\"og:image:height\" content=\"498\" \/>\n\t<meta property=\"og:image:type\" content=\"image\/jpeg\" \/>\n<meta name=\"author\" content=\"R\u00e9dac. NEWS\" \/>\n<meta name=\"twitter:card\" content=\"summary_large_image\" \/>\n<meta name=\"twitter:label1\" content=\"\u00c9crit par\" \/>\n\t<meta name=\"twitter:data1\" content=\"R\u00e9dac. NEWS\" \/>\n\t<meta name=\"twitter:label2\" content=\"Dur\u00e9e de lecture estim\u00e9e\" \/>\n\t<meta name=\"twitter:data2\" content=\"2 minutes\" \/>\n<script type=\"application\/ld+json\" class=\"yoast-schema-graph\">{\"@context\":\"https:\/\/schema.org\",\"@graph\":[{\"@type\":\"Article\",\"@id\":\"https:\/\/newsestlyonnais.fr\/site\/2018\/12\/19\/lyon-signatures-de-conventions-pour-lorganisation-de-lenseignement-du-rugby-a-lecole-elementaire\/#article\",\"isPartOf\":{\"@id\":\"https:\/\/newsestlyonnais.fr\/site\/2018\/12\/19\/lyon-signatures-de-conventions-pour-lorganisation-de-lenseignement-du-rugby-a-lecole-elementaire\/\"},\"author\":{\"name\":\"R\u00e9dac. NEWS\",\"@id\":\"https:\/\/newsestlyonnais.fr\/site\/#\/schema\/person\/3230d5615f390bb808365d673001e887\"},\"headline\":\"LYON | Signatures de conventions pour l&rsquo;organisation de l&rsquo;enseignement du Rugby \u00e0 l&rsquo;\u00e9cole \u00e9l\u00e9mentaire\",\"datePublished\":\"2018-12-19T05:23:04+00:00\",\"dateModified\":\"2020-11-02T11:38:24+00:00\",\"mainEntityOfPage\":{\"@id\":\"https:\/\/newsestlyonnais.fr\/site\/2018\/12\/19\/lyon-signatures-de-conventions-pour-lorganisation-de-lenseignement-du-rugby-a-lecole-elementaire\/\"},\"wordCount\":449,\"commentCount\":0,\"publisher\":{\"@id\":\"https:\/\/newsestlyonnais.fr\/site\/#organization\"},\"image\":{\"@id\":\"https:\/\/newsestlyonnais.fr\/site\/2018\/12\/19\/lyon-signatures-de-conventions-pour-lorganisation-de-lenseignement-du-rugby-a-lecole-elementaire\/#primaryimage\"},\"thumbnailUrl\":\"https:\/\/newsestlyonnais.fr\/site\/wp-content\/uploads\/2018\/12\/NEWSESTLYONNAIS-Signature-Convention-01.jpg\",\"keywords\":[\"CONVENTION\",\"rugby\",\"USEP\"],\"articleSection\":[\"Foot | Rugby\",\"Lyon\",\"RUGBY \u00e0 XIII\",\"Rugby \u00e0 XV\",\"Scolaire\"],\"inLanguage\":\"fr-FR\",\"potentialAction\":[{\"@type\":\"CommentAction\",\"name\":\"Comment\",\"target\":[\"https:\/\/newsestlyonnais.fr\/site\/2018\/12\/19\/lyon-signatures-de-conventions-pour-lorganisation-de-lenseignement-du-rugby-a-lecole-elementaire\/#respond\"]}]},{\"@type\":\"WebPage\",\"@id\":\"https:\/\/newsestlyonnais.fr\/site\/2018\/12\/19\/lyon-signatures-de-conventions-pour-lorganisation-de-lenseignement-du-rugby-a-lecole-elementaire\/\",\"url\":\"https:\/\/newsestlyonnais.fr\/site\/2018\/12\/19\/lyon-signatures-de-conventions-pour-lorganisation-de-lenseignement-du-rugby-a-lecole-elementaire\/\",\"name\":\"LYON | Signatures de conventions pour l'organisation de l'enseignement du Rugby \u00e0 l'\u00e9cole \u00e9l\u00e9mentaire - News Est Lyonnais LYON : Signatures de conventions pour l'organisation de l'enseignement du Rugby \u00e0 l'\u00e9cole \u00e9l\u00e9mentaire\",\"isPartOf\":{\"@id\":\"https:\/\/newsestlyonnais.fr\/site\/#website\"},\"primaryImageOfPage\":{\"@id\":\"https:\/\/newsestlyonnais.fr\/site\/2018\/12\/19\/lyon-signatures-de-conventions-pour-lorganisation-de-lenseignement-du-rugby-a-lecole-elementaire\/#primaryimage\"},\"image\":{\"@id\":\"https:\/\/newsestlyonnais.fr\/site\/2018\/12\/19\/lyon-signatures-de-conventions-pour-lorganisation-de-lenseignement-du-rugby-a-lecole-elementaire\/#primaryimage\"},\"thumbnailUrl\":\"https:\/\/newsestlyonnais.fr\/site\/wp-content\/uploads\/2018\/12\/NEWSESTLYONNAIS-Signature-Convention-01.jpg\",\"datePublished\":\"2018-12-19T05:23:04+00:00\",\"dateModified\":\"2020-11-02T11:38:24+00:00\",\"description\":\"LYON : Signatures de conventions pour l'organisation de l'enseignement du Rugby \u00e0 l'\u00e9cole \u00e9l\u00e9mentaire\",\"breadcrumb\":{\"@id\":\"https:\/\/newsestlyonnais.fr\/site\/2018\/12\/19\/lyon-signatures-de-conventions-pour-lorganisation-de-lenseignement-du-rugby-a-lecole-elementaire\/#breadcrumb\"},\"inLanguage\":\"fr-FR\",\"potentialAction\":[{\"@type\":\"ReadAction\",\"target\":[\"https:\/\/newsestlyonnais.fr\/site\/2018\/12\/19\/lyon-signatures-de-conventions-pour-lorganisation-de-lenseignement-du-rugby-a-lecole-elementaire\/\"]}]},{\"@type\":\"ImageObject\",\"inLanguage\":\"fr-FR\",\"@id\":\"https:\/\/newsestlyonnais.fr\/site\/2018\/12\/19\/lyon-signatures-de-conventions-pour-lorganisation-de-lenseignement-du-rugby-a-lecole-elementaire\/#primaryimage\",\"url\":\"https:\/\/newsestlyonnais.fr\/site\/wp-content\/uploads\/2018\/12\/NEWSESTLYONNAIS-Signature-Convention-01.jpg\",\"contentUrl\":\"https:\/\/newsestlyonnais.fr\/site\/wp-content\/uploads\/2018\/12\/NEWSESTLYONNAIS-Signature-Convention-01.jpg\",\"width\":1024,\"height\":498,\"caption\":\"NEWSESTLYONNAIS Signature Convention 01\"},{\"@type\":\"BreadcrumbList\",\"@id\":\"https:\/\/newsestlyonnais.fr\/site\/2018\/12\/19\/lyon-signatures-de-conventions-pour-lorganisation-de-lenseignement-du-rugby-a-lecole-elementaire\/#breadcrumb\",\"itemListElement\":[{\"@type\":\"ListItem\",\"position\":1,\"name\":\"Accueil\",\"item\":\"https:\/\/newsestlyonnais.fr\/site\/\"},{\"@type\":\"ListItem\",\"position\":2,\"name\":\"LYON | Signatures de conventions pour l&rsquo;organisation de l&rsquo;enseignement du Rugby \u00e0 l&rsquo;\u00e9cole \u00e9l\u00e9mentaire\"}]},{\"@type\":\"WebSite\",\"@id\":\"https:\/\/newsestlyonnais.fr\/site\/#website\",\"url\":\"https:\/\/newsestlyonnais.fr\/site\/\",\"name\":\"News Est Lyonnais\",\"description\":\"L&#039;actualit\u00e9 au plus pr\u00e8s\",\"publisher\":{\"@id\":\"https:\/\/newsestlyonnais.fr\/site\/#organization\"},\"potentialAction\":[{\"@type\":\"SearchAction\",\"target\":{\"@type\":\"EntryPoint\",\"urlTemplate\":\"https:\/\/newsestlyonnais.fr\/site\/?s={search_term_string}\"},\"query-input\":{\"@type\":\"PropertyValueSpecification\",\"valueRequired\":true,\"valueName\":\"search_term_string\"}}],\"inLanguage\":\"fr-FR\"},{\"@type\":\"Organization\",\"@id\":\"https:\/\/newsestlyonnais.fr\/site\/#organization\",\"name\":\"News EST LYONNAIS\",\"url\":\"https:\/\/newsestlyonnais.fr\/site\/\",\"logo\":{\"@type\":\"ImageObject\",\"inLanguage\":\"fr-FR\",\"@id\":\"https:\/\/newsestlyonnais.fr\/site\/#\/schema\/logo\/image\/\",\"url\":\"\",\"contentUrl\":\"\",\"caption\":\"News EST LYONNAIS\"},\"image\":{\"@id\":\"https:\/\/newsestlyonnais.fr\/site\/#\/schema\/logo\/image\/\"}},{\"@type\":\"Person\",\"@id\":\"https:\/\/newsestlyonnais.fr\/site\/#\/schema\/person\/3230d5615f390bb808365d673001e887\",\"name\":\"R\u00e9dac. NEWS\",\"sameAs\":[\"http:\/\/www.newsestlyonnais.fr\",\"https:\/\/www.facebook.com\/pascal.oberson.1?fref=ts\",\"https:\/\/fr.linkedin.com\/in\/pascal-oberson-b17045113\"],\"url\":\"https:\/\/newsestlyonnais.fr\/site\/author\/nel\/\"}]}<\/script>\n<!-- \/ Yoast SEO plugin. -->","yoast_head_json":{"title":"LYON | Signatures de conventions pour l'organisation de l'enseignement du Rugby \u00e0 l'\u00e9cole \u00e9l\u00e9mentaire - News Est Lyonnais LYON : Signatures de conventions pour l'organisation de l'enseignement du Rugby \u00e0 l'\u00e9cole \u00e9l\u00e9mentaire","description":"LYON : Signatures de conventions pour l'organisation de l'enseignement du Rugby \u00e0 l'\u00e9cole \u00e9l\u00e9mentaire","robots":{"index":"index","follow":"follow","max-snippet":"max-snippet:-1","max-image-preview":"max-image-preview:large","max-video-preview":"max-video-preview:-1"},"canonical":"https:\/\/newsestlyonnais.fr\/site\/2018\/12\/19\/lyon-signatures-de-conventions-pour-lorganisation-de-lenseignement-du-rugby-a-lecole-elementaire\/","og_locale":"fr_FR","og_type":"article","og_title":"LYON | Signatures de conventions pour l'organisation de l'enseignement du Rugby \u00e0 l'\u00e9cole \u00e9l\u00e9mentaire - News Est Lyonnais LYON : Signatures de conventions pour l'organisation de l'enseignement du Rugby \u00e0 l'\u00e9cole \u00e9l\u00e9mentaire","og_description":"LYON : Signatures de conventions pour l'organisation de l'enseignement du Rugby \u00e0 l'\u00e9cole \u00e9l\u00e9mentaire","og_url":"https:\/\/newsestlyonnais.fr\/site\/2018\/12\/19\/lyon-signatures-de-conventions-pour-lorganisation-de-lenseignement-du-rugby-a-lecole-elementaire\/","og_site_name":"News Est Lyonnais","article_author":"https:\/\/www.facebook.com\/pascal.oberson.1?fref=ts","article_published_time":"2018-12-19T05:23:04+00:00","article_modified_time":"2020-11-02T11:38:24+00:00","og_image":[{"width":1024,"height":498,"url":"https:\/\/i1.wp.com\/newsestlyonnais.fr\/site\/wp-content\/uploads\/2018\/12\/NEWSESTLYONNAIS-Signature-Convention-01.jpg?fit=1024%2C498&ssl=1","type":"image\/jpeg"}],"author":"R\u00e9dac. NEWS","twitter_card":"summary_large_image","twitter_misc":{"\u00c9crit par":"R\u00e9dac. NEWS","Dur\u00e9e de lecture estim\u00e9e":"2 minutes"},"schema":{"@context":"https:\/\/schema.org","@graph":[{"@type":"Article","@id":"https:\/\/newsestlyonnais.fr\/site\/2018\/12\/19\/lyon-signatures-de-conventions-pour-lorganisation-de-lenseignement-du-rugby-a-lecole-elementaire\/#article","isPartOf":{"@id":"https:\/\/newsestlyonnais.fr\/site\/2018\/12\/19\/lyon-signatures-de-conventions-pour-lorganisation-de-lenseignement-du-rugby-a-lecole-elementaire\/"},"author":{"name":"R\u00e9dac. NEWS","@id":"https:\/\/newsestlyonnais.fr\/site\/#\/schema\/person\/3230d5615f390bb808365d673001e887"},"headline":"LYON | Signatures de conventions pour l&rsquo;organisation de l&rsquo;enseignement du Rugby \u00e0 l&rsquo;\u00e9cole \u00e9l\u00e9mentaire","datePublished":"2018-12-19T05:23:04+00:00","dateModified":"2020-11-02T11:38:24+00:00","mainEntityOfPage":{"@id":"https:\/\/newsestlyonnais.fr\/site\/2018\/12\/19\/lyon-signatures-de-conventions-pour-lorganisation-de-lenseignement-du-rugby-a-lecole-elementaire\/"},"wordCount":449,"commentCount":0,"publisher":{"@id":"https:\/\/newsestlyonnais.fr\/site\/#organization"},"image":{"@id":"https:\/\/newsestlyonnais.fr\/site\/2018\/12\/19\/lyon-signatures-de-conventions-pour-lorganisation-de-lenseignement-du-rugby-a-lecole-elementaire\/#primaryimage"},"thumbnailUrl":"https:\/\/newsestlyonnais.fr\/site\/wp-content\/uploads\/2018\/12\/NEWSESTLYONNAIS-Signature-Convention-01.jpg","keywords":["CONVENTION","rugby","USEP"],"articleSection":["Foot | Rugby","Lyon","RUGBY \u00e0 XIII","Rugby \u00e0 XV","Scolaire"],"inLanguage":"fr-FR","potentialAction":[{"@type":"CommentAction","name":"Comment","target":["https:\/\/newsestlyonnais.fr\/site\/2018\/12\/19\/lyon-signatures-de-conventions-pour-lorganisation-de-lenseignement-du-rugby-a-lecole-elementaire\/#respond"]}]},{"@type":"WebPage","@id":"https:\/\/newsestlyonnais.fr\/site\/2018\/12\/19\/lyon-signatures-de-conventions-pour-lorganisation-de-lenseignement-du-rugby-a-lecole-elementaire\/","url":"https:\/\/newsestlyonnais.fr\/site\/2018\/12\/19\/lyon-signatures-de-conventions-pour-lorganisation-de-lenseignement-du-rugby-a-lecole-elementaire\/","name":"LYON | Signatures de conventions pour l'organisation de l'enseignement du Rugby \u00e0 l'\u00e9cole \u00e9l\u00e9mentaire - News Est Lyonnais LYON : Signatures de conventions pour l'organisation de l'enseignement du Rugby \u00e0 l'\u00e9cole \u00e9l\u00e9mentaire","isPartOf":{"@id":"https:\/\/newsestlyonnais.fr\/site\/#website"},"primaryImageOfPage":{"@id":"https:\/\/newsestlyonnais.fr\/site\/2018\/12\/19\/lyon-signatures-de-conventions-pour-lorganisation-de-lenseignement-du-rugby-a-lecole-elementaire\/#primaryimage"},"image":{"@id":"https:\/\/newsestlyonnais.fr\/site\/2018\/12\/19\/lyon-signatures-de-conventions-pour-lorganisation-de-lenseignement-du-rugby-a-lecole-elementaire\/#primaryimage"},"thumbnailUrl":"https:\/\/newsestlyonnais.fr\/site\/wp-content\/uploads\/2018\/12\/NEWSESTLYONNAIS-Signature-Convention-01.jpg","datePublished":"2018-12-19T05:23:04+00:00","dateModified":"2020-11-02T11:38:24+00:00","description":"LYON : Signatures de conventions pour l'organisation de l'enseignement du Rugby \u00e0 l'\u00e9cole \u00e9l\u00e9mentaire","breadcrumb":{"@id":"https:\/\/newsestlyonnais.fr\/site\/2018\/12\/19\/lyon-signatures-de-conventions-pour-lorganisation-de-lenseignement-du-rugby-a-lecole-elementaire\/#breadcrumb"},"inLanguage":"fr-FR","potentialAction":[{"@type":"ReadAction","target":["https:\/\/newsestlyonnais.fr\/site\/2018\/12\/19\/lyon-signatures-de-conventions-pour-lorganisation-de-lenseignement-du-rugby-a-lecole-elementaire\/"]}]},{"@type":"ImageObject","inLanguage":"fr-FR","@id":"https:\/\/newsestlyonnais.fr\/site\/2018\/12\/19\/lyon-signatures-de-conventions-pour-lorganisation-de-lenseignement-du-rugby-a-lecole-elementaire\/#primaryimage","url":"https:\/\/newsestlyonnais.fr\/site\/wp-content\/uploads\/2018\/12\/NEWSESTLYONNAIS-Signature-Convention-01.jpg","contentUrl":"https:\/\/newsestlyonnais.fr\/site\/wp-content\/uploads\/2018\/12\/NEWSESTLYONNAIS-Signature-Convention-01.jpg","width":1024,"height":498,"caption":"NEWSESTLYONNAIS Signature Convention 01"},{"@type":"BreadcrumbList","@id":"https:\/\/newsestlyonnais.fr\/site\/2018\/12\/19\/lyon-signatures-de-conventions-pour-lorganisation-de-lenseignement-du-rugby-a-lecole-elementaire\/#breadcrumb","itemListElement":[{"@type":"ListItem","position":1,"name":"Accueil","item":"https:\/\/newsestlyonnais.fr\/site\/"},{"@type":"ListItem","position":2,"name":"LYON | Signatures de conventions pour l&rsquo;organisation de l&rsquo;enseignement du Rugby \u00e0 l&rsquo;\u00e9cole \u00e9l\u00e9mentaire"}]},{"@type":"WebSite","@id":"https:\/\/newsestlyonnais.fr\/site\/#website","url":"https:\/\/newsestlyonnais.fr\/site\/","name":"News Est Lyonnais","description":"L&#039;actualit\u00e9 au plus pr\u00e8s","publisher":{"@id":"https:\/\/newsestlyonnais.fr\/site\/#organization"},"potentialAction":[{"@type":"SearchAction","target":{"@type":"EntryPoint","urlTemplate":"https:\/\/newsestlyonnais.fr\/site\/?s={search_term_string}"},"query-input":{"@type":"PropertyValueSpecification","valueRequired":true,"valueName":"search_term_string"}}],"inLanguage":"fr-FR"},{"@type":"Organization","@id":"https:\/\/newsestlyonnais.fr\/site\/#organization","name":"News EST LYONNAIS","url":"https:\/\/newsestlyonnais.fr\/site\/","logo":{"@type":"ImageObject","inLanguage":"fr-FR","@id":"https:\/\/newsestlyonnais.fr\/site\/#\/schema\/logo\/image\/","url":"","contentUrl":"","caption":"News EST LYONNAIS"},"image":{"@id":"https:\/\/newsestlyonnais.fr\/site\/#\/schema\/logo\/image\/"}},{"@type":"Person","@id":"https:\/\/newsestlyonnais.fr\/site\/#\/schema\/person\/3230d5615f390bb808365d673001e887","name":"R\u00e9dac. NEWS","sameAs":["http:\/\/www.newsestlyonnais.fr","https:\/\/www.facebook.com\/pascal.oberson.1?fref=ts","https:\/\/fr.linkedin.com\/in\/pascal-oberson-b17045113"],"url":"https:\/\/newsestlyonnais.fr\/site\/author\/nel\/"}]}},"_links":{"self":[{"href":"https:\/\/newsestlyonnais.fr\/site\/wp-json\/wp\/v2\/posts\/61885","targetHints":{"allow":["GET"]}}],"collection":[{"href":"https:\/\/newsestlyonnais.fr\/site\/wp-json\/wp\/v2\/posts"}],"about":[{"href":"https:\/\/newsestlyonnais.fr\/site\/wp-json\/wp\/v2\/types\/post"}],"author":[{"embeddable":true,"href":"https:\/\/newsestlyonnais.fr\/site\/wp-json\/wp\/v2\/users\/4"}],"replies":[{"embeddable":true,"href":"https:\/\/newsestlyonnais.fr\/site\/wp-json\/wp\/v2\/comments?post=61885"}],"version-history":[{"count":0,"href":"https:\/\/newsestlyonnais.fr\/site\/wp-json\/wp\/v2\/posts\/61885\/revisions"}],"wp:featuredmedia":[{"embeddable":true,"href":"https:\/\/newsestlyonnais.fr\/site\/wp-json\/wp\/v2\/media\/61895"}],"wp:attachment":[{"href":"https:\/\/newsestlyonnais.fr\/site\/wp-json\/wp\/v2\/media?parent=61885"}],"wp:term":[{"taxonomy":"category","embeddable":true,"href":"https:\/\/newsestlyonnais.fr\/site\/wp-json\/wp\/v2\/categories?post=61885"},{"taxonomy":"post_tag","embeddable":true,"href":"https:\/\/newsestlyonnais.fr\/site\/wp-json\/wp\/v2\/tags?post=61885"}],"curies":[{"name":"wp","href":"https:\/\/api.w.org\/{rel}","templated":true}]}}