{"id":62550,"date":"2018-12-30T06:32:34","date_gmt":"2018-12-30T05:32:34","guid":{"rendered":"http:\/\/newsestlyonnais.fr\/site\/?p=62550"},"modified":"2021-05-05T16:00:34","modified_gmt":"2021-05-05T15:00:34","slug":"saint-fons-les-manifestations-en-janvier-2019","status":"publish","type":"post","link":"https:\/\/newsestlyonnais.fr\/site\/2018\/12\/30\/saint-fons-les-manifestations-en-janvier-2019\/","title":{"rendered":"SAINT-FONS | Les manifestations en Janvier 2019"},"content":{"rendered":"<h4>Durant ce mois de Janvier, plusieurs manifestations sont programm\u00e9es sur la commune, \u00e0 savoir :<\/h4>\n<ul>\n<li><strong><strong>Mardi 8 Janvier : \u00e0<\/strong><\/strong>\u00a019 h : <span style=\"text-decoration: underline\">CEREMONIE DES VOEUX<\/span>. (Hall des f\u00eates).<\/li>\n<li><strong>ercredi 9 Janvier : \u00e0 10 h<\/strong> : <span style=\"text-decoration: underline\">TOUT-PETIT, TU LIS !<\/span> Histoires, comptines et jeux de doigts. Jusqu\u2019\u00e0 4 ans. Entr\u00e9e libre. <strong>&amp; \u00e0 16 h<\/strong> : <span style=\"text-decoration: underline\">BREVES DE CONTES<\/span>. Par les Semeurs de Contes. (M\u00e9diath\u00e8que des Clochettes).<\/li>\n<li><strong>Jeudi 10 Janvier : de 10 h \u00e0 12 h<\/strong> : <span style=\"text-decoration: underline\">ATELIER DESSIN<\/span>. Avec des artistes plasticiens<br \/>\nprofessionnels. Adulte, sur inscription. (LE CAP).<\/li>\n<li><strong>Samedi 12 Janvier<\/strong> : <strong>de 8 h \u00e0 12 h<\/strong> : <span style=\"text-decoration: underline\">BOUDIN<\/span> avec la FNACA <strong>\u00e0 10 h 30<\/strong> :<span style=\"text-decoration: underline\">TOUT-PETIT, TU LIS !<\/span> Jusqu\u2019\u00e0 4 ans. M\u00c9LI-M\u00c9LODIES. D\u00e8s 5 ans. (M\u00e9diath\u00e8que RMG). <strong>&amp; \u00e0 17 h<\/strong> : CONFERENCES DE CHOSES. Conf\u00e9rence th\u00e9\u00e2tralis\u00e9e (13\u20ac\/10\u20ac\/6\u20ac). (TJM).<\/li>\n<li><strong>Mercredi 16<\/strong> <strong>Janvier<\/strong> : <strong>D\u00e9part \u00e0 9 h 10<\/strong> : <span style=\"text-decoration: underline\">VISITE GUID\u00c9E OP\u00c9RA DE LYON<\/span>. Gratuit. Sur inscription (ECS). (Arr\u00eat Saint-Fons Mairie).<\/li>\n<li><strong>Samedi 19 Janvier<\/strong> : <strong>de 17 h \u00e0 20 h<\/strong> : <span style=\"text-decoration: underline\">FAITES ENTENDRE VOTRE LANGUE<\/span> : Lecture participative dessin\u00e9e \/ Nuit de la lecture. Avec l\u2019illustratrice Judith Gueyfier. (M\u00e9diath\u00e8que RMG).<\/li>\n<li><strong>Dimanche 20<\/strong> <strong>Janvier<\/strong> : <strong>de 10 h\u00e0 20 h : <\/strong><span style=\"text-decoration: underline\">TIRAGE DES ROIS<\/span> par la FNACA. (Hall des f\u00eates).<\/li>\n<li><strong>Lundi 21<\/strong> <strong>Janvier<\/strong> : <strong>de 6 h \u00e0 8 h : <\/strong><span style=\"text-decoration: underline\">ECLIPSE DE LUNE<\/span>. Observation au t\u00e9lescope et aux jumelles (annul\u00e9 en cas de mauvais temps ou ciel nuageux). (En face de la Maison des Jeux).<\/li>\n<li><strong>Mardi 22 Janvier : \u00e0 20 h<\/strong>: <span style=\"text-decoration: underline\">LES TONTONS SWINGUEURS<\/span> proposent un jazz manouche de qualit\u00e9, un swing entra\u00eenant et implacable. Entr\u00e9e libre. (M\u00e9diath\u00e8que RMG).<\/li>\n<li><strong>Mercredi 23<\/strong> <strong>Janvier : \u00e0 16 h ou 18 h 30 : <\/strong><span style=\"text-decoration: underline\">INITIATION LINDY HOP<\/span>. Saint-Fons Jazz festival. Gratuit. (Salle associative des Clochettes).<\/li>\n<li><strong>Jeudi 24<\/strong> <strong>Janvier : \u00e0 9 h : <\/strong><span style=\"text-decoration: underline\">PETIT-DEJEUNER SANT\u00c9 &amp; Marche nordique<\/span> (ECS). Gratuit. (Rdv au parc Victor Basch devant le CAP) &amp; <strong>\u00e0\u00a020 H 30 : <\/strong><span style=\"text-decoration: underline\">YAZZ AHMED 4TET<\/span>. Saint-Fons Jazz festival. 15\u20ac\/12\u20ac. (TJM).<\/li>\n<li><strong>Vendredi 25<\/strong> <strong>Janvier : \u00e0\u00a020 H 30 : <\/strong><span style=\"text-decoration: underline\">LIGNE B<\/span>. Saint-Fons Jazz festival. 12\u20ac\/9\u20ac. (TJM).<\/li>\n<li><strong>Samedi 26<\/strong> <strong>Janvier : \u00e0\u00a010 h 30 : <\/strong><span style=\"text-decoration: underline\">BREVES DE CONTES<\/span>. (M\u00e9diath\u00e8que RMG).<\/li>\n<li>\n<div id=\"detail5698\" class=\"description\"><strong><span class=\"date-start_jour_nbre\">Mardi 29<\/span> <span class=\"date-start_mois_lettre\">janvier<\/span> \u00e0 <\/strong><span class=\"commentairem1\"><strong>15 h 30<\/strong> : <\/span><span class=\"spantitre\"><span style=\"text-decoration: underline\"> LOTO<\/span>. (<\/span>R\u00e9sidence du Petit Bois).<\/div>\n<\/li>\n<li><strong>Mercredi 30<\/strong> <strong>Janvier : \u00e0 20 h : <\/strong><span style=\"text-decoration: underline\">FREYJA\u2013 WOMEN IN JAZZ<\/span>. Saint-Fons Jazz festival. Entr\u00e9e libre. (TJM).<\/li>\n<li>\n<div id=\"detail5790\" class=\"description\"><strong><span class=\"date-start_jour_nbre\">Jeudi 31<\/span> <span class=\"date-start_mois_lettre\">janvier<\/span> \u00e0 <\/strong><span class=\"commentairem1\"><strong>18 h 30<\/strong> : <\/span><span class=\"spantitre\"><span style=\"text-decoration: underline\"> Conseil municipal<\/span>. (<\/span>Salle du Conseil municipal, H\u00f4tel de Ville).<\/div>\n<\/li>\n<\/ul>\n<p><em><strong>Retrouvez l\u2019ACTU de la commune sur : <\/strong><\/em><a href=\"http:\/\/www.saint-fons.fr\" target=\"_blank\" rel=\"noopener noreferrer\"><strong>http:\/\/www.saint-fons.fr<\/strong><\/a><\/p>\n<p><img loading=\"lazy\" decoding=\"async\" class=\"size-full wp-image-62554 aligncenter\" src=\"https:\/\/newsestlyonnais.fr\/site\/medias\/2019\/01\/NEWSESTLYONNAIS-JAZZ-ST-FONS.jpg\" alt=\"NEWSESTLYONNAIS JAZZ ST FONS\" width=\"331\" height=\"152\" \/><\/p>\n<p>&nbsp;<\/p>\n","protected":false},"excerpt":{"rendered":"<p>Durant ce mois de Janvier, plusieurs manifestations sont programm\u00e9es sur la commune, \u00e0 savoir : Mardi 8 Janvier : \u00e0\u00a019 h : CEREMONIE DES VOEUX. (Hall des f\u00eates). ercredi 9 Janvier : \u00e0 10 h : TOUT-PETIT, TU LIS ! Histoires, comptines et jeux de doigts. Jusqu\u2019\u00e0 4 ans. Entr\u00e9e libre. &amp; \u00e0 16 h [&hellip;]<\/p>\n","protected":false},"author":4,"featured_media":62569,"comment_status":"open","ping_status":"open","sticky":false,"template":"","format":"standard","meta":{"footnotes":""},"categories":[1297],"tags":[1991,2059,2188,2189],"class_list":["post-62550","post","type-post","status-publish","format-standard","has-post-thumbnail","hentry","category-saint-fons","tag-agenda","tag-manifestations","tag-saint-fons","tag-saint-fons-jazz"],"yoast_head":"<!-- This site is optimized with the Yoast SEO plugin v27.2 - https:\/\/yoast.com\/product\/yoast-seo-wordpress\/ -->\n<title>SAINT-FONS | Les manifestations en Janvier 2019 - News Est Lyonnais SAINT FONS : Les manifestations pr\u00e9vues sur la commune en Janvier 2019<\/title>\n<meta name=\"description\" content=\"SAINT FONS : Les manifestations pr\u00e9vues sur la commune en Janvier 2019\" \/>\n<meta name=\"robots\" content=\"index, follow, max-snippet:-1, max-image-preview:large, max-video-preview:-1\" \/>\n<link rel=\"canonical\" href=\"https:\/\/newsestlyonnais.fr\/site\/2018\/12\/30\/saint-fons-les-manifestations-en-janvier-2019\/\" \/>\n<meta property=\"og:locale\" content=\"fr_FR\" \/>\n<meta property=\"og:type\" content=\"article\" \/>\n<meta property=\"og:title\" content=\"SAINT-FONS | Les manifestations en Janvier 2019 - News Est Lyonnais SAINT FONS : Les manifestations pr\u00e9vues sur la commune en Janvier 2019\" \/>\n<meta property=\"og:description\" content=\"SAINT FONS : Les manifestations pr\u00e9vues sur la commune en Janvier 2019\" \/>\n<meta property=\"og:url\" content=\"https:\/\/newsestlyonnais.fr\/site\/2018\/12\/30\/saint-fons-les-manifestations-en-janvier-2019\/\" \/>\n<meta property=\"og:site_name\" content=\"News Est Lyonnais\" \/>\n<meta property=\"article:author\" content=\"https:\/\/www.facebook.com\/pascal.oberson.1?fref=ts\" \/>\n<meta property=\"article:published_time\" content=\"2018-12-30T05:32:34+00:00\" \/>\n<meta property=\"article:modified_time\" content=\"2021-05-05T15:00:34+00:00\" \/>\n<meta property=\"og:image\" content=\"https:\/\/i0.wp.com\/newsestlyonnais.fr\/site\/wp-content\/uploads\/2019\/01\/NEWSESTLYONNAIS-PAN-ST-FONS.png?fit=221%2C221&ssl=1\" \/>\n\t<meta property=\"og:image:width\" content=\"221\" \/>\n\t<meta property=\"og:image:height\" content=\"221\" \/>\n\t<meta property=\"og:image:type\" content=\"image\/png\" \/>\n<meta name=\"author\" content=\"R\u00e9dac. NEWS\" \/>\n<meta name=\"twitter:card\" content=\"summary_large_image\" \/>\n<meta name=\"twitter:label1\" content=\"\u00c9crit par\" \/>\n\t<meta name=\"twitter:data1\" content=\"R\u00e9dac. NEWS\" \/>\n\t<meta name=\"twitter:label2\" content=\"Dur\u00e9e de lecture estim\u00e9e\" \/>\n\t<meta name=\"twitter:data2\" content=\"2 minutes\" \/>\n<script type=\"application\/ld+json\" class=\"yoast-schema-graph\">{\"@context\":\"https:\/\/schema.org\",\"@graph\":[{\"@type\":\"Article\",\"@id\":\"https:\/\/newsestlyonnais.fr\/site\/2018\/12\/30\/saint-fons-les-manifestations-en-janvier-2019\/#article\",\"isPartOf\":{\"@id\":\"https:\/\/newsestlyonnais.fr\/site\/2018\/12\/30\/saint-fons-les-manifestations-en-janvier-2019\/\"},\"author\":{\"name\":\"R\u00e9dac. NEWS\",\"@id\":\"https:\/\/newsestlyonnais.fr\/site\/#\/schema\/person\/3230d5615f390bb808365d673001e887\"},\"headline\":\"SAINT-FONS | Les manifestations en Janvier 2019\",\"datePublished\":\"2018-12-30T05:32:34+00:00\",\"dateModified\":\"2021-05-05T15:00:34+00:00\",\"mainEntityOfPage\":{\"@id\":\"https:\/\/newsestlyonnais.fr\/site\/2018\/12\/30\/saint-fons-les-manifestations-en-janvier-2019\/\"},\"wordCount\":341,\"commentCount\":0,\"publisher\":{\"@id\":\"https:\/\/newsestlyonnais.fr\/site\/#organization\"},\"image\":{\"@id\":\"https:\/\/newsestlyonnais.fr\/site\/2018\/12\/30\/saint-fons-les-manifestations-en-janvier-2019\/#primaryimage\"},\"thumbnailUrl\":\"https:\/\/newsestlyonnais.fr\/site\/wp-content\/uploads\/2019\/01\/NEWSESTLYONNAIS-PAN-ST-FONS.png\",\"keywords\":[\"AGENDA\",\"MANIFESTATIONS\",\"SAINT FONS\",\"SAINT FONS JAZZ\"],\"articleSection\":[\"Saint-Fons\"],\"inLanguage\":\"fr-FR\",\"potentialAction\":[{\"@type\":\"CommentAction\",\"name\":\"Comment\",\"target\":[\"https:\/\/newsestlyonnais.fr\/site\/2018\/12\/30\/saint-fons-les-manifestations-en-janvier-2019\/#respond\"]}]},{\"@type\":\"WebPage\",\"@id\":\"https:\/\/newsestlyonnais.fr\/site\/2018\/12\/30\/saint-fons-les-manifestations-en-janvier-2019\/\",\"url\":\"https:\/\/newsestlyonnais.fr\/site\/2018\/12\/30\/saint-fons-les-manifestations-en-janvier-2019\/\",\"name\":\"SAINT-FONS | Les manifestations en Janvier 2019 - News Est Lyonnais SAINT FONS : Les manifestations pr\u00e9vues sur la commune en Janvier 2019\",\"isPartOf\":{\"@id\":\"https:\/\/newsestlyonnais.fr\/site\/#website\"},\"primaryImageOfPage\":{\"@id\":\"https:\/\/newsestlyonnais.fr\/site\/2018\/12\/30\/saint-fons-les-manifestations-en-janvier-2019\/#primaryimage\"},\"image\":{\"@id\":\"https:\/\/newsestlyonnais.fr\/site\/2018\/12\/30\/saint-fons-les-manifestations-en-janvier-2019\/#primaryimage\"},\"thumbnailUrl\":\"https:\/\/newsestlyonnais.fr\/site\/wp-content\/uploads\/2019\/01\/NEWSESTLYONNAIS-PAN-ST-FONS.png\",\"datePublished\":\"2018-12-30T05:32:34+00:00\",\"dateModified\":\"2021-05-05T15:00:34+00:00\",\"description\":\"SAINT FONS : Les manifestations pr\u00e9vues sur la commune en Janvier 2019\",\"breadcrumb\":{\"@id\":\"https:\/\/newsestlyonnais.fr\/site\/2018\/12\/30\/saint-fons-les-manifestations-en-janvier-2019\/#breadcrumb\"},\"inLanguage\":\"fr-FR\",\"potentialAction\":[{\"@type\":\"ReadAction\",\"target\":[\"https:\/\/newsestlyonnais.fr\/site\/2018\/12\/30\/saint-fons-les-manifestations-en-janvier-2019\/\"]}]},{\"@type\":\"ImageObject\",\"inLanguage\":\"fr-FR\",\"@id\":\"https:\/\/newsestlyonnais.fr\/site\/2018\/12\/30\/saint-fons-les-manifestations-en-janvier-2019\/#primaryimage\",\"url\":\"https:\/\/newsestlyonnais.fr\/site\/wp-content\/uploads\/2019\/01\/NEWSESTLYONNAIS-PAN-ST-FONS.png\",\"contentUrl\":\"https:\/\/newsestlyonnais.fr\/site\/wp-content\/uploads\/2019\/01\/NEWSESTLYONNAIS-PAN-ST-FONS.png\",\"width\":221,\"height\":221,\"caption\":\"NEWSESTLYONNAIS PAN ST FONS\"},{\"@type\":\"BreadcrumbList\",\"@id\":\"https:\/\/newsestlyonnais.fr\/site\/2018\/12\/30\/saint-fons-les-manifestations-en-janvier-2019\/#breadcrumb\",\"itemListElement\":[{\"@type\":\"ListItem\",\"position\":1,\"name\":\"Accueil\",\"item\":\"https:\/\/newsestlyonnais.fr\/site\/\"},{\"@type\":\"ListItem\",\"position\":2,\"name\":\"SAINT-FONS | Les manifestations en Janvier 2019\"}]},{\"@type\":\"WebSite\",\"@id\":\"https:\/\/newsestlyonnais.fr\/site\/#website\",\"url\":\"https:\/\/newsestlyonnais.fr\/site\/\",\"name\":\"News Est Lyonnais\",\"description\":\"L&#039;actualit\u00e9 au plus pr\u00e8s\",\"publisher\":{\"@id\":\"https:\/\/newsestlyonnais.fr\/site\/#organization\"},\"potentialAction\":[{\"@type\":\"SearchAction\",\"target\":{\"@type\":\"EntryPoint\",\"urlTemplate\":\"https:\/\/newsestlyonnais.fr\/site\/?s={search_term_string}\"},\"query-input\":{\"@type\":\"PropertyValueSpecification\",\"valueRequired\":true,\"valueName\":\"search_term_string\"}}],\"inLanguage\":\"fr-FR\"},{\"@type\":\"Organization\",\"@id\":\"https:\/\/newsestlyonnais.fr\/site\/#organization\",\"name\":\"News EST LYONNAIS\",\"url\":\"https:\/\/newsestlyonnais.fr\/site\/\",\"logo\":{\"@type\":\"ImageObject\",\"inLanguage\":\"fr-FR\",\"@id\":\"https:\/\/newsestlyonnais.fr\/site\/#\/schema\/logo\/image\/\",\"url\":\"\",\"contentUrl\":\"\",\"caption\":\"News EST LYONNAIS\"},\"image\":{\"@id\":\"https:\/\/newsestlyonnais.fr\/site\/#\/schema\/logo\/image\/\"}},{\"@type\":\"Person\",\"@id\":\"https:\/\/newsestlyonnais.fr\/site\/#\/schema\/person\/3230d5615f390bb808365d673001e887\",\"name\":\"R\u00e9dac. NEWS\",\"sameAs\":[\"http:\/\/www.newsestlyonnais.fr\",\"https:\/\/www.facebook.com\/pascal.oberson.1?fref=ts\",\"https:\/\/fr.linkedin.com\/in\/pascal-oberson-b17045113\"],\"url\":\"https:\/\/newsestlyonnais.fr\/site\/author\/nel\/\"}]}<\/script>\n<!-- \/ Yoast SEO plugin. -->","yoast_head_json":{"title":"SAINT-FONS | Les manifestations en Janvier 2019 - News Est Lyonnais SAINT FONS : Les manifestations pr\u00e9vues sur la commune en Janvier 2019","description":"SAINT FONS : Les manifestations pr\u00e9vues sur la commune en Janvier 2019","robots":{"index":"index","follow":"follow","max-snippet":"max-snippet:-1","max-image-preview":"max-image-preview:large","max-video-preview":"max-video-preview:-1"},"canonical":"https:\/\/newsestlyonnais.fr\/site\/2018\/12\/30\/saint-fons-les-manifestations-en-janvier-2019\/","og_locale":"fr_FR","og_type":"article","og_title":"SAINT-FONS | Les manifestations en Janvier 2019 - News Est Lyonnais SAINT FONS : Les manifestations pr\u00e9vues sur la commune en Janvier 2019","og_description":"SAINT FONS : Les manifestations pr\u00e9vues sur la commune en Janvier 2019","og_url":"https:\/\/newsestlyonnais.fr\/site\/2018\/12\/30\/saint-fons-les-manifestations-en-janvier-2019\/","og_site_name":"News Est Lyonnais","article_author":"https:\/\/www.facebook.com\/pascal.oberson.1?fref=ts","article_published_time":"2018-12-30T05:32:34+00:00","article_modified_time":"2021-05-05T15:00:34+00:00","og_image":[{"width":221,"height":221,"url":"https:\/\/i0.wp.com\/newsestlyonnais.fr\/site\/wp-content\/uploads\/2019\/01\/NEWSESTLYONNAIS-PAN-ST-FONS.png?fit=221%2C221&ssl=1","type":"image\/png"}],"author":"R\u00e9dac. NEWS","twitter_card":"summary_large_image","twitter_misc":{"\u00c9crit par":"R\u00e9dac. NEWS","Dur\u00e9e de lecture estim\u00e9e":"2 minutes"},"schema":{"@context":"https:\/\/schema.org","@graph":[{"@type":"Article","@id":"https:\/\/newsestlyonnais.fr\/site\/2018\/12\/30\/saint-fons-les-manifestations-en-janvier-2019\/#article","isPartOf":{"@id":"https:\/\/newsestlyonnais.fr\/site\/2018\/12\/30\/saint-fons-les-manifestations-en-janvier-2019\/"},"author":{"name":"R\u00e9dac. NEWS","@id":"https:\/\/newsestlyonnais.fr\/site\/#\/schema\/person\/3230d5615f390bb808365d673001e887"},"headline":"SAINT-FONS | Les manifestations en Janvier 2019","datePublished":"2018-12-30T05:32:34+00:00","dateModified":"2021-05-05T15:00:34+00:00","mainEntityOfPage":{"@id":"https:\/\/newsestlyonnais.fr\/site\/2018\/12\/30\/saint-fons-les-manifestations-en-janvier-2019\/"},"wordCount":341,"commentCount":0,"publisher":{"@id":"https:\/\/newsestlyonnais.fr\/site\/#organization"},"image":{"@id":"https:\/\/newsestlyonnais.fr\/site\/2018\/12\/30\/saint-fons-les-manifestations-en-janvier-2019\/#primaryimage"},"thumbnailUrl":"https:\/\/newsestlyonnais.fr\/site\/wp-content\/uploads\/2019\/01\/NEWSESTLYONNAIS-PAN-ST-FONS.png","keywords":["AGENDA","MANIFESTATIONS","SAINT FONS","SAINT FONS JAZZ"],"articleSection":["Saint-Fons"],"inLanguage":"fr-FR","potentialAction":[{"@type":"CommentAction","name":"Comment","target":["https:\/\/newsestlyonnais.fr\/site\/2018\/12\/30\/saint-fons-les-manifestations-en-janvier-2019\/#respond"]}]},{"@type":"WebPage","@id":"https:\/\/newsestlyonnais.fr\/site\/2018\/12\/30\/saint-fons-les-manifestations-en-janvier-2019\/","url":"https:\/\/newsestlyonnais.fr\/site\/2018\/12\/30\/saint-fons-les-manifestations-en-janvier-2019\/","name":"SAINT-FONS | Les manifestations en Janvier 2019 - News Est Lyonnais SAINT FONS : Les manifestations pr\u00e9vues sur la commune en Janvier 2019","isPartOf":{"@id":"https:\/\/newsestlyonnais.fr\/site\/#website"},"primaryImageOfPage":{"@id":"https:\/\/newsestlyonnais.fr\/site\/2018\/12\/30\/saint-fons-les-manifestations-en-janvier-2019\/#primaryimage"},"image":{"@id":"https:\/\/newsestlyonnais.fr\/site\/2018\/12\/30\/saint-fons-les-manifestations-en-janvier-2019\/#primaryimage"},"thumbnailUrl":"https:\/\/newsestlyonnais.fr\/site\/wp-content\/uploads\/2019\/01\/NEWSESTLYONNAIS-PAN-ST-FONS.png","datePublished":"2018-12-30T05:32:34+00:00","dateModified":"2021-05-05T15:00:34+00:00","description":"SAINT FONS : Les manifestations pr\u00e9vues sur la commune en Janvier 2019","breadcrumb":{"@id":"https:\/\/newsestlyonnais.fr\/site\/2018\/12\/30\/saint-fons-les-manifestations-en-janvier-2019\/#breadcrumb"},"inLanguage":"fr-FR","potentialAction":[{"@type":"ReadAction","target":["https:\/\/newsestlyonnais.fr\/site\/2018\/12\/30\/saint-fons-les-manifestations-en-janvier-2019\/"]}]},{"@type":"ImageObject","inLanguage":"fr-FR","@id":"https:\/\/newsestlyonnais.fr\/site\/2018\/12\/30\/saint-fons-les-manifestations-en-janvier-2019\/#primaryimage","url":"https:\/\/newsestlyonnais.fr\/site\/wp-content\/uploads\/2019\/01\/NEWSESTLYONNAIS-PAN-ST-FONS.png","contentUrl":"https:\/\/newsestlyonnais.fr\/site\/wp-content\/uploads\/2019\/01\/NEWSESTLYONNAIS-PAN-ST-FONS.png","width":221,"height":221,"caption":"NEWSESTLYONNAIS PAN ST FONS"},{"@type":"BreadcrumbList","@id":"https:\/\/newsestlyonnais.fr\/site\/2018\/12\/30\/saint-fons-les-manifestations-en-janvier-2019\/#breadcrumb","itemListElement":[{"@type":"ListItem","position":1,"name":"Accueil","item":"https:\/\/newsestlyonnais.fr\/site\/"},{"@type":"ListItem","position":2,"name":"SAINT-FONS | Les manifestations en Janvier 2019"}]},{"@type":"WebSite","@id":"https:\/\/newsestlyonnais.fr\/site\/#website","url":"https:\/\/newsestlyonnais.fr\/site\/","name":"News Est Lyonnais","description":"L&#039;actualit\u00e9 au plus pr\u00e8s","publisher":{"@id":"https:\/\/newsestlyonnais.fr\/site\/#organization"},"potentialAction":[{"@type":"SearchAction","target":{"@type":"EntryPoint","urlTemplate":"https:\/\/newsestlyonnais.fr\/site\/?s={search_term_string}"},"query-input":{"@type":"PropertyValueSpecification","valueRequired":true,"valueName":"search_term_string"}}],"inLanguage":"fr-FR"},{"@type":"Organization","@id":"https:\/\/newsestlyonnais.fr\/site\/#organization","name":"News EST LYONNAIS","url":"https:\/\/newsestlyonnais.fr\/site\/","logo":{"@type":"ImageObject","inLanguage":"fr-FR","@id":"https:\/\/newsestlyonnais.fr\/site\/#\/schema\/logo\/image\/","url":"","contentUrl":"","caption":"News EST LYONNAIS"},"image":{"@id":"https:\/\/newsestlyonnais.fr\/site\/#\/schema\/logo\/image\/"}},{"@type":"Person","@id":"https:\/\/newsestlyonnais.fr\/site\/#\/schema\/person\/3230d5615f390bb808365d673001e887","name":"R\u00e9dac. NEWS","sameAs":["http:\/\/www.newsestlyonnais.fr","https:\/\/www.facebook.com\/pascal.oberson.1?fref=ts","https:\/\/fr.linkedin.com\/in\/pascal-oberson-b17045113"],"url":"https:\/\/newsestlyonnais.fr\/site\/author\/nel\/"}]}},"_links":{"self":[{"href":"https:\/\/newsestlyonnais.fr\/site\/wp-json\/wp\/v2\/posts\/62550","targetHints":{"allow":["GET"]}}],"collection":[{"href":"https:\/\/newsestlyonnais.fr\/site\/wp-json\/wp\/v2\/posts"}],"about":[{"href":"https:\/\/newsestlyonnais.fr\/site\/wp-json\/wp\/v2\/types\/post"}],"author":[{"embeddable":true,"href":"https:\/\/newsestlyonnais.fr\/site\/wp-json\/wp\/v2\/users\/4"}],"replies":[{"embeddable":true,"href":"https:\/\/newsestlyonnais.fr\/site\/wp-json\/wp\/v2\/comments?post=62550"}],"version-history":[{"count":0,"href":"https:\/\/newsestlyonnais.fr\/site\/wp-json\/wp\/v2\/posts\/62550\/revisions"}],"wp:featuredmedia":[{"embeddable":true,"href":"https:\/\/newsestlyonnais.fr\/site\/wp-json\/wp\/v2\/media\/62569"}],"wp:attachment":[{"href":"https:\/\/newsestlyonnais.fr\/site\/wp-json\/wp\/v2\/media?parent=62550"}],"wp:term":[{"taxonomy":"category","embeddable":true,"href":"https:\/\/newsestlyonnais.fr\/site\/wp-json\/wp\/v2\/categories?post=62550"},{"taxonomy":"post_tag","embeddable":true,"href":"https:\/\/newsestlyonnais.fr\/site\/wp-json\/wp\/v2\/tags?post=62550"}],"curies":[{"name":"wp","href":"https:\/\/api.w.org\/{rel}","templated":true}]}}