{"id":62604,"date":"2019-01-02T14:58:06","date_gmt":"2019-01-02T13:58:06","guid":{"rendered":"http:\/\/newsestlyonnais.fr\/site\/?p=62604"},"modified":"2019-02-01T06:54:23","modified_gmt":"2019-02-01T05:54:23","slug":"saint-pierre-de-chandieu-les-manifestations-prevues-sur-la-commune-en-janvier-2019","status":"publish","type":"post","link":"https:\/\/newsestlyonnais.fr\/site\/2019\/01\/02\/saint-pierre-de-chandieu-les-manifestations-prevues-sur-la-commune-en-janvier-2019\/","title":{"rendered":"SAINT PIERRE DE CHANDIEU : Les manifestations pr\u00e9vues sur la commune en janvier 2019"},"content":{"rendered":"<h4>Nombreux sont les \u00e9v\u00e8nements et manifestations qui se d\u00e9rouleront durant ce mois sur la commune, \u00e0 savoir :<\/h4>\n<ul>\n<li><strong>Vendredi 11 Janvier \u00e0 19 h<\/strong> : <span style=\"text-decoration: underline\">V\u0153ux du Maire aux habitants<\/span> \/ Municipalit\u00e9 (Espace des Lyres).<\/li>\n<li><strong>Samedi 12 Janvier \u00e0\u00a014 h<\/strong> : <span style=\"text-decoration: underline\">Amiti\u00e9 Franco-Allemande<\/span> \/ Comit\u00e9 de Jumelage. 2 s\u00e9ances cin\u00e9ma. (Centre des arts Camille Floret).<\/li>\n<li><strong>Mardi 15 Janvier \u00e0 19 h<\/strong> : <span style=\"text-decoration: underline\">Lire\u00c9lire 2019<\/span>, prix litt\u00e9raire intercommunal \/ Biblioth\u00e8que. (M\u00e9diath\u00e8que de Toussieu).<\/li>\n<li><strong>Samedi 19 Janvier \u00e0 10 h<\/strong> : <span style=\"text-decoration: underline\">Atelier \u00abCh\u00e2le \u00e9ventail\u00bb<\/span> \/ Les Cr\u00e9atives de l\u2019Ozon. (salle Le Cercle).<\/li>\n<li>\n<div><strong>Dimanche 20<\/strong> <strong>Janvier \u00e0\u00a014 h 30 : <\/strong><span style=\"text-decoration: underline\">Assembl\u00e9e G\u00e9n\u00e9rale &amp; tirage des rois<\/span> \/ Boule Fraternelle. (salle Le Cercle).<\/div>\n<\/li>\n<li>\n<div><strong>Mardi 22<\/strong> <strong>Janvier \u00e0\u00a020 h : <\/strong><span style=\"text-decoration: underline\">Film\/Reportage : \u00ab \u00c9THIOPIE, la piste des origines\u00bb<\/span> \/ Municipalit\u00e9. (Centre des arts Camille Floret).<\/div>\n<\/li>\n<li>\n<div><strong>Vendredi 25<\/strong> <strong>Janvier \u00e0 14 h 30 : <\/strong><span style=\"text-decoration: underline\">V\u0153ux du Maire aux a\u00een\u00e9s<\/span> \/Municipalit\u00e9. (espace des Lyres).<\/div>\n<\/li>\n<li>\n<div><strong>Du Vendredi 25 au Dimanche 27 Janvier : <\/strong><span style=\"text-decoration: underline\">Pi\u00e8ce de th\u00e9\u00e2tre : \u00ab De si vieux enfants \u00bb<\/span> \/ Cie Giane. (auditorium, Centre des arts Camille Floret).<\/div>\n<\/li>\n<\/ul>\n<h5>L\u2019ACTU de la commune est \u00e0 retrouver sur : <a href=\"http:\/\/www.mairie-stpierredechandieu.com\" target=\"_blank\" rel=\"noopener\">http:\/\/www.mairie-stpierredechandieu.com<\/a><\/h5>\n","protected":false},"excerpt":{"rendered":"<p>Nombreux sont les \u00e9v\u00e8nements et manifestations qui se d\u00e9rouleront durant ce mois sur la commune, \u00e0 savoir : Vendredi 11 Janvier \u00e0 19 h : V\u0153ux du Maire aux habitants \/ Municipalit\u00e9 (Espace des Lyres). Samedi 12 Janvier \u00e0\u00a014 h : Amiti\u00e9 Franco-Allemande \/ Comit\u00e9 de Jumelage. 2 s\u00e9ances cin\u00e9ma. (Centre des arts Camille Floret). [&hellip;]<\/p>\n","protected":false},"author":4,"featured_media":56029,"comment_status":"open","ping_status":"open","sticky":false,"template":"","format":"standard","meta":{"footnotes":""},"categories":[30,270,1293],"tags":[],"class_list":["post-62604","post","type-post","status-publish","format-standard","has-post-thumbnail","hentry","category-a-la-une","category-cte-de-communes-c-c-e-l","category-st-pierre-de-chandieu-toussieu"],"yoast_head":"<!-- This site is optimized with the Yoast SEO plugin v27.2 - https:\/\/yoast.com\/product\/yoast-seo-wordpress\/ -->\n<title>SAINT PIERRE DE CHANDIEU : Les manifestations pr\u00e9vues sur la commune en janvier 2019 - News Est Lyonnais SAINT PIERRE DE CHANDIEU : Les manifestations pr\u00e9vues sur la commune en janvier 2019<\/title>\n<meta name=\"description\" content=\"SAINT PIERRE DE CHANDIEU : Les manifestations pr\u00e9vues sur la commune en janvier 2019\" \/>\n<meta name=\"robots\" content=\"index, follow, max-snippet:-1, max-image-preview:large, max-video-preview:-1\" \/>\n<link rel=\"canonical\" href=\"https:\/\/newsestlyonnais.fr\/site\/2019\/01\/02\/saint-pierre-de-chandieu-les-manifestations-prevues-sur-la-commune-en-janvier-2019\/\" \/>\n<meta property=\"og:locale\" content=\"fr_FR\" \/>\n<meta property=\"og:type\" content=\"article\" \/>\n<meta property=\"og:title\" content=\"SAINT PIERRE DE CHANDIEU : Les manifestations pr\u00e9vues sur la commune en janvier 2019 - News Est Lyonnais SAINT PIERRE DE CHANDIEU : Les manifestations pr\u00e9vues sur la commune en janvier 2019\" \/>\n<meta property=\"og:description\" content=\"SAINT PIERRE DE CHANDIEU : Les manifestations pr\u00e9vues sur la commune en janvier 2019\" \/>\n<meta property=\"og:url\" content=\"https:\/\/newsestlyonnais.fr\/site\/2019\/01\/02\/saint-pierre-de-chandieu-les-manifestations-prevues-sur-la-commune-en-janvier-2019\/\" \/>\n<meta property=\"og:site_name\" content=\"News Est Lyonnais\" \/>\n<meta property=\"article:author\" content=\"https:\/\/www.facebook.com\/pascal.oberson.1?fref=ts\" \/>\n<meta property=\"article:published_time\" content=\"2019-01-02T13:58:06+00:00\" \/>\n<meta property=\"article:modified_time\" content=\"2019-02-01T05:54:23+00:00\" \/>\n<meta property=\"og:image\" content=\"https:\/\/i2.wp.com\/newsestlyonnais.fr\/site\/wp-content\/uploads\/2018\/09\/P1290862-e1571059478125.jpg?fit=1200%2C900&ssl=1\" \/>\n\t<meta property=\"og:image:width\" content=\"1200\" \/>\n\t<meta property=\"og:image:height\" content=\"900\" \/>\n\t<meta property=\"og:image:type\" content=\"image\/jpeg\" \/>\n<meta name=\"author\" content=\"R\u00e9dac. NEWS\" \/>\n<meta name=\"twitter:card\" content=\"summary_large_image\" \/>\n<meta name=\"twitter:label1\" content=\"\u00c9crit par\" \/>\n\t<meta name=\"twitter:data1\" content=\"R\u00e9dac. NEWS\" \/>\n\t<meta name=\"twitter:label2\" content=\"Dur\u00e9e de lecture estim\u00e9e\" \/>\n\t<meta name=\"twitter:data2\" content=\"1 minute\" \/>\n<script type=\"application\/ld+json\" class=\"yoast-schema-graph\">{\"@context\":\"https:\/\/schema.org\",\"@graph\":[{\"@type\":\"Article\",\"@id\":\"https:\/\/newsestlyonnais.fr\/site\/2019\/01\/02\/saint-pierre-de-chandieu-les-manifestations-prevues-sur-la-commune-en-janvier-2019\/#article\",\"isPartOf\":{\"@id\":\"https:\/\/newsestlyonnais.fr\/site\/2019\/01\/02\/saint-pierre-de-chandieu-les-manifestations-prevues-sur-la-commune-en-janvier-2019\/\"},\"author\":{\"name\":\"R\u00e9dac. NEWS\",\"@id\":\"https:\/\/newsestlyonnais.fr\/site\/#\/schema\/person\/3230d5615f390bb808365d673001e887\"},\"headline\":\"SAINT PIERRE DE CHANDIEU : Les manifestations pr\u00e9vues sur la commune en janvier 2019\",\"datePublished\":\"2019-01-02T13:58:06+00:00\",\"dateModified\":\"2019-02-01T05:54:23+00:00\",\"mainEntityOfPage\":{\"@id\":\"https:\/\/newsestlyonnais.fr\/site\/2019\/01\/02\/saint-pierre-de-chandieu-les-manifestations-prevues-sur-la-commune-en-janvier-2019\/\"},\"wordCount\":175,\"commentCount\":0,\"publisher\":{\"@id\":\"https:\/\/newsestlyonnais.fr\/site\/#organization\"},\"image\":{\"@id\":\"https:\/\/newsestlyonnais.fr\/site\/2019\/01\/02\/saint-pierre-de-chandieu-les-manifestations-prevues-sur-la-commune-en-janvier-2019\/#primaryimage\"},\"thumbnailUrl\":\"https:\/\/newsestlyonnais.fr\/site\/wp-content\/uploads\/2018\/09\/P1290862-e1571059478125.jpg\",\"articleSection\":[\"\u00e0 la une\",\"CCEL | Communes\",\"St Pierre de Chandieu | Toussieu\"],\"inLanguage\":\"fr-FR\",\"potentialAction\":[{\"@type\":\"CommentAction\",\"name\":\"Comment\",\"target\":[\"https:\/\/newsestlyonnais.fr\/site\/2019\/01\/02\/saint-pierre-de-chandieu-les-manifestations-prevues-sur-la-commune-en-janvier-2019\/#respond\"]}]},{\"@type\":\"WebPage\",\"@id\":\"https:\/\/newsestlyonnais.fr\/site\/2019\/01\/02\/saint-pierre-de-chandieu-les-manifestations-prevues-sur-la-commune-en-janvier-2019\/\",\"url\":\"https:\/\/newsestlyonnais.fr\/site\/2019\/01\/02\/saint-pierre-de-chandieu-les-manifestations-prevues-sur-la-commune-en-janvier-2019\/\",\"name\":\"SAINT PIERRE DE CHANDIEU : Les manifestations pr\u00e9vues sur la commune en janvier 2019 - News Est Lyonnais SAINT PIERRE DE CHANDIEU : Les manifestations pr\u00e9vues sur la commune en janvier 2019\",\"isPartOf\":{\"@id\":\"https:\/\/newsestlyonnais.fr\/site\/#website\"},\"primaryImageOfPage\":{\"@id\":\"https:\/\/newsestlyonnais.fr\/site\/2019\/01\/02\/saint-pierre-de-chandieu-les-manifestations-prevues-sur-la-commune-en-janvier-2019\/#primaryimage\"},\"image\":{\"@id\":\"https:\/\/newsestlyonnais.fr\/site\/2019\/01\/02\/saint-pierre-de-chandieu-les-manifestations-prevues-sur-la-commune-en-janvier-2019\/#primaryimage\"},\"thumbnailUrl\":\"https:\/\/newsestlyonnais.fr\/site\/wp-content\/uploads\/2018\/09\/P1290862-e1571059478125.jpg\",\"datePublished\":\"2019-01-02T13:58:06+00:00\",\"dateModified\":\"2019-02-01T05:54:23+00:00\",\"description\":\"SAINT PIERRE DE CHANDIEU : Les manifestations pr\u00e9vues sur la commune en janvier 2019\",\"breadcrumb\":{\"@id\":\"https:\/\/newsestlyonnais.fr\/site\/2019\/01\/02\/saint-pierre-de-chandieu-les-manifestations-prevues-sur-la-commune-en-janvier-2019\/#breadcrumb\"},\"inLanguage\":\"fr-FR\",\"potentialAction\":[{\"@type\":\"ReadAction\",\"target\":[\"https:\/\/newsestlyonnais.fr\/site\/2019\/01\/02\/saint-pierre-de-chandieu-les-manifestations-prevues-sur-la-commune-en-janvier-2019\/\"]}]},{\"@type\":\"ImageObject\",\"inLanguage\":\"fr-FR\",\"@id\":\"https:\/\/newsestlyonnais.fr\/site\/2019\/01\/02\/saint-pierre-de-chandieu-les-manifestations-prevues-sur-la-commune-en-janvier-2019\/#primaryimage\",\"url\":\"https:\/\/newsestlyonnais.fr\/site\/wp-content\/uploads\/2018\/09\/P1290862-e1571059478125.jpg\",\"contentUrl\":\"https:\/\/newsestlyonnais.fr\/site\/wp-content\/uploads\/2018\/09\/P1290862-e1571059478125.jpg\",\"width\":1200,\"height\":900,\"caption\":\"NEWSESTLYONNAIS PANNEAU ST PIERRE CHANDIEU\"},{\"@type\":\"BreadcrumbList\",\"@id\":\"https:\/\/newsestlyonnais.fr\/site\/2019\/01\/02\/saint-pierre-de-chandieu-les-manifestations-prevues-sur-la-commune-en-janvier-2019\/#breadcrumb\",\"itemListElement\":[{\"@type\":\"ListItem\",\"position\":1,\"name\":\"Accueil\",\"item\":\"https:\/\/newsestlyonnais.fr\/site\/\"},{\"@type\":\"ListItem\",\"position\":2,\"name\":\"SAINT PIERRE DE CHANDIEU : Les manifestations pr\u00e9vues sur la commune en janvier 2019\"}]},{\"@type\":\"WebSite\",\"@id\":\"https:\/\/newsestlyonnais.fr\/site\/#website\",\"url\":\"https:\/\/newsestlyonnais.fr\/site\/\",\"name\":\"News Est Lyonnais\",\"description\":\"L&#039;actualit\u00e9 au plus pr\u00e8s\",\"publisher\":{\"@id\":\"https:\/\/newsestlyonnais.fr\/site\/#organization\"},\"potentialAction\":[{\"@type\":\"SearchAction\",\"target\":{\"@type\":\"EntryPoint\",\"urlTemplate\":\"https:\/\/newsestlyonnais.fr\/site\/?s={search_term_string}\"},\"query-input\":{\"@type\":\"PropertyValueSpecification\",\"valueRequired\":true,\"valueName\":\"search_term_string\"}}],\"inLanguage\":\"fr-FR\"},{\"@type\":\"Organization\",\"@id\":\"https:\/\/newsestlyonnais.fr\/site\/#organization\",\"name\":\"News EST LYONNAIS\",\"url\":\"https:\/\/newsestlyonnais.fr\/site\/\",\"logo\":{\"@type\":\"ImageObject\",\"inLanguage\":\"fr-FR\",\"@id\":\"https:\/\/newsestlyonnais.fr\/site\/#\/schema\/logo\/image\/\",\"url\":\"\",\"contentUrl\":\"\",\"caption\":\"News EST LYONNAIS\"},\"image\":{\"@id\":\"https:\/\/newsestlyonnais.fr\/site\/#\/schema\/logo\/image\/\"}},{\"@type\":\"Person\",\"@id\":\"https:\/\/newsestlyonnais.fr\/site\/#\/schema\/person\/3230d5615f390bb808365d673001e887\",\"name\":\"R\u00e9dac. NEWS\",\"sameAs\":[\"http:\/\/www.newsestlyonnais.fr\",\"https:\/\/www.facebook.com\/pascal.oberson.1?fref=ts\",\"https:\/\/fr.linkedin.com\/in\/pascal-oberson-b17045113\"],\"url\":\"https:\/\/newsestlyonnais.fr\/site\/author\/nel\/\"}]}<\/script>\n<!-- \/ Yoast SEO plugin. -->","yoast_head_json":{"title":"SAINT PIERRE DE CHANDIEU : Les manifestations pr\u00e9vues sur la commune en janvier 2019 - News Est Lyonnais SAINT PIERRE DE CHANDIEU : Les manifestations pr\u00e9vues sur la commune en janvier 2019","description":"SAINT PIERRE DE CHANDIEU : Les manifestations pr\u00e9vues sur la commune en janvier 2019","robots":{"index":"index","follow":"follow","max-snippet":"max-snippet:-1","max-image-preview":"max-image-preview:large","max-video-preview":"max-video-preview:-1"},"canonical":"https:\/\/newsestlyonnais.fr\/site\/2019\/01\/02\/saint-pierre-de-chandieu-les-manifestations-prevues-sur-la-commune-en-janvier-2019\/","og_locale":"fr_FR","og_type":"article","og_title":"SAINT PIERRE DE CHANDIEU : Les manifestations pr\u00e9vues sur la commune en janvier 2019 - News Est Lyonnais SAINT PIERRE DE CHANDIEU : Les manifestations pr\u00e9vues sur la commune en janvier 2019","og_description":"SAINT PIERRE DE CHANDIEU : Les manifestations pr\u00e9vues sur la commune en janvier 2019","og_url":"https:\/\/newsestlyonnais.fr\/site\/2019\/01\/02\/saint-pierre-de-chandieu-les-manifestations-prevues-sur-la-commune-en-janvier-2019\/","og_site_name":"News Est Lyonnais","article_author":"https:\/\/www.facebook.com\/pascal.oberson.1?fref=ts","article_published_time":"2019-01-02T13:58:06+00:00","article_modified_time":"2019-02-01T05:54:23+00:00","og_image":[{"width":1200,"height":900,"url":"https:\/\/i2.wp.com\/newsestlyonnais.fr\/site\/wp-content\/uploads\/2018\/09\/P1290862-e1571059478125.jpg?fit=1200%2C900&ssl=1","type":"image\/jpeg"}],"author":"R\u00e9dac. NEWS","twitter_card":"summary_large_image","twitter_misc":{"\u00c9crit par":"R\u00e9dac. NEWS","Dur\u00e9e de lecture estim\u00e9e":"1 minute"},"schema":{"@context":"https:\/\/schema.org","@graph":[{"@type":"Article","@id":"https:\/\/newsestlyonnais.fr\/site\/2019\/01\/02\/saint-pierre-de-chandieu-les-manifestations-prevues-sur-la-commune-en-janvier-2019\/#article","isPartOf":{"@id":"https:\/\/newsestlyonnais.fr\/site\/2019\/01\/02\/saint-pierre-de-chandieu-les-manifestations-prevues-sur-la-commune-en-janvier-2019\/"},"author":{"name":"R\u00e9dac. NEWS","@id":"https:\/\/newsestlyonnais.fr\/site\/#\/schema\/person\/3230d5615f390bb808365d673001e887"},"headline":"SAINT PIERRE DE CHANDIEU : Les manifestations pr\u00e9vues sur la commune en janvier 2019","datePublished":"2019-01-02T13:58:06+00:00","dateModified":"2019-02-01T05:54:23+00:00","mainEntityOfPage":{"@id":"https:\/\/newsestlyonnais.fr\/site\/2019\/01\/02\/saint-pierre-de-chandieu-les-manifestations-prevues-sur-la-commune-en-janvier-2019\/"},"wordCount":175,"commentCount":0,"publisher":{"@id":"https:\/\/newsestlyonnais.fr\/site\/#organization"},"image":{"@id":"https:\/\/newsestlyonnais.fr\/site\/2019\/01\/02\/saint-pierre-de-chandieu-les-manifestations-prevues-sur-la-commune-en-janvier-2019\/#primaryimage"},"thumbnailUrl":"https:\/\/newsestlyonnais.fr\/site\/wp-content\/uploads\/2018\/09\/P1290862-e1571059478125.jpg","articleSection":["\u00e0 la une","CCEL | Communes","St Pierre de Chandieu | Toussieu"],"inLanguage":"fr-FR","potentialAction":[{"@type":"CommentAction","name":"Comment","target":["https:\/\/newsestlyonnais.fr\/site\/2019\/01\/02\/saint-pierre-de-chandieu-les-manifestations-prevues-sur-la-commune-en-janvier-2019\/#respond"]}]},{"@type":"WebPage","@id":"https:\/\/newsestlyonnais.fr\/site\/2019\/01\/02\/saint-pierre-de-chandieu-les-manifestations-prevues-sur-la-commune-en-janvier-2019\/","url":"https:\/\/newsestlyonnais.fr\/site\/2019\/01\/02\/saint-pierre-de-chandieu-les-manifestations-prevues-sur-la-commune-en-janvier-2019\/","name":"SAINT PIERRE DE CHANDIEU : Les manifestations pr\u00e9vues sur la commune en janvier 2019 - News Est Lyonnais SAINT PIERRE DE CHANDIEU : Les manifestations pr\u00e9vues sur la commune en janvier 2019","isPartOf":{"@id":"https:\/\/newsestlyonnais.fr\/site\/#website"},"primaryImageOfPage":{"@id":"https:\/\/newsestlyonnais.fr\/site\/2019\/01\/02\/saint-pierre-de-chandieu-les-manifestations-prevues-sur-la-commune-en-janvier-2019\/#primaryimage"},"image":{"@id":"https:\/\/newsestlyonnais.fr\/site\/2019\/01\/02\/saint-pierre-de-chandieu-les-manifestations-prevues-sur-la-commune-en-janvier-2019\/#primaryimage"},"thumbnailUrl":"https:\/\/newsestlyonnais.fr\/site\/wp-content\/uploads\/2018\/09\/P1290862-e1571059478125.jpg","datePublished":"2019-01-02T13:58:06+00:00","dateModified":"2019-02-01T05:54:23+00:00","description":"SAINT PIERRE DE CHANDIEU : Les manifestations pr\u00e9vues sur la commune en janvier 2019","breadcrumb":{"@id":"https:\/\/newsestlyonnais.fr\/site\/2019\/01\/02\/saint-pierre-de-chandieu-les-manifestations-prevues-sur-la-commune-en-janvier-2019\/#breadcrumb"},"inLanguage":"fr-FR","potentialAction":[{"@type":"ReadAction","target":["https:\/\/newsestlyonnais.fr\/site\/2019\/01\/02\/saint-pierre-de-chandieu-les-manifestations-prevues-sur-la-commune-en-janvier-2019\/"]}]},{"@type":"ImageObject","inLanguage":"fr-FR","@id":"https:\/\/newsestlyonnais.fr\/site\/2019\/01\/02\/saint-pierre-de-chandieu-les-manifestations-prevues-sur-la-commune-en-janvier-2019\/#primaryimage","url":"https:\/\/newsestlyonnais.fr\/site\/wp-content\/uploads\/2018\/09\/P1290862-e1571059478125.jpg","contentUrl":"https:\/\/newsestlyonnais.fr\/site\/wp-content\/uploads\/2018\/09\/P1290862-e1571059478125.jpg","width":1200,"height":900,"caption":"NEWSESTLYONNAIS PANNEAU ST PIERRE CHANDIEU"},{"@type":"BreadcrumbList","@id":"https:\/\/newsestlyonnais.fr\/site\/2019\/01\/02\/saint-pierre-de-chandieu-les-manifestations-prevues-sur-la-commune-en-janvier-2019\/#breadcrumb","itemListElement":[{"@type":"ListItem","position":1,"name":"Accueil","item":"https:\/\/newsestlyonnais.fr\/site\/"},{"@type":"ListItem","position":2,"name":"SAINT PIERRE DE CHANDIEU : Les manifestations pr\u00e9vues sur la commune en janvier 2019"}]},{"@type":"WebSite","@id":"https:\/\/newsestlyonnais.fr\/site\/#website","url":"https:\/\/newsestlyonnais.fr\/site\/","name":"News Est Lyonnais","description":"L&#039;actualit\u00e9 au plus pr\u00e8s","publisher":{"@id":"https:\/\/newsestlyonnais.fr\/site\/#organization"},"potentialAction":[{"@type":"SearchAction","target":{"@type":"EntryPoint","urlTemplate":"https:\/\/newsestlyonnais.fr\/site\/?s={search_term_string}"},"query-input":{"@type":"PropertyValueSpecification","valueRequired":true,"valueName":"search_term_string"}}],"inLanguage":"fr-FR"},{"@type":"Organization","@id":"https:\/\/newsestlyonnais.fr\/site\/#organization","name":"News EST LYONNAIS","url":"https:\/\/newsestlyonnais.fr\/site\/","logo":{"@type":"ImageObject","inLanguage":"fr-FR","@id":"https:\/\/newsestlyonnais.fr\/site\/#\/schema\/logo\/image\/","url":"","contentUrl":"","caption":"News EST LYONNAIS"},"image":{"@id":"https:\/\/newsestlyonnais.fr\/site\/#\/schema\/logo\/image\/"}},{"@type":"Person","@id":"https:\/\/newsestlyonnais.fr\/site\/#\/schema\/person\/3230d5615f390bb808365d673001e887","name":"R\u00e9dac. NEWS","sameAs":["http:\/\/www.newsestlyonnais.fr","https:\/\/www.facebook.com\/pascal.oberson.1?fref=ts","https:\/\/fr.linkedin.com\/in\/pascal-oberson-b17045113"],"url":"https:\/\/newsestlyonnais.fr\/site\/author\/nel\/"}]}},"_links":{"self":[{"href":"https:\/\/newsestlyonnais.fr\/site\/wp-json\/wp\/v2\/posts\/62604","targetHints":{"allow":["GET"]}}],"collection":[{"href":"https:\/\/newsestlyonnais.fr\/site\/wp-json\/wp\/v2\/posts"}],"about":[{"href":"https:\/\/newsestlyonnais.fr\/site\/wp-json\/wp\/v2\/types\/post"}],"author":[{"embeddable":true,"href":"https:\/\/newsestlyonnais.fr\/site\/wp-json\/wp\/v2\/users\/4"}],"replies":[{"embeddable":true,"href":"https:\/\/newsestlyonnais.fr\/site\/wp-json\/wp\/v2\/comments?post=62604"}],"version-history":[{"count":0,"href":"https:\/\/newsestlyonnais.fr\/site\/wp-json\/wp\/v2\/posts\/62604\/revisions"}],"wp:featuredmedia":[{"embeddable":true,"href":"https:\/\/newsestlyonnais.fr\/site\/wp-json\/wp\/v2\/media\/56029"}],"wp:attachment":[{"href":"https:\/\/newsestlyonnais.fr\/site\/wp-json\/wp\/v2\/media?parent=62604"}],"wp:term":[{"taxonomy":"category","embeddable":true,"href":"https:\/\/newsestlyonnais.fr\/site\/wp-json\/wp\/v2\/categories?post=62604"},{"taxonomy":"post_tag","embeddable":true,"href":"https:\/\/newsestlyonnais.fr\/site\/wp-json\/wp\/v2\/tags?post=62604"}],"curies":[{"name":"wp","href":"https:\/\/api.w.org\/{rel}","templated":true}]}}