{"id":62788,"date":"2019-01-02T15:54:46","date_gmt":"2019-01-02T14:54:46","guid":{"rendered":"http:\/\/newsestlyonnais.fr\/site\/?p=62788"},"modified":"2020-11-07T08:32:28","modified_gmt":"2020-11-07T07:32:28","slug":"saint-priest-les-evenements-prevus-sur-la-commune-jusquau-19-janvier-2019","status":"publish","type":"post","link":"https:\/\/newsestlyonnais.fr\/site\/2019\/01\/02\/saint-priest-les-evenements-prevus-sur-la-commune-jusquau-19-janvier-2019\/","title":{"rendered":"SAINT-PRIEST | Les \u00e9v\u00e9nements au 19 Janvier 2019"},"content":{"rendered":"<h4>De nombreux \u00e9v\u00e8nements et manifestations se d\u00e9rouleront sur la commune durant cette p\u00e9riode, \u00e0 savoir :<\/h4>\n<ul>\n<li><strong>Mardi 8 janvier de 16 h 30 \u00e0 18 h<\/strong> : <span style=\"text-decoration: underline\">L&rsquo;heure du jeu<\/span>. (Salle du conte du secteur jeunesse de la M\u00e9diath\u00e8que).<\/li>\n<li><strong>Mercredi 9 janvier \u00e0 10 h 15<\/strong> : <span style=\"text-decoration: underline\">L&rsquo;heure du conte pour les 3-5 ans<\/span>. (M\u00e9diath\u00e8que) &amp; \u00e0 10 h 45:\u00a0 <span style=\"text-decoration: underline\">L&rsquo;heure du conte pour les 6-8 ans<\/span>. (M\u00e9diath\u00e8que).<\/li>\n<li><strong>du<\/strong> <strong>Mercredi 9 janvier<\/strong> <strong>au Mercredi 30 janvier de 9 h \u00e0 21 h<\/strong> : Expo d\u00e9couverte, l&rsquo; association Les \u00e9toiles du d\u00e9sert pr\u00e9sente en photo la 29\u00b0 \u00e9dition du Rallye A\u00efcha des Gazelles. (MJC Jean Cocteau).<\/li>\n<li><strong>Jeudi 10 janvier \u00e0 16 h<\/strong> : <span style=\"text-decoration: underline\">Projection du film de Youssef Chahine<\/span>, le sixi\u00e8me jour (1986). (Cin\u00e9ma Le Sc\u00e9nario) &amp; \u00e0 20 h 30 : <span style=\"text-decoration: underline\">Intrigue Shakespearienne<\/span> sur une \u00eele d\u00e9serte. (T.T.A.)<\/li>\n<li><strong>Vendredi 11 janvier de 9 h \u00e0 13 h 30<\/strong> : <span style=\"text-decoration: underline\">Atelier cuisine<\/span>, venez passer un moment convivial et partager un repas. (Centre social Louis Braille).<\/li>\n<li><strong>Samedi 12 janvier \u00e0 20 h 30<\/strong> : le Mentaliste \u00ab\u00a0Victor Vincent\u00a0\u00bb dans son spectacle \u00ab\u00a0Les liens Invisibles\u00a0\u00bb. (TTA) <strong>&amp; \u00e0 20 h 30<\/strong> : 03-68, une ann\u00e9e presque ordinaire, pi\u00e8ce de la cie Trois Petits Points, avec Pierre-Yves Robles et Christelle Tarry. (MJC Jean Cocteau).<\/li>\n<li><strong>Dimanche 13 janvier \u00e0 9 h 30<\/strong>: <span style=\"text-decoration: underline\">Championnat du Rh\u00f4ne de cross<\/span>. (Stade Pierre Mend\u00e8s-France) <strong>&amp; \u00e0 15 h<\/strong> : <span style=\"text-decoration: underline\">Rugby, f\u00e9d\u00e9rale 2 :<\/span> Saint-Priest Rugby \/ US Vinay. (Stade Pierre Mend\u00e8s-France).<\/li>\n<li><strong>Mardi 15 janvier de 8 h 30 \u00e0 11 h 30<\/strong> : <span style=\"text-decoration: underline\">Cap sur l&rsquo;Emploi<\/span>. (Centre social Louis Braille) <strong>&amp; \u00e0<\/strong> <strong>10 h &amp; 14 h 30<\/strong> : Percussions corporelles et rebondissements par le groupe \u00ab\u00a0Trio SR9\u00a0\u00bb (T.T.A.). <strong>&amp; de 17 h 30 \u00e0 19 h<\/strong> : Comit\u00e9 de lecture ados en collaboration avec le secteur jeunesse M\u00e9diath\u00e8que. (salle d&rsquo;\u00e9tudes adultes). <strong>&amp; \u00e0 18 h 45<\/strong> : Conf\u00e9rence N\u00b04 du cycle \u00ab\u00a0Petite histoire du chant choral\u00a0\u00bb. (Cin\u00e9ma Le Sc\u00e9nario).<\/li>\n<li><strong>Mercredi 16 janvier \u00e0 10 h 15<\/strong> : <span style=\"text-decoration: underline\">L&rsquo;heure du conte pour les 3-5 ans<\/span>. (M\u00e9diath\u00e8que) <strong>&amp; \u00e0 10 h 45:<\/strong>\u00a0 <span style=\"text-decoration: underline\">L&rsquo;heure du conte pour les 6-8 ans<\/span>. (M\u00e9diath\u00e8que). <strong>&amp; \u00e0 19 h<\/strong> : <span style=\"text-decoration: underline\">Percussions corporelles et rebondissements<\/span> par le groupe \u00ab\u00a0Trio SR9\u00a0\u00bb. (T.T.A.) <strong>&amp; \u00e0 20 h 30<\/strong>: <span style=\"text-decoration: underline\">Cin\u00e9 club Italien<\/span>, projection du film de Paolo et Vottorio Tavianin Una questione privata. (Cin\u00e9ma Le Sc\u00e9nario).<\/li>\n<li><strong>Jeudi 17 janvier de 9 h 30 \u00e0 11 h 30<\/strong> : <span style=\"text-decoration: underline\">BUS resto du coeur.<\/span> (Sur le parking de l&rsquo;Espace Mosa\u00efque). <strong>&amp; \u00e0 10 h &amp; 14 h 30<\/strong> : <span style=\"text-decoration: underline\">Percussions corporelles et rebondissements<\/span> par le groupe \u00ab\u00a0Trio SR9\u00a0\u00bb. (T.T.A.)<strong> &amp; 14 h<\/strong> : <span style=\"text-decoration: underline\">Apr\u00e8s-midi r\u00e9cr\u00e9atif autour d&rsquo;un caf\u00e9<\/span>. (Centre social La Carni\u00e8re) <strong>&amp; \u00e0 18 h 3<\/strong>0 : <span style=\"text-decoration: underline\">Voeux du Maire aux Acteurs Locaux<\/span>. (Espace Mosaique).<\/li>\n<li><strong>Vendredi 18 janvier \u00e0 10 h<\/strong> : <span style=\"text-decoration: underline\">Percussions corporelles et rebondissements<\/span> par le groupe \u00ab\u00a0Trio SR9\u00a0\u00bb. (T.T.A.) <strong>&amp; de 17 h \u00e0 19 h<\/strong> : <span style=\"text-decoration: underline\">Vernissage de l&rsquo;exposition port\u00e9e par un collectif d&rsquo;habitants de Bel Air<\/span>, caf\u00e9 gourmand offert par les femmes du soleil. (MDQ Claude Farr\u00e8re) <strong>&amp; \u00e0 20 h<\/strong> :\u00a0 <span style=\"text-decoration: underline\">Hommage \u00e0 Woody Guthrie<\/span> en guitare, banji, accord\u00e9on, chansons par Furib&rsquo;arts Th\u00e9\u00e2tre et Partie remise. (MJC Jean Cocteau).<\/li>\n<li><strong>Samedi 19 janvier \u00e0 14 h<\/strong> : <span style=\"text-decoration: underline\">Tournoi de coinche<\/span>. (Centre social Louis Braille).<strong> \u00e0 14 h 30<\/strong> : <span style=\"text-decoration: underline\">Football N2 : ASSP \/ Pontarlier.<\/span> (Stade Pierre Mend\u00e8s France). <strong>&amp; \u00e0 20 h<\/strong> : <span style=\"text-decoration: underline\">Basket N3 : AL Saint-Priest \/ Furdenheim ACSL<\/span>. (Gymnase L\u00e9on Perrier) <strong>&amp; \u00e0 20 h 45<\/strong> : <span style=\"text-decoration: underline\">Handball N3 : SPHB \/ HBC Aix-en-Savoie<\/span>. (Gymnase Condorcet) <strong>&amp; de 14 h \u00e0 20 h 30<\/strong> : <span style=\"text-decoration: underline\">La nuit de la lecture<\/span>, \u00e9v\u00e8nement organis\u00e9 par le Minist\u00e8re de la Culture pour la 3\u00b0 ann\u00e9e. Rencontre avec l&rsquo;illustratrice Julie Lannes, soir\u00e9e de multiples jeux. (M\u00e9diath\u00e8que).<\/li>\n<\/ul>\n<p><strong>Retrouvez toute l\u2019ACTU de la commune sur : <a href=\"http:\/\/www.ville-saint-priest.fr\/accueil.547.0.html\" target=\"_blank\" rel=\"noopener noreferrer\">http:\/\/www.ville-saint-priest.fr\/accueil.547.0.html<\/a><\/strong><\/p>\n<p>&nbsp;<\/p>\n","protected":false},"excerpt":{"rendered":"<p>De nombreux \u00e9v\u00e8nements et manifestations se d\u00e9rouleront sur la commune durant cette p\u00e9riode, \u00e0 savoir : Mardi 8 janvier de 16 h 30 \u00e0 18 h : L&rsquo;heure du jeu. (Salle du conte du secteur jeunesse de la M\u00e9diath\u00e8que). Mercredi 9 janvier \u00e0 10 h 15 : L&rsquo;heure du conte pour les 3-5 ans. (M\u00e9diath\u00e8que) [&hellip;]<\/p>\n","protected":false},"author":4,"featured_media":45967,"comment_status":"open","ping_status":"open","sticky":false,"template":"","format":"standard","meta":{"footnotes":""},"categories":[1296],"tags":[1991,2059,2039],"class_list":["post-62788","post","type-post","status-publish","format-standard","has-post-thumbnail","hentry","category-sain-priest","tag-agenda","tag-manifestations","tag-saint-priest"],"yoast_head":"<!-- This site is optimized with the Yoast SEO plugin v27.2 - https:\/\/yoast.com\/product\/yoast-seo-wordpress\/ -->\n<title>SAINT-PRIEST | Les \u00e9v\u00e9nements au 19 Janvier 2019 - News Est Lyonnais SAINT PRIEST : Les \u00e9v\u00e9nements pr\u00e9vus sur la commune jusqu\u2019au 19 Janvier 2019<\/title>\n<meta name=\"description\" content=\"SAINT PRIEST : Les \u00e9v\u00e9nements pr\u00e9vus sur la commune jusqu\u2019au 19 Janvier 2019\" \/>\n<meta name=\"robots\" content=\"index, follow, max-snippet:-1, max-image-preview:large, max-video-preview:-1\" \/>\n<link rel=\"canonical\" href=\"https:\/\/newsestlyonnais.fr\/site\/2019\/01\/02\/saint-priest-les-evenements-prevus-sur-la-commune-jusquau-19-janvier-2019\/\" \/>\n<meta property=\"og:locale\" content=\"fr_FR\" \/>\n<meta property=\"og:type\" content=\"article\" \/>\n<meta property=\"og:title\" content=\"SAINT-PRIEST | Les \u00e9v\u00e9nements au 19 Janvier 2019 - News Est Lyonnais SAINT PRIEST : Les \u00e9v\u00e9nements pr\u00e9vus sur la commune jusqu\u2019au 19 Janvier 2019\" \/>\n<meta property=\"og:description\" content=\"SAINT PRIEST : Les \u00e9v\u00e9nements pr\u00e9vus sur la commune jusqu\u2019au 19 Janvier 2019\" \/>\n<meta property=\"og:url\" content=\"https:\/\/newsestlyonnais.fr\/site\/2019\/01\/02\/saint-priest-les-evenements-prevus-sur-la-commune-jusquau-19-janvier-2019\/\" \/>\n<meta property=\"og:site_name\" content=\"News Est Lyonnais\" \/>\n<meta property=\"article:author\" content=\"https:\/\/www.facebook.com\/pascal.oberson.1?fref=ts\" \/>\n<meta property=\"article:published_time\" content=\"2019-01-02T14:54:46+00:00\" \/>\n<meta property=\"article:modified_time\" content=\"2020-11-07T07:32:28+00:00\" \/>\n<meta property=\"og:image\" content=\"https:\/\/i1.wp.com\/newsestlyonnais.fr\/site\/wp-content\/uploads\/2018\/03\/NEWSESTLYONNAIS-PANNEAU-ST-PRIEST.png?fit=466%2C108&ssl=1\" \/>\n\t<meta property=\"og:image:width\" content=\"466\" \/>\n\t<meta property=\"og:image:height\" content=\"108\" \/>\n\t<meta property=\"og:image:type\" content=\"image\/png\" \/>\n<meta name=\"author\" content=\"R\u00e9dac. NEWS\" \/>\n<meta name=\"twitter:card\" content=\"summary_large_image\" \/>\n<meta name=\"twitter:label1\" content=\"\u00c9crit par\" \/>\n\t<meta name=\"twitter:data1\" content=\"R\u00e9dac. NEWS\" \/>\n\t<meta name=\"twitter:label2\" content=\"Dur\u00e9e de lecture estim\u00e9e\" \/>\n\t<meta name=\"twitter:data2\" content=\"3 minutes\" \/>\n<script type=\"application\/ld+json\" class=\"yoast-schema-graph\">{\"@context\":\"https:\/\/schema.org\",\"@graph\":[{\"@type\":\"Article\",\"@id\":\"https:\/\/newsestlyonnais.fr\/site\/2019\/01\/02\/saint-priest-les-evenements-prevus-sur-la-commune-jusquau-19-janvier-2019\/#article\",\"isPartOf\":{\"@id\":\"https:\/\/newsestlyonnais.fr\/site\/2019\/01\/02\/saint-priest-les-evenements-prevus-sur-la-commune-jusquau-19-janvier-2019\/\"},\"author\":{\"name\":\"R\u00e9dac. NEWS\",\"@id\":\"https:\/\/newsestlyonnais.fr\/site\/#\/schema\/person\/3230d5615f390bb808365d673001e887\"},\"headline\":\"SAINT-PRIEST | Les \u00e9v\u00e9nements au 19 Janvier 2019\",\"datePublished\":\"2019-01-02T14:54:46+00:00\",\"dateModified\":\"2020-11-07T07:32:28+00:00\",\"mainEntityOfPage\":{\"@id\":\"https:\/\/newsestlyonnais.fr\/site\/2019\/01\/02\/saint-priest-les-evenements-prevus-sur-la-commune-jusquau-19-janvier-2019\/\"},\"wordCount\":568,\"commentCount\":0,\"publisher\":{\"@id\":\"https:\/\/newsestlyonnais.fr\/site\/#organization\"},\"image\":{\"@id\":\"https:\/\/newsestlyonnais.fr\/site\/2019\/01\/02\/saint-priest-les-evenements-prevus-sur-la-commune-jusquau-19-janvier-2019\/#primaryimage\"},\"thumbnailUrl\":\"https:\/\/newsestlyonnais.fr\/site\/wp-content\/uploads\/2018\/03\/NEWSESTLYONNAIS-PANNEAU-ST-PRIEST.png\",\"keywords\":[\"AGENDA\",\"MANIFESTATIONS\",\"SAINT PRIEST\"],\"articleSection\":[\"Saint-Priest\"],\"inLanguage\":\"fr-FR\",\"potentialAction\":[{\"@type\":\"CommentAction\",\"name\":\"Comment\",\"target\":[\"https:\/\/newsestlyonnais.fr\/site\/2019\/01\/02\/saint-priest-les-evenements-prevus-sur-la-commune-jusquau-19-janvier-2019\/#respond\"]}]},{\"@type\":\"WebPage\",\"@id\":\"https:\/\/newsestlyonnais.fr\/site\/2019\/01\/02\/saint-priest-les-evenements-prevus-sur-la-commune-jusquau-19-janvier-2019\/\",\"url\":\"https:\/\/newsestlyonnais.fr\/site\/2019\/01\/02\/saint-priest-les-evenements-prevus-sur-la-commune-jusquau-19-janvier-2019\/\",\"name\":\"SAINT-PRIEST | Les \u00e9v\u00e9nements au 19 Janvier 2019 - News Est Lyonnais SAINT PRIEST : Les \u00e9v\u00e9nements pr\u00e9vus sur la commune jusqu\u2019au 19 Janvier 2019\",\"isPartOf\":{\"@id\":\"https:\/\/newsestlyonnais.fr\/site\/#website\"},\"primaryImageOfPage\":{\"@id\":\"https:\/\/newsestlyonnais.fr\/site\/2019\/01\/02\/saint-priest-les-evenements-prevus-sur-la-commune-jusquau-19-janvier-2019\/#primaryimage\"},\"image\":{\"@id\":\"https:\/\/newsestlyonnais.fr\/site\/2019\/01\/02\/saint-priest-les-evenements-prevus-sur-la-commune-jusquau-19-janvier-2019\/#primaryimage\"},\"thumbnailUrl\":\"https:\/\/newsestlyonnais.fr\/site\/wp-content\/uploads\/2018\/03\/NEWSESTLYONNAIS-PANNEAU-ST-PRIEST.png\",\"datePublished\":\"2019-01-02T14:54:46+00:00\",\"dateModified\":\"2020-11-07T07:32:28+00:00\",\"description\":\"SAINT PRIEST : Les \u00e9v\u00e9nements pr\u00e9vus sur la commune jusqu\u2019au 19 Janvier 2019\",\"breadcrumb\":{\"@id\":\"https:\/\/newsestlyonnais.fr\/site\/2019\/01\/02\/saint-priest-les-evenements-prevus-sur-la-commune-jusquau-19-janvier-2019\/#breadcrumb\"},\"inLanguage\":\"fr-FR\",\"potentialAction\":[{\"@type\":\"ReadAction\",\"target\":[\"https:\/\/newsestlyonnais.fr\/site\/2019\/01\/02\/saint-priest-les-evenements-prevus-sur-la-commune-jusquau-19-janvier-2019\/\"]}]},{\"@type\":\"ImageObject\",\"inLanguage\":\"fr-FR\",\"@id\":\"https:\/\/newsestlyonnais.fr\/site\/2019\/01\/02\/saint-priest-les-evenements-prevus-sur-la-commune-jusquau-19-janvier-2019\/#primaryimage\",\"url\":\"https:\/\/newsestlyonnais.fr\/site\/wp-content\/uploads\/2018\/03\/NEWSESTLYONNAIS-PANNEAU-ST-PRIEST.png\",\"contentUrl\":\"https:\/\/newsestlyonnais.fr\/site\/wp-content\/uploads\/2018\/03\/NEWSESTLYONNAIS-PANNEAU-ST-PRIEST.png\",\"width\":466,\"height\":108,\"caption\":\"NEWSESTLYONNAIS - PANNEAU ST PRIEST\"},{\"@type\":\"BreadcrumbList\",\"@id\":\"https:\/\/newsestlyonnais.fr\/site\/2019\/01\/02\/saint-priest-les-evenements-prevus-sur-la-commune-jusquau-19-janvier-2019\/#breadcrumb\",\"itemListElement\":[{\"@type\":\"ListItem\",\"position\":1,\"name\":\"Accueil\",\"item\":\"https:\/\/newsestlyonnais.fr\/site\/\"},{\"@type\":\"ListItem\",\"position\":2,\"name\":\"SAINT-PRIEST | Les \u00e9v\u00e9nements au 19 Janvier 2019\"}]},{\"@type\":\"WebSite\",\"@id\":\"https:\/\/newsestlyonnais.fr\/site\/#website\",\"url\":\"https:\/\/newsestlyonnais.fr\/site\/\",\"name\":\"News Est Lyonnais\",\"description\":\"L&#039;actualit\u00e9 au plus pr\u00e8s\",\"publisher\":{\"@id\":\"https:\/\/newsestlyonnais.fr\/site\/#organization\"},\"potentialAction\":[{\"@type\":\"SearchAction\",\"target\":{\"@type\":\"EntryPoint\",\"urlTemplate\":\"https:\/\/newsestlyonnais.fr\/site\/?s={search_term_string}\"},\"query-input\":{\"@type\":\"PropertyValueSpecification\",\"valueRequired\":true,\"valueName\":\"search_term_string\"}}],\"inLanguage\":\"fr-FR\"},{\"@type\":\"Organization\",\"@id\":\"https:\/\/newsestlyonnais.fr\/site\/#organization\",\"name\":\"News EST LYONNAIS\",\"url\":\"https:\/\/newsestlyonnais.fr\/site\/\",\"logo\":{\"@type\":\"ImageObject\",\"inLanguage\":\"fr-FR\",\"@id\":\"https:\/\/newsestlyonnais.fr\/site\/#\/schema\/logo\/image\/\",\"url\":\"\",\"contentUrl\":\"\",\"caption\":\"News EST LYONNAIS\"},\"image\":{\"@id\":\"https:\/\/newsestlyonnais.fr\/site\/#\/schema\/logo\/image\/\"}},{\"@type\":\"Person\",\"@id\":\"https:\/\/newsestlyonnais.fr\/site\/#\/schema\/person\/3230d5615f390bb808365d673001e887\",\"name\":\"R\u00e9dac. NEWS\",\"sameAs\":[\"http:\/\/www.newsestlyonnais.fr\",\"https:\/\/www.facebook.com\/pascal.oberson.1?fref=ts\",\"https:\/\/fr.linkedin.com\/in\/pascal-oberson-b17045113\"],\"url\":\"https:\/\/newsestlyonnais.fr\/site\/author\/nel\/\"}]}<\/script>\n<!-- \/ Yoast SEO plugin. -->","yoast_head_json":{"title":"SAINT-PRIEST | Les \u00e9v\u00e9nements au 19 Janvier 2019 - News Est Lyonnais SAINT PRIEST : Les \u00e9v\u00e9nements pr\u00e9vus sur la commune jusqu\u2019au 19 Janvier 2019","description":"SAINT PRIEST : Les \u00e9v\u00e9nements pr\u00e9vus sur la commune jusqu\u2019au 19 Janvier 2019","robots":{"index":"index","follow":"follow","max-snippet":"max-snippet:-1","max-image-preview":"max-image-preview:large","max-video-preview":"max-video-preview:-1"},"canonical":"https:\/\/newsestlyonnais.fr\/site\/2019\/01\/02\/saint-priest-les-evenements-prevus-sur-la-commune-jusquau-19-janvier-2019\/","og_locale":"fr_FR","og_type":"article","og_title":"SAINT-PRIEST | Les \u00e9v\u00e9nements au 19 Janvier 2019 - News Est Lyonnais SAINT PRIEST : Les \u00e9v\u00e9nements pr\u00e9vus sur la commune jusqu\u2019au 19 Janvier 2019","og_description":"SAINT PRIEST : Les \u00e9v\u00e9nements pr\u00e9vus sur la commune jusqu\u2019au 19 Janvier 2019","og_url":"https:\/\/newsestlyonnais.fr\/site\/2019\/01\/02\/saint-priest-les-evenements-prevus-sur-la-commune-jusquau-19-janvier-2019\/","og_site_name":"News Est Lyonnais","article_author":"https:\/\/www.facebook.com\/pascal.oberson.1?fref=ts","article_published_time":"2019-01-02T14:54:46+00:00","article_modified_time":"2020-11-07T07:32:28+00:00","og_image":[{"width":466,"height":108,"url":"https:\/\/i1.wp.com\/newsestlyonnais.fr\/site\/wp-content\/uploads\/2018\/03\/NEWSESTLYONNAIS-PANNEAU-ST-PRIEST.png?fit=466%2C108&ssl=1","type":"image\/png"}],"author":"R\u00e9dac. NEWS","twitter_card":"summary_large_image","twitter_misc":{"\u00c9crit par":"R\u00e9dac. NEWS","Dur\u00e9e de lecture estim\u00e9e":"3 minutes"},"schema":{"@context":"https:\/\/schema.org","@graph":[{"@type":"Article","@id":"https:\/\/newsestlyonnais.fr\/site\/2019\/01\/02\/saint-priest-les-evenements-prevus-sur-la-commune-jusquau-19-janvier-2019\/#article","isPartOf":{"@id":"https:\/\/newsestlyonnais.fr\/site\/2019\/01\/02\/saint-priest-les-evenements-prevus-sur-la-commune-jusquau-19-janvier-2019\/"},"author":{"name":"R\u00e9dac. NEWS","@id":"https:\/\/newsestlyonnais.fr\/site\/#\/schema\/person\/3230d5615f390bb808365d673001e887"},"headline":"SAINT-PRIEST | Les \u00e9v\u00e9nements au 19 Janvier 2019","datePublished":"2019-01-02T14:54:46+00:00","dateModified":"2020-11-07T07:32:28+00:00","mainEntityOfPage":{"@id":"https:\/\/newsestlyonnais.fr\/site\/2019\/01\/02\/saint-priest-les-evenements-prevus-sur-la-commune-jusquau-19-janvier-2019\/"},"wordCount":568,"commentCount":0,"publisher":{"@id":"https:\/\/newsestlyonnais.fr\/site\/#organization"},"image":{"@id":"https:\/\/newsestlyonnais.fr\/site\/2019\/01\/02\/saint-priest-les-evenements-prevus-sur-la-commune-jusquau-19-janvier-2019\/#primaryimage"},"thumbnailUrl":"https:\/\/newsestlyonnais.fr\/site\/wp-content\/uploads\/2018\/03\/NEWSESTLYONNAIS-PANNEAU-ST-PRIEST.png","keywords":["AGENDA","MANIFESTATIONS","SAINT PRIEST"],"articleSection":["Saint-Priest"],"inLanguage":"fr-FR","potentialAction":[{"@type":"CommentAction","name":"Comment","target":["https:\/\/newsestlyonnais.fr\/site\/2019\/01\/02\/saint-priest-les-evenements-prevus-sur-la-commune-jusquau-19-janvier-2019\/#respond"]}]},{"@type":"WebPage","@id":"https:\/\/newsestlyonnais.fr\/site\/2019\/01\/02\/saint-priest-les-evenements-prevus-sur-la-commune-jusquau-19-janvier-2019\/","url":"https:\/\/newsestlyonnais.fr\/site\/2019\/01\/02\/saint-priest-les-evenements-prevus-sur-la-commune-jusquau-19-janvier-2019\/","name":"SAINT-PRIEST | Les \u00e9v\u00e9nements au 19 Janvier 2019 - News Est Lyonnais SAINT PRIEST : Les \u00e9v\u00e9nements pr\u00e9vus sur la commune jusqu\u2019au 19 Janvier 2019","isPartOf":{"@id":"https:\/\/newsestlyonnais.fr\/site\/#website"},"primaryImageOfPage":{"@id":"https:\/\/newsestlyonnais.fr\/site\/2019\/01\/02\/saint-priest-les-evenements-prevus-sur-la-commune-jusquau-19-janvier-2019\/#primaryimage"},"image":{"@id":"https:\/\/newsestlyonnais.fr\/site\/2019\/01\/02\/saint-priest-les-evenements-prevus-sur-la-commune-jusquau-19-janvier-2019\/#primaryimage"},"thumbnailUrl":"https:\/\/newsestlyonnais.fr\/site\/wp-content\/uploads\/2018\/03\/NEWSESTLYONNAIS-PANNEAU-ST-PRIEST.png","datePublished":"2019-01-02T14:54:46+00:00","dateModified":"2020-11-07T07:32:28+00:00","description":"SAINT PRIEST : Les \u00e9v\u00e9nements pr\u00e9vus sur la commune jusqu\u2019au 19 Janvier 2019","breadcrumb":{"@id":"https:\/\/newsestlyonnais.fr\/site\/2019\/01\/02\/saint-priest-les-evenements-prevus-sur-la-commune-jusquau-19-janvier-2019\/#breadcrumb"},"inLanguage":"fr-FR","potentialAction":[{"@type":"ReadAction","target":["https:\/\/newsestlyonnais.fr\/site\/2019\/01\/02\/saint-priest-les-evenements-prevus-sur-la-commune-jusquau-19-janvier-2019\/"]}]},{"@type":"ImageObject","inLanguage":"fr-FR","@id":"https:\/\/newsestlyonnais.fr\/site\/2019\/01\/02\/saint-priest-les-evenements-prevus-sur-la-commune-jusquau-19-janvier-2019\/#primaryimage","url":"https:\/\/newsestlyonnais.fr\/site\/wp-content\/uploads\/2018\/03\/NEWSESTLYONNAIS-PANNEAU-ST-PRIEST.png","contentUrl":"https:\/\/newsestlyonnais.fr\/site\/wp-content\/uploads\/2018\/03\/NEWSESTLYONNAIS-PANNEAU-ST-PRIEST.png","width":466,"height":108,"caption":"NEWSESTLYONNAIS - PANNEAU ST PRIEST"},{"@type":"BreadcrumbList","@id":"https:\/\/newsestlyonnais.fr\/site\/2019\/01\/02\/saint-priest-les-evenements-prevus-sur-la-commune-jusquau-19-janvier-2019\/#breadcrumb","itemListElement":[{"@type":"ListItem","position":1,"name":"Accueil","item":"https:\/\/newsestlyonnais.fr\/site\/"},{"@type":"ListItem","position":2,"name":"SAINT-PRIEST | Les \u00e9v\u00e9nements au 19 Janvier 2019"}]},{"@type":"WebSite","@id":"https:\/\/newsestlyonnais.fr\/site\/#website","url":"https:\/\/newsestlyonnais.fr\/site\/","name":"News Est Lyonnais","description":"L&#039;actualit\u00e9 au plus pr\u00e8s","publisher":{"@id":"https:\/\/newsestlyonnais.fr\/site\/#organization"},"potentialAction":[{"@type":"SearchAction","target":{"@type":"EntryPoint","urlTemplate":"https:\/\/newsestlyonnais.fr\/site\/?s={search_term_string}"},"query-input":{"@type":"PropertyValueSpecification","valueRequired":true,"valueName":"search_term_string"}}],"inLanguage":"fr-FR"},{"@type":"Organization","@id":"https:\/\/newsestlyonnais.fr\/site\/#organization","name":"News EST LYONNAIS","url":"https:\/\/newsestlyonnais.fr\/site\/","logo":{"@type":"ImageObject","inLanguage":"fr-FR","@id":"https:\/\/newsestlyonnais.fr\/site\/#\/schema\/logo\/image\/","url":"","contentUrl":"","caption":"News EST LYONNAIS"},"image":{"@id":"https:\/\/newsestlyonnais.fr\/site\/#\/schema\/logo\/image\/"}},{"@type":"Person","@id":"https:\/\/newsestlyonnais.fr\/site\/#\/schema\/person\/3230d5615f390bb808365d673001e887","name":"R\u00e9dac. NEWS","sameAs":["http:\/\/www.newsestlyonnais.fr","https:\/\/www.facebook.com\/pascal.oberson.1?fref=ts","https:\/\/fr.linkedin.com\/in\/pascal-oberson-b17045113"],"url":"https:\/\/newsestlyonnais.fr\/site\/author\/nel\/"}]}},"_links":{"self":[{"href":"https:\/\/newsestlyonnais.fr\/site\/wp-json\/wp\/v2\/posts\/62788","targetHints":{"allow":["GET"]}}],"collection":[{"href":"https:\/\/newsestlyonnais.fr\/site\/wp-json\/wp\/v2\/posts"}],"about":[{"href":"https:\/\/newsestlyonnais.fr\/site\/wp-json\/wp\/v2\/types\/post"}],"author":[{"embeddable":true,"href":"https:\/\/newsestlyonnais.fr\/site\/wp-json\/wp\/v2\/users\/4"}],"replies":[{"embeddable":true,"href":"https:\/\/newsestlyonnais.fr\/site\/wp-json\/wp\/v2\/comments?post=62788"}],"version-history":[{"count":0,"href":"https:\/\/newsestlyonnais.fr\/site\/wp-json\/wp\/v2\/posts\/62788\/revisions"}],"wp:featuredmedia":[{"embeddable":true,"href":"https:\/\/newsestlyonnais.fr\/site\/wp-json\/wp\/v2\/media\/45967"}],"wp:attachment":[{"href":"https:\/\/newsestlyonnais.fr\/site\/wp-json\/wp\/v2\/media?parent=62788"}],"wp:term":[{"taxonomy":"category","embeddable":true,"href":"https:\/\/newsestlyonnais.fr\/site\/wp-json\/wp\/v2\/categories?post=62788"},{"taxonomy":"post_tag","embeddable":true,"href":"https:\/\/newsestlyonnais.fr\/site\/wp-json\/wp\/v2\/tags?post=62788"}],"curies":[{"name":"wp","href":"https:\/\/api.w.org\/{rel}","templated":true}]}}