{"id":63136,"date":"2019-01-12T15:23:00","date_gmt":"2019-01-12T14:23:00","guid":{"rendered":"http:\/\/newsestlyonnais.fr\/site\/?p=63136"},"modified":"2020-05-19T09:21:07","modified_gmt":"2020-05-19T08:21:07","slug":"bron-retour-sur-les-voeux-de-la-municipalite","status":"publish","type":"post","link":"https:\/\/newsestlyonnais.fr\/site\/2019\/01\/12\/bron-retour-sur-les-voeux-de-la-municipalite\/","title":{"rendered":"BRON | Retour sur les voeux de la municipalit\u00e9"},"content":{"rendered":"<h4>Une c\u00e9r\u00e9monie d\u00e9roul\u00e9e jeudi 10 janvier dernier \u00e0 l&rsquo;Espace Albert Camus devant une forte affluence dont la r\u00e9daction de <a href=\"https:\/\/newsestlyonnais.fr\" target=\"_blank\" rel=\"noopener noreferrer\">https:\/\/newsestlyonnais.fr<\/a><\/h4>\n<p>Accompagn\u00e9 de toute l&rsquo;\u00e9quipe municipale et les jeunes \u00e9lus du Conseil Municipal d&rsquo;Enfants, le maire Jean-Michel Longueval a d\u00e9marr\u00e9 cette traditionnelle s\u00e9ance des voeux en rendant un hommage soutenu aux diverses associations (pr\u00e8s de 300) locales. Puis un retour a \u00e9t\u00e9 fait sur la disparition de nombreuses figures brondillantes au cours de l&rsquo;ann\u00e9e 2018.<\/p>\n<p>C&rsquo;est ensuite un bilan global qui a ensuite \u00e9t\u00e9 dress\u00e9 puis l&rsquo;annonce de projets majeurs par le premier magistrat d&rsquo;une commune qui a d\u00e9pass\u00e9 les 41.000 habitants (41.060 exactement, dont 4.000 seniors de + 70 ans). Il s&rsquo;est d&rsquo;autre part f\u00e9licit\u00e9 de la belle r\u00e9ussite de la Biennale de la Danse et de la mise en place des 6 conseils de quartiers.<\/p>\n<ul>\n<li>Retrouvez toute l&rsquo;ACTU de la commune sur : <a href=\"https:\/\/www.ville-bron.fr\" target=\"_blank\" rel=\"noopener noreferrer\">https:\/\/www.ville-bron.fr<\/a><\/li>\n<\/ul>\n<div id='gallery-1' class='gallery galleryid-63136 gallery-columns-3 gallery-size-thumbnail'><figure class='gallery-item'>\n\t\t\t<div class='gallery-icon landscape'>\n\t\t\t\t<a href='https:\/\/newsestlyonnais.fr\/site\/2019\/01\/12\/bron-retour-sur-les-voeux-de-la-municipalite\/newsestlyonanis-voeux-bron-2019-b\/'><img loading=\"lazy\" decoding=\"async\" width=\"150\" height=\"150\" src=\"https:\/\/newsestlyonnais.fr\/site\/wp-content\/uploads\/2019\/01\/NEWSESTLYONANIS-VOEUX-BRON-2019-B-150x150.jpg\" class=\"attachment-thumbnail size-thumbnail\" alt=\"NEWSESTLYONANIS VOEUX BRON 2019 B\" aria-describedby=\"gallery-1-63203\" \/><\/a>\n\t\t\t<\/div>\n\t\t\t\t<figcaption class='wp-caption-text gallery-caption' id='gallery-1-63203'>\n\t\t\t\tEn pr\u00e9sence d&rsquo; Anissa Khedher (d\u00e9put\u00e9e) et Annie Guillemeot (s\u00e9natrice),\n\t\t\t\t<\/figcaption><\/figure><figure class='gallery-item'>\n\t\t\t<div class='gallery-icon portrait'>\n\t\t\t\t<a href='https:\/\/newsestlyonnais.fr\/site\/2019\/01\/12\/bron-retour-sur-les-voeux-de-la-municipalite\/newsestlyonnais-invit-voeux-bron-2019\/'><img loading=\"lazy\" decoding=\"async\" width=\"150\" height=\"150\" src=\"https:\/\/newsestlyonnais.fr\/site\/wp-content\/uploads\/2019\/01\/NEWSESTLYONNAIS-INVIT-VOEUX-BRON-2019-150x150.jpg\" class=\"attachment-thumbnail size-thumbnail\" alt=\"NEWSESTLYONNAIS INVIT VOEUX BRON 2019\" \/><\/a>\n\t\t\t<\/div><\/figure>\n\t\t<\/div>\n\n","protected":false},"excerpt":{"rendered":"<p>Une c\u00e9r\u00e9monie d\u00e9roul\u00e9e jeudi 10 janvier dernier \u00e0 l&rsquo;Espace Albert Camus devant une forte affluence dont la r\u00e9daction de https:\/\/newsestlyonnais.fr Accompagn\u00e9 de toute l&rsquo;\u00e9quipe municipale et les jeunes \u00e9lus du Conseil Municipal d&rsquo;Enfants, le maire Jean-Michel Longueval a d\u00e9marr\u00e9 cette traditionnelle s\u00e9ance des voeux en rendant un hommage soutenu aux diverses associations (pr\u00e8s de 300) [&hellip;]<\/p>\n","protected":false},"author":4,"featured_media":63202,"comment_status":"open","ping_status":"open","sticky":false,"template":"","format":"standard","meta":{"footnotes":""},"categories":[30,19,3334],"tags":[2072,2146],"class_list":["post-63136","post","type-post","status-publish","format-standard","has-post-thumbnail","hentry","category-a-la-une","category-bron","category-conseils-municipaux-elections-voeux","tag-bron","tag-voeux"],"yoast_head":"<!-- This site is optimized with the Yoast SEO plugin v27.2 - https:\/\/yoast.com\/product\/yoast-seo-wordpress\/ -->\n<title>BRON | Retour sur les voeux de la municipalit\u00e9 - News Est Lyonnais BRON : Retour sur les voeux de la municipalit\u00e9<\/title>\n<meta name=\"description\" content=\"BRON : Retour sur les voeux de la municipalit\u00e9\" \/>\n<meta name=\"robots\" content=\"index, follow, max-snippet:-1, max-image-preview:large, max-video-preview:-1\" \/>\n<link rel=\"canonical\" href=\"https:\/\/newsestlyonnais.fr\/site\/2019\/01\/12\/bron-retour-sur-les-voeux-de-la-municipalite\/\" \/>\n<meta property=\"og:locale\" content=\"fr_FR\" \/>\n<meta property=\"og:type\" content=\"article\" \/>\n<meta property=\"og:title\" content=\"BRON | Retour sur les voeux de la municipalit\u00e9 - News Est Lyonnais BRON : Retour sur les voeux de la municipalit\u00e9\" \/>\n<meta property=\"og:description\" content=\"BRON : Retour sur les voeux de la municipalit\u00e9\" \/>\n<meta property=\"og:url\" content=\"https:\/\/newsestlyonnais.fr\/site\/2019\/01\/12\/bron-retour-sur-les-voeux-de-la-municipalite\/\" \/>\n<meta property=\"og:site_name\" content=\"News Est Lyonnais\" \/>\n<meta property=\"article:author\" content=\"https:\/\/www.facebook.com\/pascal.oberson.1?fref=ts\" \/>\n<meta property=\"article:published_time\" content=\"2019-01-12T14:23:00+00:00\" \/>\n<meta property=\"article:modified_time\" content=\"2020-05-19T08:21:07+00:00\" \/>\n<meta property=\"og:image\" content=\"https:\/\/i2.wp.com\/newsestlyonnais.fr\/site\/wp-content\/uploads\/2019\/01\/NEWSESTLYONANIS-VOEUX-BRON-2019-A.jpg?fit=500%2C281&ssl=1\" \/>\n\t<meta property=\"og:image:width\" content=\"500\" \/>\n\t<meta property=\"og:image:height\" content=\"281\" \/>\n\t<meta property=\"og:image:type\" content=\"image\/jpeg\" \/>\n<meta name=\"author\" content=\"R\u00e9dac. NEWS\" \/>\n<meta name=\"twitter:card\" content=\"summary_large_image\" \/>\n<meta name=\"twitter:label1\" content=\"\u00c9crit par\" \/>\n\t<meta name=\"twitter:data1\" content=\"R\u00e9dac. NEWS\" \/>\n\t<meta name=\"twitter:label2\" content=\"Dur\u00e9e de lecture estim\u00e9e\" \/>\n\t<meta name=\"twitter:data2\" content=\"1 minute\" \/>\n<script type=\"application\/ld+json\" class=\"yoast-schema-graph\">{\"@context\":\"https:\/\/schema.org\",\"@graph\":[{\"@type\":\"Article\",\"@id\":\"https:\/\/newsestlyonnais.fr\/site\/2019\/01\/12\/bron-retour-sur-les-voeux-de-la-municipalite\/#article\",\"isPartOf\":{\"@id\":\"https:\/\/newsestlyonnais.fr\/site\/2019\/01\/12\/bron-retour-sur-les-voeux-de-la-municipalite\/\"},\"author\":{\"name\":\"R\u00e9dac. NEWS\",\"@id\":\"https:\/\/newsestlyonnais.fr\/site\/#\/schema\/person\/3230d5615f390bb808365d673001e887\"},\"headline\":\"BRON | Retour sur les voeux de la municipalit\u00e9\",\"datePublished\":\"2019-01-12T14:23:00+00:00\",\"dateModified\":\"2020-05-19T08:21:07+00:00\",\"mainEntityOfPage\":{\"@id\":\"https:\/\/newsestlyonnais.fr\/site\/2019\/01\/12\/bron-retour-sur-les-voeux-de-la-municipalite\/\"},\"wordCount\":173,\"commentCount\":0,\"publisher\":{\"@id\":\"https:\/\/newsestlyonnais.fr\/site\/#organization\"},\"image\":{\"@id\":\"https:\/\/newsestlyonnais.fr\/site\/2019\/01\/12\/bron-retour-sur-les-voeux-de-la-municipalite\/#primaryimage\"},\"thumbnailUrl\":\"https:\/\/newsestlyonnais.fr\/site\/wp-content\/uploads\/2019\/01\/NEWSESTLYONANIS-VOEUX-BRON-2019-A.jpg\",\"keywords\":[\"BRON\",\"VOEUX\"],\"articleSection\":[\"\u00e0 la une\",\"Bron\",\"Conseils Municipaux | Elections | Voeux\"],\"inLanguage\":\"fr-FR\",\"potentialAction\":[{\"@type\":\"CommentAction\",\"name\":\"Comment\",\"target\":[\"https:\/\/newsestlyonnais.fr\/site\/2019\/01\/12\/bron-retour-sur-les-voeux-de-la-municipalite\/#respond\"]}]},{\"@type\":\"WebPage\",\"@id\":\"https:\/\/newsestlyonnais.fr\/site\/2019\/01\/12\/bron-retour-sur-les-voeux-de-la-municipalite\/\",\"url\":\"https:\/\/newsestlyonnais.fr\/site\/2019\/01\/12\/bron-retour-sur-les-voeux-de-la-municipalite\/\",\"name\":\"BRON | Retour sur les voeux de la municipalit\u00e9 - News Est Lyonnais BRON : Retour sur les voeux de la municipalit\u00e9\",\"isPartOf\":{\"@id\":\"https:\/\/newsestlyonnais.fr\/site\/#website\"},\"primaryImageOfPage\":{\"@id\":\"https:\/\/newsestlyonnais.fr\/site\/2019\/01\/12\/bron-retour-sur-les-voeux-de-la-municipalite\/#primaryimage\"},\"image\":{\"@id\":\"https:\/\/newsestlyonnais.fr\/site\/2019\/01\/12\/bron-retour-sur-les-voeux-de-la-municipalite\/#primaryimage\"},\"thumbnailUrl\":\"https:\/\/newsestlyonnais.fr\/site\/wp-content\/uploads\/2019\/01\/NEWSESTLYONANIS-VOEUX-BRON-2019-A.jpg\",\"datePublished\":\"2019-01-12T14:23:00+00:00\",\"dateModified\":\"2020-05-19T08:21:07+00:00\",\"description\":\"BRON : Retour sur les voeux de la municipalit\u00e9\",\"breadcrumb\":{\"@id\":\"https:\/\/newsestlyonnais.fr\/site\/2019\/01\/12\/bron-retour-sur-les-voeux-de-la-municipalite\/#breadcrumb\"},\"inLanguage\":\"fr-FR\",\"potentialAction\":[{\"@type\":\"ReadAction\",\"target\":[\"https:\/\/newsestlyonnais.fr\/site\/2019\/01\/12\/bron-retour-sur-les-voeux-de-la-municipalite\/\"]}]},{\"@type\":\"ImageObject\",\"inLanguage\":\"fr-FR\",\"@id\":\"https:\/\/newsestlyonnais.fr\/site\/2019\/01\/12\/bron-retour-sur-les-voeux-de-la-municipalite\/#primaryimage\",\"url\":\"https:\/\/newsestlyonnais.fr\/site\/wp-content\/uploads\/2019\/01\/NEWSESTLYONANIS-VOEUX-BRON-2019-A.jpg\",\"contentUrl\":\"https:\/\/newsestlyonnais.fr\/site\/wp-content\/uploads\/2019\/01\/NEWSESTLYONANIS-VOEUX-BRON-2019-A.jpg\",\"width\":500,\"height\":281,\"caption\":\"NEWSESTLYONANIS VOEUX BRON 2019 A\"},{\"@type\":\"BreadcrumbList\",\"@id\":\"https:\/\/newsestlyonnais.fr\/site\/2019\/01\/12\/bron-retour-sur-les-voeux-de-la-municipalite\/#breadcrumb\",\"itemListElement\":[{\"@type\":\"ListItem\",\"position\":1,\"name\":\"Accueil\",\"item\":\"https:\/\/newsestlyonnais.fr\/site\/\"},{\"@type\":\"ListItem\",\"position\":2,\"name\":\"BRON | Retour sur les voeux de la municipalit\u00e9\"}]},{\"@type\":\"WebSite\",\"@id\":\"https:\/\/newsestlyonnais.fr\/site\/#website\",\"url\":\"https:\/\/newsestlyonnais.fr\/site\/\",\"name\":\"News Est Lyonnais\",\"description\":\"L&#039;actualit\u00e9 au plus pr\u00e8s\",\"publisher\":{\"@id\":\"https:\/\/newsestlyonnais.fr\/site\/#organization\"},\"potentialAction\":[{\"@type\":\"SearchAction\",\"target\":{\"@type\":\"EntryPoint\",\"urlTemplate\":\"https:\/\/newsestlyonnais.fr\/site\/?s={search_term_string}\"},\"query-input\":{\"@type\":\"PropertyValueSpecification\",\"valueRequired\":true,\"valueName\":\"search_term_string\"}}],\"inLanguage\":\"fr-FR\"},{\"@type\":\"Organization\",\"@id\":\"https:\/\/newsestlyonnais.fr\/site\/#organization\",\"name\":\"News EST LYONNAIS\",\"url\":\"https:\/\/newsestlyonnais.fr\/site\/\",\"logo\":{\"@type\":\"ImageObject\",\"inLanguage\":\"fr-FR\",\"@id\":\"https:\/\/newsestlyonnais.fr\/site\/#\/schema\/logo\/image\/\",\"url\":\"\",\"contentUrl\":\"\",\"caption\":\"News EST LYONNAIS\"},\"image\":{\"@id\":\"https:\/\/newsestlyonnais.fr\/site\/#\/schema\/logo\/image\/\"}},{\"@type\":\"Person\",\"@id\":\"https:\/\/newsestlyonnais.fr\/site\/#\/schema\/person\/3230d5615f390bb808365d673001e887\",\"name\":\"R\u00e9dac. NEWS\",\"sameAs\":[\"http:\/\/www.newsestlyonnais.fr\",\"https:\/\/www.facebook.com\/pascal.oberson.1?fref=ts\",\"https:\/\/fr.linkedin.com\/in\/pascal-oberson-b17045113\"],\"url\":\"https:\/\/newsestlyonnais.fr\/site\/author\/nel\/\"}]}<\/script>\n<!-- \/ Yoast SEO plugin. -->","yoast_head_json":{"title":"BRON | Retour sur les voeux de la municipalit\u00e9 - News Est Lyonnais BRON : Retour sur les voeux de la municipalit\u00e9","description":"BRON : Retour sur les voeux de la municipalit\u00e9","robots":{"index":"index","follow":"follow","max-snippet":"max-snippet:-1","max-image-preview":"max-image-preview:large","max-video-preview":"max-video-preview:-1"},"canonical":"https:\/\/newsestlyonnais.fr\/site\/2019\/01\/12\/bron-retour-sur-les-voeux-de-la-municipalite\/","og_locale":"fr_FR","og_type":"article","og_title":"BRON | Retour sur les voeux de la municipalit\u00e9 - News Est Lyonnais BRON : Retour sur les voeux de la municipalit\u00e9","og_description":"BRON : Retour sur les voeux de la municipalit\u00e9","og_url":"https:\/\/newsestlyonnais.fr\/site\/2019\/01\/12\/bron-retour-sur-les-voeux-de-la-municipalite\/","og_site_name":"News Est Lyonnais","article_author":"https:\/\/www.facebook.com\/pascal.oberson.1?fref=ts","article_published_time":"2019-01-12T14:23:00+00:00","article_modified_time":"2020-05-19T08:21:07+00:00","og_image":[{"width":500,"height":281,"url":"https:\/\/i2.wp.com\/newsestlyonnais.fr\/site\/wp-content\/uploads\/2019\/01\/NEWSESTLYONANIS-VOEUX-BRON-2019-A.jpg?fit=500%2C281&ssl=1","type":"image\/jpeg"}],"author":"R\u00e9dac. NEWS","twitter_card":"summary_large_image","twitter_misc":{"\u00c9crit par":"R\u00e9dac. NEWS","Dur\u00e9e de lecture estim\u00e9e":"1 minute"},"schema":{"@context":"https:\/\/schema.org","@graph":[{"@type":"Article","@id":"https:\/\/newsestlyonnais.fr\/site\/2019\/01\/12\/bron-retour-sur-les-voeux-de-la-municipalite\/#article","isPartOf":{"@id":"https:\/\/newsestlyonnais.fr\/site\/2019\/01\/12\/bron-retour-sur-les-voeux-de-la-municipalite\/"},"author":{"name":"R\u00e9dac. NEWS","@id":"https:\/\/newsestlyonnais.fr\/site\/#\/schema\/person\/3230d5615f390bb808365d673001e887"},"headline":"BRON | Retour sur les voeux de la municipalit\u00e9","datePublished":"2019-01-12T14:23:00+00:00","dateModified":"2020-05-19T08:21:07+00:00","mainEntityOfPage":{"@id":"https:\/\/newsestlyonnais.fr\/site\/2019\/01\/12\/bron-retour-sur-les-voeux-de-la-municipalite\/"},"wordCount":173,"commentCount":0,"publisher":{"@id":"https:\/\/newsestlyonnais.fr\/site\/#organization"},"image":{"@id":"https:\/\/newsestlyonnais.fr\/site\/2019\/01\/12\/bron-retour-sur-les-voeux-de-la-municipalite\/#primaryimage"},"thumbnailUrl":"https:\/\/newsestlyonnais.fr\/site\/wp-content\/uploads\/2019\/01\/NEWSESTLYONANIS-VOEUX-BRON-2019-A.jpg","keywords":["BRON","VOEUX"],"articleSection":["\u00e0 la une","Bron","Conseils Municipaux | Elections | Voeux"],"inLanguage":"fr-FR","potentialAction":[{"@type":"CommentAction","name":"Comment","target":["https:\/\/newsestlyonnais.fr\/site\/2019\/01\/12\/bron-retour-sur-les-voeux-de-la-municipalite\/#respond"]}]},{"@type":"WebPage","@id":"https:\/\/newsestlyonnais.fr\/site\/2019\/01\/12\/bron-retour-sur-les-voeux-de-la-municipalite\/","url":"https:\/\/newsestlyonnais.fr\/site\/2019\/01\/12\/bron-retour-sur-les-voeux-de-la-municipalite\/","name":"BRON | Retour sur les voeux de la municipalit\u00e9 - News Est Lyonnais BRON : Retour sur les voeux de la municipalit\u00e9","isPartOf":{"@id":"https:\/\/newsestlyonnais.fr\/site\/#website"},"primaryImageOfPage":{"@id":"https:\/\/newsestlyonnais.fr\/site\/2019\/01\/12\/bron-retour-sur-les-voeux-de-la-municipalite\/#primaryimage"},"image":{"@id":"https:\/\/newsestlyonnais.fr\/site\/2019\/01\/12\/bron-retour-sur-les-voeux-de-la-municipalite\/#primaryimage"},"thumbnailUrl":"https:\/\/newsestlyonnais.fr\/site\/wp-content\/uploads\/2019\/01\/NEWSESTLYONANIS-VOEUX-BRON-2019-A.jpg","datePublished":"2019-01-12T14:23:00+00:00","dateModified":"2020-05-19T08:21:07+00:00","description":"BRON : Retour sur les voeux de la municipalit\u00e9","breadcrumb":{"@id":"https:\/\/newsestlyonnais.fr\/site\/2019\/01\/12\/bron-retour-sur-les-voeux-de-la-municipalite\/#breadcrumb"},"inLanguage":"fr-FR","potentialAction":[{"@type":"ReadAction","target":["https:\/\/newsestlyonnais.fr\/site\/2019\/01\/12\/bron-retour-sur-les-voeux-de-la-municipalite\/"]}]},{"@type":"ImageObject","inLanguage":"fr-FR","@id":"https:\/\/newsestlyonnais.fr\/site\/2019\/01\/12\/bron-retour-sur-les-voeux-de-la-municipalite\/#primaryimage","url":"https:\/\/newsestlyonnais.fr\/site\/wp-content\/uploads\/2019\/01\/NEWSESTLYONANIS-VOEUX-BRON-2019-A.jpg","contentUrl":"https:\/\/newsestlyonnais.fr\/site\/wp-content\/uploads\/2019\/01\/NEWSESTLYONANIS-VOEUX-BRON-2019-A.jpg","width":500,"height":281,"caption":"NEWSESTLYONANIS VOEUX BRON 2019 A"},{"@type":"BreadcrumbList","@id":"https:\/\/newsestlyonnais.fr\/site\/2019\/01\/12\/bron-retour-sur-les-voeux-de-la-municipalite\/#breadcrumb","itemListElement":[{"@type":"ListItem","position":1,"name":"Accueil","item":"https:\/\/newsestlyonnais.fr\/site\/"},{"@type":"ListItem","position":2,"name":"BRON | Retour sur les voeux de la municipalit\u00e9"}]},{"@type":"WebSite","@id":"https:\/\/newsestlyonnais.fr\/site\/#website","url":"https:\/\/newsestlyonnais.fr\/site\/","name":"News Est Lyonnais","description":"L&#039;actualit\u00e9 au plus pr\u00e8s","publisher":{"@id":"https:\/\/newsestlyonnais.fr\/site\/#organization"},"potentialAction":[{"@type":"SearchAction","target":{"@type":"EntryPoint","urlTemplate":"https:\/\/newsestlyonnais.fr\/site\/?s={search_term_string}"},"query-input":{"@type":"PropertyValueSpecification","valueRequired":true,"valueName":"search_term_string"}}],"inLanguage":"fr-FR"},{"@type":"Organization","@id":"https:\/\/newsestlyonnais.fr\/site\/#organization","name":"News EST LYONNAIS","url":"https:\/\/newsestlyonnais.fr\/site\/","logo":{"@type":"ImageObject","inLanguage":"fr-FR","@id":"https:\/\/newsestlyonnais.fr\/site\/#\/schema\/logo\/image\/","url":"","contentUrl":"","caption":"News EST LYONNAIS"},"image":{"@id":"https:\/\/newsestlyonnais.fr\/site\/#\/schema\/logo\/image\/"}},{"@type":"Person","@id":"https:\/\/newsestlyonnais.fr\/site\/#\/schema\/person\/3230d5615f390bb808365d673001e887","name":"R\u00e9dac. NEWS","sameAs":["http:\/\/www.newsestlyonnais.fr","https:\/\/www.facebook.com\/pascal.oberson.1?fref=ts","https:\/\/fr.linkedin.com\/in\/pascal-oberson-b17045113"],"url":"https:\/\/newsestlyonnais.fr\/site\/author\/nel\/"}]}},"_links":{"self":[{"href":"https:\/\/newsestlyonnais.fr\/site\/wp-json\/wp\/v2\/posts\/63136","targetHints":{"allow":["GET"]}}],"collection":[{"href":"https:\/\/newsestlyonnais.fr\/site\/wp-json\/wp\/v2\/posts"}],"about":[{"href":"https:\/\/newsestlyonnais.fr\/site\/wp-json\/wp\/v2\/types\/post"}],"author":[{"embeddable":true,"href":"https:\/\/newsestlyonnais.fr\/site\/wp-json\/wp\/v2\/users\/4"}],"replies":[{"embeddable":true,"href":"https:\/\/newsestlyonnais.fr\/site\/wp-json\/wp\/v2\/comments?post=63136"}],"version-history":[{"count":0,"href":"https:\/\/newsestlyonnais.fr\/site\/wp-json\/wp\/v2\/posts\/63136\/revisions"}],"wp:featuredmedia":[{"embeddable":true,"href":"https:\/\/newsestlyonnais.fr\/site\/wp-json\/wp\/v2\/media\/63202"}],"wp:attachment":[{"href":"https:\/\/newsestlyonnais.fr\/site\/wp-json\/wp\/v2\/media?parent=63136"}],"wp:term":[{"taxonomy":"category","embeddable":true,"href":"https:\/\/newsestlyonnais.fr\/site\/wp-json\/wp\/v2\/categories?post=63136"},{"taxonomy":"post_tag","embeddable":true,"href":"https:\/\/newsestlyonnais.fr\/site\/wp-json\/wp\/v2\/tags?post=63136"}],"curies":[{"name":"wp","href":"https:\/\/api.w.org\/{rel}","templated":true}]}}