{"id":63815,"date":"2019-01-19T12:18:31","date_gmt":"2019-01-19T11:18:31","guid":{"rendered":"http:\/\/newsestlyonnais.fr\/site\/?p=63815"},"modified":"2020-11-05T20:51:44","modified_gmt":"2020-11-05T19:51:44","slug":"decines-le-credit-agricole-du-centre-est-a-inaugure-son-agence-locale-relookee","status":"publish","type":"post","link":"https:\/\/newsestlyonnais.fr\/site\/2019\/01\/19\/decines-le-credit-agricole-du-centre-est-a-inaugure-son-agence-locale-relookee\/","title":{"rendered":"DECINES | Le Cr\u00e9dit Agricole du Centre Est a inaugur\u00e9 son agence locale relook\u00e9e"},"content":{"rendered":"<h4>L&rsquo;heure \u00e9tait \u00e0 l&rsquo;inauguration mercredi soir au sein de l&rsquo;agence d\u00e9cinoise du Cr\u00e9dit Agricole Centre Est, id\u00e9alement implant\u00e9e au centre de la commune.<\/h4>\n<p>Un fort moment convivial qui a permis \u00e0 Laurent Joannard (Pr\u00e9sident caisse locale Lyon-Est 7 Chemins) &amp; Lionel Ramond (Directeur \u00e9quipe agences M\u00e9tropole Est) mais aussi toute l&rsquo;\u00e9quipe de collaborateurs de l&rsquo;agence, d&rsquo; accueillir de nombreuses personnes convi\u00e9es pour la circonstance.<\/p>\n<p>Etaient ainsi pr\u00e9sents, entre autres, Mohamed Rabehi (adjoint \u00e0 la mairie de D\u00e9cines-Charpieu), des administrateurs et cadres du CACE, directeurs d&rsquo;autres agences, clients, commer\u00e7ants et partenaires (associations ou entreprises) qui ont eu la possibilit\u00e9 de visiter les nouveaux locaux.<\/p>\n<p>________________________________________________________________________________<\/p>\n<p>Ces derniers totalement r\u00e9nov\u00e9s durant la p\u00e9riode estivale de 2018, ce qui permet, apr\u00e8s un complet relooking, de d\u00e9couvrir un \u00e9tablissement plus moderne et enti\u00e8rement digitalis\u00e9. Une r\u00e9novation n\u00e9cessaire et pens\u00e9e afin de garder ce contact humain symbolisant les valeurs du groupe au sein d&rsquo;une agence se voulant avant tout de proximit\u00e9.<\/p>\n<p>La visite guid\u00e9e de l&rsquo;agence a permis de constater la r\u00e9partition parfaitement con\u00e7ue et orchestr\u00e9e avec un espace d&rsquo;accueil, un autre de convivialit\u00e9, une borne d&rsquo;accueil et 7 salons de r\u00e9ception (et non plus des bureaux) au symbole local et chacun baptis\u00e9s du nom d&rsquo;un quartier d\u00e9cinois (La Soie, Montaberlet, etc). Sans oublier les superbes tableaux panoramiques repr\u00e9sentant des lieux strat\u00e9giques comme la Passerelle de D\u00e9cines et le Grand Stade.<\/p>\n<p>Une banque coop\u00e9rative dont l&rsquo;effectif de l&rsquo;agence d\u00e9cinoise est compos\u00e9 de 6 personnes + une adjointe et une \u00e9quipe d&rsquo;experts \u00e0 demande. Elle joue d&rsquo;ailleurs pleinement son r\u00f4le d&rsquo;acteur local puisqu&rsquo;elle a particip\u00e9 au programme municipal d&rsquo;investissement pour 2019 en y ajoutant une notion de partenariat actif avec les associations d\u00e9cinoises. C&rsquo;est le cas avec l&rsquo;Aviron d\u00e9cinois, le Rugby Handi 13 et le Judo Club de D\u00e9cines mais aussi le Comit\u00e9 du Rh\u00f4ne de Rugby XIII pr\u00e9sent avec son pr\u00e9sident Jacques Cavezzan.<\/p>\n<p>________________________________________________________________________________<\/p>\n<p><span style=\"text-decoration: underline\"><strong>Le<\/strong> <\/span><strong><span style=\"text-decoration: underline\">Cr\u00e9dit Agricole Centre Est en chiffres<\/span> : <\/strong>3.000 collaborateurs \/ 1.600 administrateurs \/ 300 agences sur le territoire \/ pr\u00e9sent sur 6 d\u00e9partements \/ transformation de 120 points de vente (dont 50 pr\u00e9vus en 2019) \/ 100 millions d&rsquo;Euros d&rsquo;investissement.<\/p>\n<p>________________________________________________________________________________<\/p>\n<ul>\n<li><strong>Cr\u00e9dit Agricole Centre Est <span id=\"name\">DECINES CHARPIEU<\/span>, <span id=\"streetname\">131 avenue Jean Jaur\u00e8s<\/span>. T\u00e9l : 04 78 49 10 23<\/strong><\/li>\n<li><em><strong>Plus d&rsquo;infos sur : <a href=\"https:\/\/www.ca-centrest.fr\" target=\"_blank\" rel=\"noopener noreferrer\">https:\/\/www.ca-centrest.fr<\/a><\/strong><\/em><\/li>\n<\/ul>\n<p>________________________________________________________________________________<\/p>\n<p><span style=\"text-decoration: underline\">Retour en images sur cette soir\u00e9e d&rsquo;inauguration<\/span> :<\/p>\n<div id='gallery-1' class='gallery galleryid-63815 gallery-columns-3 gallery-size-thumbnail'><figure class='gallery-item'>\n\t\t\t<div class='gallery-icon landscape'>\n\t\t\t\t<a href='https:\/\/newsestlyonnais.fr\/site\/2019\/01\/19\/decines-le-credit-agricole-du-centre-est-a-inaugure-son-agence-locale-relookee\/newestlyonnais-inaug-agence-04\/'><img loading=\"lazy\" decoding=\"async\" width=\"150\" height=\"150\" src=\"https:\/\/newsestlyonnais.fr\/site\/wp-content\/uploads\/2019\/01\/NEWESTLYONNAIS-INAUG-AGENCE-04-150x150.jpg\" class=\"attachment-thumbnail size-thumbnail\" alt=\"NEWESTLYONNAIS INAUG AGENCE 04\" \/><\/a>\n\t\t\t<\/div><\/figure><figure class='gallery-item'>\n\t\t\t<div class='gallery-icon landscape'>\n\t\t\t\t<a href='https:\/\/newsestlyonnais.fr\/site\/2019\/01\/19\/decines-le-credit-agricole-du-centre-est-a-inaugure-son-agence-locale-relookee\/newestlyonnais-inaug-agence-01\/'><img loading=\"lazy\" decoding=\"async\" width=\"150\" height=\"150\" src=\"https:\/\/newsestlyonnais.fr\/site\/wp-content\/uploads\/2019\/01\/NEWESTLYONNAIS-INAUG-AGENCE-01-150x150.jpg\" class=\"attachment-thumbnail size-thumbnail\" alt=\"NEWESTLYONNAIS INAUG AGENCE 01\" aria-describedby=\"gallery-1-63849\" \/><\/a>\n\t\t\t<\/div>\n\t\t\t\t<figcaption class='wp-caption-text gallery-caption' id='gallery-1-63849'>\n\t\t\t\tLionel Ramond, Didier Viaud et Jacques Cavezzan \n\t\t\t\t<\/figcaption><\/figure><figure class='gallery-item'>\n\t\t\t<div class='gallery-icon landscape'>\n\t\t\t\t<a href='https:\/\/newsestlyonnais.fr\/site\/2019\/01\/19\/decines-le-credit-agricole-du-centre-est-a-inaugure-son-agence-locale-relookee\/newestlyonnais-inaug-agence-02\/'><img loading=\"lazy\" decoding=\"async\" width=\"150\" height=\"150\" src=\"https:\/\/newsestlyonnais.fr\/site\/wp-content\/uploads\/2019\/01\/NEWESTLYONNAIS-INAUG-AGENCE-02-150x150.jpg\" class=\"attachment-thumbnail size-thumbnail\" alt=\"NEWESTLYONNAIS INAUG AGENCE 02\" \/><\/a>\n\t\t\t<\/div><\/figure><figure class='gallery-item'>\n\t\t\t<div class='gallery-icon landscape'>\n\t\t\t\t<a href='https:\/\/newsestlyonnais.fr\/site\/2019\/01\/19\/decines-le-credit-agricole-du-centre-est-a-inaugure-son-agence-locale-relookee\/newsestlyonnais-agence-decines-inaug-01\/'><img loading=\"lazy\" decoding=\"async\" width=\"150\" height=\"150\" src=\"https:\/\/newsestlyonnais.fr\/site\/wp-content\/uploads\/2019\/01\/NEWSESTLYONNAIS-AGENCE-DECINES-INAUG-01-150x150.jpg\" class=\"attachment-thumbnail size-thumbnail\" alt=\"NEWSESTLYONNAIS AGENCE DECINES INAUG 01\" aria-describedby=\"gallery-1-63822\" \/><\/a>\n\t\t\t<\/div>\n\t\t\t\t<figcaption class='wp-caption-text gallery-caption' id='gallery-1-63822'>\n\t\t\t\tLa passerelle de D\u00e9cines bien mise en valeur dans un salon d&rsquo;attente\n\t\t\t\t<\/figcaption><\/figure><figure class='gallery-item'>\n\t\t\t<div class='gallery-icon landscape'>\n\t\t\t\t<a href='https:\/\/newsestlyonnais.fr\/site\/2019\/01\/19\/decines-le-credit-agricole-du-centre-est-a-inaugure-son-agence-locale-relookee\/newestlyonnais-inaug-agence-03\/'><img loading=\"lazy\" decoding=\"async\" width=\"150\" height=\"150\" src=\"https:\/\/newsestlyonnais.fr\/site\/wp-content\/uploads\/2019\/01\/NEWESTLYONNAIS-INAUG-AGENCE-03-150x150.jpg\" class=\"attachment-thumbnail size-thumbnail\" alt=\"NEWESTLYONNAIS INAUG AGENCE 03\" \/><\/a>\n\t\t\t<\/div><\/figure><figure class='gallery-item'>\n\t\t\t<div class='gallery-icon landscape'>\n\t\t\t\t<a href='https:\/\/newsestlyonnais.fr\/site\/2019\/01\/19\/decines-le-credit-agricole-du-centre-est-a-inaugure-son-agence-locale-relookee\/newestlyonnais-inaug-agence-05\/'><img loading=\"lazy\" decoding=\"async\" width=\"150\" height=\"150\" src=\"https:\/\/newsestlyonnais.fr\/site\/wp-content\/uploads\/2019\/01\/NEWESTLYONNAIS-INAUG-AGENCE-05-150x150.jpg\" class=\"attachment-thumbnail size-thumbnail\" alt=\"NEWESTLYONNAIS INAUG AGENCE 05\" \/><\/a>\n\t\t\t<\/div><\/figure>\n\t\t<\/div>\n\n","protected":false},"excerpt":{"rendered":"<p>L&rsquo;heure \u00e9tait \u00e0 l&rsquo;inauguration mercredi soir au sein de l&rsquo;agence d\u00e9cinoise, id\u00e9alement implant\u00e9e au centre de la commune.<\/p>\n","protected":false},"author":4,"featured_media":63819,"comment_status":"open","ping_status":"open","sticky":false,"template":"","format":"standard","meta":{"footnotes":""},"categories":[1628,2970,3340,21,787],"tags":[3341],"class_list":["post-63815","post","type-post","status-publish","format-standard","has-post-thumbnail","hentry","category-publi-reportages","category-artisans-commerces-economie","category-assurances-banque-credit","category-decines-charpieu","category-ptites-news","tag-credit-agricole-du-centre-est"],"yoast_head":"<!-- This site is optimized with the Yoast SEO plugin v27.2 - https:\/\/yoast.com\/product\/yoast-seo-wordpress\/ -->\n<title>DECINES | Le Cr\u00e9dit Agricole du Centre Est a inaugur\u00e9 son agence locale relook\u00e9e - News Est Lyonnais DECINES : Le &quot;Cr\u00e9dit Agricole du Centre Est&quot; a inaugur\u00e9 son agence locale relook\u00e9e<\/title>\n<meta name=\"description\" content=\"DECINES | Le &quot;Cr\u00e9dit Agricole du Centre Est&quot; a inaugur\u00e9 son agence locale relook\u00e9e\" \/>\n<meta name=\"robots\" content=\"index, follow, max-snippet:-1, max-image-preview:large, max-video-preview:-1\" \/>\n<link rel=\"canonical\" href=\"https:\/\/newsestlyonnais.fr\/site\/2019\/01\/19\/decines-le-credit-agricole-du-centre-est-a-inaugure-son-agence-locale-relookee\/\" \/>\n<meta property=\"og:locale\" content=\"fr_FR\" \/>\n<meta property=\"og:type\" content=\"article\" \/>\n<meta property=\"og:title\" content=\"DECINES | Le Cr\u00e9dit Agricole du Centre Est a inaugur\u00e9 son agence locale relook\u00e9e - News Est Lyonnais DECINES : Le &quot;Cr\u00e9dit Agricole du Centre Est&quot; a inaugur\u00e9 son agence locale relook\u00e9e\" \/>\n<meta property=\"og:description\" content=\"DECINES | Le &quot;Cr\u00e9dit Agricole du Centre Est&quot; a inaugur\u00e9 son agence locale relook\u00e9e\" \/>\n<meta property=\"og:url\" content=\"https:\/\/newsestlyonnais.fr\/site\/2019\/01\/19\/decines-le-credit-agricole-du-centre-est-a-inaugure-son-agence-locale-relookee\/\" \/>\n<meta property=\"og:site_name\" content=\"News Est Lyonnais\" \/>\n<meta property=\"article:author\" content=\"https:\/\/www.facebook.com\/pascal.oberson.1?fref=ts\" \/>\n<meta property=\"article:published_time\" content=\"2019-01-19T11:18:31+00:00\" \/>\n<meta property=\"article:modified_time\" content=\"2020-11-05T19:51:44+00:00\" \/>\n<meta property=\"og:image\" content=\"https:\/\/i0.wp.com\/newsestlyonnais.fr\/site\/wp-content\/uploads\/2019\/01\/20190116_193700.jpg?fit=3264%2C1836&ssl=1\" \/>\n\t<meta property=\"og:image:width\" content=\"3264\" \/>\n\t<meta property=\"og:image:height\" content=\"1836\" \/>\n\t<meta property=\"og:image:type\" content=\"image\/jpeg\" \/>\n<meta name=\"author\" content=\"R\u00e9dac. NEWS\" \/>\n<meta name=\"twitter:card\" content=\"summary_large_image\" \/>\n<meta name=\"twitter:label1\" content=\"\u00c9crit par\" \/>\n\t<meta name=\"twitter:data1\" content=\"R\u00e9dac. NEWS\" \/>\n\t<meta name=\"twitter:label2\" content=\"Dur\u00e9e de lecture estim\u00e9e\" \/>\n\t<meta name=\"twitter:data2\" content=\"2 minutes\" \/>\n<script type=\"application\/ld+json\" class=\"yoast-schema-graph\">{\"@context\":\"https:\/\/schema.org\",\"@graph\":[{\"@type\":\"Article\",\"@id\":\"https:\/\/newsestlyonnais.fr\/site\/2019\/01\/19\/decines-le-credit-agricole-du-centre-est-a-inaugure-son-agence-locale-relookee\/#article\",\"isPartOf\":{\"@id\":\"https:\/\/newsestlyonnais.fr\/site\/2019\/01\/19\/decines-le-credit-agricole-du-centre-est-a-inaugure-son-agence-locale-relookee\/\"},\"author\":{\"name\":\"R\u00e9dac. NEWS\",\"@id\":\"https:\/\/newsestlyonnais.fr\/site\/#\/schema\/person\/3230d5615f390bb808365d673001e887\"},\"headline\":\"DECINES | Le Cr\u00e9dit Agricole du Centre Est a inaugur\u00e9 son agence locale relook\u00e9e\",\"datePublished\":\"2019-01-19T11:18:31+00:00\",\"dateModified\":\"2020-11-05T19:51:44+00:00\",\"mainEntityOfPage\":{\"@id\":\"https:\/\/newsestlyonnais.fr\/site\/2019\/01\/19\/decines-le-credit-agricole-du-centre-est-a-inaugure-son-agence-locale-relookee\/\"},\"wordCount\":436,\"commentCount\":0,\"publisher\":{\"@id\":\"https:\/\/newsestlyonnais.fr\/site\/#organization\"},\"image\":{\"@id\":\"https:\/\/newsestlyonnais.fr\/site\/2019\/01\/19\/decines-le-credit-agricole-du-centre-est-a-inaugure-son-agence-locale-relookee\/#primaryimage\"},\"thumbnailUrl\":\"https:\/\/newsestlyonnais.fr\/site\/wp-content\/uploads\/2019\/01\/20190116_193700.jpg\",\"keywords\":[\"Cr\u00e9dit Agricole du Centre Est\"],\"articleSection\":[\"1Publi-Reportages\",\"Artisans | Commerces\",\"Assurances | Banque | Cr\u00e9dit\",\"D\u00e9cines-Charpieu\",\"P'tites News\"],\"inLanguage\":\"fr-FR\",\"potentialAction\":[{\"@type\":\"CommentAction\",\"name\":\"Comment\",\"target\":[\"https:\/\/newsestlyonnais.fr\/site\/2019\/01\/19\/decines-le-credit-agricole-du-centre-est-a-inaugure-son-agence-locale-relookee\/#respond\"]}]},{\"@type\":\"WebPage\",\"@id\":\"https:\/\/newsestlyonnais.fr\/site\/2019\/01\/19\/decines-le-credit-agricole-du-centre-est-a-inaugure-son-agence-locale-relookee\/\",\"url\":\"https:\/\/newsestlyonnais.fr\/site\/2019\/01\/19\/decines-le-credit-agricole-du-centre-est-a-inaugure-son-agence-locale-relookee\/\",\"name\":\"DECINES | Le Cr\u00e9dit Agricole du Centre Est a inaugur\u00e9 son agence locale relook\u00e9e - News Est Lyonnais DECINES : Le \\\"Cr\u00e9dit Agricole du Centre Est\\\" a inaugur\u00e9 son agence locale relook\u00e9e\",\"isPartOf\":{\"@id\":\"https:\/\/newsestlyonnais.fr\/site\/#website\"},\"primaryImageOfPage\":{\"@id\":\"https:\/\/newsestlyonnais.fr\/site\/2019\/01\/19\/decines-le-credit-agricole-du-centre-est-a-inaugure-son-agence-locale-relookee\/#primaryimage\"},\"image\":{\"@id\":\"https:\/\/newsestlyonnais.fr\/site\/2019\/01\/19\/decines-le-credit-agricole-du-centre-est-a-inaugure-son-agence-locale-relookee\/#primaryimage\"},\"thumbnailUrl\":\"https:\/\/newsestlyonnais.fr\/site\/wp-content\/uploads\/2019\/01\/20190116_193700.jpg\",\"datePublished\":\"2019-01-19T11:18:31+00:00\",\"dateModified\":\"2020-11-05T19:51:44+00:00\",\"description\":\"DECINES | Le \\\"Cr\u00e9dit Agricole du Centre Est\\\" a inaugur\u00e9 son agence locale relook\u00e9e\",\"breadcrumb\":{\"@id\":\"https:\/\/newsestlyonnais.fr\/site\/2019\/01\/19\/decines-le-credit-agricole-du-centre-est-a-inaugure-son-agence-locale-relookee\/#breadcrumb\"},\"inLanguage\":\"fr-FR\",\"potentialAction\":[{\"@type\":\"ReadAction\",\"target\":[\"https:\/\/newsestlyonnais.fr\/site\/2019\/01\/19\/decines-le-credit-agricole-du-centre-est-a-inaugure-son-agence-locale-relookee\/\"]}]},{\"@type\":\"ImageObject\",\"inLanguage\":\"fr-FR\",\"@id\":\"https:\/\/newsestlyonnais.fr\/site\/2019\/01\/19\/decines-le-credit-agricole-du-centre-est-a-inaugure-son-agence-locale-relookee\/#primaryimage\",\"url\":\"https:\/\/newsestlyonnais.fr\/site\/wp-content\/uploads\/2019\/01\/20190116_193700.jpg\",\"contentUrl\":\"https:\/\/newsestlyonnais.fr\/site\/wp-content\/uploads\/2019\/01\/20190116_193700.jpg\",\"width\":3264,\"height\":1836,\"caption\":\"NEWSESTLYONAIS INAUG AGENCE DECINES\"},{\"@type\":\"BreadcrumbList\",\"@id\":\"https:\/\/newsestlyonnais.fr\/site\/2019\/01\/19\/decines-le-credit-agricole-du-centre-est-a-inaugure-son-agence-locale-relookee\/#breadcrumb\",\"itemListElement\":[{\"@type\":\"ListItem\",\"position\":1,\"name\":\"Accueil\",\"item\":\"https:\/\/newsestlyonnais.fr\/site\/\"},{\"@type\":\"ListItem\",\"position\":2,\"name\":\"DECINES | Le Cr\u00e9dit Agricole du Centre Est a inaugur\u00e9 son agence locale relook\u00e9e\"}]},{\"@type\":\"WebSite\",\"@id\":\"https:\/\/newsestlyonnais.fr\/site\/#website\",\"url\":\"https:\/\/newsestlyonnais.fr\/site\/\",\"name\":\"News Est Lyonnais\",\"description\":\"L&#039;actualit\u00e9 au plus pr\u00e8s\",\"publisher\":{\"@id\":\"https:\/\/newsestlyonnais.fr\/site\/#organization\"},\"potentialAction\":[{\"@type\":\"SearchAction\",\"target\":{\"@type\":\"EntryPoint\",\"urlTemplate\":\"https:\/\/newsestlyonnais.fr\/site\/?s={search_term_string}\"},\"query-input\":{\"@type\":\"PropertyValueSpecification\",\"valueRequired\":true,\"valueName\":\"search_term_string\"}}],\"inLanguage\":\"fr-FR\"},{\"@type\":\"Organization\",\"@id\":\"https:\/\/newsestlyonnais.fr\/site\/#organization\",\"name\":\"News EST LYONNAIS\",\"url\":\"https:\/\/newsestlyonnais.fr\/site\/\",\"logo\":{\"@type\":\"ImageObject\",\"inLanguage\":\"fr-FR\",\"@id\":\"https:\/\/newsestlyonnais.fr\/site\/#\/schema\/logo\/image\/\",\"url\":\"\",\"contentUrl\":\"\",\"caption\":\"News EST LYONNAIS\"},\"image\":{\"@id\":\"https:\/\/newsestlyonnais.fr\/site\/#\/schema\/logo\/image\/\"}},{\"@type\":\"Person\",\"@id\":\"https:\/\/newsestlyonnais.fr\/site\/#\/schema\/person\/3230d5615f390bb808365d673001e887\",\"name\":\"R\u00e9dac. NEWS\",\"sameAs\":[\"http:\/\/www.newsestlyonnais.fr\",\"https:\/\/www.facebook.com\/pascal.oberson.1?fref=ts\",\"https:\/\/fr.linkedin.com\/in\/pascal-oberson-b17045113\"],\"url\":\"https:\/\/newsestlyonnais.fr\/site\/author\/nel\/\"}]}<\/script>\n<!-- \/ Yoast SEO plugin. -->","yoast_head_json":{"title":"DECINES | Le Cr\u00e9dit Agricole du Centre Est a inaugur\u00e9 son agence locale relook\u00e9e - News Est Lyonnais DECINES : Le \"Cr\u00e9dit Agricole du Centre Est\" a inaugur\u00e9 son agence locale relook\u00e9e","description":"DECINES | Le \"Cr\u00e9dit Agricole du Centre Est\" a inaugur\u00e9 son agence locale relook\u00e9e","robots":{"index":"index","follow":"follow","max-snippet":"max-snippet:-1","max-image-preview":"max-image-preview:large","max-video-preview":"max-video-preview:-1"},"canonical":"https:\/\/newsestlyonnais.fr\/site\/2019\/01\/19\/decines-le-credit-agricole-du-centre-est-a-inaugure-son-agence-locale-relookee\/","og_locale":"fr_FR","og_type":"article","og_title":"DECINES | Le Cr\u00e9dit Agricole du Centre Est a inaugur\u00e9 son agence locale relook\u00e9e - News Est Lyonnais DECINES : Le \"Cr\u00e9dit Agricole du Centre Est\" a inaugur\u00e9 son agence locale relook\u00e9e","og_description":"DECINES | Le \"Cr\u00e9dit Agricole du Centre Est\" a inaugur\u00e9 son agence locale relook\u00e9e","og_url":"https:\/\/newsestlyonnais.fr\/site\/2019\/01\/19\/decines-le-credit-agricole-du-centre-est-a-inaugure-son-agence-locale-relookee\/","og_site_name":"News Est Lyonnais","article_author":"https:\/\/www.facebook.com\/pascal.oberson.1?fref=ts","article_published_time":"2019-01-19T11:18:31+00:00","article_modified_time":"2020-11-05T19:51:44+00:00","og_image":[{"width":3264,"height":1836,"url":"https:\/\/i0.wp.com\/newsestlyonnais.fr\/site\/wp-content\/uploads\/2019\/01\/20190116_193700.jpg?fit=3264%2C1836&ssl=1","type":"image\/jpeg"}],"author":"R\u00e9dac. NEWS","twitter_card":"summary_large_image","twitter_misc":{"\u00c9crit par":"R\u00e9dac. NEWS","Dur\u00e9e de lecture estim\u00e9e":"2 minutes"},"schema":{"@context":"https:\/\/schema.org","@graph":[{"@type":"Article","@id":"https:\/\/newsestlyonnais.fr\/site\/2019\/01\/19\/decines-le-credit-agricole-du-centre-est-a-inaugure-son-agence-locale-relookee\/#article","isPartOf":{"@id":"https:\/\/newsestlyonnais.fr\/site\/2019\/01\/19\/decines-le-credit-agricole-du-centre-est-a-inaugure-son-agence-locale-relookee\/"},"author":{"name":"R\u00e9dac. NEWS","@id":"https:\/\/newsestlyonnais.fr\/site\/#\/schema\/person\/3230d5615f390bb808365d673001e887"},"headline":"DECINES | Le Cr\u00e9dit Agricole du Centre Est a inaugur\u00e9 son agence locale relook\u00e9e","datePublished":"2019-01-19T11:18:31+00:00","dateModified":"2020-11-05T19:51:44+00:00","mainEntityOfPage":{"@id":"https:\/\/newsestlyonnais.fr\/site\/2019\/01\/19\/decines-le-credit-agricole-du-centre-est-a-inaugure-son-agence-locale-relookee\/"},"wordCount":436,"commentCount":0,"publisher":{"@id":"https:\/\/newsestlyonnais.fr\/site\/#organization"},"image":{"@id":"https:\/\/newsestlyonnais.fr\/site\/2019\/01\/19\/decines-le-credit-agricole-du-centre-est-a-inaugure-son-agence-locale-relookee\/#primaryimage"},"thumbnailUrl":"https:\/\/newsestlyonnais.fr\/site\/wp-content\/uploads\/2019\/01\/20190116_193700.jpg","keywords":["Cr\u00e9dit Agricole du Centre Est"],"articleSection":["1Publi-Reportages","Artisans | Commerces","Assurances | Banque | Cr\u00e9dit","D\u00e9cines-Charpieu","P'tites News"],"inLanguage":"fr-FR","potentialAction":[{"@type":"CommentAction","name":"Comment","target":["https:\/\/newsestlyonnais.fr\/site\/2019\/01\/19\/decines-le-credit-agricole-du-centre-est-a-inaugure-son-agence-locale-relookee\/#respond"]}]},{"@type":"WebPage","@id":"https:\/\/newsestlyonnais.fr\/site\/2019\/01\/19\/decines-le-credit-agricole-du-centre-est-a-inaugure-son-agence-locale-relookee\/","url":"https:\/\/newsestlyonnais.fr\/site\/2019\/01\/19\/decines-le-credit-agricole-du-centre-est-a-inaugure-son-agence-locale-relookee\/","name":"DECINES | Le Cr\u00e9dit Agricole du Centre Est a inaugur\u00e9 son agence locale relook\u00e9e - News Est Lyonnais DECINES : Le \"Cr\u00e9dit Agricole du Centre Est\" a inaugur\u00e9 son agence locale relook\u00e9e","isPartOf":{"@id":"https:\/\/newsestlyonnais.fr\/site\/#website"},"primaryImageOfPage":{"@id":"https:\/\/newsestlyonnais.fr\/site\/2019\/01\/19\/decines-le-credit-agricole-du-centre-est-a-inaugure-son-agence-locale-relookee\/#primaryimage"},"image":{"@id":"https:\/\/newsestlyonnais.fr\/site\/2019\/01\/19\/decines-le-credit-agricole-du-centre-est-a-inaugure-son-agence-locale-relookee\/#primaryimage"},"thumbnailUrl":"https:\/\/newsestlyonnais.fr\/site\/wp-content\/uploads\/2019\/01\/20190116_193700.jpg","datePublished":"2019-01-19T11:18:31+00:00","dateModified":"2020-11-05T19:51:44+00:00","description":"DECINES | Le \"Cr\u00e9dit Agricole du Centre Est\" a inaugur\u00e9 son agence locale relook\u00e9e","breadcrumb":{"@id":"https:\/\/newsestlyonnais.fr\/site\/2019\/01\/19\/decines-le-credit-agricole-du-centre-est-a-inaugure-son-agence-locale-relookee\/#breadcrumb"},"inLanguage":"fr-FR","potentialAction":[{"@type":"ReadAction","target":["https:\/\/newsestlyonnais.fr\/site\/2019\/01\/19\/decines-le-credit-agricole-du-centre-est-a-inaugure-son-agence-locale-relookee\/"]}]},{"@type":"ImageObject","inLanguage":"fr-FR","@id":"https:\/\/newsestlyonnais.fr\/site\/2019\/01\/19\/decines-le-credit-agricole-du-centre-est-a-inaugure-son-agence-locale-relookee\/#primaryimage","url":"https:\/\/newsestlyonnais.fr\/site\/wp-content\/uploads\/2019\/01\/20190116_193700.jpg","contentUrl":"https:\/\/newsestlyonnais.fr\/site\/wp-content\/uploads\/2019\/01\/20190116_193700.jpg","width":3264,"height":1836,"caption":"NEWSESTLYONAIS INAUG AGENCE DECINES"},{"@type":"BreadcrumbList","@id":"https:\/\/newsestlyonnais.fr\/site\/2019\/01\/19\/decines-le-credit-agricole-du-centre-est-a-inaugure-son-agence-locale-relookee\/#breadcrumb","itemListElement":[{"@type":"ListItem","position":1,"name":"Accueil","item":"https:\/\/newsestlyonnais.fr\/site\/"},{"@type":"ListItem","position":2,"name":"DECINES | Le Cr\u00e9dit Agricole du Centre Est a inaugur\u00e9 son agence locale relook\u00e9e"}]},{"@type":"WebSite","@id":"https:\/\/newsestlyonnais.fr\/site\/#website","url":"https:\/\/newsestlyonnais.fr\/site\/","name":"News Est Lyonnais","description":"L&#039;actualit\u00e9 au plus pr\u00e8s","publisher":{"@id":"https:\/\/newsestlyonnais.fr\/site\/#organization"},"potentialAction":[{"@type":"SearchAction","target":{"@type":"EntryPoint","urlTemplate":"https:\/\/newsestlyonnais.fr\/site\/?s={search_term_string}"},"query-input":{"@type":"PropertyValueSpecification","valueRequired":true,"valueName":"search_term_string"}}],"inLanguage":"fr-FR"},{"@type":"Organization","@id":"https:\/\/newsestlyonnais.fr\/site\/#organization","name":"News EST LYONNAIS","url":"https:\/\/newsestlyonnais.fr\/site\/","logo":{"@type":"ImageObject","inLanguage":"fr-FR","@id":"https:\/\/newsestlyonnais.fr\/site\/#\/schema\/logo\/image\/","url":"","contentUrl":"","caption":"News EST LYONNAIS"},"image":{"@id":"https:\/\/newsestlyonnais.fr\/site\/#\/schema\/logo\/image\/"}},{"@type":"Person","@id":"https:\/\/newsestlyonnais.fr\/site\/#\/schema\/person\/3230d5615f390bb808365d673001e887","name":"R\u00e9dac. NEWS","sameAs":["http:\/\/www.newsestlyonnais.fr","https:\/\/www.facebook.com\/pascal.oberson.1?fref=ts","https:\/\/fr.linkedin.com\/in\/pascal-oberson-b17045113"],"url":"https:\/\/newsestlyonnais.fr\/site\/author\/nel\/"}]}},"_links":{"self":[{"href":"https:\/\/newsestlyonnais.fr\/site\/wp-json\/wp\/v2\/posts\/63815","targetHints":{"allow":["GET"]}}],"collection":[{"href":"https:\/\/newsestlyonnais.fr\/site\/wp-json\/wp\/v2\/posts"}],"about":[{"href":"https:\/\/newsestlyonnais.fr\/site\/wp-json\/wp\/v2\/types\/post"}],"author":[{"embeddable":true,"href":"https:\/\/newsestlyonnais.fr\/site\/wp-json\/wp\/v2\/users\/4"}],"replies":[{"embeddable":true,"href":"https:\/\/newsestlyonnais.fr\/site\/wp-json\/wp\/v2\/comments?post=63815"}],"version-history":[{"count":0,"href":"https:\/\/newsestlyonnais.fr\/site\/wp-json\/wp\/v2\/posts\/63815\/revisions"}],"wp:featuredmedia":[{"embeddable":true,"href":"https:\/\/newsestlyonnais.fr\/site\/wp-json\/wp\/v2\/media\/63819"}],"wp:attachment":[{"href":"https:\/\/newsestlyonnais.fr\/site\/wp-json\/wp\/v2\/media?parent=63815"}],"wp:term":[{"taxonomy":"category","embeddable":true,"href":"https:\/\/newsestlyonnais.fr\/site\/wp-json\/wp\/v2\/categories?post=63815"},{"taxonomy":"post_tag","embeddable":true,"href":"https:\/\/newsestlyonnais.fr\/site\/wp-json\/wp\/v2\/tags?post=63815"}],"curies":[{"name":"wp","href":"https:\/\/api.w.org\/{rel}","templated":true}]}}