{"id":63859,"date":"2019-01-19T19:28:18","date_gmt":"2019-01-19T18:28:18","guid":{"rendered":"http:\/\/newsestlyonnais.fr\/site\/?p=63859"},"modified":"2020-05-19T15:27:58","modified_gmt":"2020-05-19T14:27:58","slug":"vaulx-en-velin-les-manifestations-au-25-janvier-2019","status":"publish","type":"post","link":"https:\/\/newsestlyonnais.fr\/site\/2019\/01\/19\/vaulx-en-velin-les-manifestations-au-25-janvier-2019\/","title":{"rendered":"VAULX-EN-VELIN | Les manifestations au 25 Janvier 2019"},"content":{"rendered":"<h4>Plusieurs \u00e9v\u00e8nements se d\u00e9rouleront durant cette p\u00e9riode, sur la commune vaudaise, \u00e0 savoir :<\/h4>\n<ul>\n<li><strong>Jusqu&rsquo;au<\/strong> <strong>26 janvier 2019<\/strong> : <span style=\"text-decoration: underline\">FESTIVAL du FILM COURT FRANCOPHONE DE VAULX-EN-VELIN<\/span> : Un poing c\u2019est court \u2013 19\u00b0 \u00e9dition. 1427 films re\u00e7us \/ 6 jurys \u2013 13 prix \/ 22 pays de l\u2019espace francophone repr\u00e9sent\u00e9s. Au programme : comp\u00e9tition officielle, comp\u00e9tition scolaire, soir\u00e9es th\u00e9matiques et ateliers \u2013 \u00e9v\u00e9nements (atelier d\u2019\u00e9criture critique, d\u00e9couverte des m\u00e9tiers du cin\u00e9ma). R\u00e9servation obligatoire. Renseignements aupr\u00e8s du Bureau du Festival, Espace Carco, 20 rue Robert Desnos, 69120 Vaulx-en-Velin \u2013 info@vaulxfilmcourt.com et t\u00e9l. 09 52 90 42 75 ou 07 83 34 61 91.<\/li>\n<li><strong>Du lundi 21<\/strong> <strong><strong>au jeudi 24 janvier 2019 : <\/strong><\/strong><span style=\"text-decoration: underline\">ACTIVIT\u00c9S DES PERSONNES \u00c2G\u00c9ES<\/span>.- <strong>Lundi 21, de 13 h 30 \u00e0 16 h 30<\/strong> : jeux et convivialit\u00e9. (Salle \u00c9dith-Piaf). Inscription obligatoire.- <strong>Mardi 22, de 14 h \u00e0 15 h ou de 15 h 30 \u00e0 16 h 30<\/strong> : atelier remue-meninges. Inscription obligatoire. &#8211; <strong>Mercredi 23, \u00e0 13 h 30<\/strong> : duplicate de Scrabble. (Salle \u00c9dith-Piaf). &#8211; <strong>Jeudi 24, \u00e0 14 h<\/strong> : rencontre initiative autour du faire soi-m\u00eame. (Salle \u00c9dith-Piaf). D\u00e9couvrez des associations et initiatives qui permettent de retrouver le plaisir de foire soi-m\u00eame les objets et produits du quotidien. Inscription obligatoire. Inscriptions et infos aupr\u00e8s du Service des Retrait\u00e9s, t\u00e9l. 04 72 04 78 40.<\/li>\n<li><strong>Du 23 janvier au 5 f\u00e9vrier 2019 <\/strong>:\u00a0<span style=\"text-decoration: underline\"><span style=\"text-decoration: underline\">VACANCES D\u2019HIVER 2019 : INSCRIPTION ACCUEILS DE LOISIRS : <\/span><\/span>\u00c0 partir du 23 janvier, il sera possible d&rsquo;inscrire son enfant aux accueils de loisirs pour les vacances d&rsquo;hiver (du samedi 16 f\u00e9vrier au dimanche 3 mars 2019): &#8211; \u00c0 l&rsquo;espace Famille, H\u00f4tel de Ville (2e \u00e9tage), place de la Nation. &#8211; \u00c0 la Mairie annexe au Sud, 4 rue Joseph-Blein et en ligne, sur <a href=\"https:\/\/mairievaulxenvelin.espace-famille.net\/mairievaulxenvelin\/index.do\" target=\"_blank\" rel=\"noopener noreferrer\">https:\/\/mairievaulxenvelin.espace-famille.net\/mairievaulxenvelin\/index.do<\/a><\/li>\n<li><strong><strong>Jeudi 24 janvier 2019, de 9 h \u00e0 11 h : <\/strong><\/strong><span style=\"text-decoration: underline\">RENDEZ-VOUS DE L&rsquo;EMPLOI<\/span>. M\u00c9TIERS DU TRANSPORT &amp; LOGISTIQUE. (Centre culturel communal Charlie-Chaplin). <strong>Pour les candidats<\/strong> : &#8211; D\u00e9couverte de nouveaux m\u00e9tiers. &#8211; Aide \u00e0 la recherche d\u2019emploi (CV et entretien). &#8211; Rencontre avec des employeurs. <strong>Pour les recruteurs<\/strong> : &#8211; \u00c9changes directs avec des candidats motiv\u00e9s. &#8211; Rencontre des acteurs de l\u2019emploi.<\/li>\n<li><strong>Jusqu&rsquo;au vendredi 15 f\u00e9vrier 2019<\/strong> : <span style=\"text-decoration: underline\">INSCRIPTIONS AU REPAS DES SENIORS<\/span><strong><strong><strong><strong>.\u00a0<\/strong><\/strong><\/strong><\/strong>Au service municipal des retrait\u00e9s ou \u00e0 la mairie annexe. La municipalit\u00e9 a le plaisir d\u2019inviter <strong>tous les retrait\u00e9s vaudais de 70 ans et plus<\/strong>, ainsi que leur conjoint, au <strong>traditionnel repas de l\u2019amiti\u00e9 : mercredi 3 ou jeudi 4 avril 2019 \u00e0 12 h<\/strong>, au Centre Culturel Communal Charlie Chaplin. Un menu de f\u00eate sera confectionn\u00e9 \u00e0 cette occasion pour que les seniors passent un moment inoubliable. Les convives auront le choix entre un menu (poisson ou viande). Ce choix devra \u00eatre communiqu\u00e9 lors de l\u2019inscription. Un transport en car sera organis\u00e9 pour l\u2019aller \u00e0 partir de 11 h et pour le retour vers 17 h, sur demande.<\/li>\n<li><strong><strong>Jusqu&rsquo;au samedi 23 f\u00e9vrier 2019 : <\/strong><\/strong><span style=\"text-decoration: underline\">ENQU\u00caTE DE RECENSEMENT<\/span><strong><strong>. <\/strong><\/strong>Des agents recenseurs rendent visite \u00e0 1.620 logements vaudais s\u00e9lectionn\u00e9s par <a href=\"http:\/\/p6ox.mj.am\/lnk\/AM8AAComeq4AAcHbtl4AAGOsOgIAAP-H360AGe0nAATlvQBcQlksiyJzRFgITL6P1TQMH5AxYAADZfo\/19\/f4r3HZSB5NA6-Mv8dUCegg\/aHR0cHM6Ly93d3cuaW5zZWUuZnIv\" target=\"_blank\" rel=\"noopener noreferrer\">l\u2019INSEE<\/a>. Plus de 3. 000 personnes sont concern\u00e9es. Ces agents sont recrut\u00e9s par la Ville et sont munis d\u2019une carte professionnelle. Ils la pr\u00e9senteront lors de leur passage. Merci de leur r\u00e9server un bon accueil. Plus d&rsquo;infos sur :\u00a0<a href=\"http:\/\/vaulx-en-velin.net\/actualites\/du-17-janvier-au-23-fevrier-2019-enquete-de-recensement\" target=\"_blank\" rel=\"noopener noreferrer\">http:\/\/vaulx-en-velin.net\/actualites\/du-17-janvier-au-23-fevrier-2019-enquete-de-recensement<\/a><\/li>\n<\/ul>\n<p><strong>Retrouvez l\u2019ACTU de la commune sur : <a href=\"http:\/\/www.vaulx-en-velin.net\" target=\"_blank\" rel=\"noopener noreferrer\">http:\/\/www.vaulx-en-velin.net<\/a><\/strong><\/p>\n<p><img loading=\"lazy\" decoding=\"async\" class=\"aligncenter size-medium wp-image-62000\" src=\"https:\/\/newsestlyonnais.fr\/site\/medias\/2018\/12\/NEWSESTLYONNAIS-FESTIVAL-COURT-400x250.jpeg\" alt=\"NEWSESTLYONNAIS FESTIVAL COURT\" width=\"400\" height=\"250\" srcset=\"https:\/\/newsestlyonnais.fr\/site\/wp-content\/uploads\/2018\/12\/NEWSESTLYONNAIS-FESTIVAL-COURT-400x250.jpeg 400w, https:\/\/newsestlyonnais.fr\/site\/wp-content\/uploads\/2018\/12\/NEWSESTLYONNAIS-FESTIVAL-COURT-768x480.jpeg 768w, https:\/\/newsestlyonnais.fr\/site\/wp-content\/uploads\/2018\/12\/NEWSESTLYONNAIS-FESTIVAL-COURT-1000x625.jpeg 1000w, https:\/\/newsestlyonnais.fr\/site\/wp-content\/uploads\/2018\/12\/NEWSESTLYONNAIS-FESTIVAL-COURT-600x375.jpeg 600w, https:\/\/newsestlyonnais.fr\/site\/wp-content\/uploads\/2018\/12\/NEWSESTLYONNAIS-FESTIVAL-COURT-171x108.jpeg 171w, https:\/\/newsestlyonnais.fr\/site\/wp-content\/uploads\/2018\/12\/NEWSESTLYONNAIS-FESTIVAL-COURT.jpeg 1200w\" sizes=\"auto, (max-width: 400px) 100vw, 400px\" \/><\/p>\n","protected":false},"excerpt":{"rendered":"<p>Plusieurs \u00e9v\u00e8nements se d\u00e9rouleront durant cette p\u00e9riode, sur la commune vaudaise, \u00e0 savoir : Jusqu&rsquo;au 26 janvier 2019 : FESTIVAL du FILM COURT FRANCOPHONE DE VAULX-EN-VELIN : Un poing c\u2019est court \u2013 19\u00b0 \u00e9dition. 1427 films re\u00e7us \/ 6 jurys \u2013 13 prix \/ 22 pays de l\u2019espace francophone repr\u00e9sent\u00e9s. Au programme : comp\u00e9tition officielle, [&hellip;]<\/p>\n","protected":false},"author":4,"featured_media":25509,"comment_status":"open","ping_status":"open","sticky":false,"template":"","format":"standard","meta":{"footnotes":""},"categories":[28],"tags":[1991,2059,2006],"class_list":["post-63859","post","type-post","status-publish","format-standard","has-post-thumbnail","hentry","category-vaulx-en-velin","tag-agenda","tag-manifestations","tag-vaulx-en-velin"],"yoast_head":"<!-- This site is optimized with the Yoast SEO plugin v27.2 - https:\/\/yoast.com\/product\/yoast-seo-wordpress\/ -->\n<title>VAULX-EN-VELIN | Les manifestations au 25 Janvier 2019 - News Est Lyonnais VAULX EN VELIN : L\u2019agenda des manifestations jusqu\u2019au 25 Janvier 2019<\/title>\n<meta name=\"description\" content=\"VAULX EN VELIN : L\u2019agenda des manifestations jusqu\u2019au 25 Janvier 2019\" \/>\n<meta name=\"robots\" content=\"index, follow, max-snippet:-1, max-image-preview:large, max-video-preview:-1\" \/>\n<link rel=\"canonical\" href=\"https:\/\/newsestlyonnais.fr\/site\/2019\/01\/19\/vaulx-en-velin-les-manifestations-au-25-janvier-2019\/\" \/>\n<meta property=\"og:locale\" content=\"fr_FR\" \/>\n<meta property=\"og:type\" content=\"article\" \/>\n<meta property=\"og:title\" content=\"VAULX-EN-VELIN | Les manifestations au 25 Janvier 2019 - News Est Lyonnais VAULX EN VELIN : L\u2019agenda des manifestations jusqu\u2019au 25 Janvier 2019\" \/>\n<meta property=\"og:description\" content=\"VAULX EN VELIN : L\u2019agenda des manifestations jusqu\u2019au 25 Janvier 2019\" \/>\n<meta property=\"og:url\" content=\"https:\/\/newsestlyonnais.fr\/site\/2019\/01\/19\/vaulx-en-velin-les-manifestations-au-25-janvier-2019\/\" \/>\n<meta property=\"og:site_name\" content=\"News Est Lyonnais\" \/>\n<meta property=\"article:author\" content=\"https:\/\/www.facebook.com\/pascal.oberson.1?fref=ts\" \/>\n<meta property=\"article:published_time\" content=\"2019-01-19T18:28:18+00:00\" \/>\n<meta property=\"article:modified_time\" content=\"2020-05-19T14:27:58+00:00\" \/>\n<meta property=\"og:image\" content=\"https:\/\/i1.wp.com\/newsestlyonnais.fr\/site\/wp-content\/uploads\/2017\/05\/NEWSESTLYONNAIS-PaNNEAU-VAULX-.jpg?fit=1000%2C750&ssl=1\" \/>\n\t<meta property=\"og:image:width\" content=\"1000\" \/>\n\t<meta property=\"og:image:height\" content=\"750\" \/>\n\t<meta property=\"og:image:type\" content=\"image\/jpeg\" \/>\n<meta name=\"author\" content=\"R\u00e9dac. NEWS\" \/>\n<meta name=\"twitter:card\" content=\"summary_large_image\" \/>\n<meta name=\"twitter:label1\" content=\"\u00c9crit par\" \/>\n\t<meta name=\"twitter:data1\" content=\"R\u00e9dac. NEWS\" \/>\n\t<meta name=\"twitter:label2\" content=\"Dur\u00e9e de lecture estim\u00e9e\" \/>\n\t<meta name=\"twitter:data2\" content=\"3 minutes\" \/>\n<script type=\"application\/ld+json\" class=\"yoast-schema-graph\">{\"@context\":\"https:\/\/schema.org\",\"@graph\":[{\"@type\":\"Article\",\"@id\":\"https:\/\/newsestlyonnais.fr\/site\/2019\/01\/19\/vaulx-en-velin-les-manifestations-au-25-janvier-2019\/#article\",\"isPartOf\":{\"@id\":\"https:\/\/newsestlyonnais.fr\/site\/2019\/01\/19\/vaulx-en-velin-les-manifestations-au-25-janvier-2019\/\"},\"author\":{\"name\":\"R\u00e9dac. NEWS\",\"@id\":\"https:\/\/newsestlyonnais.fr\/site\/#\/schema\/person\/3230d5615f390bb808365d673001e887\"},\"headline\":\"VAULX-EN-VELIN | Les manifestations au 25 Janvier 2019\",\"datePublished\":\"2019-01-19T18:28:18+00:00\",\"dateModified\":\"2020-05-19T14:27:58+00:00\",\"mainEntityOfPage\":{\"@id\":\"https:\/\/newsestlyonnais.fr\/site\/2019\/01\/19\/vaulx-en-velin-les-manifestations-au-25-janvier-2019\/\"},\"wordCount\":520,\"commentCount\":0,\"publisher\":{\"@id\":\"https:\/\/newsestlyonnais.fr\/site\/#organization\"},\"image\":{\"@id\":\"https:\/\/newsestlyonnais.fr\/site\/2019\/01\/19\/vaulx-en-velin-les-manifestations-au-25-janvier-2019\/#primaryimage\"},\"thumbnailUrl\":\"https:\/\/newsestlyonnais.fr\/site\/wp-content\/uploads\/2017\/05\/NEWSESTLYONNAIS-PaNNEAU-VAULX-.jpg\",\"keywords\":[\"AGENDA\",\"MANIFESTATIONS\",\"VAULX EN VELIN\"],\"articleSection\":[\"Vaulx-en-Velin\"],\"inLanguage\":\"fr-FR\",\"potentialAction\":[{\"@type\":\"CommentAction\",\"name\":\"Comment\",\"target\":[\"https:\/\/newsestlyonnais.fr\/site\/2019\/01\/19\/vaulx-en-velin-les-manifestations-au-25-janvier-2019\/#respond\"]}]},{\"@type\":\"WebPage\",\"@id\":\"https:\/\/newsestlyonnais.fr\/site\/2019\/01\/19\/vaulx-en-velin-les-manifestations-au-25-janvier-2019\/\",\"url\":\"https:\/\/newsestlyonnais.fr\/site\/2019\/01\/19\/vaulx-en-velin-les-manifestations-au-25-janvier-2019\/\",\"name\":\"VAULX-EN-VELIN | Les manifestations au 25 Janvier 2019 - News Est Lyonnais VAULX EN VELIN : L\u2019agenda des manifestations jusqu\u2019au 25 Janvier 2019\",\"isPartOf\":{\"@id\":\"https:\/\/newsestlyonnais.fr\/site\/#website\"},\"primaryImageOfPage\":{\"@id\":\"https:\/\/newsestlyonnais.fr\/site\/2019\/01\/19\/vaulx-en-velin-les-manifestations-au-25-janvier-2019\/#primaryimage\"},\"image\":{\"@id\":\"https:\/\/newsestlyonnais.fr\/site\/2019\/01\/19\/vaulx-en-velin-les-manifestations-au-25-janvier-2019\/#primaryimage\"},\"thumbnailUrl\":\"https:\/\/newsestlyonnais.fr\/site\/wp-content\/uploads\/2017\/05\/NEWSESTLYONNAIS-PaNNEAU-VAULX-.jpg\",\"datePublished\":\"2019-01-19T18:28:18+00:00\",\"dateModified\":\"2020-05-19T14:27:58+00:00\",\"description\":\"VAULX EN VELIN : L\u2019agenda des manifestations jusqu\u2019au 25 Janvier 2019\",\"breadcrumb\":{\"@id\":\"https:\/\/newsestlyonnais.fr\/site\/2019\/01\/19\/vaulx-en-velin-les-manifestations-au-25-janvier-2019\/#breadcrumb\"},\"inLanguage\":\"fr-FR\",\"potentialAction\":[{\"@type\":\"ReadAction\",\"target\":[\"https:\/\/newsestlyonnais.fr\/site\/2019\/01\/19\/vaulx-en-velin-les-manifestations-au-25-janvier-2019\/\"]}]},{\"@type\":\"ImageObject\",\"inLanguage\":\"fr-FR\",\"@id\":\"https:\/\/newsestlyonnais.fr\/site\/2019\/01\/19\/vaulx-en-velin-les-manifestations-au-25-janvier-2019\/#primaryimage\",\"url\":\"https:\/\/newsestlyonnais.fr\/site\/wp-content\/uploads\/2017\/05\/NEWSESTLYONNAIS-PaNNEAU-VAULX-.jpg\",\"contentUrl\":\"https:\/\/newsestlyonnais.fr\/site\/wp-content\/uploads\/2017\/05\/NEWSESTLYONNAIS-PaNNEAU-VAULX-.jpg\",\"width\":1000,\"height\":750,\"caption\":\"NEWSESTLYONNAIS - PaNNEAU VAULX\"},{\"@type\":\"BreadcrumbList\",\"@id\":\"https:\/\/newsestlyonnais.fr\/site\/2019\/01\/19\/vaulx-en-velin-les-manifestations-au-25-janvier-2019\/#breadcrumb\",\"itemListElement\":[{\"@type\":\"ListItem\",\"position\":1,\"name\":\"Accueil\",\"item\":\"https:\/\/newsestlyonnais.fr\/site\/\"},{\"@type\":\"ListItem\",\"position\":2,\"name\":\"VAULX-EN-VELIN | Les manifestations au 25 Janvier 2019\"}]},{\"@type\":\"WebSite\",\"@id\":\"https:\/\/newsestlyonnais.fr\/site\/#website\",\"url\":\"https:\/\/newsestlyonnais.fr\/site\/\",\"name\":\"News Est Lyonnais\",\"description\":\"L&#039;actualit\u00e9 au plus pr\u00e8s\",\"publisher\":{\"@id\":\"https:\/\/newsestlyonnais.fr\/site\/#organization\"},\"potentialAction\":[{\"@type\":\"SearchAction\",\"target\":{\"@type\":\"EntryPoint\",\"urlTemplate\":\"https:\/\/newsestlyonnais.fr\/site\/?s={search_term_string}\"},\"query-input\":{\"@type\":\"PropertyValueSpecification\",\"valueRequired\":true,\"valueName\":\"search_term_string\"}}],\"inLanguage\":\"fr-FR\"},{\"@type\":\"Organization\",\"@id\":\"https:\/\/newsestlyonnais.fr\/site\/#organization\",\"name\":\"News EST LYONNAIS\",\"url\":\"https:\/\/newsestlyonnais.fr\/site\/\",\"logo\":{\"@type\":\"ImageObject\",\"inLanguage\":\"fr-FR\",\"@id\":\"https:\/\/newsestlyonnais.fr\/site\/#\/schema\/logo\/image\/\",\"url\":\"\",\"contentUrl\":\"\",\"caption\":\"News EST LYONNAIS\"},\"image\":{\"@id\":\"https:\/\/newsestlyonnais.fr\/site\/#\/schema\/logo\/image\/\"}},{\"@type\":\"Person\",\"@id\":\"https:\/\/newsestlyonnais.fr\/site\/#\/schema\/person\/3230d5615f390bb808365d673001e887\",\"name\":\"R\u00e9dac. NEWS\",\"sameAs\":[\"http:\/\/www.newsestlyonnais.fr\",\"https:\/\/www.facebook.com\/pascal.oberson.1?fref=ts\",\"https:\/\/fr.linkedin.com\/in\/pascal-oberson-b17045113\"],\"url\":\"https:\/\/newsestlyonnais.fr\/site\/author\/nel\/\"}]}<\/script>\n<!-- \/ Yoast SEO plugin. -->","yoast_head_json":{"title":"VAULX-EN-VELIN | Les manifestations au 25 Janvier 2019 - News Est Lyonnais VAULX EN VELIN : L\u2019agenda des manifestations jusqu\u2019au 25 Janvier 2019","description":"VAULX EN VELIN : L\u2019agenda des manifestations jusqu\u2019au 25 Janvier 2019","robots":{"index":"index","follow":"follow","max-snippet":"max-snippet:-1","max-image-preview":"max-image-preview:large","max-video-preview":"max-video-preview:-1"},"canonical":"https:\/\/newsestlyonnais.fr\/site\/2019\/01\/19\/vaulx-en-velin-les-manifestations-au-25-janvier-2019\/","og_locale":"fr_FR","og_type":"article","og_title":"VAULX-EN-VELIN | Les manifestations au 25 Janvier 2019 - News Est Lyonnais VAULX EN VELIN : L\u2019agenda des manifestations jusqu\u2019au 25 Janvier 2019","og_description":"VAULX EN VELIN : L\u2019agenda des manifestations jusqu\u2019au 25 Janvier 2019","og_url":"https:\/\/newsestlyonnais.fr\/site\/2019\/01\/19\/vaulx-en-velin-les-manifestations-au-25-janvier-2019\/","og_site_name":"News Est Lyonnais","article_author":"https:\/\/www.facebook.com\/pascal.oberson.1?fref=ts","article_published_time":"2019-01-19T18:28:18+00:00","article_modified_time":"2020-05-19T14:27:58+00:00","og_image":[{"width":1000,"height":750,"url":"https:\/\/i1.wp.com\/newsestlyonnais.fr\/site\/wp-content\/uploads\/2017\/05\/NEWSESTLYONNAIS-PaNNEAU-VAULX-.jpg?fit=1000%2C750&ssl=1","type":"image\/jpeg"}],"author":"R\u00e9dac. NEWS","twitter_card":"summary_large_image","twitter_misc":{"\u00c9crit par":"R\u00e9dac. NEWS","Dur\u00e9e de lecture estim\u00e9e":"3 minutes"},"schema":{"@context":"https:\/\/schema.org","@graph":[{"@type":"Article","@id":"https:\/\/newsestlyonnais.fr\/site\/2019\/01\/19\/vaulx-en-velin-les-manifestations-au-25-janvier-2019\/#article","isPartOf":{"@id":"https:\/\/newsestlyonnais.fr\/site\/2019\/01\/19\/vaulx-en-velin-les-manifestations-au-25-janvier-2019\/"},"author":{"name":"R\u00e9dac. NEWS","@id":"https:\/\/newsestlyonnais.fr\/site\/#\/schema\/person\/3230d5615f390bb808365d673001e887"},"headline":"VAULX-EN-VELIN | Les manifestations au 25 Janvier 2019","datePublished":"2019-01-19T18:28:18+00:00","dateModified":"2020-05-19T14:27:58+00:00","mainEntityOfPage":{"@id":"https:\/\/newsestlyonnais.fr\/site\/2019\/01\/19\/vaulx-en-velin-les-manifestations-au-25-janvier-2019\/"},"wordCount":520,"commentCount":0,"publisher":{"@id":"https:\/\/newsestlyonnais.fr\/site\/#organization"},"image":{"@id":"https:\/\/newsestlyonnais.fr\/site\/2019\/01\/19\/vaulx-en-velin-les-manifestations-au-25-janvier-2019\/#primaryimage"},"thumbnailUrl":"https:\/\/newsestlyonnais.fr\/site\/wp-content\/uploads\/2017\/05\/NEWSESTLYONNAIS-PaNNEAU-VAULX-.jpg","keywords":["AGENDA","MANIFESTATIONS","VAULX EN VELIN"],"articleSection":["Vaulx-en-Velin"],"inLanguage":"fr-FR","potentialAction":[{"@type":"CommentAction","name":"Comment","target":["https:\/\/newsestlyonnais.fr\/site\/2019\/01\/19\/vaulx-en-velin-les-manifestations-au-25-janvier-2019\/#respond"]}]},{"@type":"WebPage","@id":"https:\/\/newsestlyonnais.fr\/site\/2019\/01\/19\/vaulx-en-velin-les-manifestations-au-25-janvier-2019\/","url":"https:\/\/newsestlyonnais.fr\/site\/2019\/01\/19\/vaulx-en-velin-les-manifestations-au-25-janvier-2019\/","name":"VAULX-EN-VELIN | Les manifestations au 25 Janvier 2019 - News Est Lyonnais VAULX EN VELIN : L\u2019agenda des manifestations jusqu\u2019au 25 Janvier 2019","isPartOf":{"@id":"https:\/\/newsestlyonnais.fr\/site\/#website"},"primaryImageOfPage":{"@id":"https:\/\/newsestlyonnais.fr\/site\/2019\/01\/19\/vaulx-en-velin-les-manifestations-au-25-janvier-2019\/#primaryimage"},"image":{"@id":"https:\/\/newsestlyonnais.fr\/site\/2019\/01\/19\/vaulx-en-velin-les-manifestations-au-25-janvier-2019\/#primaryimage"},"thumbnailUrl":"https:\/\/newsestlyonnais.fr\/site\/wp-content\/uploads\/2017\/05\/NEWSESTLYONNAIS-PaNNEAU-VAULX-.jpg","datePublished":"2019-01-19T18:28:18+00:00","dateModified":"2020-05-19T14:27:58+00:00","description":"VAULX EN VELIN : L\u2019agenda des manifestations jusqu\u2019au 25 Janvier 2019","breadcrumb":{"@id":"https:\/\/newsestlyonnais.fr\/site\/2019\/01\/19\/vaulx-en-velin-les-manifestations-au-25-janvier-2019\/#breadcrumb"},"inLanguage":"fr-FR","potentialAction":[{"@type":"ReadAction","target":["https:\/\/newsestlyonnais.fr\/site\/2019\/01\/19\/vaulx-en-velin-les-manifestations-au-25-janvier-2019\/"]}]},{"@type":"ImageObject","inLanguage":"fr-FR","@id":"https:\/\/newsestlyonnais.fr\/site\/2019\/01\/19\/vaulx-en-velin-les-manifestations-au-25-janvier-2019\/#primaryimage","url":"https:\/\/newsestlyonnais.fr\/site\/wp-content\/uploads\/2017\/05\/NEWSESTLYONNAIS-PaNNEAU-VAULX-.jpg","contentUrl":"https:\/\/newsestlyonnais.fr\/site\/wp-content\/uploads\/2017\/05\/NEWSESTLYONNAIS-PaNNEAU-VAULX-.jpg","width":1000,"height":750,"caption":"NEWSESTLYONNAIS - PaNNEAU VAULX"},{"@type":"BreadcrumbList","@id":"https:\/\/newsestlyonnais.fr\/site\/2019\/01\/19\/vaulx-en-velin-les-manifestations-au-25-janvier-2019\/#breadcrumb","itemListElement":[{"@type":"ListItem","position":1,"name":"Accueil","item":"https:\/\/newsestlyonnais.fr\/site\/"},{"@type":"ListItem","position":2,"name":"VAULX-EN-VELIN | Les manifestations au 25 Janvier 2019"}]},{"@type":"WebSite","@id":"https:\/\/newsestlyonnais.fr\/site\/#website","url":"https:\/\/newsestlyonnais.fr\/site\/","name":"News Est Lyonnais","description":"L&#039;actualit\u00e9 au plus pr\u00e8s","publisher":{"@id":"https:\/\/newsestlyonnais.fr\/site\/#organization"},"potentialAction":[{"@type":"SearchAction","target":{"@type":"EntryPoint","urlTemplate":"https:\/\/newsestlyonnais.fr\/site\/?s={search_term_string}"},"query-input":{"@type":"PropertyValueSpecification","valueRequired":true,"valueName":"search_term_string"}}],"inLanguage":"fr-FR"},{"@type":"Organization","@id":"https:\/\/newsestlyonnais.fr\/site\/#organization","name":"News EST LYONNAIS","url":"https:\/\/newsestlyonnais.fr\/site\/","logo":{"@type":"ImageObject","inLanguage":"fr-FR","@id":"https:\/\/newsestlyonnais.fr\/site\/#\/schema\/logo\/image\/","url":"","contentUrl":"","caption":"News EST LYONNAIS"},"image":{"@id":"https:\/\/newsestlyonnais.fr\/site\/#\/schema\/logo\/image\/"}},{"@type":"Person","@id":"https:\/\/newsestlyonnais.fr\/site\/#\/schema\/person\/3230d5615f390bb808365d673001e887","name":"R\u00e9dac. NEWS","sameAs":["http:\/\/www.newsestlyonnais.fr","https:\/\/www.facebook.com\/pascal.oberson.1?fref=ts","https:\/\/fr.linkedin.com\/in\/pascal-oberson-b17045113"],"url":"https:\/\/newsestlyonnais.fr\/site\/author\/nel\/"}]}},"_links":{"self":[{"href":"https:\/\/newsestlyonnais.fr\/site\/wp-json\/wp\/v2\/posts\/63859","targetHints":{"allow":["GET"]}}],"collection":[{"href":"https:\/\/newsestlyonnais.fr\/site\/wp-json\/wp\/v2\/posts"}],"about":[{"href":"https:\/\/newsestlyonnais.fr\/site\/wp-json\/wp\/v2\/types\/post"}],"author":[{"embeddable":true,"href":"https:\/\/newsestlyonnais.fr\/site\/wp-json\/wp\/v2\/users\/4"}],"replies":[{"embeddable":true,"href":"https:\/\/newsestlyonnais.fr\/site\/wp-json\/wp\/v2\/comments?post=63859"}],"version-history":[{"count":0,"href":"https:\/\/newsestlyonnais.fr\/site\/wp-json\/wp\/v2\/posts\/63859\/revisions"}],"wp:featuredmedia":[{"embeddable":true,"href":"https:\/\/newsestlyonnais.fr\/site\/wp-json\/wp\/v2\/media\/25509"}],"wp:attachment":[{"href":"https:\/\/newsestlyonnais.fr\/site\/wp-json\/wp\/v2\/media?parent=63859"}],"wp:term":[{"taxonomy":"category","embeddable":true,"href":"https:\/\/newsestlyonnais.fr\/site\/wp-json\/wp\/v2\/categories?post=63859"},{"taxonomy":"post_tag","embeddable":true,"href":"https:\/\/newsestlyonnais.fr\/site\/wp-json\/wp\/v2\/tags?post=63859"}],"curies":[{"name":"wp","href":"https:\/\/api.w.org\/{rel}","templated":true}]}}