{"id":63907,"date":"2019-01-20T08:31:11","date_gmt":"2019-01-20T07:31:11","guid":{"rendered":"http:\/\/newsestlyonnais.fr\/site\/?p=63907"},"modified":"2020-11-07T20:55:12","modified_gmt":"2020-11-07T19:55:12","slug":"genas-nouveau-fonctionnement-des-inscriptions-jeunesse","status":"publish","type":"post","link":"https:\/\/newsestlyonnais.fr\/site\/2019\/01\/20\/genas-nouveau-fonctionnement-des-inscriptions-jeunesse\/","title":{"rendered":"GENAS | Nouveau fonctionnement des inscriptions Jeunesse"},"content":{"rendered":"<h4>A partir des vacances de f\u00e9vrier, le secteur jeunesse proposera de s&rsquo; inscrire aux activit\u00e9s des vacances (s\u00e9jours, stages, activit\u00e9s \u00e0 la carte et accueil pr\u00e9 ados) directement en ligne via le portail famille.<\/h4>\n<p>Les inscriptions physiques aupr\u00e8s du Guichet Unique de la Mairie resteront possibles.<\/p>\n<ul>\n<li>Contact : Secteur jeunesse. T\u00e9l. 04 72 47 11 28<\/li>\n<\/ul>\n<p>Plus d&rsquo;infos sur : <a href=\"http:\/\/genas.fr\" target=\"_blank\" rel=\"noopener noreferrer\">http:\/\/genas.fr<\/a><\/p>\n","protected":false},"excerpt":{"rendered":"<p>A partir des vacances de f\u00e9vrier, le secteur jeunesse proposera de s&rsquo; inscrire aux activit\u00e9s des vacances (s\u00e9jours, stages, activit\u00e9s \u00e0 la carte et accueil pr\u00e9 ados) directement en ligne via le portail famille. Les inscriptions physiques aupr\u00e8s du Guichet Unique de la Mairie resteront possibles. Contact : Secteur jeunesse. T\u00e9l. 04 72 47 11 [&hellip;]<\/p>\n","protected":false},"author":4,"featured_media":0,"comment_status":"open","ping_status":"open","sticky":false,"template":"","format":"standard","meta":{"footnotes":""},"categories":[270,171,1598],"tags":[],"class_list":["post-63907","post","type-post","status-publish","format-standard","hentry","category-cte-de-communes-c-c-e-l","category-enfance-jeunesse","category-genas"],"yoast_head":"<!-- This site is optimized with the Yoast SEO plugin v27.2 - https:\/\/yoast.com\/product\/yoast-seo-wordpress\/ -->\n<title>GENAS | Nouveau fonctionnement des inscriptions Jeunesse - News Est Lyonnais<\/title>\n<meta name=\"description\" content=\"genas-nouveau-fonctionnement-des-inscriptions-jeunesse\" \/>\n<meta name=\"robots\" content=\"index, follow, max-snippet:-1, max-image-preview:large, max-video-preview:-1\" \/>\n<link rel=\"canonical\" href=\"https:\/\/newsestlyonnais.fr\/site\/2019\/01\/20\/genas-nouveau-fonctionnement-des-inscriptions-jeunesse\/\" \/>\n<meta property=\"og:locale\" content=\"fr_FR\" \/>\n<meta property=\"og:type\" content=\"article\" \/>\n<meta property=\"og:title\" content=\"GENAS | Nouveau fonctionnement des inscriptions Jeunesse - News Est Lyonnais\" \/>\n<meta property=\"og:description\" content=\"genas-nouveau-fonctionnement-des-inscriptions-jeunesse\" \/>\n<meta property=\"og:url\" content=\"https:\/\/newsestlyonnais.fr\/site\/2019\/01\/20\/genas-nouveau-fonctionnement-des-inscriptions-jeunesse\/\" \/>\n<meta property=\"og:site_name\" content=\"News Est Lyonnais\" \/>\n<meta property=\"article:author\" content=\"https:\/\/www.facebook.com\/pascal.oberson.1?fref=ts\" \/>\n<meta property=\"article:published_time\" content=\"2019-01-20T07:31:11+00:00\" \/>\n<meta property=\"article:modified_time\" content=\"2020-11-07T19:55:12+00:00\" \/>\n<meta name=\"author\" content=\"R\u00e9dac. NEWS\" \/>\n<meta name=\"twitter:card\" content=\"summary_large_image\" \/>\n<meta name=\"twitter:label1\" content=\"\u00c9crit par\" \/>\n\t<meta name=\"twitter:data1\" content=\"R\u00e9dac. NEWS\" \/>\n<script type=\"application\/ld+json\" class=\"yoast-schema-graph\">{\"@context\":\"https:\/\/schema.org\",\"@graph\":[{\"@type\":\"Article\",\"@id\":\"https:\/\/newsestlyonnais.fr\/site\/2019\/01\/20\/genas-nouveau-fonctionnement-des-inscriptions-jeunesse\/#article\",\"isPartOf\":{\"@id\":\"https:\/\/newsestlyonnais.fr\/site\/2019\/01\/20\/genas-nouveau-fonctionnement-des-inscriptions-jeunesse\/\"},\"author\":{\"name\":\"R\u00e9dac. NEWS\",\"@id\":\"https:\/\/newsestlyonnais.fr\/site\/#\/schema\/person\/3230d5615f390bb808365d673001e887\"},\"headline\":\"GENAS | Nouveau fonctionnement des inscriptions Jeunesse\",\"datePublished\":\"2019-01-20T07:31:11+00:00\",\"dateModified\":\"2020-11-07T19:55:12+00:00\",\"mainEntityOfPage\":{\"@id\":\"https:\/\/newsestlyonnais.fr\/site\/2019\/01\/20\/genas-nouveau-fonctionnement-des-inscriptions-jeunesse\/\"},\"wordCount\":68,\"commentCount\":0,\"publisher\":{\"@id\":\"https:\/\/newsestlyonnais.fr\/site\/#organization\"},\"articleSection\":[\"CCEL | Communes\",\"Enfance | Jeunesse\",\"Genas\"],\"inLanguage\":\"fr-FR\",\"potentialAction\":[{\"@type\":\"CommentAction\",\"name\":\"Comment\",\"target\":[\"https:\/\/newsestlyonnais.fr\/site\/2019\/01\/20\/genas-nouveau-fonctionnement-des-inscriptions-jeunesse\/#respond\"]}]},{\"@type\":\"WebPage\",\"@id\":\"https:\/\/newsestlyonnais.fr\/site\/2019\/01\/20\/genas-nouveau-fonctionnement-des-inscriptions-jeunesse\/\",\"url\":\"https:\/\/newsestlyonnais.fr\/site\/2019\/01\/20\/genas-nouveau-fonctionnement-des-inscriptions-jeunesse\/\",\"name\":\"GENAS | Nouveau fonctionnement des inscriptions Jeunesse - News Est Lyonnais\",\"isPartOf\":{\"@id\":\"https:\/\/newsestlyonnais.fr\/site\/#website\"},\"datePublished\":\"2019-01-20T07:31:11+00:00\",\"dateModified\":\"2020-11-07T19:55:12+00:00\",\"description\":\"genas-nouveau-fonctionnement-des-inscriptions-jeunesse\",\"breadcrumb\":{\"@id\":\"https:\/\/newsestlyonnais.fr\/site\/2019\/01\/20\/genas-nouveau-fonctionnement-des-inscriptions-jeunesse\/#breadcrumb\"},\"inLanguage\":\"fr-FR\",\"potentialAction\":[{\"@type\":\"ReadAction\",\"target\":[\"https:\/\/newsestlyonnais.fr\/site\/2019\/01\/20\/genas-nouveau-fonctionnement-des-inscriptions-jeunesse\/\"]}]},{\"@type\":\"BreadcrumbList\",\"@id\":\"https:\/\/newsestlyonnais.fr\/site\/2019\/01\/20\/genas-nouveau-fonctionnement-des-inscriptions-jeunesse\/#breadcrumb\",\"itemListElement\":[{\"@type\":\"ListItem\",\"position\":1,\"name\":\"Accueil\",\"item\":\"https:\/\/newsestlyonnais.fr\/site\/\"},{\"@type\":\"ListItem\",\"position\":2,\"name\":\"GENAS | Nouveau fonctionnement des inscriptions Jeunesse\"}]},{\"@type\":\"WebSite\",\"@id\":\"https:\/\/newsestlyonnais.fr\/site\/#website\",\"url\":\"https:\/\/newsestlyonnais.fr\/site\/\",\"name\":\"News Est Lyonnais\",\"description\":\"L&#039;actualit\u00e9 au plus pr\u00e8s\",\"publisher\":{\"@id\":\"https:\/\/newsestlyonnais.fr\/site\/#organization\"},\"potentialAction\":[{\"@type\":\"SearchAction\",\"target\":{\"@type\":\"EntryPoint\",\"urlTemplate\":\"https:\/\/newsestlyonnais.fr\/site\/?s={search_term_string}\"},\"query-input\":{\"@type\":\"PropertyValueSpecification\",\"valueRequired\":true,\"valueName\":\"search_term_string\"}}],\"inLanguage\":\"fr-FR\"},{\"@type\":\"Organization\",\"@id\":\"https:\/\/newsestlyonnais.fr\/site\/#organization\",\"name\":\"News EST LYONNAIS\",\"url\":\"https:\/\/newsestlyonnais.fr\/site\/\",\"logo\":{\"@type\":\"ImageObject\",\"inLanguage\":\"fr-FR\",\"@id\":\"https:\/\/newsestlyonnais.fr\/site\/#\/schema\/logo\/image\/\",\"url\":\"\",\"contentUrl\":\"\",\"caption\":\"News EST LYONNAIS\"},\"image\":{\"@id\":\"https:\/\/newsestlyonnais.fr\/site\/#\/schema\/logo\/image\/\"}},{\"@type\":\"Person\",\"@id\":\"https:\/\/newsestlyonnais.fr\/site\/#\/schema\/person\/3230d5615f390bb808365d673001e887\",\"name\":\"R\u00e9dac. NEWS\",\"sameAs\":[\"http:\/\/www.newsestlyonnais.fr\",\"https:\/\/www.facebook.com\/pascal.oberson.1?fref=ts\",\"https:\/\/fr.linkedin.com\/in\/pascal-oberson-b17045113\"],\"url\":\"https:\/\/newsestlyonnais.fr\/site\/author\/nel\/\"}]}<\/script>\n<!-- \/ Yoast SEO plugin. -->","yoast_head_json":{"title":"GENAS | Nouveau fonctionnement des inscriptions Jeunesse - News Est Lyonnais","description":"genas-nouveau-fonctionnement-des-inscriptions-jeunesse","robots":{"index":"index","follow":"follow","max-snippet":"max-snippet:-1","max-image-preview":"max-image-preview:large","max-video-preview":"max-video-preview:-1"},"canonical":"https:\/\/newsestlyonnais.fr\/site\/2019\/01\/20\/genas-nouveau-fonctionnement-des-inscriptions-jeunesse\/","og_locale":"fr_FR","og_type":"article","og_title":"GENAS | Nouveau fonctionnement des inscriptions Jeunesse - News Est Lyonnais","og_description":"genas-nouveau-fonctionnement-des-inscriptions-jeunesse","og_url":"https:\/\/newsestlyonnais.fr\/site\/2019\/01\/20\/genas-nouveau-fonctionnement-des-inscriptions-jeunesse\/","og_site_name":"News Est Lyonnais","article_author":"https:\/\/www.facebook.com\/pascal.oberson.1?fref=ts","article_published_time":"2019-01-20T07:31:11+00:00","article_modified_time":"2020-11-07T19:55:12+00:00","author":"R\u00e9dac. NEWS","twitter_card":"summary_large_image","twitter_misc":{"\u00c9crit par":"R\u00e9dac. NEWS"},"schema":{"@context":"https:\/\/schema.org","@graph":[{"@type":"Article","@id":"https:\/\/newsestlyonnais.fr\/site\/2019\/01\/20\/genas-nouveau-fonctionnement-des-inscriptions-jeunesse\/#article","isPartOf":{"@id":"https:\/\/newsestlyonnais.fr\/site\/2019\/01\/20\/genas-nouveau-fonctionnement-des-inscriptions-jeunesse\/"},"author":{"name":"R\u00e9dac. NEWS","@id":"https:\/\/newsestlyonnais.fr\/site\/#\/schema\/person\/3230d5615f390bb808365d673001e887"},"headline":"GENAS | Nouveau fonctionnement des inscriptions Jeunesse","datePublished":"2019-01-20T07:31:11+00:00","dateModified":"2020-11-07T19:55:12+00:00","mainEntityOfPage":{"@id":"https:\/\/newsestlyonnais.fr\/site\/2019\/01\/20\/genas-nouveau-fonctionnement-des-inscriptions-jeunesse\/"},"wordCount":68,"commentCount":0,"publisher":{"@id":"https:\/\/newsestlyonnais.fr\/site\/#organization"},"articleSection":["CCEL | Communes","Enfance | Jeunesse","Genas"],"inLanguage":"fr-FR","potentialAction":[{"@type":"CommentAction","name":"Comment","target":["https:\/\/newsestlyonnais.fr\/site\/2019\/01\/20\/genas-nouveau-fonctionnement-des-inscriptions-jeunesse\/#respond"]}]},{"@type":"WebPage","@id":"https:\/\/newsestlyonnais.fr\/site\/2019\/01\/20\/genas-nouveau-fonctionnement-des-inscriptions-jeunesse\/","url":"https:\/\/newsestlyonnais.fr\/site\/2019\/01\/20\/genas-nouveau-fonctionnement-des-inscriptions-jeunesse\/","name":"GENAS | Nouveau fonctionnement des inscriptions Jeunesse - News Est Lyonnais","isPartOf":{"@id":"https:\/\/newsestlyonnais.fr\/site\/#website"},"datePublished":"2019-01-20T07:31:11+00:00","dateModified":"2020-11-07T19:55:12+00:00","description":"genas-nouveau-fonctionnement-des-inscriptions-jeunesse","breadcrumb":{"@id":"https:\/\/newsestlyonnais.fr\/site\/2019\/01\/20\/genas-nouveau-fonctionnement-des-inscriptions-jeunesse\/#breadcrumb"},"inLanguage":"fr-FR","potentialAction":[{"@type":"ReadAction","target":["https:\/\/newsestlyonnais.fr\/site\/2019\/01\/20\/genas-nouveau-fonctionnement-des-inscriptions-jeunesse\/"]}]},{"@type":"BreadcrumbList","@id":"https:\/\/newsestlyonnais.fr\/site\/2019\/01\/20\/genas-nouveau-fonctionnement-des-inscriptions-jeunesse\/#breadcrumb","itemListElement":[{"@type":"ListItem","position":1,"name":"Accueil","item":"https:\/\/newsestlyonnais.fr\/site\/"},{"@type":"ListItem","position":2,"name":"GENAS | Nouveau fonctionnement des inscriptions Jeunesse"}]},{"@type":"WebSite","@id":"https:\/\/newsestlyonnais.fr\/site\/#website","url":"https:\/\/newsestlyonnais.fr\/site\/","name":"News Est Lyonnais","description":"L&#039;actualit\u00e9 au plus pr\u00e8s","publisher":{"@id":"https:\/\/newsestlyonnais.fr\/site\/#organization"},"potentialAction":[{"@type":"SearchAction","target":{"@type":"EntryPoint","urlTemplate":"https:\/\/newsestlyonnais.fr\/site\/?s={search_term_string}"},"query-input":{"@type":"PropertyValueSpecification","valueRequired":true,"valueName":"search_term_string"}}],"inLanguage":"fr-FR"},{"@type":"Organization","@id":"https:\/\/newsestlyonnais.fr\/site\/#organization","name":"News EST LYONNAIS","url":"https:\/\/newsestlyonnais.fr\/site\/","logo":{"@type":"ImageObject","inLanguage":"fr-FR","@id":"https:\/\/newsestlyonnais.fr\/site\/#\/schema\/logo\/image\/","url":"","contentUrl":"","caption":"News EST LYONNAIS"},"image":{"@id":"https:\/\/newsestlyonnais.fr\/site\/#\/schema\/logo\/image\/"}},{"@type":"Person","@id":"https:\/\/newsestlyonnais.fr\/site\/#\/schema\/person\/3230d5615f390bb808365d673001e887","name":"R\u00e9dac. NEWS","sameAs":["http:\/\/www.newsestlyonnais.fr","https:\/\/www.facebook.com\/pascal.oberson.1?fref=ts","https:\/\/fr.linkedin.com\/in\/pascal-oberson-b17045113"],"url":"https:\/\/newsestlyonnais.fr\/site\/author\/nel\/"}]}},"_links":{"self":[{"href":"https:\/\/newsestlyonnais.fr\/site\/wp-json\/wp\/v2\/posts\/63907","targetHints":{"allow":["GET"]}}],"collection":[{"href":"https:\/\/newsestlyonnais.fr\/site\/wp-json\/wp\/v2\/posts"}],"about":[{"href":"https:\/\/newsestlyonnais.fr\/site\/wp-json\/wp\/v2\/types\/post"}],"author":[{"embeddable":true,"href":"https:\/\/newsestlyonnais.fr\/site\/wp-json\/wp\/v2\/users\/4"}],"replies":[{"embeddable":true,"href":"https:\/\/newsestlyonnais.fr\/site\/wp-json\/wp\/v2\/comments?post=63907"}],"version-history":[{"count":0,"href":"https:\/\/newsestlyonnais.fr\/site\/wp-json\/wp\/v2\/posts\/63907\/revisions"}],"wp:attachment":[{"href":"https:\/\/newsestlyonnais.fr\/site\/wp-json\/wp\/v2\/media?parent=63907"}],"wp:term":[{"taxonomy":"category","embeddable":true,"href":"https:\/\/newsestlyonnais.fr\/site\/wp-json\/wp\/v2\/categories?post=63907"},{"taxonomy":"post_tag","embeddable":true,"href":"https:\/\/newsestlyonnais.fr\/site\/wp-json\/wp\/v2\/tags?post=63907"}],"curies":[{"name":"wp","href":"https:\/\/api.w.org\/{rel}","templated":true}]}}