{"id":64142,"date":"2019-01-22T16:10:52","date_gmt":"2019-01-22T15:10:52","guid":{"rendered":"http:\/\/newsestlyonnais.fr\/site\/?p=64142"},"modified":"2020-05-29T17:14:00","modified_gmt":"2020-05-29T16:14:00","slug":"saint-priest-le-comite-du-rhone-de-petanque-a-honore-ses-champions-2018","status":"publish","type":"post","link":"https:\/\/newsestlyonnais.fr\/site\/2019\/01\/22\/saint-priest-le-comite-du-rhone-de-petanque-a-honore-ses-champions-2018\/","title":{"rendered":"SAINT-PRIEST | Le Comit\u00e9 du Rh\u00f4ne de P\u00e9tanque a honor\u00e9 ses champions 2018"},"content":{"rendered":"<p>Une c\u00e9r\u00e9monie qui se d\u00e9roulait habituellement lors de l&rsquo;annuelle assembl\u00e9e g\u00e9n\u00e9rale et qui s&rsquo;est tenue devant une forte assistance. Les co-pr\u00e9sidents Gilbert Rosset &amp; Andr\u00e9 Boulet et les membres du comit\u00e9 ont ainsi honor\u00e9s tous les comp\u00e9titeurs des diff\u00e9rents clubs rhodaniens qui ont port\u00e9 haut les couleurs du CD 69.<\/p>\n<p>_____________________________________________________________________________<\/p>\n<p>Les cat\u00e9gories r\u00e9compens\u00e9es en t\u00eate \u00e0 t\u00eate, doublettes, triplettes :<\/p>\n<ul>\n<li><strong><em>Jeunes<\/em><\/strong> : benjamins, minimes, cadets, juniors (<strong>PHOTO A LA UNE des r\u00e9compens\u00e9s<\/strong>).<\/li>\n<li><em><strong>F\u00e9minines <\/strong><\/em><\/li>\n<li><em><strong>Seniors<\/strong><\/em><\/li>\n<li><em><strong>Mixtes<\/strong><\/em><\/li>\n<li><em><strong>Promotion<\/strong><\/em><\/li>\n<li><em><strong>Proven\u00e7al<\/strong><\/em><\/li>\n<li><em><strong>V\u00e9t\u00e9rans<\/strong><\/em><\/li>\n<li><em><strong>Corporatifs<\/strong><\/em><\/li>\n<li><em><strong>Clubs : <\/strong>organisateurs<\/em><\/li>\n<\/ul>\n<p>______________________________________________________________________________<\/p>\n<p><strong>Retrouvez l&rsquo;ACTU du comit\u00e9 sur : <a href=\"https:\/\/www.cd69ffpjp.fr\" target=\"_blank\" rel=\"noopener noreferrer\">https:\/\/www.cd69ffpjp.fr<\/a><\/strong><\/p>\n<ul>\n<li><span style=\"text-decoration: underline\">Retour en images sur cette c\u00e9r\u00e9monie<\/span> :<\/li>\n<\/ul>\n<div id='gallery-1' class='gallery galleryid-64142 gallery-columns-3 gallery-size-thumbnail'><figure class='gallery-item'>\n\t\t\t<div class='gallery-icon landscape'>\n\t\t\t\t<a href='https:\/\/newsestlyonnais.fr\/site\/2019\/01\/22\/saint-priest-le-comite-du-rhone-de-petanque-a-honore-ses-champions-2018\/newsestlyonnais-recomp-01\/'><img loading=\"lazy\" decoding=\"async\" width=\"150\" height=\"150\" src=\"https:\/\/newsestlyonnais.fr\/site\/wp-content\/uploads\/2019\/01\/NEWSESTLYONNAIS-RECOMP-01-150x150.jpg\" class=\"attachment-thumbnail size-thumbnail\" alt=\"NEWSESTLYONNAIS RECOMP 01\" aria-describedby=\"gallery-1-64254\" \/><\/a>\n\t\t\t<\/div>\n\t\t\t\t<figcaption class='wp-caption-text gallery-caption' id='gallery-1-64254'>\n\t\t\t\t Les jeunes r\u00e9compens\u00e9s \n\t\t\t\t<\/figcaption><\/figure><figure class='gallery-item'>\n\t\t\t<div class='gallery-icon landscape'>\n\t\t\t\t<a href='https:\/\/newsestlyonnais.fr\/site\/2019\/01\/22\/saint-priest-le-comite-du-rhone-de-petanque-a-honore-ses-champions-2018\/newsestlyonnais-recomp-02\/'><img loading=\"lazy\" decoding=\"async\" width=\"150\" height=\"150\" src=\"https:\/\/newsestlyonnais.fr\/site\/wp-content\/uploads\/2019\/01\/NEWSESTLYONNAIS-RECOMP-02-150x150.jpg\" class=\"attachment-thumbnail size-thumbnail\" alt=\"NEWSESTLYONNAIS RECOMP 02\" aria-describedby=\"gallery-1-64256\" \/><\/a>\n\t\t\t<\/div>\n\t\t\t\t<figcaption class='wp-caption-text gallery-caption' id='gallery-1-64256'>\n\t\t\t\tLes f\u00e9minines, seniors et mixtes \n\t\t\t\t<\/figcaption><\/figure><figure class='gallery-item'>\n\t\t\t<div class='gallery-icon landscape'>\n\t\t\t\t<a href='https:\/\/newsestlyonnais.fr\/site\/2019\/01\/22\/saint-priest-le-comite-du-rhone-de-petanque-a-honore-ses-champions-2018\/newsestlyonnais-recomp-03-2\/'><img loading=\"lazy\" decoding=\"async\" width=\"150\" height=\"150\" src=\"https:\/\/newsestlyonnais.fr\/site\/wp-content\/uploads\/2019\/01\/NEWSESTLYONNAIS-RECOMP-03-1-150x150.jpg\" class=\"attachment-thumbnail size-thumbnail\" alt=\"NEWSESTLYONNAIS RECOMP 03\" aria-describedby=\"gallery-1-64262\" \/><\/a>\n\t\t\t<\/div>\n\t\t\t\t<figcaption class='wp-caption-text gallery-caption' id='gallery-1-64262'>\n\t\t\t\t   Les v\u00e9t\u00e9rans et corpos\n\t\t\t\t<\/figcaption><\/figure><figure class='gallery-item'>\n\t\t\t<div class='gallery-icon landscape'>\n\t\t\t\t<a href='https:\/\/newsestlyonnais.fr\/site\/2019\/01\/22\/saint-priest-le-comite-du-rhone-de-petanque-a-honore-ses-champions-2018\/newsestlyonnais-recomp-04\/'><img loading=\"lazy\" decoding=\"async\" width=\"150\" height=\"150\" src=\"https:\/\/newsestlyonnais.fr\/site\/wp-content\/uploads\/2019\/01\/NEWSESTLYONNAIS-RECOMP-04-150x150.jpg\" class=\"attachment-thumbnail size-thumbnail\" alt=\"\" aria-describedby=\"gallery-1-64264\" \/><\/a>\n\t\t\t<\/div>\n\t\t\t\t<figcaption class='wp-caption-text gallery-caption' id='gallery-1-64264'>\n\t\t\t\t  Promotion et proven\u00e7al\n\t\t\t\t<\/figcaption><\/figure><figure class='gallery-item'>\n\t\t\t<div class='gallery-icon landscape'>\n\t\t\t\t<a href='https:\/\/newsestlyonnais.fr\/site\/2019\/01\/22\/saint-priest-le-comite-du-rhone-de-petanque-a-honore-ses-champions-2018\/newsestlyonnais-recomp-15\/'><img loading=\"lazy\" decoding=\"async\" width=\"150\" height=\"150\" src=\"https:\/\/newsestlyonnais.fr\/site\/wp-content\/uploads\/2019\/01\/NEWSESTLYONNAIS-RECOMP-15-150x150.jpg\" class=\"attachment-thumbnail size-thumbnail\" alt=\"NEWSESTLYONNAIS RECOMP 15\" aria-describedby=\"gallery-1-64283\" \/><\/a>\n\t\t\t<\/div>\n\t\t\t\t<figcaption class='wp-caption-text gallery-caption' id='gallery-1-64283'>\n\t\t\t\tGilbert Rosset (co-pr\u00e9sident du comit\u00e9)\n\t\t\t\t<\/figcaption><\/figure><figure class='gallery-item'>\n\t\t\t<div class='gallery-icon landscape'>\n\t\t\t\t<a href='https:\/\/newsestlyonnais.fr\/site\/2019\/01\/22\/saint-priest-le-comite-du-rhone-de-petanque-a-honore-ses-champions-2018\/newsestlyonnais-recomp-14\/'><img loading=\"lazy\" decoding=\"async\" width=\"150\" height=\"150\" src=\"https:\/\/newsestlyonnais.fr\/site\/wp-content\/uploads\/2019\/01\/NEWSESTLYONNAIS-RECOMP-14-150x150.jpg\" class=\"attachment-thumbnail size-thumbnail\" alt=\"NEWSESTLYONNAIS RECOMP 14\" aria-describedby=\"gallery-1-64281\" \/><\/a>\n\t\t\t<\/div>\n\t\t\t\t<figcaption class='wp-caption-text gallery-caption' id='gallery-1-64281'>\n\t\t\t\tKassandra Gorini (Bron Terraillon) r\u00e9compens\u00e9e pour son engagement aupr\u00e8s des jeunes\n\t\t\t\t<\/figcaption><\/figure><figure class='gallery-item'>\n\t\t\t<div class='gallery-icon landscape'>\n\t\t\t\t<a href='https:\/\/newsestlyonnais.fr\/site\/2019\/01\/22\/saint-priest-le-comite-du-rhone-de-petanque-a-honore-ses-champions-2018\/newsestlyonnais-recomp-16\/'><img loading=\"lazy\" decoding=\"async\" width=\"150\" height=\"150\" src=\"https:\/\/newsestlyonnais.fr\/site\/wp-content\/uploads\/2019\/01\/NEWSESTLYONNAIS-RECOMP-16-150x150.jpg\" class=\"attachment-thumbnail size-thumbnail\" alt=\"NEWSESTLYONNAIS RECOMP 16\" \/><\/a>\n\t\t\t<\/div><\/figure><figure class='gallery-item'>\n\t\t\t<div class='gallery-icon landscape'>\n\t\t\t\t<a href='https:\/\/newsestlyonnais.fr\/site\/2019\/01\/22\/saint-priest-le-comite-du-rhone-de-petanque-a-honore-ses-champions-2018\/newsestlyonnais-recomp-06\/'><img loading=\"lazy\" decoding=\"async\" width=\"150\" height=\"150\" src=\"https:\/\/newsestlyonnais.fr\/site\/wp-content\/uploads\/2019\/01\/NEWSESTLYONNAIS-RECOMP-06-150x150.jpg\" class=\"attachment-thumbnail size-thumbnail\" alt=\"NEWSESTLYONNAIS RECOMP 06\" aria-describedby=\"gallery-1-64267\" \/><\/a>\n\t\t\t<\/div>\n\t\t\t\t<figcaption class='wp-caption-text gallery-caption' id='gallery-1-64267'>\n\t\t\t\tLes corpos r\u00e9compens\u00e9s\n\t\t\t\t<\/figcaption><\/figure><figure class='gallery-item'>\n\t\t\t<div class='gallery-icon landscape'>\n\t\t\t\t<a href='https:\/\/newsestlyonnais.fr\/site\/2019\/01\/22\/saint-priest-le-comite-du-rhone-de-petanque-a-honore-ses-champions-2018\/newsestlyonnais-recomp-07\/'><img loading=\"lazy\" decoding=\"async\" width=\"150\" height=\"150\" src=\"https:\/\/newsestlyonnais.fr\/site\/wp-content\/uploads\/2019\/01\/NEWSESTLYONNAIS-RECOMP-07-150x150.jpg\" class=\"attachment-thumbnail size-thumbnail\" alt=\"NEWSESTLYONNAIS RECOMP 07\" \/><\/a>\n\t\t\t<\/div><\/figure><figure class='gallery-item'>\n\t\t\t<div class='gallery-icon landscape'>\n\t\t\t\t<a href='https:\/\/newsestlyonnais.fr\/site\/2019\/01\/22\/saint-priest-le-comite-du-rhone-de-petanque-a-honore-ses-champions-2018\/newsestlyonnais-recomp-08\/'><img loading=\"lazy\" decoding=\"async\" width=\"150\" height=\"150\" src=\"https:\/\/newsestlyonnais.fr\/site\/wp-content\/uploads\/2019\/01\/NEWSESTLYONNAIS-RECOMP-08-150x150.jpg\" class=\"attachment-thumbnail size-thumbnail\" alt=\"NEWSESTLYONNAIS RECOMP 08\" \/><\/a>\n\t\t\t<\/div><\/figure><figure class='gallery-item'>\n\t\t\t<div class='gallery-icon landscape'>\n\t\t\t\t<a href='https:\/\/newsestlyonnais.fr\/site\/2019\/01\/22\/saint-priest-le-comite-du-rhone-de-petanque-a-honore-ses-champions-2018\/newsestlyonnais-recomp-09\/'><img loading=\"lazy\" decoding=\"async\" width=\"150\" height=\"150\" src=\"https:\/\/newsestlyonnais.fr\/site\/wp-content\/uploads\/2019\/01\/NEWSESTLYONNAIS-RECOMP-09-150x150.jpg\" class=\"attachment-thumbnail size-thumbnail\" alt=\"NEWSESTLYONNAIS RECOMP 09\" \/><\/a>\n\t\t\t<\/div><\/figure><figure class='gallery-item'>\n\t\t\t<div class='gallery-icon landscape'>\n\t\t\t\t<a href='https:\/\/newsestlyonnais.fr\/site\/2019\/01\/22\/saint-priest-le-comite-du-rhone-de-petanque-a-honore-ses-champions-2018\/newsestlyonnais-recomp-10\/'><img loading=\"lazy\" decoding=\"async\" width=\"150\" height=\"150\" src=\"https:\/\/newsestlyonnais.fr\/site\/wp-content\/uploads\/2019\/01\/NEWSESTLYONNAIS-RECOMP-10-150x150.jpg\" class=\"attachment-thumbnail size-thumbnail\" alt=\"NEWSESTLYONNAIS RECOMP 10\" \/><\/a>\n\t\t\t<\/div><\/figure><figure class='gallery-item'>\n\t\t\t<div class='gallery-icon landscape'>\n\t\t\t\t<a href='https:\/\/newsestlyonnais.fr\/site\/2019\/01\/22\/saint-priest-le-comite-du-rhone-de-petanque-a-honore-ses-champions-2018\/newsestlyonnais-recomp-11\/'><img loading=\"lazy\" decoding=\"async\" width=\"150\" height=\"150\" src=\"https:\/\/newsestlyonnais.fr\/site\/wp-content\/uploads\/2019\/01\/NEWSESTLYONNAIS-RECOMP-11-150x150.jpg\" class=\"attachment-thumbnail size-thumbnail\" alt=\"NEWSESTLYONNAIS RECOMP 11\" \/><\/a>\n\t\t\t<\/div><\/figure><figure class='gallery-item'>\n\t\t\t<div class='gallery-icon landscape'>\n\t\t\t\t<a href='https:\/\/newsestlyonnais.fr\/site\/2019\/01\/22\/saint-priest-le-comite-du-rhone-de-petanque-a-honore-ses-champions-2018\/newsestlyonnais-recomp-12\/'><img loading=\"lazy\" decoding=\"async\" width=\"150\" height=\"150\" src=\"https:\/\/newsestlyonnais.fr\/site\/wp-content\/uploads\/2019\/01\/NEWSESTLYONNAIS-RECOMP-12-150x150.jpg\" class=\"attachment-thumbnail size-thumbnail\" alt=\"NEWSESTLYONNAIS RECOMP 12\" \/><\/a>\n\t\t\t<\/div><\/figure><figure class='gallery-item'>\n\t\t\t<div class='gallery-icon landscape'>\n\t\t\t\t<a href='https:\/\/newsestlyonnais.fr\/site\/2019\/01\/22\/saint-priest-le-comite-du-rhone-de-petanque-a-honore-ses-champions-2018\/newsestlyonnais-recomp-17\/'><img loading=\"lazy\" decoding=\"async\" width=\"150\" height=\"150\" src=\"https:\/\/newsestlyonnais.fr\/site\/wp-content\/uploads\/2019\/01\/NEWSESTLYONNAIS-RECOMP-17-150x150.jpg\" class=\"attachment-thumbnail size-thumbnail\" alt=\"NEWSESTLYONNAIS RECOMP 17\" \/><\/a>\n\t\t\t<\/div><\/figure><figure class='gallery-item'>\n\t\t\t<div class='gallery-icon landscape'>\n\t\t\t\t<a href='https:\/\/newsestlyonnais.fr\/site\/2019\/01\/22\/saint-priest-le-comite-du-rhone-de-petanque-a-honore-ses-champions-2018\/newsestlyonnais-recomp-18\/'><img loading=\"lazy\" decoding=\"async\" width=\"150\" height=\"150\" src=\"https:\/\/newsestlyonnais.fr\/site\/wp-content\/uploads\/2019\/01\/NEWSESTLYONNAIS-RECOMP-18-150x150.jpg\" class=\"attachment-thumbnail size-thumbnail\" alt=\"NEWSESTLYONNAIS RECOMP 18\" \/><\/a>\n\t\t\t<\/div><\/figure><figure class='gallery-item'>\n\t\t\t<div class='gallery-icon landscape'>\n\t\t\t\t<a href='https:\/\/newsestlyonnais.fr\/site\/2019\/01\/22\/saint-priest-le-comite-du-rhone-de-petanque-a-honore-ses-champions-2018\/newsestlyonnais-recomp-19\/'><img loading=\"lazy\" decoding=\"async\" width=\"150\" height=\"150\" src=\"https:\/\/newsestlyonnais.fr\/site\/wp-content\/uploads\/2019\/01\/NEWSESTLYONNAIS-RECOMP-19-150x150.jpg\" class=\"attachment-thumbnail size-thumbnail\" alt=\"NEWSESTLYONNAIS RECOMP 19\" \/><\/a>\n\t\t\t<\/div><\/figure><figure class='gallery-item'>\n\t\t\t<div class='gallery-icon landscape'>\n\t\t\t\t<a href='https:\/\/newsestlyonnais.fr\/site\/2019\/01\/22\/saint-priest-le-comite-du-rhone-de-petanque-a-honore-ses-champions-2018\/newsestlyonnais-recomp-05\/'><img loading=\"lazy\" decoding=\"async\" width=\"150\" height=\"150\" src=\"https:\/\/newsestlyonnais.fr\/site\/wp-content\/uploads\/2019\/01\/NEWSESTLYONNAIS-RECOMP-05-150x150.jpg\" class=\"attachment-thumbnail size-thumbnail\" alt=\"NEWSESTLYONNAIS RECOMP 05\" \/><\/a>\n\t\t\t<\/div><\/figure><figure class='gallery-item'>\n\t\t\t<div class='gallery-icon landscape'>\n\t\t\t\t<a href='https:\/\/newsestlyonnais.fr\/site\/2019\/01\/22\/saint-priest-le-comite-du-rhone-de-petanque-a-honore-ses-champions-2018\/newsestlyonnais-recomp-13\/'><img loading=\"lazy\" decoding=\"async\" width=\"150\" height=\"150\" src=\"https:\/\/newsestlyonnais.fr\/site\/wp-content\/uploads\/2019\/01\/NEWSESTLYONNAIS-RECOMP-13-150x150.jpg\" class=\"attachment-thumbnail size-thumbnail\" alt=\"NEWSESTLYONNAIS RECOMP 13\" \/><\/a>\n\t\t\t<\/div><\/figure>\n\t\t<\/div>\n\n","protected":false},"excerpt":{"rendered":"<p>C&rsquo;est dans ses nouveaux locaux san-priods que le Comit\u00e9 du Rh\u00f4ne M\u00e9tropole de Lyon de P\u00e9tanque et Jeu Proven\u00e7al a r\u00e9compens\u00e9 samedi dernier ses champions pour l&rsquo;ann\u00e9e.<\/p>\n","protected":false},"author":4,"featured_media":64258,"comment_status":"open","ping_status":"open","sticky":false,"template":"","format":"standard","meta":{"footnotes":""},"categories":[2977,166,3016,1296],"tags":[2017,2039],"class_list":["post-64142","post","type-post","status-publish","format-standard","has-post-thumbnail","hentry","category-boules-petanque-sports","category-divers-sports","category-institutions-trophees-jo","category-sain-priest","tag-petanque","tag-saint-priest"],"yoast_head":"<!-- This site is optimized with the Yoast SEO plugin v27.2 - https:\/\/yoast.com\/product\/yoast-seo-wordpress\/ -->\n<title>SAINT-PRIEST | Le Comit\u00e9 du Rh\u00f4ne de P\u00e9tanque a honor\u00e9 ses champions 2018 - News Est Lyonnais SAINT PRIEST : Le Comit\u00e9 du Rh\u00f4ne de P\u00e9tanque a honor\u00e9 ses champions 2018<\/title>\n<meta name=\"description\" content=\"SAINT PRIEST : Le Comit\u00e9 du Rh\u00f4ne de P\u00e9tanque a honor\u00e9 ses champions 2018\" \/>\n<meta name=\"robots\" content=\"index, follow, max-snippet:-1, max-image-preview:large, max-video-preview:-1\" \/>\n<link rel=\"canonical\" href=\"https:\/\/newsestlyonnais.fr\/site\/2019\/01\/22\/saint-priest-le-comite-du-rhone-de-petanque-a-honore-ses-champions-2018\/\" \/>\n<meta property=\"og:locale\" content=\"fr_FR\" \/>\n<meta property=\"og:type\" content=\"article\" \/>\n<meta property=\"og:title\" content=\"SAINT-PRIEST | Le Comit\u00e9 du Rh\u00f4ne de P\u00e9tanque a honor\u00e9 ses champions 2018 - News Est Lyonnais SAINT PRIEST : Le Comit\u00e9 du Rh\u00f4ne de P\u00e9tanque a honor\u00e9 ses champions 2018\" \/>\n<meta property=\"og:description\" content=\"SAINT PRIEST : Le Comit\u00e9 du Rh\u00f4ne de P\u00e9tanque a honor\u00e9 ses champions 2018\" \/>\n<meta property=\"og:url\" content=\"https:\/\/newsestlyonnais.fr\/site\/2019\/01\/22\/saint-priest-le-comite-du-rhone-de-petanque-a-honore-ses-champions-2018\/\" \/>\n<meta property=\"og:site_name\" content=\"News Est Lyonnais\" \/>\n<meta property=\"article:author\" content=\"https:\/\/www.facebook.com\/pascal.oberson.1?fref=ts\" \/>\n<meta property=\"article:published_time\" content=\"2019-01-22T15:10:52+00:00\" \/>\n<meta property=\"article:modified_time\" content=\"2020-05-29T16:14:00+00:00\" \/>\n<meta property=\"og:image\" content=\"https:\/\/i2.wp.com\/newsestlyonnais.fr\/site\/wp-content\/uploads\/2019\/01\/NEWSESTLYONNAIS-RECOMP-002.jpg?fit=2048%2C1536&ssl=1\" \/>\n\t<meta property=\"og:image:width\" content=\"2048\" \/>\n\t<meta property=\"og:image:height\" content=\"1536\" \/>\n\t<meta property=\"og:image:type\" content=\"image\/jpeg\" \/>\n<meta name=\"author\" content=\"R\u00e9dac. NEWS\" \/>\n<meta name=\"twitter:card\" content=\"summary_large_image\" \/>\n<meta name=\"twitter:label1\" content=\"\u00c9crit par\" \/>\n\t<meta name=\"twitter:data1\" content=\"R\u00e9dac. NEWS\" \/>\n\t<meta name=\"twitter:label2\" content=\"Dur\u00e9e de lecture estim\u00e9e\" \/>\n\t<meta name=\"twitter:data2\" content=\"1 minute\" \/>\n<script type=\"application\/ld+json\" class=\"yoast-schema-graph\">{\"@context\":\"https:\/\/schema.org\",\"@graph\":[{\"@type\":\"Article\",\"@id\":\"https:\/\/newsestlyonnais.fr\/site\/2019\/01\/22\/saint-priest-le-comite-du-rhone-de-petanque-a-honore-ses-champions-2018\/#article\",\"isPartOf\":{\"@id\":\"https:\/\/newsestlyonnais.fr\/site\/2019\/01\/22\/saint-priest-le-comite-du-rhone-de-petanque-a-honore-ses-champions-2018\/\"},\"author\":{\"name\":\"R\u00e9dac. NEWS\",\"@id\":\"https:\/\/newsestlyonnais.fr\/site\/#\/schema\/person\/3230d5615f390bb808365d673001e887\"},\"headline\":\"SAINT-PRIEST | Le Comit\u00e9 du Rh\u00f4ne de P\u00e9tanque a honor\u00e9 ses champions 2018\",\"datePublished\":\"2019-01-22T15:10:52+00:00\",\"dateModified\":\"2020-05-29T16:14:00+00:00\",\"mainEntityOfPage\":{\"@id\":\"https:\/\/newsestlyonnais.fr\/site\/2019\/01\/22\/saint-priest-le-comite-du-rhone-de-petanque-a-honore-ses-champions-2018\/\"},\"wordCount\":136,\"commentCount\":0,\"publisher\":{\"@id\":\"https:\/\/newsestlyonnais.fr\/site\/#organization\"},\"image\":{\"@id\":\"https:\/\/newsestlyonnais.fr\/site\/2019\/01\/22\/saint-priest-le-comite-du-rhone-de-petanque-a-honore-ses-champions-2018\/#primaryimage\"},\"thumbnailUrl\":\"https:\/\/newsestlyonnais.fr\/site\/wp-content\/uploads\/2019\/01\/NEWSESTLYONNAIS-RECOMP-002.jpg\",\"keywords\":[\"PETANQUE\",\"SAINT PRIEST\"],\"articleSection\":[\"Boules | P\u00e9tanque\",\"Divers Sports\",\"Institutions | Troph\u00e9es | J.O.\",\"Saint-Priest\"],\"inLanguage\":\"fr-FR\",\"potentialAction\":[{\"@type\":\"CommentAction\",\"name\":\"Comment\",\"target\":[\"https:\/\/newsestlyonnais.fr\/site\/2019\/01\/22\/saint-priest-le-comite-du-rhone-de-petanque-a-honore-ses-champions-2018\/#respond\"]}]},{\"@type\":\"WebPage\",\"@id\":\"https:\/\/newsestlyonnais.fr\/site\/2019\/01\/22\/saint-priest-le-comite-du-rhone-de-petanque-a-honore-ses-champions-2018\/\",\"url\":\"https:\/\/newsestlyonnais.fr\/site\/2019\/01\/22\/saint-priest-le-comite-du-rhone-de-petanque-a-honore-ses-champions-2018\/\",\"name\":\"SAINT-PRIEST | Le Comit\u00e9 du Rh\u00f4ne de P\u00e9tanque a honor\u00e9 ses champions 2018 - News Est Lyonnais SAINT PRIEST : Le Comit\u00e9 du Rh\u00f4ne de P\u00e9tanque a honor\u00e9 ses champions 2018\",\"isPartOf\":{\"@id\":\"https:\/\/newsestlyonnais.fr\/site\/#website\"},\"primaryImageOfPage\":{\"@id\":\"https:\/\/newsestlyonnais.fr\/site\/2019\/01\/22\/saint-priest-le-comite-du-rhone-de-petanque-a-honore-ses-champions-2018\/#primaryimage\"},\"image\":{\"@id\":\"https:\/\/newsestlyonnais.fr\/site\/2019\/01\/22\/saint-priest-le-comite-du-rhone-de-petanque-a-honore-ses-champions-2018\/#primaryimage\"},\"thumbnailUrl\":\"https:\/\/newsestlyonnais.fr\/site\/wp-content\/uploads\/2019\/01\/NEWSESTLYONNAIS-RECOMP-002.jpg\",\"datePublished\":\"2019-01-22T15:10:52+00:00\",\"dateModified\":\"2020-05-29T16:14:00+00:00\",\"description\":\"SAINT PRIEST : Le Comit\u00e9 du Rh\u00f4ne de P\u00e9tanque a honor\u00e9 ses champions 2018\",\"breadcrumb\":{\"@id\":\"https:\/\/newsestlyonnais.fr\/site\/2019\/01\/22\/saint-priest-le-comite-du-rhone-de-petanque-a-honore-ses-champions-2018\/#breadcrumb\"},\"inLanguage\":\"fr-FR\",\"potentialAction\":[{\"@type\":\"ReadAction\",\"target\":[\"https:\/\/newsestlyonnais.fr\/site\/2019\/01\/22\/saint-priest-le-comite-du-rhone-de-petanque-a-honore-ses-champions-2018\/\"]}]},{\"@type\":\"ImageObject\",\"inLanguage\":\"fr-FR\",\"@id\":\"https:\/\/newsestlyonnais.fr\/site\/2019\/01\/22\/saint-priest-le-comite-du-rhone-de-petanque-a-honore-ses-champions-2018\/#primaryimage\",\"url\":\"https:\/\/newsestlyonnais.fr\/site\/wp-content\/uploads\/2019\/01\/NEWSESTLYONNAIS-RECOMP-002.jpg\",\"contentUrl\":\"https:\/\/newsestlyonnais.fr\/site\/wp-content\/uploads\/2019\/01\/NEWSESTLYONNAIS-RECOMP-002.jpg\",\"width\":2048,\"height\":1536,\"caption\":\"NEWSESTLYONNAIS RECOMP 002\"},{\"@type\":\"BreadcrumbList\",\"@id\":\"https:\/\/newsestlyonnais.fr\/site\/2019\/01\/22\/saint-priest-le-comite-du-rhone-de-petanque-a-honore-ses-champions-2018\/#breadcrumb\",\"itemListElement\":[{\"@type\":\"ListItem\",\"position\":1,\"name\":\"Accueil\",\"item\":\"https:\/\/newsestlyonnais.fr\/site\/\"},{\"@type\":\"ListItem\",\"position\":2,\"name\":\"SAINT-PRIEST | Le Comit\u00e9 du Rh\u00f4ne de P\u00e9tanque a honor\u00e9 ses champions 2018\"}]},{\"@type\":\"WebSite\",\"@id\":\"https:\/\/newsestlyonnais.fr\/site\/#website\",\"url\":\"https:\/\/newsestlyonnais.fr\/site\/\",\"name\":\"News Est Lyonnais\",\"description\":\"L&#039;actualit\u00e9 au plus pr\u00e8s\",\"publisher\":{\"@id\":\"https:\/\/newsestlyonnais.fr\/site\/#organization\"},\"potentialAction\":[{\"@type\":\"SearchAction\",\"target\":{\"@type\":\"EntryPoint\",\"urlTemplate\":\"https:\/\/newsestlyonnais.fr\/site\/?s={search_term_string}\"},\"query-input\":{\"@type\":\"PropertyValueSpecification\",\"valueRequired\":true,\"valueName\":\"search_term_string\"}}],\"inLanguage\":\"fr-FR\"},{\"@type\":\"Organization\",\"@id\":\"https:\/\/newsestlyonnais.fr\/site\/#organization\",\"name\":\"News EST LYONNAIS\",\"url\":\"https:\/\/newsestlyonnais.fr\/site\/\",\"logo\":{\"@type\":\"ImageObject\",\"inLanguage\":\"fr-FR\",\"@id\":\"https:\/\/newsestlyonnais.fr\/site\/#\/schema\/logo\/image\/\",\"url\":\"\",\"contentUrl\":\"\",\"caption\":\"News EST LYONNAIS\"},\"image\":{\"@id\":\"https:\/\/newsestlyonnais.fr\/site\/#\/schema\/logo\/image\/\"}},{\"@type\":\"Person\",\"@id\":\"https:\/\/newsestlyonnais.fr\/site\/#\/schema\/person\/3230d5615f390bb808365d673001e887\",\"name\":\"R\u00e9dac. NEWS\",\"sameAs\":[\"http:\/\/www.newsestlyonnais.fr\",\"https:\/\/www.facebook.com\/pascal.oberson.1?fref=ts\",\"https:\/\/fr.linkedin.com\/in\/pascal-oberson-b17045113\"],\"url\":\"https:\/\/newsestlyonnais.fr\/site\/author\/nel\/\"}]}<\/script>\n<!-- \/ Yoast SEO plugin. -->","yoast_head_json":{"title":"SAINT-PRIEST | Le Comit\u00e9 du Rh\u00f4ne de P\u00e9tanque a honor\u00e9 ses champions 2018 - News Est Lyonnais SAINT PRIEST : Le Comit\u00e9 du Rh\u00f4ne de P\u00e9tanque a honor\u00e9 ses champions 2018","description":"SAINT PRIEST : Le Comit\u00e9 du Rh\u00f4ne de P\u00e9tanque a honor\u00e9 ses champions 2018","robots":{"index":"index","follow":"follow","max-snippet":"max-snippet:-1","max-image-preview":"max-image-preview:large","max-video-preview":"max-video-preview:-1"},"canonical":"https:\/\/newsestlyonnais.fr\/site\/2019\/01\/22\/saint-priest-le-comite-du-rhone-de-petanque-a-honore-ses-champions-2018\/","og_locale":"fr_FR","og_type":"article","og_title":"SAINT-PRIEST | Le Comit\u00e9 du Rh\u00f4ne de P\u00e9tanque a honor\u00e9 ses champions 2018 - News Est Lyonnais SAINT PRIEST : Le Comit\u00e9 du Rh\u00f4ne de P\u00e9tanque a honor\u00e9 ses champions 2018","og_description":"SAINT PRIEST : Le Comit\u00e9 du Rh\u00f4ne de P\u00e9tanque a honor\u00e9 ses champions 2018","og_url":"https:\/\/newsestlyonnais.fr\/site\/2019\/01\/22\/saint-priest-le-comite-du-rhone-de-petanque-a-honore-ses-champions-2018\/","og_site_name":"News Est Lyonnais","article_author":"https:\/\/www.facebook.com\/pascal.oberson.1?fref=ts","article_published_time":"2019-01-22T15:10:52+00:00","article_modified_time":"2020-05-29T16:14:00+00:00","og_image":[{"width":2048,"height":1536,"url":"https:\/\/i2.wp.com\/newsestlyonnais.fr\/site\/wp-content\/uploads\/2019\/01\/NEWSESTLYONNAIS-RECOMP-002.jpg?fit=2048%2C1536&ssl=1","type":"image\/jpeg"}],"author":"R\u00e9dac. NEWS","twitter_card":"summary_large_image","twitter_misc":{"\u00c9crit par":"R\u00e9dac. NEWS","Dur\u00e9e de lecture estim\u00e9e":"1 minute"},"schema":{"@context":"https:\/\/schema.org","@graph":[{"@type":"Article","@id":"https:\/\/newsestlyonnais.fr\/site\/2019\/01\/22\/saint-priest-le-comite-du-rhone-de-petanque-a-honore-ses-champions-2018\/#article","isPartOf":{"@id":"https:\/\/newsestlyonnais.fr\/site\/2019\/01\/22\/saint-priest-le-comite-du-rhone-de-petanque-a-honore-ses-champions-2018\/"},"author":{"name":"R\u00e9dac. NEWS","@id":"https:\/\/newsestlyonnais.fr\/site\/#\/schema\/person\/3230d5615f390bb808365d673001e887"},"headline":"SAINT-PRIEST | Le Comit\u00e9 du Rh\u00f4ne de P\u00e9tanque a honor\u00e9 ses champions 2018","datePublished":"2019-01-22T15:10:52+00:00","dateModified":"2020-05-29T16:14:00+00:00","mainEntityOfPage":{"@id":"https:\/\/newsestlyonnais.fr\/site\/2019\/01\/22\/saint-priest-le-comite-du-rhone-de-petanque-a-honore-ses-champions-2018\/"},"wordCount":136,"commentCount":0,"publisher":{"@id":"https:\/\/newsestlyonnais.fr\/site\/#organization"},"image":{"@id":"https:\/\/newsestlyonnais.fr\/site\/2019\/01\/22\/saint-priest-le-comite-du-rhone-de-petanque-a-honore-ses-champions-2018\/#primaryimage"},"thumbnailUrl":"https:\/\/newsestlyonnais.fr\/site\/wp-content\/uploads\/2019\/01\/NEWSESTLYONNAIS-RECOMP-002.jpg","keywords":["PETANQUE","SAINT PRIEST"],"articleSection":["Boules | P\u00e9tanque","Divers Sports","Institutions | Troph\u00e9es | J.O.","Saint-Priest"],"inLanguage":"fr-FR","potentialAction":[{"@type":"CommentAction","name":"Comment","target":["https:\/\/newsestlyonnais.fr\/site\/2019\/01\/22\/saint-priest-le-comite-du-rhone-de-petanque-a-honore-ses-champions-2018\/#respond"]}]},{"@type":"WebPage","@id":"https:\/\/newsestlyonnais.fr\/site\/2019\/01\/22\/saint-priest-le-comite-du-rhone-de-petanque-a-honore-ses-champions-2018\/","url":"https:\/\/newsestlyonnais.fr\/site\/2019\/01\/22\/saint-priest-le-comite-du-rhone-de-petanque-a-honore-ses-champions-2018\/","name":"SAINT-PRIEST | Le Comit\u00e9 du Rh\u00f4ne de P\u00e9tanque a honor\u00e9 ses champions 2018 - News Est Lyonnais SAINT PRIEST : Le Comit\u00e9 du Rh\u00f4ne de P\u00e9tanque a honor\u00e9 ses champions 2018","isPartOf":{"@id":"https:\/\/newsestlyonnais.fr\/site\/#website"},"primaryImageOfPage":{"@id":"https:\/\/newsestlyonnais.fr\/site\/2019\/01\/22\/saint-priest-le-comite-du-rhone-de-petanque-a-honore-ses-champions-2018\/#primaryimage"},"image":{"@id":"https:\/\/newsestlyonnais.fr\/site\/2019\/01\/22\/saint-priest-le-comite-du-rhone-de-petanque-a-honore-ses-champions-2018\/#primaryimage"},"thumbnailUrl":"https:\/\/newsestlyonnais.fr\/site\/wp-content\/uploads\/2019\/01\/NEWSESTLYONNAIS-RECOMP-002.jpg","datePublished":"2019-01-22T15:10:52+00:00","dateModified":"2020-05-29T16:14:00+00:00","description":"SAINT PRIEST : Le Comit\u00e9 du Rh\u00f4ne de P\u00e9tanque a honor\u00e9 ses champions 2018","breadcrumb":{"@id":"https:\/\/newsestlyonnais.fr\/site\/2019\/01\/22\/saint-priest-le-comite-du-rhone-de-petanque-a-honore-ses-champions-2018\/#breadcrumb"},"inLanguage":"fr-FR","potentialAction":[{"@type":"ReadAction","target":["https:\/\/newsestlyonnais.fr\/site\/2019\/01\/22\/saint-priest-le-comite-du-rhone-de-petanque-a-honore-ses-champions-2018\/"]}]},{"@type":"ImageObject","inLanguage":"fr-FR","@id":"https:\/\/newsestlyonnais.fr\/site\/2019\/01\/22\/saint-priest-le-comite-du-rhone-de-petanque-a-honore-ses-champions-2018\/#primaryimage","url":"https:\/\/newsestlyonnais.fr\/site\/wp-content\/uploads\/2019\/01\/NEWSESTLYONNAIS-RECOMP-002.jpg","contentUrl":"https:\/\/newsestlyonnais.fr\/site\/wp-content\/uploads\/2019\/01\/NEWSESTLYONNAIS-RECOMP-002.jpg","width":2048,"height":1536,"caption":"NEWSESTLYONNAIS RECOMP 002"},{"@type":"BreadcrumbList","@id":"https:\/\/newsestlyonnais.fr\/site\/2019\/01\/22\/saint-priest-le-comite-du-rhone-de-petanque-a-honore-ses-champions-2018\/#breadcrumb","itemListElement":[{"@type":"ListItem","position":1,"name":"Accueil","item":"https:\/\/newsestlyonnais.fr\/site\/"},{"@type":"ListItem","position":2,"name":"SAINT-PRIEST | Le Comit\u00e9 du Rh\u00f4ne de P\u00e9tanque a honor\u00e9 ses champions 2018"}]},{"@type":"WebSite","@id":"https:\/\/newsestlyonnais.fr\/site\/#website","url":"https:\/\/newsestlyonnais.fr\/site\/","name":"News Est Lyonnais","description":"L&#039;actualit\u00e9 au plus pr\u00e8s","publisher":{"@id":"https:\/\/newsestlyonnais.fr\/site\/#organization"},"potentialAction":[{"@type":"SearchAction","target":{"@type":"EntryPoint","urlTemplate":"https:\/\/newsestlyonnais.fr\/site\/?s={search_term_string}"},"query-input":{"@type":"PropertyValueSpecification","valueRequired":true,"valueName":"search_term_string"}}],"inLanguage":"fr-FR"},{"@type":"Organization","@id":"https:\/\/newsestlyonnais.fr\/site\/#organization","name":"News EST LYONNAIS","url":"https:\/\/newsestlyonnais.fr\/site\/","logo":{"@type":"ImageObject","inLanguage":"fr-FR","@id":"https:\/\/newsestlyonnais.fr\/site\/#\/schema\/logo\/image\/","url":"","contentUrl":"","caption":"News EST LYONNAIS"},"image":{"@id":"https:\/\/newsestlyonnais.fr\/site\/#\/schema\/logo\/image\/"}},{"@type":"Person","@id":"https:\/\/newsestlyonnais.fr\/site\/#\/schema\/person\/3230d5615f390bb808365d673001e887","name":"R\u00e9dac. NEWS","sameAs":["http:\/\/www.newsestlyonnais.fr","https:\/\/www.facebook.com\/pascal.oberson.1?fref=ts","https:\/\/fr.linkedin.com\/in\/pascal-oberson-b17045113"],"url":"https:\/\/newsestlyonnais.fr\/site\/author\/nel\/"}]}},"_links":{"self":[{"href":"https:\/\/newsestlyonnais.fr\/site\/wp-json\/wp\/v2\/posts\/64142","targetHints":{"allow":["GET"]}}],"collection":[{"href":"https:\/\/newsestlyonnais.fr\/site\/wp-json\/wp\/v2\/posts"}],"about":[{"href":"https:\/\/newsestlyonnais.fr\/site\/wp-json\/wp\/v2\/types\/post"}],"author":[{"embeddable":true,"href":"https:\/\/newsestlyonnais.fr\/site\/wp-json\/wp\/v2\/users\/4"}],"replies":[{"embeddable":true,"href":"https:\/\/newsestlyonnais.fr\/site\/wp-json\/wp\/v2\/comments?post=64142"}],"version-history":[{"count":0,"href":"https:\/\/newsestlyonnais.fr\/site\/wp-json\/wp\/v2\/posts\/64142\/revisions"}],"wp:featuredmedia":[{"embeddable":true,"href":"https:\/\/newsestlyonnais.fr\/site\/wp-json\/wp\/v2\/media\/64258"}],"wp:attachment":[{"href":"https:\/\/newsestlyonnais.fr\/site\/wp-json\/wp\/v2\/media?parent=64142"}],"wp:term":[{"taxonomy":"category","embeddable":true,"href":"https:\/\/newsestlyonnais.fr\/site\/wp-json\/wp\/v2\/categories?post=64142"},{"taxonomy":"post_tag","embeddable":true,"href":"https:\/\/newsestlyonnais.fr\/site\/wp-json\/wp\/v2\/tags?post=64142"}],"curies":[{"name":"wp","href":"https:\/\/api.w.org\/{rel}","templated":true}]}}