{"id":64324,"date":"2019-01-23T08:05:59","date_gmt":"2019-01-23T07:05:59","guid":{"rendered":"http:\/\/newsestlyonnais.fr\/site\/?p=64324"},"modified":"2020-05-20T06:53:18","modified_gmt":"2020-05-20T05:53:18","slug":"bron-le-calendrier-des-prochaines-formations-des-secouristes-de-la-croix-blanche","status":"publish","type":"post","link":"https:\/\/newsestlyonnais.fr\/site\/2019\/01\/23\/bron-le-calendrier-des-prochaines-formations-des-secouristes-de-la-croix-blanche\/","title":{"rendered":"BRON | Prochaines formations des Secouristes de la Croix-Blanche"},"content":{"rendered":"<p><strong>L\u2019association des secouristes de la Croix Blanche de Bron<\/strong> vient d&rsquo;\u00e9tablir son calendrier des formations qu&rsquo;elle organisera au cours du premier semestre de l&rsquo;ann\u00e9e 2019.<\/p>\n<p>Voici le programme pr\u00e9vu :<\/p>\n<ul>\n<li><span style=\"text-decoration: underline\">Formations \u00ab\u00a0<\/span><span id=\"Pr\u00e9vention_et_secours_civiques_de_niveau_1_(PSC_1)\" class=\"mw-headline\"><span style=\"text-decoration: underline\">Pr\u00e9vention et secours civiques de niveau 1<\/span> (<strong><span class=\"nowrap\">PSC 1<\/span><\/strong>) : Samedis <\/span>30 mars, 18 mai &amp; 6 juillet 2019.<\/li>\n<li><span style=\"text-decoration: underline\">Formations \u00ab\u00a0<\/span><span id=\"Premiers_secours_en_\u00e9quipe_de_niveau_1_(PSE_1)\" class=\"mw-headline\"><span style=\"text-decoration: underline\">Premiers secours en \u00e9quipe de niveau 1 (<strong><span class=\"nowrap\">PSE 1<\/span><\/strong>)<\/span> : les <\/span>9 &amp; 10 mars &amp; 16 et 17 avril 2019<\/li>\n<\/ul>\n<p><strong>Contact : 06.28.40.71.19<\/strong><\/p>\n<ul>\n<li>Retrouvez son ACTU sur : <a href=\"https:\/\/www.facebook.com\/coixblanche.bron.3\" target=\"_blank\" rel=\"noopener noreferrer\">https:\/\/www.facebook.com\/coixblanche.bron.3<\/a><\/li>\n<\/ul>\n","protected":false},"excerpt":{"rendered":"<p>L\u2019association des secouristes de la Croix Blanche de Bron a \u00e9tabli son calendrier des formations qu&rsquo;elle organisera au cours du premier semestre de l&rsquo;ann\u00e9e 2019.<\/p>\n","protected":false},"author":4,"featured_media":25760,"comment_status":"open","ping_status":"open","sticky":false,"template":"","format":"standard","meta":{"footnotes":""},"categories":[2217,19,1753],"tags":[],"class_list":["post-64324","post","type-post","status-publish","format-standard","has-post-thumbnail","hentry","category-breves-de-lest-lyonnais","category-bron","category-secours-securite"],"yoast_head":"<!-- This site is optimized with the Yoast SEO plugin v27.2 - https:\/\/yoast.com\/product\/yoast-seo-wordpress\/ -->\n<title>BRON | Prochaines formations des Secouristes de la Croix-Blanche - News Est Lyonnais bron-le-calendrier-des-prochaines-formations-des-secouristes-de-la-croix-blanche<\/title>\n<meta name=\"description\" content=\"bron-le-calendrier-des-prochaines-formations-des-secouristes-de-la-croix-blanche\" \/>\n<meta name=\"robots\" content=\"index, follow, max-snippet:-1, max-image-preview:large, max-video-preview:-1\" \/>\n<link rel=\"canonical\" href=\"https:\/\/newsestlyonnais.fr\/site\/2019\/01\/23\/bron-le-calendrier-des-prochaines-formations-des-secouristes-de-la-croix-blanche\/\" \/>\n<meta property=\"og:locale\" content=\"fr_FR\" \/>\n<meta property=\"og:type\" content=\"article\" \/>\n<meta property=\"og:title\" content=\"BRON | Prochaines formations des Secouristes de la Croix-Blanche - News Est Lyonnais bron-le-calendrier-des-prochaines-formations-des-secouristes-de-la-croix-blanche\" \/>\n<meta property=\"og:description\" content=\"bron-le-calendrier-des-prochaines-formations-des-secouristes-de-la-croix-blanche\" \/>\n<meta property=\"og:url\" content=\"https:\/\/newsestlyonnais.fr\/site\/2019\/01\/23\/bron-le-calendrier-des-prochaines-formations-des-secouristes-de-la-croix-blanche\/\" \/>\n<meta property=\"og:site_name\" content=\"News Est Lyonnais\" \/>\n<meta property=\"article:author\" content=\"https:\/\/www.facebook.com\/pascal.oberson.1?fref=ts\" \/>\n<meta property=\"article:published_time\" content=\"2019-01-23T07:05:59+00:00\" \/>\n<meta property=\"article:modified_time\" content=\"2020-05-20T05:53:18+00:00\" \/>\n<meta property=\"og:image\" content=\"https:\/\/i2.wp.com\/newsestlyonnais.fr\/site\/wp-content\/uploads\/2017\/04\/NewsEstLyonnais-Flash-Info.png?fit=1000%2C750&ssl=1\" \/>\n\t<meta property=\"og:image:width\" content=\"1000\" \/>\n\t<meta property=\"og:image:height\" content=\"750\" \/>\n\t<meta property=\"og:image:type\" content=\"image\/png\" \/>\n<meta name=\"author\" content=\"R\u00e9dac. NEWS\" \/>\n<meta name=\"twitter:card\" content=\"summary_large_image\" \/>\n<meta name=\"twitter:label1\" content=\"\u00c9crit par\" \/>\n\t<meta name=\"twitter:data1\" content=\"R\u00e9dac. NEWS\" \/>\n<script type=\"application\/ld+json\" class=\"yoast-schema-graph\">{\"@context\":\"https:\/\/schema.org\",\"@graph\":[{\"@type\":\"Article\",\"@id\":\"https:\/\/newsestlyonnais.fr\/site\/2019\/01\/23\/bron-le-calendrier-des-prochaines-formations-des-secouristes-de-la-croix-blanche\/#article\",\"isPartOf\":{\"@id\":\"https:\/\/newsestlyonnais.fr\/site\/2019\/01\/23\/bron-le-calendrier-des-prochaines-formations-des-secouristes-de-la-croix-blanche\/\"},\"author\":{\"name\":\"R\u00e9dac. NEWS\",\"@id\":\"https:\/\/newsestlyonnais.fr\/site\/#\/schema\/person\/3230d5615f390bb808365d673001e887\"},\"headline\":\"BRON | Prochaines formations des Secouristes de la Croix-Blanche\",\"datePublished\":\"2019-01-23T07:05:59+00:00\",\"dateModified\":\"2020-05-20T05:53:18+00:00\",\"mainEntityOfPage\":{\"@id\":\"https:\/\/newsestlyonnais.fr\/site\/2019\/01\/23\/bron-le-calendrier-des-prochaines-formations-des-secouristes-de-la-croix-blanche\/\"},\"wordCount\":81,\"commentCount\":0,\"publisher\":{\"@id\":\"https:\/\/newsestlyonnais.fr\/site\/#organization\"},\"image\":{\"@id\":\"https:\/\/newsestlyonnais.fr\/site\/2019\/01\/23\/bron-le-calendrier-des-prochaines-formations-des-secouristes-de-la-croix-blanche\/#primaryimage\"},\"thumbnailUrl\":\"https:\/\/newsestlyonnais.fr\/site\/wp-content\/uploads\/2017\/04\/NewsEstLyonnais-Flash-Info.png\",\"articleSection\":[\"Br\u00e8ves de l'Est lyonnais\",\"Bron\",\"Secours | S\u00e9curit\u00e9\"],\"inLanguage\":\"fr-FR\",\"potentialAction\":[{\"@type\":\"CommentAction\",\"name\":\"Comment\",\"target\":[\"https:\/\/newsestlyonnais.fr\/site\/2019\/01\/23\/bron-le-calendrier-des-prochaines-formations-des-secouristes-de-la-croix-blanche\/#respond\"]}]},{\"@type\":\"WebPage\",\"@id\":\"https:\/\/newsestlyonnais.fr\/site\/2019\/01\/23\/bron-le-calendrier-des-prochaines-formations-des-secouristes-de-la-croix-blanche\/\",\"url\":\"https:\/\/newsestlyonnais.fr\/site\/2019\/01\/23\/bron-le-calendrier-des-prochaines-formations-des-secouristes-de-la-croix-blanche\/\",\"name\":\"BRON | Prochaines formations des Secouristes de la Croix-Blanche - News Est Lyonnais bron-le-calendrier-des-prochaines-formations-des-secouristes-de-la-croix-blanche\",\"isPartOf\":{\"@id\":\"https:\/\/newsestlyonnais.fr\/site\/#website\"},\"primaryImageOfPage\":{\"@id\":\"https:\/\/newsestlyonnais.fr\/site\/2019\/01\/23\/bron-le-calendrier-des-prochaines-formations-des-secouristes-de-la-croix-blanche\/#primaryimage\"},\"image\":{\"@id\":\"https:\/\/newsestlyonnais.fr\/site\/2019\/01\/23\/bron-le-calendrier-des-prochaines-formations-des-secouristes-de-la-croix-blanche\/#primaryimage\"},\"thumbnailUrl\":\"https:\/\/newsestlyonnais.fr\/site\/wp-content\/uploads\/2017\/04\/NewsEstLyonnais-Flash-Info.png\",\"datePublished\":\"2019-01-23T07:05:59+00:00\",\"dateModified\":\"2020-05-20T05:53:18+00:00\",\"description\":\"bron-le-calendrier-des-prochaines-formations-des-secouristes-de-la-croix-blanche\",\"breadcrumb\":{\"@id\":\"https:\/\/newsestlyonnais.fr\/site\/2019\/01\/23\/bron-le-calendrier-des-prochaines-formations-des-secouristes-de-la-croix-blanche\/#breadcrumb\"},\"inLanguage\":\"fr-FR\",\"potentialAction\":[{\"@type\":\"ReadAction\",\"target\":[\"https:\/\/newsestlyonnais.fr\/site\/2019\/01\/23\/bron-le-calendrier-des-prochaines-formations-des-secouristes-de-la-croix-blanche\/\"]}]},{\"@type\":\"ImageObject\",\"inLanguage\":\"fr-FR\",\"@id\":\"https:\/\/newsestlyonnais.fr\/site\/2019\/01\/23\/bron-le-calendrier-des-prochaines-formations-des-secouristes-de-la-croix-blanche\/#primaryimage\",\"url\":\"https:\/\/newsestlyonnais.fr\/site\/wp-content\/uploads\/2017\/04\/NewsEstLyonnais-Flash-Info.png\",\"contentUrl\":\"https:\/\/newsestlyonnais.fr\/site\/wp-content\/uploads\/2017\/04\/NewsEstLyonnais-Flash-Info.png\",\"width\":1000,\"height\":750,\"caption\":\"NewsEstLyonnais-Flash-Info\"},{\"@type\":\"BreadcrumbList\",\"@id\":\"https:\/\/newsestlyonnais.fr\/site\/2019\/01\/23\/bron-le-calendrier-des-prochaines-formations-des-secouristes-de-la-croix-blanche\/#breadcrumb\",\"itemListElement\":[{\"@type\":\"ListItem\",\"position\":1,\"name\":\"Accueil\",\"item\":\"https:\/\/newsestlyonnais.fr\/site\/\"},{\"@type\":\"ListItem\",\"position\":2,\"name\":\"BRON | Prochaines formations des Secouristes de la Croix-Blanche\"}]},{\"@type\":\"WebSite\",\"@id\":\"https:\/\/newsestlyonnais.fr\/site\/#website\",\"url\":\"https:\/\/newsestlyonnais.fr\/site\/\",\"name\":\"News Est Lyonnais\",\"description\":\"L&#039;actualit\u00e9 au plus pr\u00e8s\",\"publisher\":{\"@id\":\"https:\/\/newsestlyonnais.fr\/site\/#organization\"},\"potentialAction\":[{\"@type\":\"SearchAction\",\"target\":{\"@type\":\"EntryPoint\",\"urlTemplate\":\"https:\/\/newsestlyonnais.fr\/site\/?s={search_term_string}\"},\"query-input\":{\"@type\":\"PropertyValueSpecification\",\"valueRequired\":true,\"valueName\":\"search_term_string\"}}],\"inLanguage\":\"fr-FR\"},{\"@type\":\"Organization\",\"@id\":\"https:\/\/newsestlyonnais.fr\/site\/#organization\",\"name\":\"News EST LYONNAIS\",\"url\":\"https:\/\/newsestlyonnais.fr\/site\/\",\"logo\":{\"@type\":\"ImageObject\",\"inLanguage\":\"fr-FR\",\"@id\":\"https:\/\/newsestlyonnais.fr\/site\/#\/schema\/logo\/image\/\",\"url\":\"\",\"contentUrl\":\"\",\"caption\":\"News EST LYONNAIS\"},\"image\":{\"@id\":\"https:\/\/newsestlyonnais.fr\/site\/#\/schema\/logo\/image\/\"}},{\"@type\":\"Person\",\"@id\":\"https:\/\/newsestlyonnais.fr\/site\/#\/schema\/person\/3230d5615f390bb808365d673001e887\",\"name\":\"R\u00e9dac. NEWS\",\"sameAs\":[\"http:\/\/www.newsestlyonnais.fr\",\"https:\/\/www.facebook.com\/pascal.oberson.1?fref=ts\",\"https:\/\/fr.linkedin.com\/in\/pascal-oberson-b17045113\"],\"url\":\"https:\/\/newsestlyonnais.fr\/site\/author\/nel\/\"}]}<\/script>\n<!-- \/ Yoast SEO plugin. -->","yoast_head_json":{"title":"BRON | Prochaines formations des Secouristes de la Croix-Blanche - News Est Lyonnais bron-le-calendrier-des-prochaines-formations-des-secouristes-de-la-croix-blanche","description":"bron-le-calendrier-des-prochaines-formations-des-secouristes-de-la-croix-blanche","robots":{"index":"index","follow":"follow","max-snippet":"max-snippet:-1","max-image-preview":"max-image-preview:large","max-video-preview":"max-video-preview:-1"},"canonical":"https:\/\/newsestlyonnais.fr\/site\/2019\/01\/23\/bron-le-calendrier-des-prochaines-formations-des-secouristes-de-la-croix-blanche\/","og_locale":"fr_FR","og_type":"article","og_title":"BRON | Prochaines formations des Secouristes de la Croix-Blanche - News Est Lyonnais bron-le-calendrier-des-prochaines-formations-des-secouristes-de-la-croix-blanche","og_description":"bron-le-calendrier-des-prochaines-formations-des-secouristes-de-la-croix-blanche","og_url":"https:\/\/newsestlyonnais.fr\/site\/2019\/01\/23\/bron-le-calendrier-des-prochaines-formations-des-secouristes-de-la-croix-blanche\/","og_site_name":"News Est Lyonnais","article_author":"https:\/\/www.facebook.com\/pascal.oberson.1?fref=ts","article_published_time":"2019-01-23T07:05:59+00:00","article_modified_time":"2020-05-20T05:53:18+00:00","og_image":[{"width":1000,"height":750,"url":"https:\/\/i2.wp.com\/newsestlyonnais.fr\/site\/wp-content\/uploads\/2017\/04\/NewsEstLyonnais-Flash-Info.png?fit=1000%2C750&ssl=1","type":"image\/png"}],"author":"R\u00e9dac. NEWS","twitter_card":"summary_large_image","twitter_misc":{"\u00c9crit par":"R\u00e9dac. NEWS"},"schema":{"@context":"https:\/\/schema.org","@graph":[{"@type":"Article","@id":"https:\/\/newsestlyonnais.fr\/site\/2019\/01\/23\/bron-le-calendrier-des-prochaines-formations-des-secouristes-de-la-croix-blanche\/#article","isPartOf":{"@id":"https:\/\/newsestlyonnais.fr\/site\/2019\/01\/23\/bron-le-calendrier-des-prochaines-formations-des-secouristes-de-la-croix-blanche\/"},"author":{"name":"R\u00e9dac. NEWS","@id":"https:\/\/newsestlyonnais.fr\/site\/#\/schema\/person\/3230d5615f390bb808365d673001e887"},"headline":"BRON | Prochaines formations des Secouristes de la Croix-Blanche","datePublished":"2019-01-23T07:05:59+00:00","dateModified":"2020-05-20T05:53:18+00:00","mainEntityOfPage":{"@id":"https:\/\/newsestlyonnais.fr\/site\/2019\/01\/23\/bron-le-calendrier-des-prochaines-formations-des-secouristes-de-la-croix-blanche\/"},"wordCount":81,"commentCount":0,"publisher":{"@id":"https:\/\/newsestlyonnais.fr\/site\/#organization"},"image":{"@id":"https:\/\/newsestlyonnais.fr\/site\/2019\/01\/23\/bron-le-calendrier-des-prochaines-formations-des-secouristes-de-la-croix-blanche\/#primaryimage"},"thumbnailUrl":"https:\/\/newsestlyonnais.fr\/site\/wp-content\/uploads\/2017\/04\/NewsEstLyonnais-Flash-Info.png","articleSection":["Br\u00e8ves de l'Est lyonnais","Bron","Secours | S\u00e9curit\u00e9"],"inLanguage":"fr-FR","potentialAction":[{"@type":"CommentAction","name":"Comment","target":["https:\/\/newsestlyonnais.fr\/site\/2019\/01\/23\/bron-le-calendrier-des-prochaines-formations-des-secouristes-de-la-croix-blanche\/#respond"]}]},{"@type":"WebPage","@id":"https:\/\/newsestlyonnais.fr\/site\/2019\/01\/23\/bron-le-calendrier-des-prochaines-formations-des-secouristes-de-la-croix-blanche\/","url":"https:\/\/newsestlyonnais.fr\/site\/2019\/01\/23\/bron-le-calendrier-des-prochaines-formations-des-secouristes-de-la-croix-blanche\/","name":"BRON | Prochaines formations des Secouristes de la Croix-Blanche - News Est Lyonnais bron-le-calendrier-des-prochaines-formations-des-secouristes-de-la-croix-blanche","isPartOf":{"@id":"https:\/\/newsestlyonnais.fr\/site\/#website"},"primaryImageOfPage":{"@id":"https:\/\/newsestlyonnais.fr\/site\/2019\/01\/23\/bron-le-calendrier-des-prochaines-formations-des-secouristes-de-la-croix-blanche\/#primaryimage"},"image":{"@id":"https:\/\/newsestlyonnais.fr\/site\/2019\/01\/23\/bron-le-calendrier-des-prochaines-formations-des-secouristes-de-la-croix-blanche\/#primaryimage"},"thumbnailUrl":"https:\/\/newsestlyonnais.fr\/site\/wp-content\/uploads\/2017\/04\/NewsEstLyonnais-Flash-Info.png","datePublished":"2019-01-23T07:05:59+00:00","dateModified":"2020-05-20T05:53:18+00:00","description":"bron-le-calendrier-des-prochaines-formations-des-secouristes-de-la-croix-blanche","breadcrumb":{"@id":"https:\/\/newsestlyonnais.fr\/site\/2019\/01\/23\/bron-le-calendrier-des-prochaines-formations-des-secouristes-de-la-croix-blanche\/#breadcrumb"},"inLanguage":"fr-FR","potentialAction":[{"@type":"ReadAction","target":["https:\/\/newsestlyonnais.fr\/site\/2019\/01\/23\/bron-le-calendrier-des-prochaines-formations-des-secouristes-de-la-croix-blanche\/"]}]},{"@type":"ImageObject","inLanguage":"fr-FR","@id":"https:\/\/newsestlyonnais.fr\/site\/2019\/01\/23\/bron-le-calendrier-des-prochaines-formations-des-secouristes-de-la-croix-blanche\/#primaryimage","url":"https:\/\/newsestlyonnais.fr\/site\/wp-content\/uploads\/2017\/04\/NewsEstLyonnais-Flash-Info.png","contentUrl":"https:\/\/newsestlyonnais.fr\/site\/wp-content\/uploads\/2017\/04\/NewsEstLyonnais-Flash-Info.png","width":1000,"height":750,"caption":"NewsEstLyonnais-Flash-Info"},{"@type":"BreadcrumbList","@id":"https:\/\/newsestlyonnais.fr\/site\/2019\/01\/23\/bron-le-calendrier-des-prochaines-formations-des-secouristes-de-la-croix-blanche\/#breadcrumb","itemListElement":[{"@type":"ListItem","position":1,"name":"Accueil","item":"https:\/\/newsestlyonnais.fr\/site\/"},{"@type":"ListItem","position":2,"name":"BRON | Prochaines formations des Secouristes de la Croix-Blanche"}]},{"@type":"WebSite","@id":"https:\/\/newsestlyonnais.fr\/site\/#website","url":"https:\/\/newsestlyonnais.fr\/site\/","name":"News Est Lyonnais","description":"L&#039;actualit\u00e9 au plus pr\u00e8s","publisher":{"@id":"https:\/\/newsestlyonnais.fr\/site\/#organization"},"potentialAction":[{"@type":"SearchAction","target":{"@type":"EntryPoint","urlTemplate":"https:\/\/newsestlyonnais.fr\/site\/?s={search_term_string}"},"query-input":{"@type":"PropertyValueSpecification","valueRequired":true,"valueName":"search_term_string"}}],"inLanguage":"fr-FR"},{"@type":"Organization","@id":"https:\/\/newsestlyonnais.fr\/site\/#organization","name":"News EST LYONNAIS","url":"https:\/\/newsestlyonnais.fr\/site\/","logo":{"@type":"ImageObject","inLanguage":"fr-FR","@id":"https:\/\/newsestlyonnais.fr\/site\/#\/schema\/logo\/image\/","url":"","contentUrl":"","caption":"News EST LYONNAIS"},"image":{"@id":"https:\/\/newsestlyonnais.fr\/site\/#\/schema\/logo\/image\/"}},{"@type":"Person","@id":"https:\/\/newsestlyonnais.fr\/site\/#\/schema\/person\/3230d5615f390bb808365d673001e887","name":"R\u00e9dac. NEWS","sameAs":["http:\/\/www.newsestlyonnais.fr","https:\/\/www.facebook.com\/pascal.oberson.1?fref=ts","https:\/\/fr.linkedin.com\/in\/pascal-oberson-b17045113"],"url":"https:\/\/newsestlyonnais.fr\/site\/author\/nel\/"}]}},"_links":{"self":[{"href":"https:\/\/newsestlyonnais.fr\/site\/wp-json\/wp\/v2\/posts\/64324","targetHints":{"allow":["GET"]}}],"collection":[{"href":"https:\/\/newsestlyonnais.fr\/site\/wp-json\/wp\/v2\/posts"}],"about":[{"href":"https:\/\/newsestlyonnais.fr\/site\/wp-json\/wp\/v2\/types\/post"}],"author":[{"embeddable":true,"href":"https:\/\/newsestlyonnais.fr\/site\/wp-json\/wp\/v2\/users\/4"}],"replies":[{"embeddable":true,"href":"https:\/\/newsestlyonnais.fr\/site\/wp-json\/wp\/v2\/comments?post=64324"}],"version-history":[{"count":0,"href":"https:\/\/newsestlyonnais.fr\/site\/wp-json\/wp\/v2\/posts\/64324\/revisions"}],"wp:featuredmedia":[{"embeddable":true,"href":"https:\/\/newsestlyonnais.fr\/site\/wp-json\/wp\/v2\/media\/25760"}],"wp:attachment":[{"href":"https:\/\/newsestlyonnais.fr\/site\/wp-json\/wp\/v2\/media?parent=64324"}],"wp:term":[{"taxonomy":"category","embeddable":true,"href":"https:\/\/newsestlyonnais.fr\/site\/wp-json\/wp\/v2\/categories?post=64324"},{"taxonomy":"post_tag","embeddable":true,"href":"https:\/\/newsestlyonnais.fr\/site\/wp-json\/wp\/v2\/tags?post=64324"}],"curies":[{"name":"wp","href":"https:\/\/api.w.org\/{rel}","templated":true}]}}