{"id":64343,"date":"2019-01-23T16:27:35","date_gmt":"2019-01-23T15:27:35","guid":{"rendered":"http:\/\/newsestlyonnais.fr\/site\/?p=64343"},"modified":"2020-10-22T18:08:25","modified_gmt":"2020-10-22T17:08:25","slug":"bron-53-edition-du-salon-des-independants","status":"publish","type":"post","link":"https:\/\/newsestlyonnais.fr\/site\/2019\/01\/23\/bron-53-edition-du-salon-des-independants\/","title":{"rendered":"BRON | 53\u00b0 Salon des ind\u00e9pendants"},"content":{"rendered":"<h4>Le Salon des Ind\u00e9pendants, rendez-vous incontournable de la vie culturelle de Bron fond\u00e9 en 1966 par l\u2019artiste-peintre Maguy Verdier et pr\u00e9sid\u00e9 depuis 25 ans par Monique Gouttefangeas-Ronzier.<\/h4>\n<p>Le salon rassemblera une nouvelle fois des artistes qui peignent et sculptent la vie, et font la part belle \u00e0 la diversit\u00e9 des styles et \u00e0 la qualit\u00e9 des oeuvres pr\u00e9sent\u00e9es. Cette ann\u00e9e, il a pour pr\u00e9sident d\u2019honneur G\u00e9rard Sousi (fils de l\u2019ancien Maire de Bron Andr\u00e9 Sousi) dont le Fonds de soutien accompagne, entre autres, cette exposition annuelle.<\/p>\n<p>On y retrouvera 30 artistes, dont 4 sculpteurs avec deux nouveaux adh\u00e9rents cette ann\u00e9e. \u00c0 noter : les exposants pr\u00e9sentent des oeuvres jamais montr\u00e9es ailleurs.<\/p>\n<ul>\n<li><strong>Maison des Arts (25, rue de l\u2019Humanit\u00e9) du 24 janvier au 3 f\u00e9vrier 2019<\/strong><\/li>\n<\/ul>\n<p>&nbsp;<\/p>\n<p>&nbsp;<\/p>\n","protected":false},"excerpt":{"rendered":"<p>Le Salon des Ind\u00e9pendants, rendez-vous incontournable de la vie culturelle de Bron fond\u00e9 en 1966 par l\u2019artiste-peintre Maguy Verdier et pr\u00e9sid\u00e9 depuis 25 ans par Monique Gouttefangeas-Ronzier. Le salon rassemblera une nouvelle fois des artistes qui peignent et sculptent la vie, et font la part belle \u00e0 la diversit\u00e9 des styles et \u00e0 la qualit\u00e9 [&hellip;]<\/p>\n","protected":false},"author":4,"featured_media":0,"comment_status":"open","ping_status":"open","sticky":false,"template":"","format":"standard","meta":{"footnotes":""},"categories":[19,3329,3007],"tags":[],"class_list":["post-64343","post","type-post","status-publish","format-standard","hentry","category-bron","category-expos-foires-musees-salons","category-peinture-photo-sculpture"],"yoast_head":"<!-- This site is optimized with the Yoast SEO plugin v27.2 - https:\/\/yoast.com\/product\/yoast-seo-wordpress\/ -->\n<title>BRON | 53\u00b0 Salon des ind\u00e9pendants - News Est Lyonnais<\/title>\n<meta name=\"description\" content=\"bron-53-edition-du-salon-des-independants-du-24-janvier-au-3-fevrier-2019\" \/>\n<meta name=\"robots\" content=\"index, follow, max-snippet:-1, max-image-preview:large, max-video-preview:-1\" \/>\n<link rel=\"canonical\" href=\"https:\/\/newsestlyonnais.fr\/site\/2019\/01\/23\/bron-53-edition-du-salon-des-independants\/\" \/>\n<meta property=\"og:locale\" content=\"fr_FR\" \/>\n<meta property=\"og:type\" content=\"article\" \/>\n<meta property=\"og:title\" content=\"BRON | 53\u00b0 Salon des ind\u00e9pendants - News Est Lyonnais\" \/>\n<meta property=\"og:description\" content=\"bron-53-edition-du-salon-des-independants-du-24-janvier-au-3-fevrier-2019\" \/>\n<meta property=\"og:url\" content=\"https:\/\/newsestlyonnais.fr\/site\/2019\/01\/23\/bron-53-edition-du-salon-des-independants\/\" \/>\n<meta property=\"og:site_name\" content=\"News Est Lyonnais\" \/>\n<meta property=\"article:author\" content=\"https:\/\/www.facebook.com\/pascal.oberson.1?fref=ts\" \/>\n<meta property=\"article:published_time\" content=\"2019-01-23T15:27:35+00:00\" \/>\n<meta property=\"article:modified_time\" content=\"2020-10-22T17:08:25+00:00\" \/>\n<meta name=\"author\" content=\"R\u00e9dac. NEWS\" \/>\n<meta name=\"twitter:card\" content=\"summary_large_image\" \/>\n<meta name=\"twitter:label1\" content=\"\u00c9crit par\" \/>\n\t<meta name=\"twitter:data1\" content=\"R\u00e9dac. NEWS\" \/>\n\t<meta name=\"twitter:label2\" content=\"Dur\u00e9e de lecture estim\u00e9e\" \/>\n\t<meta name=\"twitter:data2\" content=\"1 minute\" \/>\n<script type=\"application\/ld+json\" class=\"yoast-schema-graph\">{\"@context\":\"https:\/\/schema.org\",\"@graph\":[{\"@type\":\"Article\",\"@id\":\"https:\/\/newsestlyonnais.fr\/site\/2019\/01\/23\/bron-53-edition-du-salon-des-independants\/#article\",\"isPartOf\":{\"@id\":\"https:\/\/newsestlyonnais.fr\/site\/2019\/01\/23\/bron-53-edition-du-salon-des-independants\/\"},\"author\":{\"name\":\"R\u00e9dac. NEWS\",\"@id\":\"https:\/\/newsestlyonnais.fr\/site\/#\/schema\/person\/3230d5615f390bb808365d673001e887\"},\"headline\":\"BRON | 53\u00b0 Salon des ind\u00e9pendants\",\"datePublished\":\"2019-01-23T15:27:35+00:00\",\"dateModified\":\"2020-10-22T17:08:25+00:00\",\"mainEntityOfPage\":{\"@id\":\"https:\/\/newsestlyonnais.fr\/site\/2019\/01\/23\/bron-53-edition-du-salon-des-independants\/\"},\"wordCount\":136,\"commentCount\":1,\"publisher\":{\"@id\":\"https:\/\/newsestlyonnais.fr\/site\/#organization\"},\"articleSection\":[\"Bron\",\"Expos | Foires | Mus\u00e9es | Salons\",\"Peinture | Photo | Sculpture\"],\"inLanguage\":\"fr-FR\",\"potentialAction\":[{\"@type\":\"CommentAction\",\"name\":\"Comment\",\"target\":[\"https:\/\/newsestlyonnais.fr\/site\/2019\/01\/23\/bron-53-edition-du-salon-des-independants\/#respond\"]}]},{\"@type\":\"WebPage\",\"@id\":\"https:\/\/newsestlyonnais.fr\/site\/2019\/01\/23\/bron-53-edition-du-salon-des-independants\/\",\"url\":\"https:\/\/newsestlyonnais.fr\/site\/2019\/01\/23\/bron-53-edition-du-salon-des-independants\/\",\"name\":\"BRON | 53\u00b0 Salon des ind\u00e9pendants - News Est Lyonnais\",\"isPartOf\":{\"@id\":\"https:\/\/newsestlyonnais.fr\/site\/#website\"},\"datePublished\":\"2019-01-23T15:27:35+00:00\",\"dateModified\":\"2020-10-22T17:08:25+00:00\",\"description\":\"bron-53-edition-du-salon-des-independants-du-24-janvier-au-3-fevrier-2019\",\"breadcrumb\":{\"@id\":\"https:\/\/newsestlyonnais.fr\/site\/2019\/01\/23\/bron-53-edition-du-salon-des-independants\/#breadcrumb\"},\"inLanguage\":\"fr-FR\",\"potentialAction\":[{\"@type\":\"ReadAction\",\"target\":[\"https:\/\/newsestlyonnais.fr\/site\/2019\/01\/23\/bron-53-edition-du-salon-des-independants\/\"]}]},{\"@type\":\"BreadcrumbList\",\"@id\":\"https:\/\/newsestlyonnais.fr\/site\/2019\/01\/23\/bron-53-edition-du-salon-des-independants\/#breadcrumb\",\"itemListElement\":[{\"@type\":\"ListItem\",\"position\":1,\"name\":\"Accueil\",\"item\":\"https:\/\/newsestlyonnais.fr\/site\/\"},{\"@type\":\"ListItem\",\"position\":2,\"name\":\"BRON | 53\u00b0 Salon des ind\u00e9pendants\"}]},{\"@type\":\"WebSite\",\"@id\":\"https:\/\/newsestlyonnais.fr\/site\/#website\",\"url\":\"https:\/\/newsestlyonnais.fr\/site\/\",\"name\":\"News Est Lyonnais\",\"description\":\"L&#039;actualit\u00e9 au plus pr\u00e8s\",\"publisher\":{\"@id\":\"https:\/\/newsestlyonnais.fr\/site\/#organization\"},\"potentialAction\":[{\"@type\":\"SearchAction\",\"target\":{\"@type\":\"EntryPoint\",\"urlTemplate\":\"https:\/\/newsestlyonnais.fr\/site\/?s={search_term_string}\"},\"query-input\":{\"@type\":\"PropertyValueSpecification\",\"valueRequired\":true,\"valueName\":\"search_term_string\"}}],\"inLanguage\":\"fr-FR\"},{\"@type\":\"Organization\",\"@id\":\"https:\/\/newsestlyonnais.fr\/site\/#organization\",\"name\":\"News EST LYONNAIS\",\"url\":\"https:\/\/newsestlyonnais.fr\/site\/\",\"logo\":{\"@type\":\"ImageObject\",\"inLanguage\":\"fr-FR\",\"@id\":\"https:\/\/newsestlyonnais.fr\/site\/#\/schema\/logo\/image\/\",\"url\":\"\",\"contentUrl\":\"\",\"caption\":\"News EST LYONNAIS\"},\"image\":{\"@id\":\"https:\/\/newsestlyonnais.fr\/site\/#\/schema\/logo\/image\/\"}},{\"@type\":\"Person\",\"@id\":\"https:\/\/newsestlyonnais.fr\/site\/#\/schema\/person\/3230d5615f390bb808365d673001e887\",\"name\":\"R\u00e9dac. NEWS\",\"sameAs\":[\"http:\/\/www.newsestlyonnais.fr\",\"https:\/\/www.facebook.com\/pascal.oberson.1?fref=ts\",\"https:\/\/fr.linkedin.com\/in\/pascal-oberson-b17045113\"],\"url\":\"https:\/\/newsestlyonnais.fr\/site\/author\/nel\/\"}]}<\/script>\n<!-- \/ Yoast SEO plugin. -->","yoast_head_json":{"title":"BRON | 53\u00b0 Salon des ind\u00e9pendants - News Est Lyonnais","description":"bron-53-edition-du-salon-des-independants-du-24-janvier-au-3-fevrier-2019","robots":{"index":"index","follow":"follow","max-snippet":"max-snippet:-1","max-image-preview":"max-image-preview:large","max-video-preview":"max-video-preview:-1"},"canonical":"https:\/\/newsestlyonnais.fr\/site\/2019\/01\/23\/bron-53-edition-du-salon-des-independants\/","og_locale":"fr_FR","og_type":"article","og_title":"BRON | 53\u00b0 Salon des ind\u00e9pendants - News Est Lyonnais","og_description":"bron-53-edition-du-salon-des-independants-du-24-janvier-au-3-fevrier-2019","og_url":"https:\/\/newsestlyonnais.fr\/site\/2019\/01\/23\/bron-53-edition-du-salon-des-independants\/","og_site_name":"News Est Lyonnais","article_author":"https:\/\/www.facebook.com\/pascal.oberson.1?fref=ts","article_published_time":"2019-01-23T15:27:35+00:00","article_modified_time":"2020-10-22T17:08:25+00:00","author":"R\u00e9dac. NEWS","twitter_card":"summary_large_image","twitter_misc":{"\u00c9crit par":"R\u00e9dac. NEWS","Dur\u00e9e de lecture estim\u00e9e":"1 minute"},"schema":{"@context":"https:\/\/schema.org","@graph":[{"@type":"Article","@id":"https:\/\/newsestlyonnais.fr\/site\/2019\/01\/23\/bron-53-edition-du-salon-des-independants\/#article","isPartOf":{"@id":"https:\/\/newsestlyonnais.fr\/site\/2019\/01\/23\/bron-53-edition-du-salon-des-independants\/"},"author":{"name":"R\u00e9dac. NEWS","@id":"https:\/\/newsestlyonnais.fr\/site\/#\/schema\/person\/3230d5615f390bb808365d673001e887"},"headline":"BRON | 53\u00b0 Salon des ind\u00e9pendants","datePublished":"2019-01-23T15:27:35+00:00","dateModified":"2020-10-22T17:08:25+00:00","mainEntityOfPage":{"@id":"https:\/\/newsestlyonnais.fr\/site\/2019\/01\/23\/bron-53-edition-du-salon-des-independants\/"},"wordCount":136,"commentCount":1,"publisher":{"@id":"https:\/\/newsestlyonnais.fr\/site\/#organization"},"articleSection":["Bron","Expos | Foires | Mus\u00e9es | Salons","Peinture | Photo | Sculpture"],"inLanguage":"fr-FR","potentialAction":[{"@type":"CommentAction","name":"Comment","target":["https:\/\/newsestlyonnais.fr\/site\/2019\/01\/23\/bron-53-edition-du-salon-des-independants\/#respond"]}]},{"@type":"WebPage","@id":"https:\/\/newsestlyonnais.fr\/site\/2019\/01\/23\/bron-53-edition-du-salon-des-independants\/","url":"https:\/\/newsestlyonnais.fr\/site\/2019\/01\/23\/bron-53-edition-du-salon-des-independants\/","name":"BRON | 53\u00b0 Salon des ind\u00e9pendants - News Est Lyonnais","isPartOf":{"@id":"https:\/\/newsestlyonnais.fr\/site\/#website"},"datePublished":"2019-01-23T15:27:35+00:00","dateModified":"2020-10-22T17:08:25+00:00","description":"bron-53-edition-du-salon-des-independants-du-24-janvier-au-3-fevrier-2019","breadcrumb":{"@id":"https:\/\/newsestlyonnais.fr\/site\/2019\/01\/23\/bron-53-edition-du-salon-des-independants\/#breadcrumb"},"inLanguage":"fr-FR","potentialAction":[{"@type":"ReadAction","target":["https:\/\/newsestlyonnais.fr\/site\/2019\/01\/23\/bron-53-edition-du-salon-des-independants\/"]}]},{"@type":"BreadcrumbList","@id":"https:\/\/newsestlyonnais.fr\/site\/2019\/01\/23\/bron-53-edition-du-salon-des-independants\/#breadcrumb","itemListElement":[{"@type":"ListItem","position":1,"name":"Accueil","item":"https:\/\/newsestlyonnais.fr\/site\/"},{"@type":"ListItem","position":2,"name":"BRON | 53\u00b0 Salon des ind\u00e9pendants"}]},{"@type":"WebSite","@id":"https:\/\/newsestlyonnais.fr\/site\/#website","url":"https:\/\/newsestlyonnais.fr\/site\/","name":"News Est Lyonnais","description":"L&#039;actualit\u00e9 au plus pr\u00e8s","publisher":{"@id":"https:\/\/newsestlyonnais.fr\/site\/#organization"},"potentialAction":[{"@type":"SearchAction","target":{"@type":"EntryPoint","urlTemplate":"https:\/\/newsestlyonnais.fr\/site\/?s={search_term_string}"},"query-input":{"@type":"PropertyValueSpecification","valueRequired":true,"valueName":"search_term_string"}}],"inLanguage":"fr-FR"},{"@type":"Organization","@id":"https:\/\/newsestlyonnais.fr\/site\/#organization","name":"News EST LYONNAIS","url":"https:\/\/newsestlyonnais.fr\/site\/","logo":{"@type":"ImageObject","inLanguage":"fr-FR","@id":"https:\/\/newsestlyonnais.fr\/site\/#\/schema\/logo\/image\/","url":"","contentUrl":"","caption":"News EST LYONNAIS"},"image":{"@id":"https:\/\/newsestlyonnais.fr\/site\/#\/schema\/logo\/image\/"}},{"@type":"Person","@id":"https:\/\/newsestlyonnais.fr\/site\/#\/schema\/person\/3230d5615f390bb808365d673001e887","name":"R\u00e9dac. NEWS","sameAs":["http:\/\/www.newsestlyonnais.fr","https:\/\/www.facebook.com\/pascal.oberson.1?fref=ts","https:\/\/fr.linkedin.com\/in\/pascal-oberson-b17045113"],"url":"https:\/\/newsestlyonnais.fr\/site\/author\/nel\/"}]}},"_links":{"self":[{"href":"https:\/\/newsestlyonnais.fr\/site\/wp-json\/wp\/v2\/posts\/64343","targetHints":{"allow":["GET"]}}],"collection":[{"href":"https:\/\/newsestlyonnais.fr\/site\/wp-json\/wp\/v2\/posts"}],"about":[{"href":"https:\/\/newsestlyonnais.fr\/site\/wp-json\/wp\/v2\/types\/post"}],"author":[{"embeddable":true,"href":"https:\/\/newsestlyonnais.fr\/site\/wp-json\/wp\/v2\/users\/4"}],"replies":[{"embeddable":true,"href":"https:\/\/newsestlyonnais.fr\/site\/wp-json\/wp\/v2\/comments?post=64343"}],"version-history":[{"count":0,"href":"https:\/\/newsestlyonnais.fr\/site\/wp-json\/wp\/v2\/posts\/64343\/revisions"}],"wp:attachment":[{"href":"https:\/\/newsestlyonnais.fr\/site\/wp-json\/wp\/v2\/media?parent=64343"}],"wp:term":[{"taxonomy":"category","embeddable":true,"href":"https:\/\/newsestlyonnais.fr\/site\/wp-json\/wp\/v2\/categories?post=64343"},{"taxonomy":"post_tag","embeddable":true,"href":"https:\/\/newsestlyonnais.fr\/site\/wp-json\/wp\/v2\/tags?post=64343"}],"curies":[{"name":"wp","href":"https:\/\/api.w.org\/{rel}","templated":true}]}}