{"id":64360,"date":"2019-01-24T06:22:22","date_gmt":"2019-01-24T05:22:22","guid":{"rendered":"http:\/\/newsestlyonnais.fr\/site\/?p=64360"},"modified":"2020-11-09T14:14:37","modified_gmt":"2020-11-09T13:14:37","slug":"nouvelles-stars-de-demain-cherchent-kids-8-16-ans-pour-concours-de-chant-en-avril","status":"publish","type":"post","link":"https:\/\/newsestlyonnais.fr\/site\/2019\/01\/24\/nouvelles-stars-de-demain-cherchent-kids-8-16-ans-pour-concours-de-chant-en-avril\/","title":{"rendered":"GENAS | \u00a0\u00bb Nouvelles stars de demain \u00a0\u00bb cherchent Kids"},"content":{"rendered":"<h4>Les \u00a0\u00bb Nouvelles stars de demain \u00ab\u00a0organisent un concours de chant 100% acoustique \u00e0 l&rsquo;auditorium de Genas, le samedi 6 avril prochain.<\/h4>\n<p>Les organisateurs recherchent \u00e0 cet effet, des Kids (de 8 \u00e0 16 ans) avec des personnalit\u00e9s artistiques pour ce concours qui se d\u00e9roulera devant un jury de professionnels : un collaborateur de Bruno Berb\u00e9r\u00e8s et charg\u00e9 de casting de l&rsquo; \u00e9mission \u00a0\u00bb The Voice Kids\u00a0\u00bb, Laurence Guillet (directrice de casting de \u00a0\u00bb la France a un Incroyable Talent\u00a0\u00bb &amp;\u00a0 Lili Laville (finaliste de \u00ab\u00a0The Voice Kids 5\u00a0\u00bb 2018.<\/p>\n<p><span style=\"text-decoration: underline\">Priorit\u00e9 aux artistes pouvant s&rsquo;accompagner au piano ou guitare acoustique<\/span>, mais ils peuvent \u00e9galement se faire accompagner.<\/p>\n<ul>\n<li>Renseignements et candidatures \u00e0 :\u00a0 <a id=\"ox-e1ea55b732-concoursvoiceonly@yahoo.ox-e1ea55b732-com_body\" class=\"ox-e1ea55b732-adr ox-e1ea55b732-black-to-orange ox-e1ea55b732-contextEntry\" href=\"https:\/\/email.ionos.fr\/appsuite\/read.html?FOLDER=SF_INBOX&amp;IDMSG=304940&amp;check=&amp;SORTBY=1\" target=\"_blank\" rel=\"noopener noreferrer\">concoursvoiceonly@yahoo.com<\/a><\/li>\n<\/ul>\n<div id='gallery-1' class='gallery galleryid-64360 gallery-columns-3 gallery-size-thumbnail'><figure class='gallery-item'>\n\t\t\t<div class='gallery-icon portrait'>\n\t\t\t\t<a href='https:\/\/newsestlyonnais.fr\/site\/2019\/01\/24\/nouvelles-stars-de-demain-cherchent-kids-8-16-ans-pour-concours-de-chant-en-avril\/newsestlyonnais-voice-only-2\/'><img loading=\"lazy\" decoding=\"async\" width=\"150\" height=\"150\" src=\"https:\/\/newsestlyonnais.fr\/site\/wp-content\/uploads\/2019\/01\/NEWSESTLYONNAIS-VOICE-ONLY-2-150x150.jpg\" class=\"attachment-thumbnail size-thumbnail\" alt=\"NEWSESTLYONNAIS VOICE ONLY 2\" \/><\/a>\n\t\t\t<\/div><\/figure>\n\t\t<\/div>\n\n","protected":false},"excerpt":{"rendered":"<p>Les \u00a0\u00bb Nouvelles stars de demain \u00ab\u00a0organisent un concours de chant 100% acoustique \u00e0 l&rsquo;auditorium de Genas, le samedi 6 avril prochain. Les organisateurs recherchent \u00e0 cet effet, des Kids (de 8 \u00e0 16 ans) avec des personnalit\u00e9s artistiques pour ce concours qui se d\u00e9roulera devant un jury de professionnels : un collaborateur de Bruno [&hellip;]<\/p>\n","protected":false},"author":4,"featured_media":0,"comment_status":"open","ping_status":"open","sticky":false,"template":"","format":"standard","meta":{"footnotes":""},"categories":[270,1598,3006],"tags":[],"class_list":["post-64360","post","type-post","status-publish","format-standard","hentry","category-cte-de-communes-c-c-e-l","category-genas","category-musique-danse-humour"],"yoast_head":"<!-- This site is optimized with the Yoast SEO plugin v27.2 - https:\/\/yoast.com\/product\/yoast-seo-wordpress\/ -->\n<title>GENAS | &quot; Nouvelles stars de demain &quot; cherchent Kids - News Est Lyonnais &quot; Nouvelles stars de demain &quot; cherchent Kids (8\/16 ans) pour concours de chant en avril<\/title>\n<meta name=\"description\" content=\"&quot; Nouvelles stars de demain &quot; cherchent Kids (8\/16 ans) pour concours de chant en avril\" \/>\n<meta name=\"robots\" content=\"index, follow, max-snippet:-1, max-image-preview:large, max-video-preview:-1\" \/>\n<link rel=\"canonical\" href=\"https:\/\/newsestlyonnais.fr\/site\/2019\/01\/24\/nouvelles-stars-de-demain-cherchent-kids-8-16-ans-pour-concours-de-chant-en-avril\/\" \/>\n<meta property=\"og:locale\" content=\"fr_FR\" \/>\n<meta property=\"og:type\" content=\"article\" \/>\n<meta property=\"og:title\" content=\"GENAS | &quot; Nouvelles stars de demain &quot; cherchent Kids - News Est Lyonnais &quot; Nouvelles stars de demain &quot; cherchent Kids (8\/16 ans) pour concours de chant en avril\" \/>\n<meta property=\"og:description\" content=\"&quot; Nouvelles stars de demain &quot; cherchent Kids (8\/16 ans) pour concours de chant en avril\" \/>\n<meta property=\"og:url\" content=\"https:\/\/newsestlyonnais.fr\/site\/2019\/01\/24\/nouvelles-stars-de-demain-cherchent-kids-8-16-ans-pour-concours-de-chant-en-avril\/\" \/>\n<meta property=\"og:site_name\" content=\"News Est Lyonnais\" \/>\n<meta property=\"article:author\" content=\"https:\/\/www.facebook.com\/pascal.oberson.1?fref=ts\" \/>\n<meta property=\"article:published_time\" content=\"2019-01-24T05:22:22+00:00\" \/>\n<meta property=\"article:modified_time\" content=\"2020-11-09T13:14:37+00:00\" \/>\n<meta name=\"author\" content=\"R\u00e9dac. NEWS\" \/>\n<meta name=\"twitter:card\" content=\"summary_large_image\" \/>\n<meta name=\"twitter:label1\" content=\"\u00c9crit par\" \/>\n\t<meta name=\"twitter:data1\" content=\"R\u00e9dac. NEWS\" \/>\n\t<meta name=\"twitter:label2\" content=\"Dur\u00e9e de lecture estim\u00e9e\" \/>\n\t<meta name=\"twitter:data2\" content=\"1 minute\" \/>\n<script type=\"application\/ld+json\" class=\"yoast-schema-graph\">{\"@context\":\"https:\/\/schema.org\",\"@graph\":[{\"@type\":\"Article\",\"@id\":\"https:\/\/newsestlyonnais.fr\/site\/2019\/01\/24\/nouvelles-stars-de-demain-cherchent-kids-8-16-ans-pour-concours-de-chant-en-avril\/#article\",\"isPartOf\":{\"@id\":\"https:\/\/newsestlyonnais.fr\/site\/2019\/01\/24\/nouvelles-stars-de-demain-cherchent-kids-8-16-ans-pour-concours-de-chant-en-avril\/\"},\"author\":{\"name\":\"R\u00e9dac. NEWS\",\"@id\":\"https:\/\/newsestlyonnais.fr\/site\/#\/schema\/person\/3230d5615f390bb808365d673001e887\"},\"headline\":\"GENAS | \u00a0\u00bb Nouvelles stars de demain \u00a0\u00bb cherchent Kids\",\"datePublished\":\"2019-01-24T05:22:22+00:00\",\"dateModified\":\"2020-11-09T13:14:37+00:00\",\"mainEntityOfPage\":{\"@id\":\"https:\/\/newsestlyonnais.fr\/site\/2019\/01\/24\/nouvelles-stars-de-demain-cherchent-kids-8-16-ans-pour-concours-de-chant-en-avril\/\"},\"wordCount\":117,\"commentCount\":0,\"publisher\":{\"@id\":\"https:\/\/newsestlyonnais.fr\/site\/#organization\"},\"articleSection\":[\"CCEL | Communes\",\"Genas\",\"Musique | Danse | Humour\"],\"inLanguage\":\"fr-FR\",\"potentialAction\":[{\"@type\":\"CommentAction\",\"name\":\"Comment\",\"target\":[\"https:\/\/newsestlyonnais.fr\/site\/2019\/01\/24\/nouvelles-stars-de-demain-cherchent-kids-8-16-ans-pour-concours-de-chant-en-avril\/#respond\"]}]},{\"@type\":\"WebPage\",\"@id\":\"https:\/\/newsestlyonnais.fr\/site\/2019\/01\/24\/nouvelles-stars-de-demain-cherchent-kids-8-16-ans-pour-concours-de-chant-en-avril\/\",\"url\":\"https:\/\/newsestlyonnais.fr\/site\/2019\/01\/24\/nouvelles-stars-de-demain-cherchent-kids-8-16-ans-pour-concours-de-chant-en-avril\/\",\"name\":\"GENAS | \\\" Nouvelles stars de demain \\\" cherchent Kids - News Est Lyonnais \\\" Nouvelles stars de demain \\\" cherchent Kids (8\/16 ans) pour concours de chant en avril\",\"isPartOf\":{\"@id\":\"https:\/\/newsestlyonnais.fr\/site\/#website\"},\"datePublished\":\"2019-01-24T05:22:22+00:00\",\"dateModified\":\"2020-11-09T13:14:37+00:00\",\"description\":\"\\\" Nouvelles stars de demain \\\" cherchent Kids (8\/16 ans) pour concours de chant en avril\",\"breadcrumb\":{\"@id\":\"https:\/\/newsestlyonnais.fr\/site\/2019\/01\/24\/nouvelles-stars-de-demain-cherchent-kids-8-16-ans-pour-concours-de-chant-en-avril\/#breadcrumb\"},\"inLanguage\":\"fr-FR\",\"potentialAction\":[{\"@type\":\"ReadAction\",\"target\":[\"https:\/\/newsestlyonnais.fr\/site\/2019\/01\/24\/nouvelles-stars-de-demain-cherchent-kids-8-16-ans-pour-concours-de-chant-en-avril\/\"]}]},{\"@type\":\"BreadcrumbList\",\"@id\":\"https:\/\/newsestlyonnais.fr\/site\/2019\/01\/24\/nouvelles-stars-de-demain-cherchent-kids-8-16-ans-pour-concours-de-chant-en-avril\/#breadcrumb\",\"itemListElement\":[{\"@type\":\"ListItem\",\"position\":1,\"name\":\"Accueil\",\"item\":\"https:\/\/newsestlyonnais.fr\/site\/\"},{\"@type\":\"ListItem\",\"position\":2,\"name\":\"GENAS | \u00a0\u00bb Nouvelles stars de demain \u00a0\u00bb cherchent Kids\"}]},{\"@type\":\"WebSite\",\"@id\":\"https:\/\/newsestlyonnais.fr\/site\/#website\",\"url\":\"https:\/\/newsestlyonnais.fr\/site\/\",\"name\":\"News Est Lyonnais\",\"description\":\"L&#039;actualit\u00e9 au plus pr\u00e8s\",\"publisher\":{\"@id\":\"https:\/\/newsestlyonnais.fr\/site\/#organization\"},\"potentialAction\":[{\"@type\":\"SearchAction\",\"target\":{\"@type\":\"EntryPoint\",\"urlTemplate\":\"https:\/\/newsestlyonnais.fr\/site\/?s={search_term_string}\"},\"query-input\":{\"@type\":\"PropertyValueSpecification\",\"valueRequired\":true,\"valueName\":\"search_term_string\"}}],\"inLanguage\":\"fr-FR\"},{\"@type\":\"Organization\",\"@id\":\"https:\/\/newsestlyonnais.fr\/site\/#organization\",\"name\":\"News EST LYONNAIS\",\"url\":\"https:\/\/newsestlyonnais.fr\/site\/\",\"logo\":{\"@type\":\"ImageObject\",\"inLanguage\":\"fr-FR\",\"@id\":\"https:\/\/newsestlyonnais.fr\/site\/#\/schema\/logo\/image\/\",\"url\":\"\",\"contentUrl\":\"\",\"caption\":\"News EST LYONNAIS\"},\"image\":{\"@id\":\"https:\/\/newsestlyonnais.fr\/site\/#\/schema\/logo\/image\/\"}},{\"@type\":\"Person\",\"@id\":\"https:\/\/newsestlyonnais.fr\/site\/#\/schema\/person\/3230d5615f390bb808365d673001e887\",\"name\":\"R\u00e9dac. NEWS\",\"sameAs\":[\"http:\/\/www.newsestlyonnais.fr\",\"https:\/\/www.facebook.com\/pascal.oberson.1?fref=ts\",\"https:\/\/fr.linkedin.com\/in\/pascal-oberson-b17045113\"],\"url\":\"https:\/\/newsestlyonnais.fr\/site\/author\/nel\/\"}]}<\/script>\n<!-- \/ Yoast SEO plugin. -->","yoast_head_json":{"title":"GENAS | \" Nouvelles stars de demain \" cherchent Kids - News Est Lyonnais \" Nouvelles stars de demain \" cherchent Kids (8\/16 ans) pour concours de chant en avril","description":"\" Nouvelles stars de demain \" cherchent Kids (8\/16 ans) pour concours de chant en avril","robots":{"index":"index","follow":"follow","max-snippet":"max-snippet:-1","max-image-preview":"max-image-preview:large","max-video-preview":"max-video-preview:-1"},"canonical":"https:\/\/newsestlyonnais.fr\/site\/2019\/01\/24\/nouvelles-stars-de-demain-cherchent-kids-8-16-ans-pour-concours-de-chant-en-avril\/","og_locale":"fr_FR","og_type":"article","og_title":"GENAS | \" Nouvelles stars de demain \" cherchent Kids - News Est Lyonnais \" Nouvelles stars de demain \" cherchent Kids (8\/16 ans) pour concours de chant en avril","og_description":"\" Nouvelles stars de demain \" cherchent Kids (8\/16 ans) pour concours de chant en avril","og_url":"https:\/\/newsestlyonnais.fr\/site\/2019\/01\/24\/nouvelles-stars-de-demain-cherchent-kids-8-16-ans-pour-concours-de-chant-en-avril\/","og_site_name":"News Est Lyonnais","article_author":"https:\/\/www.facebook.com\/pascal.oberson.1?fref=ts","article_published_time":"2019-01-24T05:22:22+00:00","article_modified_time":"2020-11-09T13:14:37+00:00","author":"R\u00e9dac. NEWS","twitter_card":"summary_large_image","twitter_misc":{"\u00c9crit par":"R\u00e9dac. NEWS","Dur\u00e9e de lecture estim\u00e9e":"1 minute"},"schema":{"@context":"https:\/\/schema.org","@graph":[{"@type":"Article","@id":"https:\/\/newsestlyonnais.fr\/site\/2019\/01\/24\/nouvelles-stars-de-demain-cherchent-kids-8-16-ans-pour-concours-de-chant-en-avril\/#article","isPartOf":{"@id":"https:\/\/newsestlyonnais.fr\/site\/2019\/01\/24\/nouvelles-stars-de-demain-cherchent-kids-8-16-ans-pour-concours-de-chant-en-avril\/"},"author":{"name":"R\u00e9dac. NEWS","@id":"https:\/\/newsestlyonnais.fr\/site\/#\/schema\/person\/3230d5615f390bb808365d673001e887"},"headline":"GENAS | \u00a0\u00bb Nouvelles stars de demain \u00a0\u00bb cherchent Kids","datePublished":"2019-01-24T05:22:22+00:00","dateModified":"2020-11-09T13:14:37+00:00","mainEntityOfPage":{"@id":"https:\/\/newsestlyonnais.fr\/site\/2019\/01\/24\/nouvelles-stars-de-demain-cherchent-kids-8-16-ans-pour-concours-de-chant-en-avril\/"},"wordCount":117,"commentCount":0,"publisher":{"@id":"https:\/\/newsestlyonnais.fr\/site\/#organization"},"articleSection":["CCEL | Communes","Genas","Musique | Danse | Humour"],"inLanguage":"fr-FR","potentialAction":[{"@type":"CommentAction","name":"Comment","target":["https:\/\/newsestlyonnais.fr\/site\/2019\/01\/24\/nouvelles-stars-de-demain-cherchent-kids-8-16-ans-pour-concours-de-chant-en-avril\/#respond"]}]},{"@type":"WebPage","@id":"https:\/\/newsestlyonnais.fr\/site\/2019\/01\/24\/nouvelles-stars-de-demain-cherchent-kids-8-16-ans-pour-concours-de-chant-en-avril\/","url":"https:\/\/newsestlyonnais.fr\/site\/2019\/01\/24\/nouvelles-stars-de-demain-cherchent-kids-8-16-ans-pour-concours-de-chant-en-avril\/","name":"GENAS | \" Nouvelles stars de demain \" cherchent Kids - News Est Lyonnais \" Nouvelles stars de demain \" cherchent Kids (8\/16 ans) pour concours de chant en avril","isPartOf":{"@id":"https:\/\/newsestlyonnais.fr\/site\/#website"},"datePublished":"2019-01-24T05:22:22+00:00","dateModified":"2020-11-09T13:14:37+00:00","description":"\" Nouvelles stars de demain \" cherchent Kids (8\/16 ans) pour concours de chant en avril","breadcrumb":{"@id":"https:\/\/newsestlyonnais.fr\/site\/2019\/01\/24\/nouvelles-stars-de-demain-cherchent-kids-8-16-ans-pour-concours-de-chant-en-avril\/#breadcrumb"},"inLanguage":"fr-FR","potentialAction":[{"@type":"ReadAction","target":["https:\/\/newsestlyonnais.fr\/site\/2019\/01\/24\/nouvelles-stars-de-demain-cherchent-kids-8-16-ans-pour-concours-de-chant-en-avril\/"]}]},{"@type":"BreadcrumbList","@id":"https:\/\/newsestlyonnais.fr\/site\/2019\/01\/24\/nouvelles-stars-de-demain-cherchent-kids-8-16-ans-pour-concours-de-chant-en-avril\/#breadcrumb","itemListElement":[{"@type":"ListItem","position":1,"name":"Accueil","item":"https:\/\/newsestlyonnais.fr\/site\/"},{"@type":"ListItem","position":2,"name":"GENAS | \u00a0\u00bb Nouvelles stars de demain \u00a0\u00bb cherchent Kids"}]},{"@type":"WebSite","@id":"https:\/\/newsestlyonnais.fr\/site\/#website","url":"https:\/\/newsestlyonnais.fr\/site\/","name":"News Est Lyonnais","description":"L&#039;actualit\u00e9 au plus pr\u00e8s","publisher":{"@id":"https:\/\/newsestlyonnais.fr\/site\/#organization"},"potentialAction":[{"@type":"SearchAction","target":{"@type":"EntryPoint","urlTemplate":"https:\/\/newsestlyonnais.fr\/site\/?s={search_term_string}"},"query-input":{"@type":"PropertyValueSpecification","valueRequired":true,"valueName":"search_term_string"}}],"inLanguage":"fr-FR"},{"@type":"Organization","@id":"https:\/\/newsestlyonnais.fr\/site\/#organization","name":"News EST LYONNAIS","url":"https:\/\/newsestlyonnais.fr\/site\/","logo":{"@type":"ImageObject","inLanguage":"fr-FR","@id":"https:\/\/newsestlyonnais.fr\/site\/#\/schema\/logo\/image\/","url":"","contentUrl":"","caption":"News EST LYONNAIS"},"image":{"@id":"https:\/\/newsestlyonnais.fr\/site\/#\/schema\/logo\/image\/"}},{"@type":"Person","@id":"https:\/\/newsestlyonnais.fr\/site\/#\/schema\/person\/3230d5615f390bb808365d673001e887","name":"R\u00e9dac. NEWS","sameAs":["http:\/\/www.newsestlyonnais.fr","https:\/\/www.facebook.com\/pascal.oberson.1?fref=ts","https:\/\/fr.linkedin.com\/in\/pascal-oberson-b17045113"],"url":"https:\/\/newsestlyonnais.fr\/site\/author\/nel\/"}]}},"_links":{"self":[{"href":"https:\/\/newsestlyonnais.fr\/site\/wp-json\/wp\/v2\/posts\/64360","targetHints":{"allow":["GET"]}}],"collection":[{"href":"https:\/\/newsestlyonnais.fr\/site\/wp-json\/wp\/v2\/posts"}],"about":[{"href":"https:\/\/newsestlyonnais.fr\/site\/wp-json\/wp\/v2\/types\/post"}],"author":[{"embeddable":true,"href":"https:\/\/newsestlyonnais.fr\/site\/wp-json\/wp\/v2\/users\/4"}],"replies":[{"embeddable":true,"href":"https:\/\/newsestlyonnais.fr\/site\/wp-json\/wp\/v2\/comments?post=64360"}],"version-history":[{"count":0,"href":"https:\/\/newsestlyonnais.fr\/site\/wp-json\/wp\/v2\/posts\/64360\/revisions"}],"wp:attachment":[{"href":"https:\/\/newsestlyonnais.fr\/site\/wp-json\/wp\/v2\/media?parent=64360"}],"wp:term":[{"taxonomy":"category","embeddable":true,"href":"https:\/\/newsestlyonnais.fr\/site\/wp-json\/wp\/v2\/categories?post=64360"},{"taxonomy":"post_tag","embeddable":true,"href":"https:\/\/newsestlyonnais.fr\/site\/wp-json\/wp\/v2\/tags?post=64360"}],"curies":[{"name":"wp","href":"https:\/\/api.w.org\/{rel}","templated":true}]}}