{"id":64397,"date":"2019-01-24T08:08:39","date_gmt":"2019-01-24T07:08:39","guid":{"rendered":"http:\/\/newsestlyonnais.fr\/site\/?p=64397"},"modified":"2020-11-16T11:55:06","modified_gmt":"2020-11-16T10:55:06","slug":"vaulx-en-velin-mon-avis-nouvelle-participation-a-la-vie-democratique-vaudaise","status":"publish","type":"post","link":"https:\/\/newsestlyonnais.fr\/site\/2019\/01\/24\/vaulx-en-velin-mon-avis-nouvelle-participation-a-la-vie-democratique-vaudaise\/","title":{"rendered":"VAULX-EN-VELIN | \u00ab mon avis \u00bb nouvelle participation \u00e0 la vie d\u00e9mocratique vaudaise"},"content":{"rendered":"<p>Depuis le d\u00e9but 2019, un nouvel outil enrichit la d\u00e9mocratie locale \u00e0 Vaulx-en-Velin : \u00ab Mon avis \u00bb.<\/p>\n<p>Sur ce site, les Vaudais peuvent participer \u00e0 des consultations lanc\u00e9es par la Ville, proposer des projets et des id\u00e9es.<\/p>\n<p>L\u2019objectif pour la Municipalit\u00e9 : recueillir l\u2019expertise d\u2019usage des habitants avant de prendre des d\u00e9cisions, aux c\u00f4t\u00e9s\u00a0des conseils de quartiers, du conseil des seniors, du conseil citoyen, du\u00a0 Conseil Consultatif de la Vie Associative ou du Conseil Consultatif des Repr\u00e9sentants de parents d\u2019\u00e9l\u00e8ves.<\/p>\n<ul>\n<li><strong>Pour s\u2019exprimer, il suffit de s\u2019inscrire sur : <a href=\"https:\/\/monavis.vaulx-en-velin.net\" target=\"_blank\" rel=\"noopener noreferrer\">https:\/\/monavis.vaulx-en-velin.net<\/a><\/strong><\/li>\n<\/ul>\n","protected":false},"excerpt":{"rendered":"<p>Depuis le d\u00e9but 2019, un nouvel outil enrichit la d\u00e9mocratie locale \u00e0 Vaulx-en-Velin : \u00ab Mon avis \u00bb. Sur ce site, les Vaudais peuvent participer \u00e0 des consultations lanc\u00e9es par la Ville, proposer des projets et des id\u00e9es. L\u2019objectif pour la Municipalit\u00e9 : recueillir l\u2019expertise d\u2019usage des habitants avant de prendre des d\u00e9cisions, aux c\u00f4t\u00e9s\u00a0des [&hellip;]<\/p>\n","protected":false},"author":4,"featured_media":0,"comment_status":"open","ping_status":"open","sticky":false,"template":"","format":"standard","meta":{"footnotes":""},"categories":[3336,28],"tags":[],"class_list":["post-64397","post","type-post","status-publish","format-standard","hentry","category-citoyennete-recensement","category-vaulx-en-velin"],"yoast_head":"<!-- This site is optimized with the Yoast SEO plugin v27.2 - https:\/\/yoast.com\/product\/yoast-seo-wordpress\/ -->\n<title>VAULX-EN-VELIN | \u00ab mon avis \u00bb nouvelle participation \u00e0 la vie d\u00e9mocratique vaudaise - News Est Lyonnais VAULX EN VELIN : \u00ab mon avis \u00bb nouvelle participation \u00e0 la vie d\u00e9mocratique vaudaise<\/title>\n<meta name=\"description\" content=\"VAULX EN VELIN : \u00ab mon avis \u00bb nouvelle participation \u00e0 la vie d\u00e9mocratique vaudaise\" \/>\n<meta name=\"robots\" content=\"index, follow, max-snippet:-1, max-image-preview:large, max-video-preview:-1\" \/>\n<link rel=\"canonical\" href=\"https:\/\/newsestlyonnais.fr\/site\/2019\/01\/24\/vaulx-en-velin-mon-avis-nouvelle-participation-a-la-vie-democratique-vaudaise\/\" \/>\n<meta property=\"og:locale\" content=\"fr_FR\" \/>\n<meta property=\"og:type\" content=\"article\" \/>\n<meta property=\"og:title\" content=\"VAULX-EN-VELIN | \u00ab mon avis \u00bb nouvelle participation \u00e0 la vie d\u00e9mocratique vaudaise - News Est Lyonnais VAULX EN VELIN : \u00ab mon avis \u00bb nouvelle participation \u00e0 la vie d\u00e9mocratique vaudaise\" \/>\n<meta property=\"og:description\" content=\"VAULX EN VELIN : \u00ab mon avis \u00bb nouvelle participation \u00e0 la vie d\u00e9mocratique vaudaise\" \/>\n<meta property=\"og:url\" content=\"https:\/\/newsestlyonnais.fr\/site\/2019\/01\/24\/vaulx-en-velin-mon-avis-nouvelle-participation-a-la-vie-democratique-vaudaise\/\" \/>\n<meta property=\"og:site_name\" content=\"News Est Lyonnais\" \/>\n<meta property=\"article:author\" content=\"https:\/\/www.facebook.com\/pascal.oberson.1?fref=ts\" \/>\n<meta property=\"article:published_time\" content=\"2019-01-24T07:08:39+00:00\" \/>\n<meta property=\"article:modified_time\" content=\"2020-11-16T10:55:06+00:00\" \/>\n<meta name=\"author\" content=\"R\u00e9dac. NEWS\" \/>\n<meta name=\"twitter:card\" content=\"summary_large_image\" \/>\n<meta name=\"twitter:label1\" content=\"\u00c9crit par\" \/>\n\t<meta name=\"twitter:data1\" content=\"R\u00e9dac. NEWS\" \/>\n\t<meta name=\"twitter:label2\" content=\"Dur\u00e9e de lecture estim\u00e9e\" \/>\n\t<meta name=\"twitter:data2\" content=\"1 minute\" \/>\n<script type=\"application\/ld+json\" class=\"yoast-schema-graph\">{\"@context\":\"https:\/\/schema.org\",\"@graph\":[{\"@type\":\"Article\",\"@id\":\"https:\/\/newsestlyonnais.fr\/site\/2019\/01\/24\/vaulx-en-velin-mon-avis-nouvelle-participation-a-la-vie-democratique-vaudaise\/#article\",\"isPartOf\":{\"@id\":\"https:\/\/newsestlyonnais.fr\/site\/2019\/01\/24\/vaulx-en-velin-mon-avis-nouvelle-participation-a-la-vie-democratique-vaudaise\/\"},\"author\":{\"name\":\"R\u00e9dac. NEWS\",\"@id\":\"https:\/\/newsestlyonnais.fr\/site\/#\/schema\/person\/3230d5615f390bb808365d673001e887\"},\"headline\":\"VAULX-EN-VELIN | \u00ab mon avis \u00bb nouvelle participation \u00e0 la vie d\u00e9mocratique vaudaise\",\"datePublished\":\"2019-01-24T07:08:39+00:00\",\"dateModified\":\"2020-11-16T10:55:06+00:00\",\"mainEntityOfPage\":{\"@id\":\"https:\/\/newsestlyonnais.fr\/site\/2019\/01\/24\/vaulx-en-velin-mon-avis-nouvelle-participation-a-la-vie-democratique-vaudaise\/\"},\"wordCount\":111,\"commentCount\":0,\"publisher\":{\"@id\":\"https:\/\/newsestlyonnais.fr\/site\/#organization\"},\"articleSection\":[\"Citoyennet\u00e9 | Recensement\",\"Vaulx-en-Velin\"],\"inLanguage\":\"fr-FR\",\"potentialAction\":[{\"@type\":\"CommentAction\",\"name\":\"Comment\",\"target\":[\"https:\/\/newsestlyonnais.fr\/site\/2019\/01\/24\/vaulx-en-velin-mon-avis-nouvelle-participation-a-la-vie-democratique-vaudaise\/#respond\"]}]},{\"@type\":\"WebPage\",\"@id\":\"https:\/\/newsestlyonnais.fr\/site\/2019\/01\/24\/vaulx-en-velin-mon-avis-nouvelle-participation-a-la-vie-democratique-vaudaise\/\",\"url\":\"https:\/\/newsestlyonnais.fr\/site\/2019\/01\/24\/vaulx-en-velin-mon-avis-nouvelle-participation-a-la-vie-democratique-vaudaise\/\",\"name\":\"VAULX-EN-VELIN | \u00ab mon avis \u00bb nouvelle participation \u00e0 la vie d\u00e9mocratique vaudaise - News Est Lyonnais VAULX EN VELIN : \u00ab mon avis \u00bb nouvelle participation \u00e0 la vie d\u00e9mocratique vaudaise\",\"isPartOf\":{\"@id\":\"https:\/\/newsestlyonnais.fr\/site\/#website\"},\"datePublished\":\"2019-01-24T07:08:39+00:00\",\"dateModified\":\"2020-11-16T10:55:06+00:00\",\"description\":\"VAULX EN VELIN : \u00ab mon avis \u00bb nouvelle participation \u00e0 la vie d\u00e9mocratique vaudaise\",\"breadcrumb\":{\"@id\":\"https:\/\/newsestlyonnais.fr\/site\/2019\/01\/24\/vaulx-en-velin-mon-avis-nouvelle-participation-a-la-vie-democratique-vaudaise\/#breadcrumb\"},\"inLanguage\":\"fr-FR\",\"potentialAction\":[{\"@type\":\"ReadAction\",\"target\":[\"https:\/\/newsestlyonnais.fr\/site\/2019\/01\/24\/vaulx-en-velin-mon-avis-nouvelle-participation-a-la-vie-democratique-vaudaise\/\"]}]},{\"@type\":\"BreadcrumbList\",\"@id\":\"https:\/\/newsestlyonnais.fr\/site\/2019\/01\/24\/vaulx-en-velin-mon-avis-nouvelle-participation-a-la-vie-democratique-vaudaise\/#breadcrumb\",\"itemListElement\":[{\"@type\":\"ListItem\",\"position\":1,\"name\":\"Accueil\",\"item\":\"https:\/\/newsestlyonnais.fr\/site\/\"},{\"@type\":\"ListItem\",\"position\":2,\"name\":\"VAULX-EN-VELIN | \u00ab mon avis \u00bb nouvelle participation \u00e0 la vie d\u00e9mocratique vaudaise\"}]},{\"@type\":\"WebSite\",\"@id\":\"https:\/\/newsestlyonnais.fr\/site\/#website\",\"url\":\"https:\/\/newsestlyonnais.fr\/site\/\",\"name\":\"News Est Lyonnais\",\"description\":\"L&#039;actualit\u00e9 au plus pr\u00e8s\",\"publisher\":{\"@id\":\"https:\/\/newsestlyonnais.fr\/site\/#organization\"},\"potentialAction\":[{\"@type\":\"SearchAction\",\"target\":{\"@type\":\"EntryPoint\",\"urlTemplate\":\"https:\/\/newsestlyonnais.fr\/site\/?s={search_term_string}\"},\"query-input\":{\"@type\":\"PropertyValueSpecification\",\"valueRequired\":true,\"valueName\":\"search_term_string\"}}],\"inLanguage\":\"fr-FR\"},{\"@type\":\"Organization\",\"@id\":\"https:\/\/newsestlyonnais.fr\/site\/#organization\",\"name\":\"News EST LYONNAIS\",\"url\":\"https:\/\/newsestlyonnais.fr\/site\/\",\"logo\":{\"@type\":\"ImageObject\",\"inLanguage\":\"fr-FR\",\"@id\":\"https:\/\/newsestlyonnais.fr\/site\/#\/schema\/logo\/image\/\",\"url\":\"\",\"contentUrl\":\"\",\"caption\":\"News EST LYONNAIS\"},\"image\":{\"@id\":\"https:\/\/newsestlyonnais.fr\/site\/#\/schema\/logo\/image\/\"}},{\"@type\":\"Person\",\"@id\":\"https:\/\/newsestlyonnais.fr\/site\/#\/schema\/person\/3230d5615f390bb808365d673001e887\",\"name\":\"R\u00e9dac. NEWS\",\"sameAs\":[\"http:\/\/www.newsestlyonnais.fr\",\"https:\/\/www.facebook.com\/pascal.oberson.1?fref=ts\",\"https:\/\/fr.linkedin.com\/in\/pascal-oberson-b17045113\"],\"url\":\"https:\/\/newsestlyonnais.fr\/site\/author\/nel\/\"}]}<\/script>\n<!-- \/ Yoast SEO plugin. -->","yoast_head_json":{"title":"VAULX-EN-VELIN | \u00ab mon avis \u00bb nouvelle participation \u00e0 la vie d\u00e9mocratique vaudaise - News Est Lyonnais VAULX EN VELIN : \u00ab mon avis \u00bb nouvelle participation \u00e0 la vie d\u00e9mocratique vaudaise","description":"VAULX EN VELIN : \u00ab mon avis \u00bb nouvelle participation \u00e0 la vie d\u00e9mocratique vaudaise","robots":{"index":"index","follow":"follow","max-snippet":"max-snippet:-1","max-image-preview":"max-image-preview:large","max-video-preview":"max-video-preview:-1"},"canonical":"https:\/\/newsestlyonnais.fr\/site\/2019\/01\/24\/vaulx-en-velin-mon-avis-nouvelle-participation-a-la-vie-democratique-vaudaise\/","og_locale":"fr_FR","og_type":"article","og_title":"VAULX-EN-VELIN | \u00ab mon avis \u00bb nouvelle participation \u00e0 la vie d\u00e9mocratique vaudaise - News Est Lyonnais VAULX EN VELIN : \u00ab mon avis \u00bb nouvelle participation \u00e0 la vie d\u00e9mocratique vaudaise","og_description":"VAULX EN VELIN : \u00ab mon avis \u00bb nouvelle participation \u00e0 la vie d\u00e9mocratique vaudaise","og_url":"https:\/\/newsestlyonnais.fr\/site\/2019\/01\/24\/vaulx-en-velin-mon-avis-nouvelle-participation-a-la-vie-democratique-vaudaise\/","og_site_name":"News Est Lyonnais","article_author":"https:\/\/www.facebook.com\/pascal.oberson.1?fref=ts","article_published_time":"2019-01-24T07:08:39+00:00","article_modified_time":"2020-11-16T10:55:06+00:00","author":"R\u00e9dac. NEWS","twitter_card":"summary_large_image","twitter_misc":{"\u00c9crit par":"R\u00e9dac. NEWS","Dur\u00e9e de lecture estim\u00e9e":"1 minute"},"schema":{"@context":"https:\/\/schema.org","@graph":[{"@type":"Article","@id":"https:\/\/newsestlyonnais.fr\/site\/2019\/01\/24\/vaulx-en-velin-mon-avis-nouvelle-participation-a-la-vie-democratique-vaudaise\/#article","isPartOf":{"@id":"https:\/\/newsestlyonnais.fr\/site\/2019\/01\/24\/vaulx-en-velin-mon-avis-nouvelle-participation-a-la-vie-democratique-vaudaise\/"},"author":{"name":"R\u00e9dac. NEWS","@id":"https:\/\/newsestlyonnais.fr\/site\/#\/schema\/person\/3230d5615f390bb808365d673001e887"},"headline":"VAULX-EN-VELIN | \u00ab mon avis \u00bb nouvelle participation \u00e0 la vie d\u00e9mocratique vaudaise","datePublished":"2019-01-24T07:08:39+00:00","dateModified":"2020-11-16T10:55:06+00:00","mainEntityOfPage":{"@id":"https:\/\/newsestlyonnais.fr\/site\/2019\/01\/24\/vaulx-en-velin-mon-avis-nouvelle-participation-a-la-vie-democratique-vaudaise\/"},"wordCount":111,"commentCount":0,"publisher":{"@id":"https:\/\/newsestlyonnais.fr\/site\/#organization"},"articleSection":["Citoyennet\u00e9 | Recensement","Vaulx-en-Velin"],"inLanguage":"fr-FR","potentialAction":[{"@type":"CommentAction","name":"Comment","target":["https:\/\/newsestlyonnais.fr\/site\/2019\/01\/24\/vaulx-en-velin-mon-avis-nouvelle-participation-a-la-vie-democratique-vaudaise\/#respond"]}]},{"@type":"WebPage","@id":"https:\/\/newsestlyonnais.fr\/site\/2019\/01\/24\/vaulx-en-velin-mon-avis-nouvelle-participation-a-la-vie-democratique-vaudaise\/","url":"https:\/\/newsestlyonnais.fr\/site\/2019\/01\/24\/vaulx-en-velin-mon-avis-nouvelle-participation-a-la-vie-democratique-vaudaise\/","name":"VAULX-EN-VELIN | \u00ab mon avis \u00bb nouvelle participation \u00e0 la vie d\u00e9mocratique vaudaise - News Est Lyonnais VAULX EN VELIN : \u00ab mon avis \u00bb nouvelle participation \u00e0 la vie d\u00e9mocratique vaudaise","isPartOf":{"@id":"https:\/\/newsestlyonnais.fr\/site\/#website"},"datePublished":"2019-01-24T07:08:39+00:00","dateModified":"2020-11-16T10:55:06+00:00","description":"VAULX EN VELIN : \u00ab mon avis \u00bb nouvelle participation \u00e0 la vie d\u00e9mocratique vaudaise","breadcrumb":{"@id":"https:\/\/newsestlyonnais.fr\/site\/2019\/01\/24\/vaulx-en-velin-mon-avis-nouvelle-participation-a-la-vie-democratique-vaudaise\/#breadcrumb"},"inLanguage":"fr-FR","potentialAction":[{"@type":"ReadAction","target":["https:\/\/newsestlyonnais.fr\/site\/2019\/01\/24\/vaulx-en-velin-mon-avis-nouvelle-participation-a-la-vie-democratique-vaudaise\/"]}]},{"@type":"BreadcrumbList","@id":"https:\/\/newsestlyonnais.fr\/site\/2019\/01\/24\/vaulx-en-velin-mon-avis-nouvelle-participation-a-la-vie-democratique-vaudaise\/#breadcrumb","itemListElement":[{"@type":"ListItem","position":1,"name":"Accueil","item":"https:\/\/newsestlyonnais.fr\/site\/"},{"@type":"ListItem","position":2,"name":"VAULX-EN-VELIN | \u00ab mon avis \u00bb nouvelle participation \u00e0 la vie d\u00e9mocratique vaudaise"}]},{"@type":"WebSite","@id":"https:\/\/newsestlyonnais.fr\/site\/#website","url":"https:\/\/newsestlyonnais.fr\/site\/","name":"News Est Lyonnais","description":"L&#039;actualit\u00e9 au plus pr\u00e8s","publisher":{"@id":"https:\/\/newsestlyonnais.fr\/site\/#organization"},"potentialAction":[{"@type":"SearchAction","target":{"@type":"EntryPoint","urlTemplate":"https:\/\/newsestlyonnais.fr\/site\/?s={search_term_string}"},"query-input":{"@type":"PropertyValueSpecification","valueRequired":true,"valueName":"search_term_string"}}],"inLanguage":"fr-FR"},{"@type":"Organization","@id":"https:\/\/newsestlyonnais.fr\/site\/#organization","name":"News EST LYONNAIS","url":"https:\/\/newsestlyonnais.fr\/site\/","logo":{"@type":"ImageObject","inLanguage":"fr-FR","@id":"https:\/\/newsestlyonnais.fr\/site\/#\/schema\/logo\/image\/","url":"","contentUrl":"","caption":"News EST LYONNAIS"},"image":{"@id":"https:\/\/newsestlyonnais.fr\/site\/#\/schema\/logo\/image\/"}},{"@type":"Person","@id":"https:\/\/newsestlyonnais.fr\/site\/#\/schema\/person\/3230d5615f390bb808365d673001e887","name":"R\u00e9dac. NEWS","sameAs":["http:\/\/www.newsestlyonnais.fr","https:\/\/www.facebook.com\/pascal.oberson.1?fref=ts","https:\/\/fr.linkedin.com\/in\/pascal-oberson-b17045113"],"url":"https:\/\/newsestlyonnais.fr\/site\/author\/nel\/"}]}},"_links":{"self":[{"href":"https:\/\/newsestlyonnais.fr\/site\/wp-json\/wp\/v2\/posts\/64397","targetHints":{"allow":["GET"]}}],"collection":[{"href":"https:\/\/newsestlyonnais.fr\/site\/wp-json\/wp\/v2\/posts"}],"about":[{"href":"https:\/\/newsestlyonnais.fr\/site\/wp-json\/wp\/v2\/types\/post"}],"author":[{"embeddable":true,"href":"https:\/\/newsestlyonnais.fr\/site\/wp-json\/wp\/v2\/users\/4"}],"replies":[{"embeddable":true,"href":"https:\/\/newsestlyonnais.fr\/site\/wp-json\/wp\/v2\/comments?post=64397"}],"version-history":[{"count":0,"href":"https:\/\/newsestlyonnais.fr\/site\/wp-json\/wp\/v2\/posts\/64397\/revisions"}],"wp:attachment":[{"href":"https:\/\/newsestlyonnais.fr\/site\/wp-json\/wp\/v2\/media?parent=64397"}],"wp:term":[{"taxonomy":"category","embeddable":true,"href":"https:\/\/newsestlyonnais.fr\/site\/wp-json\/wp\/v2\/categories?post=64397"},{"taxonomy":"post_tag","embeddable":true,"href":"https:\/\/newsestlyonnais.fr\/site\/wp-json\/wp\/v2\/tags?post=64397"}],"curies":[{"name":"wp","href":"https:\/\/api.w.org\/{rel}","templated":true}]}}