{"id":64583,"date":"2019-01-25T16:18:32","date_gmt":"2019-01-25T15:18:32","guid":{"rendered":"http:\/\/newsestlyonnais.fr\/site\/?p=64583"},"modified":"2020-05-20T07:19:44","modified_gmt":"2020-05-20T06:19:44","slug":"saint-laurent-de-mure-une-chandeleur-solidaire","status":"publish","type":"post","link":"https:\/\/newsestlyonnais.fr\/site\/2019\/01\/25\/saint-laurent-de-mure-une-chandeleur-solidaire\/","title":{"rendered":"SAINT-BONNET-DE-MURE | Une Chandeleur Solidaire"},"content":{"rendered":"<h4>L&rsquo;association d\u2019int\u00e9r\u00eat g\u00e9n\u00e9rale \u00ab\u00a0LPLIZ\u00a0\u00bb en partenariat avec NOZ&rsquo;ART Event&rsquo;s, association muroise organise une chandeleur solidaire le samedi 2 f\u00e9vrier 2019 \u00e0 la salle de la Charpenterie.<\/h4>\n<p>Une apr\u00e8s-midi r\u00e9cr\u00e9ative, festive, gourmande con\u00e7ue afin d&rsquo;aider au financement d&rsquo;une application bienveillante \u00e0 l&rsquo;\u00e9gard de personnes en situation de handicap et\/ou n\u00e9cessitant une attention particuli\u00e8re comme des personnes \u00e2g\u00e9es et toutes autres personnes dans le besoin.<\/p>\n<ul>\n<li>QU&rsquo;EST CE LPLIZ ? : Une association qui rassemble aid\u00e9s\/aidants bienveillants.<\/li>\n<li>\u00a0L&rsquo;APPLICATION : Lpliz permet \u00e0 des personnes dont le handicap n\u2019est pas apparent, ou imm\u00e9diatement apparent, de se signaler et de demander de l\u2019aide lorsqu\u2019une situation devient difficile pour elles. Lpliz rassemble une communaut\u00e9 de personnes de tous \u00e2ges, valides et non-valides, quelle qu\u2019en soit la raison et le degr\u00e9 (accident, maladie, grossesse). Lpliz permet aux personnes ayant besoin d\u2019aide de se sentir plus en confiance et en s\u00e9curit\u00e9 et donc plus autonomes dans leurs activit\u00e9s sociales quotidiennes. Lpliz rassure les familles car elles savent qu\u2019en cas de besoin, la personne invalide recevra une aide rapide, discr\u00e8te et non stigmatisante.<\/li>\n<\/ul>\n<p><span style=\"text-decoration: underline\"><strong>PARTENAIRES DE L&rsquo;EVENEMENT<\/strong><\/span> : Ville de St Bonnet de Mure\/Maison Pour Tous\/Co&rsquo;AinsiDanse\/Chromosome Surprise &amp;Co\/NOZ&rsquo;ART Event&rsquo;s\/LPLIZ\/Les Mures Zicales\/F\u00eate Sensation St Bonnet de Mure\/<br \/>\nChocolats de Neuville St Bonnet de Mure\/Les Fleurs de St Laurent de St Laurent de Mure\/C\u0153ur de Ville Murois (Association des commer\u00e7ants de St Bonnet de Mure).<\/p>\n<ul>\n<li>\u00a0<em><strong>Samedi 2 f\u00e9vrier 2019 \u00e0 partir de 14 heures \u00e0 St Bonnet de Mure \u00ab\u00a0salle de la charpenterie\u00a0\u00bb<\/strong><\/em><\/li>\n<\/ul>\n<p>&nbsp;<\/p>\n<div id='gallery-1' class='gallery galleryid-64583 gallery-columns-3 gallery-size-thumbnail'><figure class='gallery-item'>\n\t\t\t<div class='gallery-icon portrait'>\n\t\t\t\t<a href='https:\/\/newsestlyonnais.fr\/site\/2019\/01\/25\/saint-laurent-de-mure-une-chandeleur-solidaire\/newsestlyonnais-fete-chandeleur-lpliz\/'><img loading=\"lazy\" decoding=\"async\" width=\"150\" height=\"150\" src=\"https:\/\/newsestlyonnais.fr\/site\/wp-content\/uploads\/2019\/01\/NEWSESTLYONNAIS-FETE-CHANDELEUR-LPLIZ-150x150.jpg\" class=\"attachment-thumbnail size-thumbnail\" alt=\"NEWSESTLYONNAIS FETE CHANDELEUR LPLIZ\" \/><\/a>\n\t\t\t<\/div><\/figure>\n\t\t<\/div>\n\n","protected":false},"excerpt":{"rendered":"<p>L&rsquo;association d\u2019int\u00e9r\u00eat g\u00e9n\u00e9rale \u00ab\u00a0LPLIZ\u00a0\u00bb en partenariat avec NOZ&rsquo;ART Event&rsquo;s, association muroise organise une chandeleur solidaire le samedi 2 f\u00e9vrier 2019 \u00e0 la salle de la Charpenterie. Une apr\u00e8s-midi r\u00e9cr\u00e9ative, festive, gourmande con\u00e7ue afin d&rsquo;aider au financement d&rsquo;une application bienveillante \u00e0 l&rsquo;\u00e9gard de personnes en situation de handicap et\/ou n\u00e9cessitant une attention particuli\u00e8re comme des personnes [&hellip;]<\/p>\n","protected":false},"author":4,"featured_media":0,"comment_status":"open","ping_status":"open","sticky":false,"template":"","format":"standard","meta":{"footnotes":""},"categories":[2217,270,18,1282],"tags":[],"class_list":["post-64583","post","type-post","status-publish","format-standard","hentry","category-breves-de-lest-lyonnais","category-cte-de-communes-c-c-e-l","category-sante-bien-etre-solidarite","category-st-bonnet-st-laurent-de-mure"],"yoast_head":"<!-- This site is optimized with the Yoast SEO plugin v27.2 - https:\/\/yoast.com\/product\/yoast-seo-wordpress\/ -->\n<title>SAINT-BONNET-DE-MURE | Une Chandeleur Solidaire - News Est Lyonnais saint-laurent-de-mure-une-chandeleur-solidaire<\/title>\n<meta name=\"description\" content=\"saint-laurent-de-mure-une-chandeleur-solidaire\" \/>\n<meta name=\"robots\" content=\"index, follow, max-snippet:-1, max-image-preview:large, max-video-preview:-1\" \/>\n<link rel=\"canonical\" href=\"https:\/\/newsestlyonnais.fr\/site\/2019\/01\/25\/saint-laurent-de-mure-une-chandeleur-solidaire\/\" \/>\n<meta property=\"og:locale\" content=\"fr_FR\" \/>\n<meta property=\"og:type\" content=\"article\" \/>\n<meta property=\"og:title\" content=\"SAINT-BONNET-DE-MURE | Une Chandeleur Solidaire - News Est Lyonnais saint-laurent-de-mure-une-chandeleur-solidaire\" \/>\n<meta property=\"og:description\" content=\"saint-laurent-de-mure-une-chandeleur-solidaire\" \/>\n<meta property=\"og:url\" content=\"https:\/\/newsestlyonnais.fr\/site\/2019\/01\/25\/saint-laurent-de-mure-une-chandeleur-solidaire\/\" \/>\n<meta property=\"og:site_name\" content=\"News Est Lyonnais\" \/>\n<meta property=\"article:author\" content=\"https:\/\/www.facebook.com\/pascal.oberson.1?fref=ts\" \/>\n<meta property=\"article:published_time\" content=\"2019-01-25T15:18:32+00:00\" \/>\n<meta property=\"article:modified_time\" content=\"2020-05-20T06:19:44+00:00\" \/>\n<meta name=\"author\" content=\"R\u00e9dac. NEWS\" \/>\n<meta name=\"twitter:card\" content=\"summary_large_image\" \/>\n<meta name=\"twitter:label1\" content=\"\u00c9crit par\" \/>\n\t<meta name=\"twitter:data1\" content=\"R\u00e9dac. NEWS\" \/>\n\t<meta name=\"twitter:label2\" content=\"Dur\u00e9e de lecture estim\u00e9e\" \/>\n\t<meta name=\"twitter:data2\" content=\"1 minute\" \/>\n<script type=\"application\/ld+json\" class=\"yoast-schema-graph\">{\"@context\":\"https:\/\/schema.org\",\"@graph\":[{\"@type\":\"Article\",\"@id\":\"https:\/\/newsestlyonnais.fr\/site\/2019\/01\/25\/saint-laurent-de-mure-une-chandeleur-solidaire\/#article\",\"isPartOf\":{\"@id\":\"https:\/\/newsestlyonnais.fr\/site\/2019\/01\/25\/saint-laurent-de-mure-une-chandeleur-solidaire\/\"},\"author\":{\"name\":\"R\u00e9dac. NEWS\",\"@id\":\"https:\/\/newsestlyonnais.fr\/site\/#\/schema\/person\/3230d5615f390bb808365d673001e887\"},\"headline\":\"SAINT-BONNET-DE-MURE | Une Chandeleur Solidaire\",\"datePublished\":\"2019-01-25T15:18:32+00:00\",\"dateModified\":\"2020-05-20T06:19:44+00:00\",\"mainEntityOfPage\":{\"@id\":\"https:\/\/newsestlyonnais.fr\/site\/2019\/01\/25\/saint-laurent-de-mure-une-chandeleur-solidaire\/\"},\"wordCount\":288,\"commentCount\":0,\"publisher\":{\"@id\":\"https:\/\/newsestlyonnais.fr\/site\/#organization\"},\"articleSection\":[\"Br\u00e8ves de l'Est lyonnais\",\"CCEL | Communes\",\"Sant\u00e9 | Bien Etre | Solidarit\u00e9\",\"St Bonnet | St Laurent de Mure\"],\"inLanguage\":\"fr-FR\",\"potentialAction\":[{\"@type\":\"CommentAction\",\"name\":\"Comment\",\"target\":[\"https:\/\/newsestlyonnais.fr\/site\/2019\/01\/25\/saint-laurent-de-mure-une-chandeleur-solidaire\/#respond\"]}]},{\"@type\":\"WebPage\",\"@id\":\"https:\/\/newsestlyonnais.fr\/site\/2019\/01\/25\/saint-laurent-de-mure-une-chandeleur-solidaire\/\",\"url\":\"https:\/\/newsestlyonnais.fr\/site\/2019\/01\/25\/saint-laurent-de-mure-une-chandeleur-solidaire\/\",\"name\":\"SAINT-BONNET-DE-MURE | Une Chandeleur Solidaire - News Est Lyonnais saint-laurent-de-mure-une-chandeleur-solidaire\",\"isPartOf\":{\"@id\":\"https:\/\/newsestlyonnais.fr\/site\/#website\"},\"datePublished\":\"2019-01-25T15:18:32+00:00\",\"dateModified\":\"2020-05-20T06:19:44+00:00\",\"description\":\"saint-laurent-de-mure-une-chandeleur-solidaire\",\"breadcrumb\":{\"@id\":\"https:\/\/newsestlyonnais.fr\/site\/2019\/01\/25\/saint-laurent-de-mure-une-chandeleur-solidaire\/#breadcrumb\"},\"inLanguage\":\"fr-FR\",\"potentialAction\":[{\"@type\":\"ReadAction\",\"target\":[\"https:\/\/newsestlyonnais.fr\/site\/2019\/01\/25\/saint-laurent-de-mure-une-chandeleur-solidaire\/\"]}]},{\"@type\":\"BreadcrumbList\",\"@id\":\"https:\/\/newsestlyonnais.fr\/site\/2019\/01\/25\/saint-laurent-de-mure-une-chandeleur-solidaire\/#breadcrumb\",\"itemListElement\":[{\"@type\":\"ListItem\",\"position\":1,\"name\":\"Accueil\",\"item\":\"https:\/\/newsestlyonnais.fr\/site\/\"},{\"@type\":\"ListItem\",\"position\":2,\"name\":\"SAINT-BONNET-DE-MURE | Une Chandeleur Solidaire\"}]},{\"@type\":\"WebSite\",\"@id\":\"https:\/\/newsestlyonnais.fr\/site\/#website\",\"url\":\"https:\/\/newsestlyonnais.fr\/site\/\",\"name\":\"News Est Lyonnais\",\"description\":\"L&#039;actualit\u00e9 au plus pr\u00e8s\",\"publisher\":{\"@id\":\"https:\/\/newsestlyonnais.fr\/site\/#organization\"},\"potentialAction\":[{\"@type\":\"SearchAction\",\"target\":{\"@type\":\"EntryPoint\",\"urlTemplate\":\"https:\/\/newsestlyonnais.fr\/site\/?s={search_term_string}\"},\"query-input\":{\"@type\":\"PropertyValueSpecification\",\"valueRequired\":true,\"valueName\":\"search_term_string\"}}],\"inLanguage\":\"fr-FR\"},{\"@type\":\"Organization\",\"@id\":\"https:\/\/newsestlyonnais.fr\/site\/#organization\",\"name\":\"News EST LYONNAIS\",\"url\":\"https:\/\/newsestlyonnais.fr\/site\/\",\"logo\":{\"@type\":\"ImageObject\",\"inLanguage\":\"fr-FR\",\"@id\":\"https:\/\/newsestlyonnais.fr\/site\/#\/schema\/logo\/image\/\",\"url\":\"\",\"contentUrl\":\"\",\"caption\":\"News EST LYONNAIS\"},\"image\":{\"@id\":\"https:\/\/newsestlyonnais.fr\/site\/#\/schema\/logo\/image\/\"}},{\"@type\":\"Person\",\"@id\":\"https:\/\/newsestlyonnais.fr\/site\/#\/schema\/person\/3230d5615f390bb808365d673001e887\",\"name\":\"R\u00e9dac. NEWS\",\"sameAs\":[\"http:\/\/www.newsestlyonnais.fr\",\"https:\/\/www.facebook.com\/pascal.oberson.1?fref=ts\",\"https:\/\/fr.linkedin.com\/in\/pascal-oberson-b17045113\"],\"url\":\"https:\/\/newsestlyonnais.fr\/site\/author\/nel\/\"}]}<\/script>\n<!-- \/ Yoast SEO plugin. -->","yoast_head_json":{"title":"SAINT-BONNET-DE-MURE | Une Chandeleur Solidaire - News Est Lyonnais saint-laurent-de-mure-une-chandeleur-solidaire","description":"saint-laurent-de-mure-une-chandeleur-solidaire","robots":{"index":"index","follow":"follow","max-snippet":"max-snippet:-1","max-image-preview":"max-image-preview:large","max-video-preview":"max-video-preview:-1"},"canonical":"https:\/\/newsestlyonnais.fr\/site\/2019\/01\/25\/saint-laurent-de-mure-une-chandeleur-solidaire\/","og_locale":"fr_FR","og_type":"article","og_title":"SAINT-BONNET-DE-MURE | Une Chandeleur Solidaire - News Est Lyonnais saint-laurent-de-mure-une-chandeleur-solidaire","og_description":"saint-laurent-de-mure-une-chandeleur-solidaire","og_url":"https:\/\/newsestlyonnais.fr\/site\/2019\/01\/25\/saint-laurent-de-mure-une-chandeleur-solidaire\/","og_site_name":"News Est Lyonnais","article_author":"https:\/\/www.facebook.com\/pascal.oberson.1?fref=ts","article_published_time":"2019-01-25T15:18:32+00:00","article_modified_time":"2020-05-20T06:19:44+00:00","author":"R\u00e9dac. NEWS","twitter_card":"summary_large_image","twitter_misc":{"\u00c9crit par":"R\u00e9dac. NEWS","Dur\u00e9e de lecture estim\u00e9e":"1 minute"},"schema":{"@context":"https:\/\/schema.org","@graph":[{"@type":"Article","@id":"https:\/\/newsestlyonnais.fr\/site\/2019\/01\/25\/saint-laurent-de-mure-une-chandeleur-solidaire\/#article","isPartOf":{"@id":"https:\/\/newsestlyonnais.fr\/site\/2019\/01\/25\/saint-laurent-de-mure-une-chandeleur-solidaire\/"},"author":{"name":"R\u00e9dac. NEWS","@id":"https:\/\/newsestlyonnais.fr\/site\/#\/schema\/person\/3230d5615f390bb808365d673001e887"},"headline":"SAINT-BONNET-DE-MURE | Une Chandeleur Solidaire","datePublished":"2019-01-25T15:18:32+00:00","dateModified":"2020-05-20T06:19:44+00:00","mainEntityOfPage":{"@id":"https:\/\/newsestlyonnais.fr\/site\/2019\/01\/25\/saint-laurent-de-mure-une-chandeleur-solidaire\/"},"wordCount":288,"commentCount":0,"publisher":{"@id":"https:\/\/newsestlyonnais.fr\/site\/#organization"},"articleSection":["Br\u00e8ves de l'Est lyonnais","CCEL | Communes","Sant\u00e9 | Bien Etre | Solidarit\u00e9","St Bonnet | St Laurent de Mure"],"inLanguage":"fr-FR","potentialAction":[{"@type":"CommentAction","name":"Comment","target":["https:\/\/newsestlyonnais.fr\/site\/2019\/01\/25\/saint-laurent-de-mure-une-chandeleur-solidaire\/#respond"]}]},{"@type":"WebPage","@id":"https:\/\/newsestlyonnais.fr\/site\/2019\/01\/25\/saint-laurent-de-mure-une-chandeleur-solidaire\/","url":"https:\/\/newsestlyonnais.fr\/site\/2019\/01\/25\/saint-laurent-de-mure-une-chandeleur-solidaire\/","name":"SAINT-BONNET-DE-MURE | Une Chandeleur Solidaire - News Est Lyonnais saint-laurent-de-mure-une-chandeleur-solidaire","isPartOf":{"@id":"https:\/\/newsestlyonnais.fr\/site\/#website"},"datePublished":"2019-01-25T15:18:32+00:00","dateModified":"2020-05-20T06:19:44+00:00","description":"saint-laurent-de-mure-une-chandeleur-solidaire","breadcrumb":{"@id":"https:\/\/newsestlyonnais.fr\/site\/2019\/01\/25\/saint-laurent-de-mure-une-chandeleur-solidaire\/#breadcrumb"},"inLanguage":"fr-FR","potentialAction":[{"@type":"ReadAction","target":["https:\/\/newsestlyonnais.fr\/site\/2019\/01\/25\/saint-laurent-de-mure-une-chandeleur-solidaire\/"]}]},{"@type":"BreadcrumbList","@id":"https:\/\/newsestlyonnais.fr\/site\/2019\/01\/25\/saint-laurent-de-mure-une-chandeleur-solidaire\/#breadcrumb","itemListElement":[{"@type":"ListItem","position":1,"name":"Accueil","item":"https:\/\/newsestlyonnais.fr\/site\/"},{"@type":"ListItem","position":2,"name":"SAINT-BONNET-DE-MURE | Une Chandeleur Solidaire"}]},{"@type":"WebSite","@id":"https:\/\/newsestlyonnais.fr\/site\/#website","url":"https:\/\/newsestlyonnais.fr\/site\/","name":"News Est Lyonnais","description":"L&#039;actualit\u00e9 au plus pr\u00e8s","publisher":{"@id":"https:\/\/newsestlyonnais.fr\/site\/#organization"},"potentialAction":[{"@type":"SearchAction","target":{"@type":"EntryPoint","urlTemplate":"https:\/\/newsestlyonnais.fr\/site\/?s={search_term_string}"},"query-input":{"@type":"PropertyValueSpecification","valueRequired":true,"valueName":"search_term_string"}}],"inLanguage":"fr-FR"},{"@type":"Organization","@id":"https:\/\/newsestlyonnais.fr\/site\/#organization","name":"News EST LYONNAIS","url":"https:\/\/newsestlyonnais.fr\/site\/","logo":{"@type":"ImageObject","inLanguage":"fr-FR","@id":"https:\/\/newsestlyonnais.fr\/site\/#\/schema\/logo\/image\/","url":"","contentUrl":"","caption":"News EST LYONNAIS"},"image":{"@id":"https:\/\/newsestlyonnais.fr\/site\/#\/schema\/logo\/image\/"}},{"@type":"Person","@id":"https:\/\/newsestlyonnais.fr\/site\/#\/schema\/person\/3230d5615f390bb808365d673001e887","name":"R\u00e9dac. NEWS","sameAs":["http:\/\/www.newsestlyonnais.fr","https:\/\/www.facebook.com\/pascal.oberson.1?fref=ts","https:\/\/fr.linkedin.com\/in\/pascal-oberson-b17045113"],"url":"https:\/\/newsestlyonnais.fr\/site\/author\/nel\/"}]}},"_links":{"self":[{"href":"https:\/\/newsestlyonnais.fr\/site\/wp-json\/wp\/v2\/posts\/64583","targetHints":{"allow":["GET"]}}],"collection":[{"href":"https:\/\/newsestlyonnais.fr\/site\/wp-json\/wp\/v2\/posts"}],"about":[{"href":"https:\/\/newsestlyonnais.fr\/site\/wp-json\/wp\/v2\/types\/post"}],"author":[{"embeddable":true,"href":"https:\/\/newsestlyonnais.fr\/site\/wp-json\/wp\/v2\/users\/4"}],"replies":[{"embeddable":true,"href":"https:\/\/newsestlyonnais.fr\/site\/wp-json\/wp\/v2\/comments?post=64583"}],"version-history":[{"count":0,"href":"https:\/\/newsestlyonnais.fr\/site\/wp-json\/wp\/v2\/posts\/64583\/revisions"}],"wp:attachment":[{"href":"https:\/\/newsestlyonnais.fr\/site\/wp-json\/wp\/v2\/media?parent=64583"}],"wp:term":[{"taxonomy":"category","embeddable":true,"href":"https:\/\/newsestlyonnais.fr\/site\/wp-json\/wp\/v2\/categories?post=64583"},{"taxonomy":"post_tag","embeddable":true,"href":"https:\/\/newsestlyonnais.fr\/site\/wp-json\/wp\/v2\/tags?post=64583"}],"curies":[{"name":"wp","href":"https:\/\/api.w.org\/{rel}","templated":true}]}}