{"id":64616,"date":"2019-01-25T17:41:51","date_gmt":"2019-01-25T16:41:51","guid":{"rendered":"http:\/\/newsestlyonnais.fr\/site\/?p=64616"},"modified":"2020-11-12T09:39:48","modified_gmt":"2020-11-12T08:39:48","slug":"lyon-7-les-manifestations-jusquau-12-fevrier-2019","status":"publish","type":"post","link":"https:\/\/newsestlyonnais.fr\/site\/2019\/01\/25\/lyon-7-les-manifestations-jusquau-12-fevrier-2019\/","title":{"rendered":"LYON 7 | Les manifestations au 12 f\u00e9vrier"},"content":{"rendered":"<h4>Nombreux sont les \u00e9v\u00e8nements et manifestations qui se d\u00e9rouleront durant cette p\u00e9riode, sur le 7 \u00b0 arrondissement, \u00e0 savoir :<\/h4>\n<ul>\n<li><strong>Jusqu\u2019au 2 f\u00e9vrier<\/strong> : <span style=\"text-decoration: underline\">Xinjiang, identit\u00e9s en sursis, photographies de Maxime Crozet<\/span>. (Hall du 1\u00b0 \u00e9tage, Mairie du 7\u00b0).<\/li>\n<li><strong>Du 1\u00b0 au 10 f\u00e9vrier<\/strong> : <span style=\"text-decoration: underline\">Exposition de l\u2019Acad\u00e9mie des Peintres de Montchat<\/span>. Invit\u00e9e d\u2019honneur : Chantal Hayette. (Salle Edmond Locard, 14 avenue Berthelot).<\/li>\n<li><strong>Du 4 au 15 f\u00e9vrier<\/strong> : <span style=\"text-decoration: underline\">Emotions et perceptions, Lyon vu \u00e0 travers le regard de non-voyants<\/span>, par FAF APRIDEV Rh\u00f4ne-Alpes. (Hall du 1\u00b0 \u00e9tage, Mairie du 7\u00b0).<\/li>\n<li><strong>A partir du 6 f\u00e9vrier jusqu\u2019au 31 mai<\/strong> : <span style=\"text-decoration: underline\">Exposition de photographies \u00ab Retour sur la f\u00eate des Lumi\u00e8res \u00bb<\/span>. (Quai Claude Bernard, sur les grilles du Centre Nautique Tony Bertrand).<\/li>\n<li><strong>Du 17 janvier au 23 f\u00e9vrier<\/strong> : <span style=\"text-decoration: underline\">Recensement de la population<\/span>.<\/li>\n<li><strong>Lundi 28 janvier \u00e0 18 h 30<\/strong> : <span style=\"text-decoration: underline\">Vernissage de l\u2019exposition de photographies de Maxime Crozet<\/span> \u00ab Xinjiang, identit\u00e9s en sursis \u00bb. (Hall du 1\u00b0 \u00e9tage, Mairie du 7\u00b0) <strong>&amp; \u00e0 19 h 30<\/strong> : <span style=\"text-decoration: underline\">Assembl\u00e9e g\u00e9n\u00e9rale de l\u2019ADPB<\/span> \u2013 Association de D\u00e9veloppement du Parc Blandan. (Maison Ravier, 7 rue Ravier).<\/li>\n<li><strong>Mardi 29 janvier \u00e0 12 h 30<\/strong> : <span style=\"text-decoration: underline\">Pr\u00e9sentation des v\u0153ux au personnel de la Mairie<\/span>. (Salle Villon, Mairie du 7\u00b0) <strong>&amp; \u00e0 18 h 30<\/strong> : <span style=\"text-decoration: underline\">Soir\u00e9e des v\u0153ux de l\u2019association CLE 7<\/span> (Club Lyonnais des Entreprises du 7\u00b0. (Salle des Mariages et du Conseil, Mairie du 7\u00b0).<\/li>\n<li><strong>Mercredi 30 janvier \u00e0 14 h 30<\/strong> : <span style=\"text-decoration: underline\">Spectacle \u00ab Lululand \u00bb<\/span>, \u00e0 destination des s\u00e9niors de l\u2019arrondissement. (Bourse du Travail, Place Guichard). Spectacle complet.<\/li>\n<li><strong>Vendredi 1\u00b0 f\u00e9vrier \u00e0 17 h 30<\/strong> : <span style=\"text-decoration: underline\">Vernissage de l\u2019exposition de l\u2019Acad\u00e9mie des Peintres de Montchat<\/span>. Avec Chantal Hayette en invit\u00e9e d\u2019honneur. (Salle Edmond Locard, 14 avenue Berthelot).<\/li>\n<li><strong>Du 1\u00b0 au 2 f\u00e9vrier<\/strong> : <span style=\"text-decoration: underline\">Premi\u00e8re \u00e9dition de \u00ab Wintower is coming<\/span>\u00bb.\u00a0 Apr\u00e8s avoir c\u00e9l\u00e9br\u00e9 les 20 ans du Festival Woodstower au soleil, l&rsquo;hiver laisse place \u00e0 la 1\u00b0 \u00e9dition du Wintower. <strong>1\u00b0 f\u00e9vrier : \u00e0 partir de 20 h<\/strong> au Ninkasi Gerland. <strong>Samedi 2 f\u00e9vrier \u00e0 20 h<\/strong> au Transbordeur. Plus d\u2019infos sur : <a href=\"https:\/\/woodstower.com\/fr\/wintower\/presentation\/\" target=\"_blank\" rel=\"noopener noreferrer\">https:\/\/woodstower.com\/fr\/wintower\/presentation\/<\/a><\/li>\n<li><strong>Mardi 5 f\u00e9vrier \u00e0 18 h 30<\/strong> : <span style=\"text-decoration: underline\">Vernissage de l\u2019exposition \u00ab Emotions et perceptions,<\/span> Lyon vu \u00e0 travers le regard de non-voyants \u00bb par FAF APRIDEV Rh\u00f4ne-Alpes. (Hall du 1\u00b0 \u00e9tage, Mairie du 7\u00b0) <strong>&amp; \u00e0 19 h<\/strong> : <span style=\"text-decoration: underline\">Assembl\u00e9e g\u00e9n\u00e9rale de la MJC Jean Mac\u00e9<\/span>. (38 rue Camille Roy).<\/li>\n<li><strong>Jeudi 7 f\u00e9vrier de 19 h 30 \u00e0 21 h<\/strong> : <span style=\"text-decoration: underline\">Moment de convivialit\u00e9<\/span> propos\u00e9 par le Conseil de Quartier de Gerland, autour de bugnes. (Maison Ravier, 7 rue Ravier).<\/li>\n<li><strong>Samedi 9 f\u00e9vrier \u00e0 14 h 30<\/strong> : <span style=\"text-decoration: underline\">Loto<\/span> organis\u00e9 par le Comit\u00e9 des F\u00eates de Gerland. (Maison Ravier).<\/li>\n<li><strong>Dimanche 10 f\u00e9vrier \u00e0 14 h 45<\/strong> : <span style=\"text-decoration: underline\">Nouvel an chinois<\/span>, organis\u00e9 par l\u2019Association des Chinois de Lyon et r\u00e9gion Auvergne-Rh\u00f4ne-Alpes. (Point de rencontre angle rue Passet et Cavenne).<\/li>\n<li><strong>Lundi 11 f\u00e9vrier \u00e0 18 h 30<\/strong> : <span style=\"text-decoration: underline\">Conf\u00e9rence organis\u00e9e par le P\u00f4le Europ\u00e9en \u00ab L\u2019ouverture \u00e0 la concurrence des centrales hydro\u00e9lectriques et des barrages \u00bb<\/span>. Par Marie-No\u00eblle BATTISTEL, D\u00e9put\u00e9e de la 4\u00b0 circonscription de l\u2019Is\u00e8re, vice-pr\u00e9sidente de la Commission Affaires Economiques de l\u2019Assembl\u00e9e Nationale, rapporteur de la Mission parlementaire sur l\u2019hydro\u00e9lectricit\u00e9, vice-pr\u00e9sidente aux Droits des Femmes et \u00e0 l\u2019\u00e9galit\u00e9 Femmes\/Hommes. (Salle des Mariages et du Conseil, Mairie du 7\u00b0).<\/li>\n<li><strong>Mardi 12 f\u00e9vrier \u00e0 9 h<\/strong> :\u00a0 <span style=\"text-decoration: underline\">Conf\u00e9rence de presse de pr\u00e9sentation du festival de street art \u00ab Peinture fra\u00eeche \u00bb<\/span>.<br \/>\n(Ninkasi Gerland). Festival pr\u00e9vu du 26 avril au 12 mai 2019.<\/li>\n<\/ul>\n<h4>Toute l\u2019ACTU de l\u2019arrondissement est sur : <a href=\"https:\/\/mairie7.lyon.fr\" target=\"_blank\" rel=\"noopener noreferrer\">https:\/\/mairie7.lyon.fr<\/a><\/h4>\n","protected":false},"excerpt":{"rendered":"<p>Nombreux sont les \u00e9v\u00e8nements et manifestations qui se d\u00e9rouleront durant cette p\u00e9riode, sur le 7 \u00b0 arrondissement, \u00e0 savoir : Jusqu\u2019au 2 f\u00e9vrier : Xinjiang, identit\u00e9s en sursis, photographies de Maxime Crozet. (Hall du 1\u00b0 \u00e9tage, Mairie du 7\u00b0). Du 1\u00b0 au 10 f\u00e9vrier : Exposition de l\u2019Acad\u00e9mie des Peintres de Montchat. Invit\u00e9e d\u2019honneur : [&hellip;]<\/p>\n","protected":false},"author":4,"featured_media":8840,"comment_status":"open","ping_status":"open","sticky":false,"template":"","format":"standard","meta":{"footnotes":""},"categories":[1625],"tags":[1991,2077],"class_list":["post-64616","post","type-post","status-publish","format-standard","has-post-thumbnail","hentry","category-lyon","tag-agenda","tag-lyon"],"yoast_head":"<!-- This site is optimized with the Yoast SEO plugin v27.2 - https:\/\/yoast.com\/product\/yoast-seo-wordpress\/ -->\n<title>LYON 7 | Les manifestations au 12 f\u00e9vrier - News Est Lyonnais LYON 7\u00b0 : L\u2019agenda des manifestations jusqu&#039;au 12 f\u00e9vrier 2019<\/title>\n<meta name=\"description\" content=\"LYON 7\u00b0 : L\u2019agenda des manifestations jusqu&#039;au 12 f\u00e9vrier 2019\" \/>\n<meta name=\"robots\" content=\"index, follow, max-snippet:-1, max-image-preview:large, max-video-preview:-1\" \/>\n<link rel=\"canonical\" href=\"https:\/\/newsestlyonnais.fr\/site\/2019\/01\/25\/lyon-7-les-manifestations-jusquau-12-fevrier-2019\/\" \/>\n<meta property=\"og:locale\" content=\"fr_FR\" \/>\n<meta property=\"og:type\" content=\"article\" \/>\n<meta property=\"og:title\" content=\"LYON 7 | Les manifestations au 12 f\u00e9vrier - News Est Lyonnais LYON 7\u00b0 : L\u2019agenda des manifestations jusqu&#039;au 12 f\u00e9vrier 2019\" \/>\n<meta property=\"og:description\" content=\"LYON 7\u00b0 : L\u2019agenda des manifestations jusqu&#039;au 12 f\u00e9vrier 2019\" \/>\n<meta property=\"og:url\" content=\"https:\/\/newsestlyonnais.fr\/site\/2019\/01\/25\/lyon-7-les-manifestations-jusquau-12-fevrier-2019\/\" \/>\n<meta property=\"og:site_name\" content=\"News Est Lyonnais\" \/>\n<meta property=\"article:author\" content=\"https:\/\/www.facebook.com\/pascal.oberson.1?fref=ts\" \/>\n<meta property=\"article:published_time\" content=\"2019-01-25T16:41:51+00:00\" \/>\n<meta property=\"article:modified_time\" content=\"2020-11-12T08:39:48+00:00\" \/>\n<meta property=\"og:image\" content=\"https:\/\/i1.wp.com\/newsestlyonnais.fr\/site\/wp-content\/uploads\/2016\/06\/NEWSESTLYONNAIS-LYON-PANNEAUP1100180.jpg?fit=1000%2C750&ssl=1\" \/>\n\t<meta property=\"og:image:width\" content=\"1000\" \/>\n\t<meta property=\"og:image:height\" content=\"750\" \/>\n\t<meta property=\"og:image:type\" content=\"image\/jpeg\" \/>\n<meta name=\"author\" content=\"R\u00e9dac. NEWS\" \/>\n<meta name=\"twitter:card\" content=\"summary_large_image\" \/>\n<meta name=\"twitter:label1\" content=\"\u00c9crit par\" \/>\n\t<meta name=\"twitter:data1\" content=\"R\u00e9dac. NEWS\" \/>\n\t<meta name=\"twitter:label2\" content=\"Dur\u00e9e de lecture estim\u00e9e\" \/>\n\t<meta name=\"twitter:data2\" content=\"3 minutes\" \/>\n<script type=\"application\/ld+json\" class=\"yoast-schema-graph\">{\"@context\":\"https:\/\/schema.org\",\"@graph\":[{\"@type\":\"Article\",\"@id\":\"https:\/\/newsestlyonnais.fr\/site\/2019\/01\/25\/lyon-7-les-manifestations-jusquau-12-fevrier-2019\/#article\",\"isPartOf\":{\"@id\":\"https:\/\/newsestlyonnais.fr\/site\/2019\/01\/25\/lyon-7-les-manifestations-jusquau-12-fevrier-2019\/\"},\"author\":{\"name\":\"R\u00e9dac. NEWS\",\"@id\":\"https:\/\/newsestlyonnais.fr\/site\/#\/schema\/person\/3230d5615f390bb808365d673001e887\"},\"headline\":\"LYON 7 | Les manifestations au 12 f\u00e9vrier\",\"datePublished\":\"2019-01-25T16:41:51+00:00\",\"dateModified\":\"2020-11-12T08:39:48+00:00\",\"mainEntityOfPage\":{\"@id\":\"https:\/\/newsestlyonnais.fr\/site\/2019\/01\/25\/lyon-7-les-manifestations-jusquau-12-fevrier-2019\/\"},\"wordCount\":548,\"commentCount\":0,\"publisher\":{\"@id\":\"https:\/\/newsestlyonnais.fr\/site\/#organization\"},\"image\":{\"@id\":\"https:\/\/newsestlyonnais.fr\/site\/2019\/01\/25\/lyon-7-les-manifestations-jusquau-12-fevrier-2019\/#primaryimage\"},\"thumbnailUrl\":\"https:\/\/newsestlyonnais.fr\/site\/wp-content\/uploads\/2016\/06\/NEWSESTLYONNAIS-LYON-PANNEAUP1100180.jpg\",\"keywords\":[\"AGENDA\",\"LYON\"],\"articleSection\":[\"Lyon\"],\"inLanguage\":\"fr-FR\",\"potentialAction\":[{\"@type\":\"CommentAction\",\"name\":\"Comment\",\"target\":[\"https:\/\/newsestlyonnais.fr\/site\/2019\/01\/25\/lyon-7-les-manifestations-jusquau-12-fevrier-2019\/#respond\"]}]},{\"@type\":\"WebPage\",\"@id\":\"https:\/\/newsestlyonnais.fr\/site\/2019\/01\/25\/lyon-7-les-manifestations-jusquau-12-fevrier-2019\/\",\"url\":\"https:\/\/newsestlyonnais.fr\/site\/2019\/01\/25\/lyon-7-les-manifestations-jusquau-12-fevrier-2019\/\",\"name\":\"LYON 7 | Les manifestations au 12 f\u00e9vrier - News Est Lyonnais LYON 7\u00b0 : L\u2019agenda des manifestations jusqu'au 12 f\u00e9vrier 2019\",\"isPartOf\":{\"@id\":\"https:\/\/newsestlyonnais.fr\/site\/#website\"},\"primaryImageOfPage\":{\"@id\":\"https:\/\/newsestlyonnais.fr\/site\/2019\/01\/25\/lyon-7-les-manifestations-jusquau-12-fevrier-2019\/#primaryimage\"},\"image\":{\"@id\":\"https:\/\/newsestlyonnais.fr\/site\/2019\/01\/25\/lyon-7-les-manifestations-jusquau-12-fevrier-2019\/#primaryimage\"},\"thumbnailUrl\":\"https:\/\/newsestlyonnais.fr\/site\/wp-content\/uploads\/2016\/06\/NEWSESTLYONNAIS-LYON-PANNEAUP1100180.jpg\",\"datePublished\":\"2019-01-25T16:41:51+00:00\",\"dateModified\":\"2020-11-12T08:39:48+00:00\",\"description\":\"LYON 7\u00b0 : L\u2019agenda des manifestations jusqu'au 12 f\u00e9vrier 2019\",\"breadcrumb\":{\"@id\":\"https:\/\/newsestlyonnais.fr\/site\/2019\/01\/25\/lyon-7-les-manifestations-jusquau-12-fevrier-2019\/#breadcrumb\"},\"inLanguage\":\"fr-FR\",\"potentialAction\":[{\"@type\":\"ReadAction\",\"target\":[\"https:\/\/newsestlyonnais.fr\/site\/2019\/01\/25\/lyon-7-les-manifestations-jusquau-12-fevrier-2019\/\"]}]},{\"@type\":\"ImageObject\",\"inLanguage\":\"fr-FR\",\"@id\":\"https:\/\/newsestlyonnais.fr\/site\/2019\/01\/25\/lyon-7-les-manifestations-jusquau-12-fevrier-2019\/#primaryimage\",\"url\":\"https:\/\/newsestlyonnais.fr\/site\/wp-content\/uploads\/2016\/06\/NEWSESTLYONNAIS-LYON-PANNEAUP1100180.jpg\",\"contentUrl\":\"https:\/\/newsestlyonnais.fr\/site\/wp-content\/uploads\/2016\/06\/NEWSESTLYONNAIS-LYON-PANNEAUP1100180.jpg\",\"width\":1000,\"height\":750,\"caption\":\"NEWSESTLYONNAIS - LYON PANNEAU\"},{\"@type\":\"BreadcrumbList\",\"@id\":\"https:\/\/newsestlyonnais.fr\/site\/2019\/01\/25\/lyon-7-les-manifestations-jusquau-12-fevrier-2019\/#breadcrumb\",\"itemListElement\":[{\"@type\":\"ListItem\",\"position\":1,\"name\":\"Accueil\",\"item\":\"https:\/\/newsestlyonnais.fr\/site\/\"},{\"@type\":\"ListItem\",\"position\":2,\"name\":\"LYON 7 | Les manifestations au 12 f\u00e9vrier\"}]},{\"@type\":\"WebSite\",\"@id\":\"https:\/\/newsestlyonnais.fr\/site\/#website\",\"url\":\"https:\/\/newsestlyonnais.fr\/site\/\",\"name\":\"News Est Lyonnais\",\"description\":\"L&#039;actualit\u00e9 au plus pr\u00e8s\",\"publisher\":{\"@id\":\"https:\/\/newsestlyonnais.fr\/site\/#organization\"},\"potentialAction\":[{\"@type\":\"SearchAction\",\"target\":{\"@type\":\"EntryPoint\",\"urlTemplate\":\"https:\/\/newsestlyonnais.fr\/site\/?s={search_term_string}\"},\"query-input\":{\"@type\":\"PropertyValueSpecification\",\"valueRequired\":true,\"valueName\":\"search_term_string\"}}],\"inLanguage\":\"fr-FR\"},{\"@type\":\"Organization\",\"@id\":\"https:\/\/newsestlyonnais.fr\/site\/#organization\",\"name\":\"News EST LYONNAIS\",\"url\":\"https:\/\/newsestlyonnais.fr\/site\/\",\"logo\":{\"@type\":\"ImageObject\",\"inLanguage\":\"fr-FR\",\"@id\":\"https:\/\/newsestlyonnais.fr\/site\/#\/schema\/logo\/image\/\",\"url\":\"\",\"contentUrl\":\"\",\"caption\":\"News EST LYONNAIS\"},\"image\":{\"@id\":\"https:\/\/newsestlyonnais.fr\/site\/#\/schema\/logo\/image\/\"}},{\"@type\":\"Person\",\"@id\":\"https:\/\/newsestlyonnais.fr\/site\/#\/schema\/person\/3230d5615f390bb808365d673001e887\",\"name\":\"R\u00e9dac. NEWS\",\"sameAs\":[\"http:\/\/www.newsestlyonnais.fr\",\"https:\/\/www.facebook.com\/pascal.oberson.1?fref=ts\",\"https:\/\/fr.linkedin.com\/in\/pascal-oberson-b17045113\"],\"url\":\"https:\/\/newsestlyonnais.fr\/site\/author\/nel\/\"}]}<\/script>\n<!-- \/ Yoast SEO plugin. -->","yoast_head_json":{"title":"LYON 7 | Les manifestations au 12 f\u00e9vrier - News Est Lyonnais LYON 7\u00b0 : L\u2019agenda des manifestations jusqu'au 12 f\u00e9vrier 2019","description":"LYON 7\u00b0 : L\u2019agenda des manifestations jusqu'au 12 f\u00e9vrier 2019","robots":{"index":"index","follow":"follow","max-snippet":"max-snippet:-1","max-image-preview":"max-image-preview:large","max-video-preview":"max-video-preview:-1"},"canonical":"https:\/\/newsestlyonnais.fr\/site\/2019\/01\/25\/lyon-7-les-manifestations-jusquau-12-fevrier-2019\/","og_locale":"fr_FR","og_type":"article","og_title":"LYON 7 | Les manifestations au 12 f\u00e9vrier - News Est Lyonnais LYON 7\u00b0 : L\u2019agenda des manifestations jusqu'au 12 f\u00e9vrier 2019","og_description":"LYON 7\u00b0 : L\u2019agenda des manifestations jusqu'au 12 f\u00e9vrier 2019","og_url":"https:\/\/newsestlyonnais.fr\/site\/2019\/01\/25\/lyon-7-les-manifestations-jusquau-12-fevrier-2019\/","og_site_name":"News Est Lyonnais","article_author":"https:\/\/www.facebook.com\/pascal.oberson.1?fref=ts","article_published_time":"2019-01-25T16:41:51+00:00","article_modified_time":"2020-11-12T08:39:48+00:00","og_image":[{"width":1000,"height":750,"url":"https:\/\/i1.wp.com\/newsestlyonnais.fr\/site\/wp-content\/uploads\/2016\/06\/NEWSESTLYONNAIS-LYON-PANNEAUP1100180.jpg?fit=1000%2C750&ssl=1","type":"image\/jpeg"}],"author":"R\u00e9dac. NEWS","twitter_card":"summary_large_image","twitter_misc":{"\u00c9crit par":"R\u00e9dac. NEWS","Dur\u00e9e de lecture estim\u00e9e":"3 minutes"},"schema":{"@context":"https:\/\/schema.org","@graph":[{"@type":"Article","@id":"https:\/\/newsestlyonnais.fr\/site\/2019\/01\/25\/lyon-7-les-manifestations-jusquau-12-fevrier-2019\/#article","isPartOf":{"@id":"https:\/\/newsestlyonnais.fr\/site\/2019\/01\/25\/lyon-7-les-manifestations-jusquau-12-fevrier-2019\/"},"author":{"name":"R\u00e9dac. NEWS","@id":"https:\/\/newsestlyonnais.fr\/site\/#\/schema\/person\/3230d5615f390bb808365d673001e887"},"headline":"LYON 7 | Les manifestations au 12 f\u00e9vrier","datePublished":"2019-01-25T16:41:51+00:00","dateModified":"2020-11-12T08:39:48+00:00","mainEntityOfPage":{"@id":"https:\/\/newsestlyonnais.fr\/site\/2019\/01\/25\/lyon-7-les-manifestations-jusquau-12-fevrier-2019\/"},"wordCount":548,"commentCount":0,"publisher":{"@id":"https:\/\/newsestlyonnais.fr\/site\/#organization"},"image":{"@id":"https:\/\/newsestlyonnais.fr\/site\/2019\/01\/25\/lyon-7-les-manifestations-jusquau-12-fevrier-2019\/#primaryimage"},"thumbnailUrl":"https:\/\/newsestlyonnais.fr\/site\/wp-content\/uploads\/2016\/06\/NEWSESTLYONNAIS-LYON-PANNEAUP1100180.jpg","keywords":["AGENDA","LYON"],"articleSection":["Lyon"],"inLanguage":"fr-FR","potentialAction":[{"@type":"CommentAction","name":"Comment","target":["https:\/\/newsestlyonnais.fr\/site\/2019\/01\/25\/lyon-7-les-manifestations-jusquau-12-fevrier-2019\/#respond"]}]},{"@type":"WebPage","@id":"https:\/\/newsestlyonnais.fr\/site\/2019\/01\/25\/lyon-7-les-manifestations-jusquau-12-fevrier-2019\/","url":"https:\/\/newsestlyonnais.fr\/site\/2019\/01\/25\/lyon-7-les-manifestations-jusquau-12-fevrier-2019\/","name":"LYON 7 | Les manifestations au 12 f\u00e9vrier - News Est Lyonnais LYON 7\u00b0 : L\u2019agenda des manifestations jusqu'au 12 f\u00e9vrier 2019","isPartOf":{"@id":"https:\/\/newsestlyonnais.fr\/site\/#website"},"primaryImageOfPage":{"@id":"https:\/\/newsestlyonnais.fr\/site\/2019\/01\/25\/lyon-7-les-manifestations-jusquau-12-fevrier-2019\/#primaryimage"},"image":{"@id":"https:\/\/newsestlyonnais.fr\/site\/2019\/01\/25\/lyon-7-les-manifestations-jusquau-12-fevrier-2019\/#primaryimage"},"thumbnailUrl":"https:\/\/newsestlyonnais.fr\/site\/wp-content\/uploads\/2016\/06\/NEWSESTLYONNAIS-LYON-PANNEAUP1100180.jpg","datePublished":"2019-01-25T16:41:51+00:00","dateModified":"2020-11-12T08:39:48+00:00","description":"LYON 7\u00b0 : L\u2019agenda des manifestations jusqu'au 12 f\u00e9vrier 2019","breadcrumb":{"@id":"https:\/\/newsestlyonnais.fr\/site\/2019\/01\/25\/lyon-7-les-manifestations-jusquau-12-fevrier-2019\/#breadcrumb"},"inLanguage":"fr-FR","potentialAction":[{"@type":"ReadAction","target":["https:\/\/newsestlyonnais.fr\/site\/2019\/01\/25\/lyon-7-les-manifestations-jusquau-12-fevrier-2019\/"]}]},{"@type":"ImageObject","inLanguage":"fr-FR","@id":"https:\/\/newsestlyonnais.fr\/site\/2019\/01\/25\/lyon-7-les-manifestations-jusquau-12-fevrier-2019\/#primaryimage","url":"https:\/\/newsestlyonnais.fr\/site\/wp-content\/uploads\/2016\/06\/NEWSESTLYONNAIS-LYON-PANNEAUP1100180.jpg","contentUrl":"https:\/\/newsestlyonnais.fr\/site\/wp-content\/uploads\/2016\/06\/NEWSESTLYONNAIS-LYON-PANNEAUP1100180.jpg","width":1000,"height":750,"caption":"NEWSESTLYONNAIS - LYON PANNEAU"},{"@type":"BreadcrumbList","@id":"https:\/\/newsestlyonnais.fr\/site\/2019\/01\/25\/lyon-7-les-manifestations-jusquau-12-fevrier-2019\/#breadcrumb","itemListElement":[{"@type":"ListItem","position":1,"name":"Accueil","item":"https:\/\/newsestlyonnais.fr\/site\/"},{"@type":"ListItem","position":2,"name":"LYON 7 | Les manifestations au 12 f\u00e9vrier"}]},{"@type":"WebSite","@id":"https:\/\/newsestlyonnais.fr\/site\/#website","url":"https:\/\/newsestlyonnais.fr\/site\/","name":"News Est Lyonnais","description":"L&#039;actualit\u00e9 au plus pr\u00e8s","publisher":{"@id":"https:\/\/newsestlyonnais.fr\/site\/#organization"},"potentialAction":[{"@type":"SearchAction","target":{"@type":"EntryPoint","urlTemplate":"https:\/\/newsestlyonnais.fr\/site\/?s={search_term_string}"},"query-input":{"@type":"PropertyValueSpecification","valueRequired":true,"valueName":"search_term_string"}}],"inLanguage":"fr-FR"},{"@type":"Organization","@id":"https:\/\/newsestlyonnais.fr\/site\/#organization","name":"News EST LYONNAIS","url":"https:\/\/newsestlyonnais.fr\/site\/","logo":{"@type":"ImageObject","inLanguage":"fr-FR","@id":"https:\/\/newsestlyonnais.fr\/site\/#\/schema\/logo\/image\/","url":"","contentUrl":"","caption":"News EST LYONNAIS"},"image":{"@id":"https:\/\/newsestlyonnais.fr\/site\/#\/schema\/logo\/image\/"}},{"@type":"Person","@id":"https:\/\/newsestlyonnais.fr\/site\/#\/schema\/person\/3230d5615f390bb808365d673001e887","name":"R\u00e9dac. NEWS","sameAs":["http:\/\/www.newsestlyonnais.fr","https:\/\/www.facebook.com\/pascal.oberson.1?fref=ts","https:\/\/fr.linkedin.com\/in\/pascal-oberson-b17045113"],"url":"https:\/\/newsestlyonnais.fr\/site\/author\/nel\/"}]}},"_links":{"self":[{"href":"https:\/\/newsestlyonnais.fr\/site\/wp-json\/wp\/v2\/posts\/64616","targetHints":{"allow":["GET"]}}],"collection":[{"href":"https:\/\/newsestlyonnais.fr\/site\/wp-json\/wp\/v2\/posts"}],"about":[{"href":"https:\/\/newsestlyonnais.fr\/site\/wp-json\/wp\/v2\/types\/post"}],"author":[{"embeddable":true,"href":"https:\/\/newsestlyonnais.fr\/site\/wp-json\/wp\/v2\/users\/4"}],"replies":[{"embeddable":true,"href":"https:\/\/newsestlyonnais.fr\/site\/wp-json\/wp\/v2\/comments?post=64616"}],"version-history":[{"count":0,"href":"https:\/\/newsestlyonnais.fr\/site\/wp-json\/wp\/v2\/posts\/64616\/revisions"}],"wp:featuredmedia":[{"embeddable":true,"href":"https:\/\/newsestlyonnais.fr\/site\/wp-json\/wp\/v2\/media\/8840"}],"wp:attachment":[{"href":"https:\/\/newsestlyonnais.fr\/site\/wp-json\/wp\/v2\/media?parent=64616"}],"wp:term":[{"taxonomy":"category","embeddable":true,"href":"https:\/\/newsestlyonnais.fr\/site\/wp-json\/wp\/v2\/categories?post=64616"},{"taxonomy":"post_tag","embeddable":true,"href":"https:\/\/newsestlyonnais.fr\/site\/wp-json\/wp\/v2\/tags?post=64616"}],"curies":[{"name":"wp","href":"https:\/\/api.w.org\/{rel}","templated":true}]}}