{"id":64640,"date":"2019-01-26T08:21:41","date_gmt":"2019-01-26T07:21:41","guid":{"rendered":"http:\/\/newsestlyonnais.fr\/site\/?p=64640"},"modified":"2020-11-07T20:53:30","modified_gmt":"2020-11-07T19:53:30","slug":"genas-nouveau-point-sur-les-travaux-de-la-rue-de-la-republique-6","status":"publish","type":"post","link":"https:\/\/newsestlyonnais.fr\/site\/2019\/01\/26\/genas-nouveau-point-sur-les-travaux-de-la-rue-de-la-republique-6\/","title":{"rendered":"GENAS | Nouveau point sur les travaux de la Rue de la R\u00e9publique"},"content":{"rendered":"<h4>Durant les travaux de r\u00e9habilitation de la rue de la R\u00e9publique, retrouvez r\u00e9guli\u00e8rement des infos pratiques communiqu\u00e9es par le \u00ab service Grands Projets de la Ville de Genas \u00bb.<\/h4>\n<p>La derni\u00e8re newsletter \u00e9mise par ce service apporte des pr\u00e9cisions sur l&rsquo;avancement du chantier et un rappel sur le respect des nouvelles plantations. Enfin elle \u00e9voque le nouveau secteur en m\u00e9tamorphose un peu plus \u00e0 l&rsquo;Ouest, aux abords de la salle le Gen\u00eat, jusqu&rsquo;\u00e0 fin avril.<\/p>\n<ul>\n<li><strong>O\u00f9 en est la m\u00e9tamorphose ?<\/strong> La phase 5 des travaux de surface bat son plein sur la rive nord, entre le Cr\u00e9dit Agricole et l\u2019agence Cotrimo. Pendant cette phase, l\u2019entr\u00e9e du parking Fran\u00e7ois Payet sera, elle aussi, reprise en b\u00e9ton d\u00e9sactiv\u00e9. Maintenu en zone blanche et non retouch\u00e9, ce parking sera disponible durant les travaux, \u00e0 l\u2019exception d\u2019une \u00e0 deux journ\u00e9es, afin de r\u00e9aliser les travaux de r\u00e9seaux secs.<br \/>\nPar ailleurs, cette fois-ci les travaux avancent dans le sens Ouest-Est. Cette inversion de l\u2019ordre du d\u00e9capage, par rapport aux autres phases, s\u2019explique par la n\u00e9cessit\u00e9 d\u2019avancer dans le sens de la circulation dans cette portion de la rue afin de faciliter le passage des engins de chantier. Op\u00e9ration commutative puisque le r\u00e9sultat sera le m\u00eame \u00e0 l\u2019issue de cette phase, une section de rue modernis\u00e9e et s\u00e9curis\u00e9e !<\/li>\n<li><strong>Un nouvel \u00ab\u00a0homme-chantier\u00a0\u00bb toujours \u00e0 votre \u00e9coute :<\/strong> Votre nouvel \u00ab homme chantier \u00bb se nomme <span style=\"text-decoration: underline\">Gilbert Simien Baron<\/span> et vous le croiserez d\u00e9sormais aux abords des travaux. Attentif \u00e0 vos sollicitations, il sera \u00e0 votre \u00e9coute pendant les horaires de chantier afin de faciliter le dialogue avec les commer\u00e7ants et riverains, et de trouver des solutions en cas de difficult\u00e9. Num\u00e9ro de <span style=\"text-decoration: underline\">t\u00e9l\u00e9phone reste inchang\u00e9 : 06 64 63 83 05<\/span>.<\/li>\n<li><strong>Coup d&rsquo;envoi de la r\u00e9fection des abords de la salle le Gen\u00eat<\/strong> : En travaux d\u00e8s le d\u00e9but du mois de f\u00e9vrier et jusqu\u2019\u00e0 fin avril, les abords de la salle le Gen\u00eat vont se parer d\u2019un parvis-jardin et d\u2019une terrasse belv\u00e9d\u00e8re s\u2019ouvrant sur l\u2019\u00e9glise et la place de la R\u00e9publique. Dans la continuit\u00e9 des am\u00e9nagements de la rue de la R\u00e9publique, ce nouvel espace public sera verdoyant et agr\u00e9able, mais dessinera \u00e9galement une nouvelle entr\u00e9e de ville. C\u00f4t\u00e9 stationnement, les places au pied de la salle seront d\u00e9port\u00e9es le long de la rue et offriront quelques places suppl\u00e9mentaires. Durant les travaux, ces stationnements seront inaccessibles. Aussi, utilisez les parkings devant et \u00e0 l\u2019arri\u00e8re de l\u2019\u00e9glise qui restent disponibles.<\/li>\n<li><strong>Nouvelles plantations : attention, incivilit\u00e9s sanctionn\u00e9es !<\/strong> Comme pour tous les autres espaces publics, les incivilit\u00e9s, et notamment les d\u00e9jections canines sur les nouvelles plantations, sont passibles de <span style=\"text-decoration: underline\">contravention qui s&rsquo;\u00e9l\u00e8ve \u00e0 38 \u20ac<\/span> ! Gardez donc vos animaux de compagnie \u00e9loign\u00e9s des espaces verts fraichement implant\u00e9s. Dans les prochains mois, nos \u00ab meilleurs amis \u00e0 quatre pattes \u00bb auront leur propre espace, le \u00ab Garden-dog \u00bb au fond du parking Germaine Milan. Utilisez les caniveaux et \u00e9vacuez les d\u00e9jection avec des sachets plastiques \u00e0 jeter dans les poubelles.<\/li>\n<\/ul>\n<p><em><strong>Plus d\u2019infos sur ces travaux : T\u00e9l : 06. 21. 60. 23. 79 ou : grands.projets@ville-genas.fr<\/strong><\/em><\/p>\n","protected":false},"excerpt":{"rendered":"<p>Durant les travaux de r\u00e9habilitation de la rue de la R\u00e9publique, retrouvez r\u00e9guli\u00e8rement des infos pratiques communiqu\u00e9es par le \u00ab service Grands Projets de la Ville de Genas \u00bb. La derni\u00e8re newsletter \u00e9mise par ce service apporte des pr\u00e9cisions sur l&rsquo;avancement du chantier et un rappel sur le respect des nouvelles plantations. Enfin elle \u00e9voque [&hellip;]<\/p>\n","protected":false},"author":4,"featured_media":8137,"comment_status":"open","ping_status":"open","sticky":false,"template":"","format":"standard","meta":{"footnotes":""},"categories":[270,1598,787,172],"tags":[2005,2127],"class_list":["post-64640","post","type-post","status-publish","format-standard","has-post-thumbnail","hentry","category-cte-de-communes-c-c-e-l","category-genas","category-ptites-news","category-travaux-amenagements","tag-genas","tag-travaux"],"yoast_head":"<!-- This site is optimized with the Yoast SEO plugin v27.2 - https:\/\/yoast.com\/product\/yoast-seo-wordpress\/ -->\n<title>GENAS | Nouveau point sur les travaux de la Rue de la R\u00e9publique - News Est Lyonnais GENAS : Nouveau point sur les travaux de la Rue de la R\u00e9publique<\/title>\n<meta name=\"description\" content=\"GENAS : Nouveau point sur les travaux de la Rue de la R\u00e9publique\" \/>\n<meta name=\"robots\" content=\"index, follow, max-snippet:-1, max-image-preview:large, max-video-preview:-1\" \/>\n<link rel=\"canonical\" href=\"https:\/\/newsestlyonnais.fr\/site\/2019\/01\/26\/genas-nouveau-point-sur-les-travaux-de-la-rue-de-la-republique-6\/\" \/>\n<meta property=\"og:locale\" content=\"fr_FR\" \/>\n<meta property=\"og:type\" content=\"article\" \/>\n<meta property=\"og:title\" content=\"GENAS | Nouveau point sur les travaux de la Rue de la R\u00e9publique - News Est Lyonnais GENAS : Nouveau point sur les travaux de la Rue de la R\u00e9publique\" \/>\n<meta property=\"og:description\" content=\"GENAS : Nouveau point sur les travaux de la Rue de la R\u00e9publique\" \/>\n<meta property=\"og:url\" content=\"https:\/\/newsestlyonnais.fr\/site\/2019\/01\/26\/genas-nouveau-point-sur-les-travaux-de-la-rue-de-la-republique-6\/\" \/>\n<meta property=\"og:site_name\" content=\"News Est Lyonnais\" \/>\n<meta property=\"article:author\" content=\"https:\/\/www.facebook.com\/pascal.oberson.1?fref=ts\" \/>\n<meta property=\"article:published_time\" content=\"2019-01-26T07:21:41+00:00\" \/>\n<meta property=\"article:modified_time\" content=\"2020-11-07T19:53:30+00:00\" \/>\n<meta property=\"og:image\" content=\"https:\/\/i0.wp.com\/newsestlyonnais.fr\/site\/wp-content\/uploads\/2016\/05\/NEWSESTLYONNAISPANNEAUGENAS-1.jpg?fit=1000%2C750&ssl=1\" \/>\n\t<meta property=\"og:image:width\" content=\"1000\" \/>\n\t<meta property=\"og:image:height\" content=\"750\" \/>\n\t<meta property=\"og:image:type\" content=\"image\/jpeg\" \/>\n<meta name=\"author\" content=\"R\u00e9dac. NEWS\" \/>\n<meta name=\"twitter:card\" content=\"summary_large_image\" \/>\n<meta name=\"twitter:label1\" content=\"\u00c9crit par\" \/>\n\t<meta name=\"twitter:data1\" content=\"R\u00e9dac. NEWS\" \/>\n\t<meta name=\"twitter:label2\" content=\"Dur\u00e9e de lecture estim\u00e9e\" \/>\n\t<meta name=\"twitter:data2\" content=\"3 minutes\" \/>\n<script type=\"application\/ld+json\" class=\"yoast-schema-graph\">{\"@context\":\"https:\/\/schema.org\",\"@graph\":[{\"@type\":\"Article\",\"@id\":\"https:\/\/newsestlyonnais.fr\/site\/2019\/01\/26\/genas-nouveau-point-sur-les-travaux-de-la-rue-de-la-republique-6\/#article\",\"isPartOf\":{\"@id\":\"https:\/\/newsestlyonnais.fr\/site\/2019\/01\/26\/genas-nouveau-point-sur-les-travaux-de-la-rue-de-la-republique-6\/\"},\"author\":{\"name\":\"R\u00e9dac. NEWS\",\"@id\":\"https:\/\/newsestlyonnais.fr\/site\/#\/schema\/person\/3230d5615f390bb808365d673001e887\"},\"headline\":\"GENAS | Nouveau point sur les travaux de la Rue de la R\u00e9publique\",\"datePublished\":\"2019-01-26T07:21:41+00:00\",\"dateModified\":\"2020-11-07T19:53:30+00:00\",\"mainEntityOfPage\":{\"@id\":\"https:\/\/newsestlyonnais.fr\/site\/2019\/01\/26\/genas-nouveau-point-sur-les-travaux-de-la-rue-de-la-republique-6\/\"},\"wordCount\":560,\"commentCount\":0,\"publisher\":{\"@id\":\"https:\/\/newsestlyonnais.fr\/site\/#organization\"},\"image\":{\"@id\":\"https:\/\/newsestlyonnais.fr\/site\/2019\/01\/26\/genas-nouveau-point-sur-les-travaux-de-la-rue-de-la-republique-6\/#primaryimage\"},\"thumbnailUrl\":\"https:\/\/newsestlyonnais.fr\/site\/wp-content\/uploads\/2016\/05\/NEWSESTLYONNAISPANNEAUGENAS-1.jpg\",\"keywords\":[\"GENAS\",\"TRAVAUX\"],\"articleSection\":[\"CCEL | Communes\",\"Genas\",\"P'tites News\",\"Travaux | Am\u00e9nagements\"],\"inLanguage\":\"fr-FR\",\"potentialAction\":[{\"@type\":\"CommentAction\",\"name\":\"Comment\",\"target\":[\"https:\/\/newsestlyonnais.fr\/site\/2019\/01\/26\/genas-nouveau-point-sur-les-travaux-de-la-rue-de-la-republique-6\/#respond\"]}]},{\"@type\":\"WebPage\",\"@id\":\"https:\/\/newsestlyonnais.fr\/site\/2019\/01\/26\/genas-nouveau-point-sur-les-travaux-de-la-rue-de-la-republique-6\/\",\"url\":\"https:\/\/newsestlyonnais.fr\/site\/2019\/01\/26\/genas-nouveau-point-sur-les-travaux-de-la-rue-de-la-republique-6\/\",\"name\":\"GENAS | Nouveau point sur les travaux de la Rue de la R\u00e9publique - News Est Lyonnais GENAS : Nouveau point sur les travaux de la Rue de la R\u00e9publique\",\"isPartOf\":{\"@id\":\"https:\/\/newsestlyonnais.fr\/site\/#website\"},\"primaryImageOfPage\":{\"@id\":\"https:\/\/newsestlyonnais.fr\/site\/2019\/01\/26\/genas-nouveau-point-sur-les-travaux-de-la-rue-de-la-republique-6\/#primaryimage\"},\"image\":{\"@id\":\"https:\/\/newsestlyonnais.fr\/site\/2019\/01\/26\/genas-nouveau-point-sur-les-travaux-de-la-rue-de-la-republique-6\/#primaryimage\"},\"thumbnailUrl\":\"https:\/\/newsestlyonnais.fr\/site\/wp-content\/uploads\/2016\/05\/NEWSESTLYONNAISPANNEAUGENAS-1.jpg\",\"datePublished\":\"2019-01-26T07:21:41+00:00\",\"dateModified\":\"2020-11-07T19:53:30+00:00\",\"description\":\"GENAS : Nouveau point sur les travaux de la Rue de la R\u00e9publique\",\"breadcrumb\":{\"@id\":\"https:\/\/newsestlyonnais.fr\/site\/2019\/01\/26\/genas-nouveau-point-sur-les-travaux-de-la-rue-de-la-republique-6\/#breadcrumb\"},\"inLanguage\":\"fr-FR\",\"potentialAction\":[{\"@type\":\"ReadAction\",\"target\":[\"https:\/\/newsestlyonnais.fr\/site\/2019\/01\/26\/genas-nouveau-point-sur-les-travaux-de-la-rue-de-la-republique-6\/\"]}]},{\"@type\":\"ImageObject\",\"inLanguage\":\"fr-FR\",\"@id\":\"https:\/\/newsestlyonnais.fr\/site\/2019\/01\/26\/genas-nouveau-point-sur-les-travaux-de-la-rue-de-la-republique-6\/#primaryimage\",\"url\":\"https:\/\/newsestlyonnais.fr\/site\/wp-content\/uploads\/2016\/05\/NEWSESTLYONNAISPANNEAUGENAS-1.jpg\",\"contentUrl\":\"https:\/\/newsestlyonnais.fr\/site\/wp-content\/uploads\/2016\/05\/NEWSESTLYONNAISPANNEAUGENAS-1.jpg\",\"width\":1000,\"height\":750,\"caption\":\"NEWSESTLYONNAISPANNEAUGENAS\"},{\"@type\":\"BreadcrumbList\",\"@id\":\"https:\/\/newsestlyonnais.fr\/site\/2019\/01\/26\/genas-nouveau-point-sur-les-travaux-de-la-rue-de-la-republique-6\/#breadcrumb\",\"itemListElement\":[{\"@type\":\"ListItem\",\"position\":1,\"name\":\"Accueil\",\"item\":\"https:\/\/newsestlyonnais.fr\/site\/\"},{\"@type\":\"ListItem\",\"position\":2,\"name\":\"GENAS | Nouveau point sur les travaux de la Rue de la R\u00e9publique\"}]},{\"@type\":\"WebSite\",\"@id\":\"https:\/\/newsestlyonnais.fr\/site\/#website\",\"url\":\"https:\/\/newsestlyonnais.fr\/site\/\",\"name\":\"News Est Lyonnais\",\"description\":\"L&#039;actualit\u00e9 au plus pr\u00e8s\",\"publisher\":{\"@id\":\"https:\/\/newsestlyonnais.fr\/site\/#organization\"},\"potentialAction\":[{\"@type\":\"SearchAction\",\"target\":{\"@type\":\"EntryPoint\",\"urlTemplate\":\"https:\/\/newsestlyonnais.fr\/site\/?s={search_term_string}\"},\"query-input\":{\"@type\":\"PropertyValueSpecification\",\"valueRequired\":true,\"valueName\":\"search_term_string\"}}],\"inLanguage\":\"fr-FR\"},{\"@type\":\"Organization\",\"@id\":\"https:\/\/newsestlyonnais.fr\/site\/#organization\",\"name\":\"News EST LYONNAIS\",\"url\":\"https:\/\/newsestlyonnais.fr\/site\/\",\"logo\":{\"@type\":\"ImageObject\",\"inLanguage\":\"fr-FR\",\"@id\":\"https:\/\/newsestlyonnais.fr\/site\/#\/schema\/logo\/image\/\",\"url\":\"\",\"contentUrl\":\"\",\"caption\":\"News EST LYONNAIS\"},\"image\":{\"@id\":\"https:\/\/newsestlyonnais.fr\/site\/#\/schema\/logo\/image\/\"}},{\"@type\":\"Person\",\"@id\":\"https:\/\/newsestlyonnais.fr\/site\/#\/schema\/person\/3230d5615f390bb808365d673001e887\",\"name\":\"R\u00e9dac. NEWS\",\"sameAs\":[\"http:\/\/www.newsestlyonnais.fr\",\"https:\/\/www.facebook.com\/pascal.oberson.1?fref=ts\",\"https:\/\/fr.linkedin.com\/in\/pascal-oberson-b17045113\"],\"url\":\"https:\/\/newsestlyonnais.fr\/site\/author\/nel\/\"}]}<\/script>\n<!-- \/ Yoast SEO plugin. -->","yoast_head_json":{"title":"GENAS | Nouveau point sur les travaux de la Rue de la R\u00e9publique - News Est Lyonnais GENAS : Nouveau point sur les travaux de la Rue de la R\u00e9publique","description":"GENAS : Nouveau point sur les travaux de la Rue de la R\u00e9publique","robots":{"index":"index","follow":"follow","max-snippet":"max-snippet:-1","max-image-preview":"max-image-preview:large","max-video-preview":"max-video-preview:-1"},"canonical":"https:\/\/newsestlyonnais.fr\/site\/2019\/01\/26\/genas-nouveau-point-sur-les-travaux-de-la-rue-de-la-republique-6\/","og_locale":"fr_FR","og_type":"article","og_title":"GENAS | Nouveau point sur les travaux de la Rue de la R\u00e9publique - News Est Lyonnais GENAS : Nouveau point sur les travaux de la Rue de la R\u00e9publique","og_description":"GENAS : Nouveau point sur les travaux de la Rue de la R\u00e9publique","og_url":"https:\/\/newsestlyonnais.fr\/site\/2019\/01\/26\/genas-nouveau-point-sur-les-travaux-de-la-rue-de-la-republique-6\/","og_site_name":"News Est Lyonnais","article_author":"https:\/\/www.facebook.com\/pascal.oberson.1?fref=ts","article_published_time":"2019-01-26T07:21:41+00:00","article_modified_time":"2020-11-07T19:53:30+00:00","og_image":[{"width":1000,"height":750,"url":"https:\/\/i0.wp.com\/newsestlyonnais.fr\/site\/wp-content\/uploads\/2016\/05\/NEWSESTLYONNAISPANNEAUGENAS-1.jpg?fit=1000%2C750&ssl=1","type":"image\/jpeg"}],"author":"R\u00e9dac. NEWS","twitter_card":"summary_large_image","twitter_misc":{"\u00c9crit par":"R\u00e9dac. NEWS","Dur\u00e9e de lecture estim\u00e9e":"3 minutes"},"schema":{"@context":"https:\/\/schema.org","@graph":[{"@type":"Article","@id":"https:\/\/newsestlyonnais.fr\/site\/2019\/01\/26\/genas-nouveau-point-sur-les-travaux-de-la-rue-de-la-republique-6\/#article","isPartOf":{"@id":"https:\/\/newsestlyonnais.fr\/site\/2019\/01\/26\/genas-nouveau-point-sur-les-travaux-de-la-rue-de-la-republique-6\/"},"author":{"name":"R\u00e9dac. NEWS","@id":"https:\/\/newsestlyonnais.fr\/site\/#\/schema\/person\/3230d5615f390bb808365d673001e887"},"headline":"GENAS | Nouveau point sur les travaux de la Rue de la R\u00e9publique","datePublished":"2019-01-26T07:21:41+00:00","dateModified":"2020-11-07T19:53:30+00:00","mainEntityOfPage":{"@id":"https:\/\/newsestlyonnais.fr\/site\/2019\/01\/26\/genas-nouveau-point-sur-les-travaux-de-la-rue-de-la-republique-6\/"},"wordCount":560,"commentCount":0,"publisher":{"@id":"https:\/\/newsestlyonnais.fr\/site\/#organization"},"image":{"@id":"https:\/\/newsestlyonnais.fr\/site\/2019\/01\/26\/genas-nouveau-point-sur-les-travaux-de-la-rue-de-la-republique-6\/#primaryimage"},"thumbnailUrl":"https:\/\/newsestlyonnais.fr\/site\/wp-content\/uploads\/2016\/05\/NEWSESTLYONNAISPANNEAUGENAS-1.jpg","keywords":["GENAS","TRAVAUX"],"articleSection":["CCEL | Communes","Genas","P'tites News","Travaux | Am\u00e9nagements"],"inLanguage":"fr-FR","potentialAction":[{"@type":"CommentAction","name":"Comment","target":["https:\/\/newsestlyonnais.fr\/site\/2019\/01\/26\/genas-nouveau-point-sur-les-travaux-de-la-rue-de-la-republique-6\/#respond"]}]},{"@type":"WebPage","@id":"https:\/\/newsestlyonnais.fr\/site\/2019\/01\/26\/genas-nouveau-point-sur-les-travaux-de-la-rue-de-la-republique-6\/","url":"https:\/\/newsestlyonnais.fr\/site\/2019\/01\/26\/genas-nouveau-point-sur-les-travaux-de-la-rue-de-la-republique-6\/","name":"GENAS | Nouveau point sur les travaux de la Rue de la R\u00e9publique - News Est Lyonnais GENAS : Nouveau point sur les travaux de la Rue de la R\u00e9publique","isPartOf":{"@id":"https:\/\/newsestlyonnais.fr\/site\/#website"},"primaryImageOfPage":{"@id":"https:\/\/newsestlyonnais.fr\/site\/2019\/01\/26\/genas-nouveau-point-sur-les-travaux-de-la-rue-de-la-republique-6\/#primaryimage"},"image":{"@id":"https:\/\/newsestlyonnais.fr\/site\/2019\/01\/26\/genas-nouveau-point-sur-les-travaux-de-la-rue-de-la-republique-6\/#primaryimage"},"thumbnailUrl":"https:\/\/newsestlyonnais.fr\/site\/wp-content\/uploads\/2016\/05\/NEWSESTLYONNAISPANNEAUGENAS-1.jpg","datePublished":"2019-01-26T07:21:41+00:00","dateModified":"2020-11-07T19:53:30+00:00","description":"GENAS : Nouveau point sur les travaux de la Rue de la R\u00e9publique","breadcrumb":{"@id":"https:\/\/newsestlyonnais.fr\/site\/2019\/01\/26\/genas-nouveau-point-sur-les-travaux-de-la-rue-de-la-republique-6\/#breadcrumb"},"inLanguage":"fr-FR","potentialAction":[{"@type":"ReadAction","target":["https:\/\/newsestlyonnais.fr\/site\/2019\/01\/26\/genas-nouveau-point-sur-les-travaux-de-la-rue-de-la-republique-6\/"]}]},{"@type":"ImageObject","inLanguage":"fr-FR","@id":"https:\/\/newsestlyonnais.fr\/site\/2019\/01\/26\/genas-nouveau-point-sur-les-travaux-de-la-rue-de-la-republique-6\/#primaryimage","url":"https:\/\/newsestlyonnais.fr\/site\/wp-content\/uploads\/2016\/05\/NEWSESTLYONNAISPANNEAUGENAS-1.jpg","contentUrl":"https:\/\/newsestlyonnais.fr\/site\/wp-content\/uploads\/2016\/05\/NEWSESTLYONNAISPANNEAUGENAS-1.jpg","width":1000,"height":750,"caption":"NEWSESTLYONNAISPANNEAUGENAS"},{"@type":"BreadcrumbList","@id":"https:\/\/newsestlyonnais.fr\/site\/2019\/01\/26\/genas-nouveau-point-sur-les-travaux-de-la-rue-de-la-republique-6\/#breadcrumb","itemListElement":[{"@type":"ListItem","position":1,"name":"Accueil","item":"https:\/\/newsestlyonnais.fr\/site\/"},{"@type":"ListItem","position":2,"name":"GENAS | Nouveau point sur les travaux de la Rue de la R\u00e9publique"}]},{"@type":"WebSite","@id":"https:\/\/newsestlyonnais.fr\/site\/#website","url":"https:\/\/newsestlyonnais.fr\/site\/","name":"News Est Lyonnais","description":"L&#039;actualit\u00e9 au plus pr\u00e8s","publisher":{"@id":"https:\/\/newsestlyonnais.fr\/site\/#organization"},"potentialAction":[{"@type":"SearchAction","target":{"@type":"EntryPoint","urlTemplate":"https:\/\/newsestlyonnais.fr\/site\/?s={search_term_string}"},"query-input":{"@type":"PropertyValueSpecification","valueRequired":true,"valueName":"search_term_string"}}],"inLanguage":"fr-FR"},{"@type":"Organization","@id":"https:\/\/newsestlyonnais.fr\/site\/#organization","name":"News EST LYONNAIS","url":"https:\/\/newsestlyonnais.fr\/site\/","logo":{"@type":"ImageObject","inLanguage":"fr-FR","@id":"https:\/\/newsestlyonnais.fr\/site\/#\/schema\/logo\/image\/","url":"","contentUrl":"","caption":"News EST LYONNAIS"},"image":{"@id":"https:\/\/newsestlyonnais.fr\/site\/#\/schema\/logo\/image\/"}},{"@type":"Person","@id":"https:\/\/newsestlyonnais.fr\/site\/#\/schema\/person\/3230d5615f390bb808365d673001e887","name":"R\u00e9dac. NEWS","sameAs":["http:\/\/www.newsestlyonnais.fr","https:\/\/www.facebook.com\/pascal.oberson.1?fref=ts","https:\/\/fr.linkedin.com\/in\/pascal-oberson-b17045113"],"url":"https:\/\/newsestlyonnais.fr\/site\/author\/nel\/"}]}},"_links":{"self":[{"href":"https:\/\/newsestlyonnais.fr\/site\/wp-json\/wp\/v2\/posts\/64640","targetHints":{"allow":["GET"]}}],"collection":[{"href":"https:\/\/newsestlyonnais.fr\/site\/wp-json\/wp\/v2\/posts"}],"about":[{"href":"https:\/\/newsestlyonnais.fr\/site\/wp-json\/wp\/v2\/types\/post"}],"author":[{"embeddable":true,"href":"https:\/\/newsestlyonnais.fr\/site\/wp-json\/wp\/v2\/users\/4"}],"replies":[{"embeddable":true,"href":"https:\/\/newsestlyonnais.fr\/site\/wp-json\/wp\/v2\/comments?post=64640"}],"version-history":[{"count":0,"href":"https:\/\/newsestlyonnais.fr\/site\/wp-json\/wp\/v2\/posts\/64640\/revisions"}],"wp:featuredmedia":[{"embeddable":true,"href":"https:\/\/newsestlyonnais.fr\/site\/wp-json\/wp\/v2\/media\/8137"}],"wp:attachment":[{"href":"https:\/\/newsestlyonnais.fr\/site\/wp-json\/wp\/v2\/media?parent=64640"}],"wp:term":[{"taxonomy":"category","embeddable":true,"href":"https:\/\/newsestlyonnais.fr\/site\/wp-json\/wp\/v2\/categories?post=64640"},{"taxonomy":"post_tag","embeddable":true,"href":"https:\/\/newsestlyonnais.fr\/site\/wp-json\/wp\/v2\/tags?post=64640"}],"curies":[{"name":"wp","href":"https:\/\/api.w.org\/{rel}","templated":true}]}}