{"id":64796,"date":"2019-02-01T07:33:00","date_gmt":"2019-02-01T06:33:00","guid":{"rendered":"http:\/\/newsestlyonnais.fr\/site\/?p=64796"},"modified":"2020-10-23T19:43:48","modified_gmt":"2020-10-23T18:43:48","slug":"challenge-des-aquathlons-villeurbanne-et-rillieux-en-font-partie","status":"publish","type":"post","link":"https:\/\/newsestlyonnais.fr\/site\/2019\/02\/01\/challenge-des-aquathlons-villeurbanne-et-rillieux-en-font-partie\/","title":{"rendered":"Challenge Aquathlons | Villeurbanne et Rillieux en font partie"},"content":{"rendered":"<header class=\"entry-header\">\n<h4>Quatre clubs de triathlon se sont regroup\u00e9s pour mettre en place un \u00ab\u00a0Challenge des aquathlons\u00a0\u00bb \u00e0 l&rsquo;occasion des 4 \u00e9preuves pr\u00e9vues du 9 au 31 mars 2019.<\/h4>\n<\/header>\n<div class=\"entry-content\">\n<p>Le challenge est organis\u00e9 par 3 clubs du Rh\u00f4ne (ASVEL Triathlon, Tarare Triathlon, Rillieux Triathlon) et 1 de la Loire (ASMSE Tri42).<\/p>\n<p align=\"center\"><img loading=\"lazy\" decoding=\"async\" class=\"wp-image-825\" src=\"http:\/\/asveltri.org\/wp-content\/uploads\/2018\/02\/Challenge-aquathlon-image-1.png\" alt=\"\" width=\"343\" height=\"110\" \/><img loading=\"lazy\" decoding=\"async\" class=\"wp-image-824\" src=\"http:\/\/asveltri.org\/wp-content\/uploads\/2018\/02\/Challenge-aquathlon-image-2.png\" alt=\"\" width=\"379\" height=\"112\" \/><\/p>\n<p>&nbsp;<\/p>\n<p>Il vise \u00e0 r\u00e9compenser les athl\u00e8tes pour leur assiduit\u00e9 aux quatre aquathlons de printemps.<\/p>\n<p>Le classement est bas\u00e9 sur le principe d\u2019une course par point. A chaque \u00e9preuve les athl\u00e8tes marquent des points en fonction de leur classement d\u2019arriv\u00e9e et du nombre de participant \u00e0 la course. Les points acquis sur des formats S et XS sont cumulables. Un coefficient multiplicateur sera affect\u00e9 pour valoriser le format S vis-\u00e0-vis du format XS.<\/p>\n<p><span style=\"text-decoration: underline\"><strong>NOTA<\/strong> :<\/span> Les concurrents doivent avoir particip\u00e9 au <strong>minimum \u00e0 2 \u00e9preuves<\/strong> sur 2 sites diff\u00e9rents. <strong>La remise des prix<\/strong> se fera lors de la derni\u00e8re \u00e9preuve, seuls les athl\u00e8tes pr\u00e9sents pourront recevoir le troph\u00e9e. En cas d\u2019absence il sera remis \u00e0 l\u2019athl\u00e8te suivant au classement et pr\u00e9sent.<\/p>\n<p>Les \u00e9preuves :<\/p>\n<ul>\n<li><strong>Samedi 9 mars 2019 : Aquathlon St\u00e9phanois : <\/strong><a href=\"http:\/\/asmsetri42.com\/index.php\/aquathlon\" target=\"_blank\" rel=\"noopener noreferrer\">http:\/\/asmsetri42.com\/index.php\/aquathlon<\/a><\/li>\n<li><strong>Dimanche 17 mars 2019 : Aquathlon Rillieux<\/strong> : <a href=\"http:\/\/www.triclair.com\" target=\"_blank\" rel=\"noopener noreferrer\">http:\/\/www.triclair.com<\/a><\/li>\n<li><strong>Dimanche 24 mars 2019 : Aquathlon de Villeurbanne<\/strong> : <a href=\"http:\/\/asveltri.org\/index.php\/aquathlon\" target=\"_blank\" rel=\"noopener noreferrer\">http:\/\/asveltri.org\/index.php\/aquathlon<\/a><\/li>\n<li><strong>Dimanche 31 mars 2019 : Aquathlon de Tarare<\/strong> : <a href=\"https:\/\/www.ttt69.fr\" target=\"_blank\" rel=\"noopener noreferrer\">https:\/\/www.ttt69.fr<\/a><\/li>\n<\/ul>\n<div id='gallery-1' class='gallery galleryid-64796 gallery-columns-3 gallery-size-thumbnail'><figure class='gallery-item'>\n\t\t\t<div class='gallery-icon portrait'>\n\t\t\t\t<a href='https:\/\/newsestlyonnais.fr\/site\/2019\/02\/01\/challenge-des-aquathlons-villeurbanne-et-rillieux-en-font-partie\/newsestlyonnais-aquathlon-st-etienne\/'><img loading=\"lazy\" decoding=\"async\" width=\"150\" height=\"150\" src=\"https:\/\/newsestlyonnais.fr\/site\/wp-content\/uploads\/2019\/01\/NEWSESTLYONNAIS-AQUATHLON-ST-ETIENNE-150x150.jpg\" class=\"attachment-thumbnail size-thumbnail\" alt=\"NEWSESTLYONNAIS AQUATHLON ST ETIENNE\" \/><\/a>\n\t\t\t<\/div><\/figure><figure class='gallery-item'>\n\t\t\t<div class='gallery-icon portrait'>\n\t\t\t\t<a href='https:\/\/newsestlyonnais.fr\/site\/newsestlyonanis-aquathlon-rillieux\/'><img loading=\"lazy\" decoding=\"async\" width=\"150\" height=\"150\" src=\"https:\/\/newsestlyonnais.fr\/site\/wp-content\/uploads\/2019\/01\/NEWSESTLYONANIS-AQUATHLON-RILLIEUX-150x150.jpg\" class=\"attachment-thumbnail size-thumbnail\" alt=\"NEWSESTLYONANIS AQUATHLON RILLIEUX\" srcset=\"https:\/\/newsestlyonnais.fr\/site\/wp-content\/uploads\/2019\/01\/NEWSESTLYONANIS-AQUATHLON-RILLIEUX-150x150.jpg 150w, https:\/\/newsestlyonnais.fr\/site\/wp-content\/uploads\/2019\/01\/NEWSESTLYONANIS-AQUATHLON-RILLIEUX-544x540.jpg 544w\" sizes=\"auto, (max-width: 150px) 100vw, 150px\" \/><\/a>\n\t\t\t<\/div><\/figure><figure class='gallery-item'>\n\t\t\t<div class='gallery-icon portrait'>\n\t\t\t\t<a href='https:\/\/newsestlyonnais.fr\/site\/newsestlyonnaiq-aquathlon-2019\/'><img loading=\"lazy\" decoding=\"async\" width=\"150\" height=\"150\" src=\"https:\/\/newsestlyonnais.fr\/site\/wp-content\/uploads\/2018\/12\/NEWSESTLYONNAIQ-AQUATHLON-2019-150x150.jpg\" class=\"attachment-thumbnail size-thumbnail\" alt=\"NEWSESTLYONNAIS AQUATHLON 2019\" aria-describedby=\"gallery-1-62552\" \/><\/a>\n\t\t\t<\/div>\n\t\t\t\t<figcaption class='wp-caption-text gallery-caption' id='gallery-1-62552'>\n\t\t\t\tAquathlon de Villeurbanne\n\t\t\t\t<\/figcaption><\/figure><figure class='gallery-item'>\n\t\t\t<div class='gallery-icon landscape'>\n\t\t\t\t<a href='https:\/\/newsestlyonnais.fr\/site\/2019\/02\/01\/challenge-des-aquathlons-villeurbanne-et-rillieux-en-font-partie\/newsestlyonnais-aquathlon-tarare\/'><img loading=\"lazy\" decoding=\"async\" width=\"150\" height=\"150\" src=\"https:\/\/newsestlyonnais.fr\/site\/wp-content\/uploads\/2019\/01\/NEWSESTLYONNAIS-AQUATHLON-TARARE-150x150.jpg\" class=\"attachment-thumbnail size-thumbnail\" alt=\"NEWSESTLYONNAIS AQUATHLON TARARE\" \/><\/a>\n\t\t\t<\/div><\/figure>\n\t\t<\/div>\n\n<\/div>\n","protected":false},"excerpt":{"rendered":"<p>Quatre clubs de triathlon se sont regroup\u00e9s pour mettre en place un \u00ab\u00a0Challenge des aquathlons\u00a0\u00bb \u00e0 l&rsquo;occasion des 4 \u00e9preuves pr\u00e9vues du 9 au 31 mars 2019. Le challenge est organis\u00e9 par 3 clubs du Rh\u00f4ne (ASVEL Triathlon, Tarare Triathlon, Rillieux Triathlon) et 1 de la Loire (ASMSE Tri42). &nbsp; Il vise \u00e0 r\u00e9compenser les [&hellip;]<\/p>\n","protected":false},"author":4,"featured_media":0,"comment_status":"open","ping_status":"open","sticky":false,"template":"","format":"standard","meta":{"footnotes":""},"categories":[2988,1623,2,2990,29],"tags":[],"class_list":["post-64796","post","type-post","status-publish","format-standard","hentry","category-natation-triathlon","category-rillieux-la-pape","category-sports","category-triathlon","category-villeurbanne"],"yoast_head":"<!-- This site is optimized with the Yoast SEO plugin v27.2 - https:\/\/yoast.com\/product\/yoast-seo-wordpress\/ -->\n<title>Challenge Aquathlons | Villeurbanne et Rillieux en font partie - News Est Lyonnais Challenge des aquathlons : Villeurbanne et Rillieux en font partie<\/title>\n<meta name=\"description\" content=\"Challenge des aquathlons : Villeurbanne et Rillieux en font partie\" \/>\n<meta name=\"robots\" content=\"index, follow, max-snippet:-1, max-image-preview:large, max-video-preview:-1\" \/>\n<link rel=\"canonical\" href=\"https:\/\/newsestlyonnais.fr\/site\/2019\/02\/01\/challenge-des-aquathlons-villeurbanne-et-rillieux-en-font-partie\/\" \/>\n<meta property=\"og:locale\" content=\"fr_FR\" \/>\n<meta property=\"og:type\" content=\"article\" \/>\n<meta property=\"og:title\" content=\"Challenge Aquathlons | Villeurbanne et Rillieux en font partie - News Est Lyonnais Challenge des aquathlons : Villeurbanne et Rillieux en font partie\" \/>\n<meta property=\"og:description\" content=\"Challenge des aquathlons : Villeurbanne et Rillieux en font partie\" \/>\n<meta property=\"og:url\" content=\"https:\/\/newsestlyonnais.fr\/site\/2019\/02\/01\/challenge-des-aquathlons-villeurbanne-et-rillieux-en-font-partie\/\" \/>\n<meta property=\"og:site_name\" content=\"News Est Lyonnais\" \/>\n<meta property=\"article:author\" content=\"https:\/\/www.facebook.com\/pascal.oberson.1?fref=ts\" \/>\n<meta property=\"article:published_time\" content=\"2019-02-01T06:33:00+00:00\" \/>\n<meta property=\"article:modified_time\" content=\"2020-10-23T18:43:48+00:00\" \/>\n<meta property=\"og:image\" content=\"http:\/\/asveltri.org\/wp-content\/uploads\/2018\/02\/Challenge-aquathlon-image-1.png\" \/>\n<meta name=\"author\" content=\"R\u00e9dac. NEWS\" \/>\n<meta name=\"twitter:card\" content=\"summary_large_image\" \/>\n<meta name=\"twitter:label1\" content=\"\u00c9crit par\" \/>\n\t<meta name=\"twitter:data1\" content=\"R\u00e9dac. NEWS\" \/>\n\t<meta name=\"twitter:label2\" content=\"Dur\u00e9e de lecture estim\u00e9e\" \/>\n\t<meta name=\"twitter:data2\" content=\"1 minute\" \/>\n<script type=\"application\/ld+json\" class=\"yoast-schema-graph\">{\"@context\":\"https:\/\/schema.org\",\"@graph\":[{\"@type\":\"Article\",\"@id\":\"https:\/\/newsestlyonnais.fr\/site\/2019\/02\/01\/challenge-des-aquathlons-villeurbanne-et-rillieux-en-font-partie\/#article\",\"isPartOf\":{\"@id\":\"https:\/\/newsestlyonnais.fr\/site\/2019\/02\/01\/challenge-des-aquathlons-villeurbanne-et-rillieux-en-font-partie\/\"},\"author\":{\"name\":\"R\u00e9dac. NEWS\",\"@id\":\"https:\/\/newsestlyonnais.fr\/site\/#\/schema\/person\/3230d5615f390bb808365d673001e887\"},\"headline\":\"Challenge Aquathlons | Villeurbanne et Rillieux en font partie\",\"datePublished\":\"2019-02-01T06:33:00+00:00\",\"dateModified\":\"2020-10-23T18:43:48+00:00\",\"mainEntityOfPage\":{\"@id\":\"https:\/\/newsestlyonnais.fr\/site\/2019\/02\/01\/challenge-des-aquathlons-villeurbanne-et-rillieux-en-font-partie\/\"},\"wordCount\":229,\"commentCount\":0,\"publisher\":{\"@id\":\"https:\/\/newsestlyonnais.fr\/site\/#organization\"},\"image\":{\"@id\":\"https:\/\/newsestlyonnais.fr\/site\/2019\/02\/01\/challenge-des-aquathlons-villeurbanne-et-rillieux-en-font-partie\/#primaryimage\"},\"thumbnailUrl\":\"http:\/\/asveltri.org\/wp-content\/uploads\/2018\/02\/Challenge-aquathlon-image-1.png\",\"articleSection\":[\"Natation | Triathlon\",\"Rillieux-la-Pape\",\"Sports\",\"Triathlon\",\"Villeurbanne\"],\"inLanguage\":\"fr-FR\",\"potentialAction\":[{\"@type\":\"CommentAction\",\"name\":\"Comment\",\"target\":[\"https:\/\/newsestlyonnais.fr\/site\/2019\/02\/01\/challenge-des-aquathlons-villeurbanne-et-rillieux-en-font-partie\/#respond\"]}]},{\"@type\":\"WebPage\",\"@id\":\"https:\/\/newsestlyonnais.fr\/site\/2019\/02\/01\/challenge-des-aquathlons-villeurbanne-et-rillieux-en-font-partie\/\",\"url\":\"https:\/\/newsestlyonnais.fr\/site\/2019\/02\/01\/challenge-des-aquathlons-villeurbanne-et-rillieux-en-font-partie\/\",\"name\":\"Challenge Aquathlons | Villeurbanne et Rillieux en font partie - News Est Lyonnais Challenge des aquathlons : Villeurbanne et Rillieux en font partie\",\"isPartOf\":{\"@id\":\"https:\/\/newsestlyonnais.fr\/site\/#website\"},\"primaryImageOfPage\":{\"@id\":\"https:\/\/newsestlyonnais.fr\/site\/2019\/02\/01\/challenge-des-aquathlons-villeurbanne-et-rillieux-en-font-partie\/#primaryimage\"},\"image\":{\"@id\":\"https:\/\/newsestlyonnais.fr\/site\/2019\/02\/01\/challenge-des-aquathlons-villeurbanne-et-rillieux-en-font-partie\/#primaryimage\"},\"thumbnailUrl\":\"http:\/\/asveltri.org\/wp-content\/uploads\/2018\/02\/Challenge-aquathlon-image-1.png\",\"datePublished\":\"2019-02-01T06:33:00+00:00\",\"dateModified\":\"2020-10-23T18:43:48+00:00\",\"description\":\"Challenge des aquathlons : Villeurbanne et Rillieux en font partie\",\"breadcrumb\":{\"@id\":\"https:\/\/newsestlyonnais.fr\/site\/2019\/02\/01\/challenge-des-aquathlons-villeurbanne-et-rillieux-en-font-partie\/#breadcrumb\"},\"inLanguage\":\"fr-FR\",\"potentialAction\":[{\"@type\":\"ReadAction\",\"target\":[\"https:\/\/newsestlyonnais.fr\/site\/2019\/02\/01\/challenge-des-aquathlons-villeurbanne-et-rillieux-en-font-partie\/\"]}]},{\"@type\":\"ImageObject\",\"inLanguage\":\"fr-FR\",\"@id\":\"https:\/\/newsestlyonnais.fr\/site\/2019\/02\/01\/challenge-des-aquathlons-villeurbanne-et-rillieux-en-font-partie\/#primaryimage\",\"url\":\"http:\/\/asveltri.org\/wp-content\/uploads\/2018\/02\/Challenge-aquathlon-image-1.png\",\"contentUrl\":\"http:\/\/asveltri.org\/wp-content\/uploads\/2018\/02\/Challenge-aquathlon-image-1.png\"},{\"@type\":\"BreadcrumbList\",\"@id\":\"https:\/\/newsestlyonnais.fr\/site\/2019\/02\/01\/challenge-des-aquathlons-villeurbanne-et-rillieux-en-font-partie\/#breadcrumb\",\"itemListElement\":[{\"@type\":\"ListItem\",\"position\":1,\"name\":\"Accueil\",\"item\":\"https:\/\/newsestlyonnais.fr\/site\/\"},{\"@type\":\"ListItem\",\"position\":2,\"name\":\"Challenge Aquathlons | Villeurbanne et Rillieux en font partie\"}]},{\"@type\":\"WebSite\",\"@id\":\"https:\/\/newsestlyonnais.fr\/site\/#website\",\"url\":\"https:\/\/newsestlyonnais.fr\/site\/\",\"name\":\"News Est Lyonnais\",\"description\":\"L&#039;actualit\u00e9 au plus pr\u00e8s\",\"publisher\":{\"@id\":\"https:\/\/newsestlyonnais.fr\/site\/#organization\"},\"potentialAction\":[{\"@type\":\"SearchAction\",\"target\":{\"@type\":\"EntryPoint\",\"urlTemplate\":\"https:\/\/newsestlyonnais.fr\/site\/?s={search_term_string}\"},\"query-input\":{\"@type\":\"PropertyValueSpecification\",\"valueRequired\":true,\"valueName\":\"search_term_string\"}}],\"inLanguage\":\"fr-FR\"},{\"@type\":\"Organization\",\"@id\":\"https:\/\/newsestlyonnais.fr\/site\/#organization\",\"name\":\"News EST LYONNAIS\",\"url\":\"https:\/\/newsestlyonnais.fr\/site\/\",\"logo\":{\"@type\":\"ImageObject\",\"inLanguage\":\"fr-FR\",\"@id\":\"https:\/\/newsestlyonnais.fr\/site\/#\/schema\/logo\/image\/\",\"url\":\"\",\"contentUrl\":\"\",\"caption\":\"News EST LYONNAIS\"},\"image\":{\"@id\":\"https:\/\/newsestlyonnais.fr\/site\/#\/schema\/logo\/image\/\"}},{\"@type\":\"Person\",\"@id\":\"https:\/\/newsestlyonnais.fr\/site\/#\/schema\/person\/3230d5615f390bb808365d673001e887\",\"name\":\"R\u00e9dac. NEWS\",\"sameAs\":[\"http:\/\/www.newsestlyonnais.fr\",\"https:\/\/www.facebook.com\/pascal.oberson.1?fref=ts\",\"https:\/\/fr.linkedin.com\/in\/pascal-oberson-b17045113\"],\"url\":\"https:\/\/newsestlyonnais.fr\/site\/author\/nel\/\"}]}<\/script>\n<!-- \/ Yoast SEO plugin. -->","yoast_head_json":{"title":"Challenge Aquathlons | Villeurbanne et Rillieux en font partie - News Est Lyonnais Challenge des aquathlons : Villeurbanne et Rillieux en font partie","description":"Challenge des aquathlons : Villeurbanne et Rillieux en font partie","robots":{"index":"index","follow":"follow","max-snippet":"max-snippet:-1","max-image-preview":"max-image-preview:large","max-video-preview":"max-video-preview:-1"},"canonical":"https:\/\/newsestlyonnais.fr\/site\/2019\/02\/01\/challenge-des-aquathlons-villeurbanne-et-rillieux-en-font-partie\/","og_locale":"fr_FR","og_type":"article","og_title":"Challenge Aquathlons | Villeurbanne et Rillieux en font partie - News Est Lyonnais Challenge des aquathlons : Villeurbanne et Rillieux en font partie","og_description":"Challenge des aquathlons : Villeurbanne et Rillieux en font partie","og_url":"https:\/\/newsestlyonnais.fr\/site\/2019\/02\/01\/challenge-des-aquathlons-villeurbanne-et-rillieux-en-font-partie\/","og_site_name":"News Est Lyonnais","article_author":"https:\/\/www.facebook.com\/pascal.oberson.1?fref=ts","article_published_time":"2019-02-01T06:33:00+00:00","article_modified_time":"2020-10-23T18:43:48+00:00","og_image":[{"url":"http:\/\/asveltri.org\/wp-content\/uploads\/2018\/02\/Challenge-aquathlon-image-1.png","type":"","width":"","height":""}],"author":"R\u00e9dac. NEWS","twitter_card":"summary_large_image","twitter_misc":{"\u00c9crit par":"R\u00e9dac. NEWS","Dur\u00e9e de lecture estim\u00e9e":"1 minute"},"schema":{"@context":"https:\/\/schema.org","@graph":[{"@type":"Article","@id":"https:\/\/newsestlyonnais.fr\/site\/2019\/02\/01\/challenge-des-aquathlons-villeurbanne-et-rillieux-en-font-partie\/#article","isPartOf":{"@id":"https:\/\/newsestlyonnais.fr\/site\/2019\/02\/01\/challenge-des-aquathlons-villeurbanne-et-rillieux-en-font-partie\/"},"author":{"name":"R\u00e9dac. NEWS","@id":"https:\/\/newsestlyonnais.fr\/site\/#\/schema\/person\/3230d5615f390bb808365d673001e887"},"headline":"Challenge Aquathlons | Villeurbanne et Rillieux en font partie","datePublished":"2019-02-01T06:33:00+00:00","dateModified":"2020-10-23T18:43:48+00:00","mainEntityOfPage":{"@id":"https:\/\/newsestlyonnais.fr\/site\/2019\/02\/01\/challenge-des-aquathlons-villeurbanne-et-rillieux-en-font-partie\/"},"wordCount":229,"commentCount":0,"publisher":{"@id":"https:\/\/newsestlyonnais.fr\/site\/#organization"},"image":{"@id":"https:\/\/newsestlyonnais.fr\/site\/2019\/02\/01\/challenge-des-aquathlons-villeurbanne-et-rillieux-en-font-partie\/#primaryimage"},"thumbnailUrl":"http:\/\/asveltri.org\/wp-content\/uploads\/2018\/02\/Challenge-aquathlon-image-1.png","articleSection":["Natation | Triathlon","Rillieux-la-Pape","Sports","Triathlon","Villeurbanne"],"inLanguage":"fr-FR","potentialAction":[{"@type":"CommentAction","name":"Comment","target":["https:\/\/newsestlyonnais.fr\/site\/2019\/02\/01\/challenge-des-aquathlons-villeurbanne-et-rillieux-en-font-partie\/#respond"]}]},{"@type":"WebPage","@id":"https:\/\/newsestlyonnais.fr\/site\/2019\/02\/01\/challenge-des-aquathlons-villeurbanne-et-rillieux-en-font-partie\/","url":"https:\/\/newsestlyonnais.fr\/site\/2019\/02\/01\/challenge-des-aquathlons-villeurbanne-et-rillieux-en-font-partie\/","name":"Challenge Aquathlons | Villeurbanne et Rillieux en font partie - News Est Lyonnais Challenge des aquathlons : Villeurbanne et Rillieux en font partie","isPartOf":{"@id":"https:\/\/newsestlyonnais.fr\/site\/#website"},"primaryImageOfPage":{"@id":"https:\/\/newsestlyonnais.fr\/site\/2019\/02\/01\/challenge-des-aquathlons-villeurbanne-et-rillieux-en-font-partie\/#primaryimage"},"image":{"@id":"https:\/\/newsestlyonnais.fr\/site\/2019\/02\/01\/challenge-des-aquathlons-villeurbanne-et-rillieux-en-font-partie\/#primaryimage"},"thumbnailUrl":"http:\/\/asveltri.org\/wp-content\/uploads\/2018\/02\/Challenge-aquathlon-image-1.png","datePublished":"2019-02-01T06:33:00+00:00","dateModified":"2020-10-23T18:43:48+00:00","description":"Challenge des aquathlons : Villeurbanne et Rillieux en font partie","breadcrumb":{"@id":"https:\/\/newsestlyonnais.fr\/site\/2019\/02\/01\/challenge-des-aquathlons-villeurbanne-et-rillieux-en-font-partie\/#breadcrumb"},"inLanguage":"fr-FR","potentialAction":[{"@type":"ReadAction","target":["https:\/\/newsestlyonnais.fr\/site\/2019\/02\/01\/challenge-des-aquathlons-villeurbanne-et-rillieux-en-font-partie\/"]}]},{"@type":"ImageObject","inLanguage":"fr-FR","@id":"https:\/\/newsestlyonnais.fr\/site\/2019\/02\/01\/challenge-des-aquathlons-villeurbanne-et-rillieux-en-font-partie\/#primaryimage","url":"http:\/\/asveltri.org\/wp-content\/uploads\/2018\/02\/Challenge-aquathlon-image-1.png","contentUrl":"http:\/\/asveltri.org\/wp-content\/uploads\/2018\/02\/Challenge-aquathlon-image-1.png"},{"@type":"BreadcrumbList","@id":"https:\/\/newsestlyonnais.fr\/site\/2019\/02\/01\/challenge-des-aquathlons-villeurbanne-et-rillieux-en-font-partie\/#breadcrumb","itemListElement":[{"@type":"ListItem","position":1,"name":"Accueil","item":"https:\/\/newsestlyonnais.fr\/site\/"},{"@type":"ListItem","position":2,"name":"Challenge Aquathlons | Villeurbanne et Rillieux en font partie"}]},{"@type":"WebSite","@id":"https:\/\/newsestlyonnais.fr\/site\/#website","url":"https:\/\/newsestlyonnais.fr\/site\/","name":"News Est Lyonnais","description":"L&#039;actualit\u00e9 au plus pr\u00e8s","publisher":{"@id":"https:\/\/newsestlyonnais.fr\/site\/#organization"},"potentialAction":[{"@type":"SearchAction","target":{"@type":"EntryPoint","urlTemplate":"https:\/\/newsestlyonnais.fr\/site\/?s={search_term_string}"},"query-input":{"@type":"PropertyValueSpecification","valueRequired":true,"valueName":"search_term_string"}}],"inLanguage":"fr-FR"},{"@type":"Organization","@id":"https:\/\/newsestlyonnais.fr\/site\/#organization","name":"News EST LYONNAIS","url":"https:\/\/newsestlyonnais.fr\/site\/","logo":{"@type":"ImageObject","inLanguage":"fr-FR","@id":"https:\/\/newsestlyonnais.fr\/site\/#\/schema\/logo\/image\/","url":"","contentUrl":"","caption":"News EST LYONNAIS"},"image":{"@id":"https:\/\/newsestlyonnais.fr\/site\/#\/schema\/logo\/image\/"}},{"@type":"Person","@id":"https:\/\/newsestlyonnais.fr\/site\/#\/schema\/person\/3230d5615f390bb808365d673001e887","name":"R\u00e9dac. NEWS","sameAs":["http:\/\/www.newsestlyonnais.fr","https:\/\/www.facebook.com\/pascal.oberson.1?fref=ts","https:\/\/fr.linkedin.com\/in\/pascal-oberson-b17045113"],"url":"https:\/\/newsestlyonnais.fr\/site\/author\/nel\/"}]}},"_links":{"self":[{"href":"https:\/\/newsestlyonnais.fr\/site\/wp-json\/wp\/v2\/posts\/64796","targetHints":{"allow":["GET"]}}],"collection":[{"href":"https:\/\/newsestlyonnais.fr\/site\/wp-json\/wp\/v2\/posts"}],"about":[{"href":"https:\/\/newsestlyonnais.fr\/site\/wp-json\/wp\/v2\/types\/post"}],"author":[{"embeddable":true,"href":"https:\/\/newsestlyonnais.fr\/site\/wp-json\/wp\/v2\/users\/4"}],"replies":[{"embeddable":true,"href":"https:\/\/newsestlyonnais.fr\/site\/wp-json\/wp\/v2\/comments?post=64796"}],"version-history":[{"count":0,"href":"https:\/\/newsestlyonnais.fr\/site\/wp-json\/wp\/v2\/posts\/64796\/revisions"}],"wp:attachment":[{"href":"https:\/\/newsestlyonnais.fr\/site\/wp-json\/wp\/v2\/media?parent=64796"}],"wp:term":[{"taxonomy":"category","embeddable":true,"href":"https:\/\/newsestlyonnais.fr\/site\/wp-json\/wp\/v2\/categories?post=64796"},{"taxonomy":"post_tag","embeddable":true,"href":"https:\/\/newsestlyonnais.fr\/site\/wp-json\/wp\/v2\/tags?post=64796"}],"curies":[{"name":"wp","href":"https:\/\/api.w.org\/{rel}","templated":true}]}}