{"id":64798,"date":"2019-01-27T14:52:37","date_gmt":"2019-01-27T13:52:37","guid":{"rendered":"http:\/\/newsestlyonnais.fr\/site\/?p=64798"},"modified":"2020-11-03T11:30:40","modified_gmt":"2020-11-03T10:30:40","slug":"meyzieu-belle-reussite-de-la-premiere-journee-club-de-lal-meyzieu-basket","status":"publish","type":"post","link":"https:\/\/newsestlyonnais.fr\/site\/2019\/01\/27\/meyzieu-belle-reussite-de-la-premiere-journee-club-de-lal-meyzieu-basket\/","title":{"rendered":"MEYZIEU | Belle r\u00e9ussite de la premi\u00e8re journ\u00e9e club de l&rsquo;AL Meyzieu Basket"},"content":{"rendered":"<h4>Profitant d&rsquo;un week-end sans championnat, notamment chez les jeunes, les dirigeants de l&rsquo;ALM Meyzieu Basket organisaient samedi la toute premi\u00e8re journ\u00e9e club.<\/h4>\n<p>Cette nouvelle manifestation interne mise en place par le nouveau pr\u00e9sident Fred Dietrich et toute l&rsquo;\u00e9quipe de b\u00e9n\u00e9voles du club a connu un beau succ\u00e8s et devrait \u00eatre renouvel\u00e9e chaque ann\u00e9e.<\/p>\n<p>70 enfants (en mini-basket de 6 \u00e0 10 ans) ont \u00e9t\u00e9 accueillis de 11 h \u00e0 15 h puis les plus grands (11 \u00e0 18 ans) de 15 \u00e0 18 h. Au programme : tournoi, concours enfants\/parents, petits matchs en 3 X 3 coach\u00e9s par les seniors (filles &amp; gar\u00e7ons) du club. La meilleure \u00e9quipe f\u00e9minine et masculine l&#8217;emportant au cumul des points \u00e0 l&rsquo;issue d&rsquo;un concours con\u00e7u par franchise.<\/p>\n<p>Une belle journ\u00e9e conclue en beaut\u00e9 par le succ\u00e8s \u00e0 domicile des seniors gar\u00e7ons 1 de la CTC (mise en place avec le SO Pont de Ch\u00e9ruy) face \u00e0 la CTC Belmont-Coublanc 81\/38. Large victoire qui les conforte \u00e0 la 1\u00b0 place de leur poule de R\u00e9gionale 2.<\/p>\n<p>________________________________________________________________________________<\/p>\n<p><span style=\"text-decoration: underline\"><em><strong>NOTA<\/strong><\/em><\/span> : <em><strong>L&rsquo;ALM organise samedi 1\u00b0 F\u00e9vrier \u00e0 20 h \u00e0 l&rsquo;Espace Poperen son annuel LOTO<\/strong><\/em>.<\/p>\n<p>________________________________________________________________________________<\/p>\n<ul>\n<li><strong>Retrouvez l&rsquo;ACTU du club sur : <a href=\"https:\/\/almbasket.com\" target=\"_blank\" rel=\"noopener noreferrer\">https:\/\/almbasket.com<\/a><\/strong><\/li>\n<\/ul>\n<div id='gallery-1' class='gallery galleryid-64798 gallery-columns-3 gallery-size-thumbnail'><figure class='gallery-item'>\n\t\t\t<div class='gallery-icon landscape'>\n\t\t\t\t<a href='https:\/\/newsestlyonnais.fr\/site\/2019\/01\/27\/meyzieu-belle-reussite-de-la-premiere-journee-club-de-lal-meyzieu-basket\/newsestlyonanis-alm-tournoi\/'><img loading=\"lazy\" decoding=\"async\" width=\"150\" height=\"150\" src=\"https:\/\/newsestlyonnais.fr\/site\/wp-content\/uploads\/2019\/01\/NEWSESTLYONANIS-ALM-TOURNOI-150x150.png\" class=\"attachment-thumbnail size-thumbnail\" alt=\"NEWSESTLYONNAIS ALM TOURNOI\" aria-describedby=\"gallery-1-64800\" \/><\/a>\n\t\t\t<\/div>\n\t\t\t\t<figcaption class='wp-caption-text gallery-caption' id='gallery-1-64800'>\n\t\t\t\tL&rsquo;affiche de l&rsquo;\u00e9v\u00e8nement\n\t\t\t\t<\/figcaption><\/figure><figure class='gallery-item'>\n\t\t\t<div class='gallery-icon landscape'>\n\t\t\t\t<a href='https:\/\/newsestlyonnais.fr\/site\/2019\/01\/27\/meyzieu-belle-reussite-de-la-premiere-journee-club-de-lal-meyzieu-basket\/newsestlyonnais-al-m-journe-basket\/'><img loading=\"lazy\" decoding=\"async\" width=\"150\" height=\"150\" src=\"https:\/\/newsestlyonnais.fr\/site\/wp-content\/uploads\/2019\/01\/NEWSESTLYONNAIS-AL-M-JOURNE-BASKET--150x150.jpg\" class=\"attachment-thumbnail size-thumbnail\" alt=\"NEWSESTLYONNAIS AL M JOURNE BASKET\" \/><\/a>\n\t\t\t<\/div><\/figure><figure class='gallery-item'>\n\t\t\t<div class='gallery-icon portrait'>\n\t\t\t\t<a href='https:\/\/newsestlyonnais.fr\/site\/newsestlyonnais-loto-alm-2019\/'><img loading=\"lazy\" decoding=\"async\" width=\"150\" height=\"150\" src=\"https:\/\/newsestlyonnais.fr\/site\/wp-content\/uploads\/2019\/01\/NEWSESTLYONNAIS-LOTO-ALM-2019-150x150.jpg\" class=\"attachment-thumbnail size-thumbnail\" alt=\"NEWSESTLYONNAIS LOTO ALM 2019\" aria-describedby=\"gallery-1-64741\" \/><\/a>\n\t\t\t<\/div>\n\t\t\t\t<figcaption class='wp-caption-text gallery-caption' id='gallery-1-64741'>\n\t\t\t\t    LOTO DU CLUB \n\t\t\t\t<\/figcaption><\/figure>\n\t\t<\/div>\n\n","protected":false},"excerpt":{"rendered":"<p>Profitant d&rsquo;un week-end sans championnat, notamment chez les jeunes, les dirigeants de l&rsquo;ALM Meyzieu Basket organisaient samedi la toute premi\u00e8re journ\u00e9e club. Cette nouvelle manifestation interne mise en place par le nouveau pr\u00e9sident Fred Dietrich et toute l&rsquo;\u00e9quipe de b\u00e9n\u00e9voles du club a connu un beau succ\u00e8s et devrait \u00eatre renouvel\u00e9e chaque ann\u00e9e. 70 enfants [&hellip;]<\/p>\n","protected":false},"author":4,"featured_media":64802,"comment_status":"open","ping_status":"open","sticky":false,"template":"","format":"standard","meta":{"footnotes":""},"categories":[1357,2975,4,24],"tags":[2060,2081],"class_list":["post-64798","post","type-post","status-publish","format-standard","has-post-thumbnail","hentry","category-basket","category-basket-hand-volley-sports","category-evenements-divers","category-meyzieu","tag-basket","tag-meyzieu"],"yoast_head":"<!-- This site is optimized with the Yoast SEO plugin v27.2 - https:\/\/yoast.com\/product\/yoast-seo-wordpress\/ -->\n<title>MEYZIEU | Belle r\u00e9ussite de la premi\u00e8re journ\u00e9e club de l&#039;AL Meyzieu Basket - News Est Lyonnais MEYZIEU : Belle r\u00e9ussite de la premi\u00e8re journ\u00e9e club de l&#039;AL Meyzieu Basket<\/title>\n<meta name=\"description\" content=\"MEYZIEU : Belle r\u00e9ussite de la premi\u00e8re journ\u00e9e club de l&#039;AL Meyzieu Basket\" \/>\n<meta name=\"robots\" content=\"index, follow, max-snippet:-1, max-image-preview:large, max-video-preview:-1\" \/>\n<link rel=\"canonical\" href=\"https:\/\/newsestlyonnais.fr\/site\/2019\/01\/27\/meyzieu-belle-reussite-de-la-premiere-journee-club-de-lal-meyzieu-basket\/\" \/>\n<meta property=\"og:locale\" content=\"fr_FR\" \/>\n<meta property=\"og:type\" content=\"article\" \/>\n<meta property=\"og:title\" content=\"MEYZIEU | Belle r\u00e9ussite de la premi\u00e8re journ\u00e9e club de l&#039;AL Meyzieu Basket - News Est Lyonnais MEYZIEU : Belle r\u00e9ussite de la premi\u00e8re journ\u00e9e club de l&#039;AL Meyzieu Basket\" \/>\n<meta property=\"og:description\" content=\"MEYZIEU : Belle r\u00e9ussite de la premi\u00e8re journ\u00e9e club de l&#039;AL Meyzieu Basket\" \/>\n<meta property=\"og:url\" content=\"https:\/\/newsestlyonnais.fr\/site\/2019\/01\/27\/meyzieu-belle-reussite-de-la-premiere-journee-club-de-lal-meyzieu-basket\/\" \/>\n<meta property=\"og:site_name\" content=\"News Est Lyonnais\" \/>\n<meta property=\"article:author\" content=\"https:\/\/www.facebook.com\/pascal.oberson.1?fref=ts\" \/>\n<meta property=\"article:published_time\" content=\"2019-01-27T13:52:37+00:00\" \/>\n<meta property=\"article:modified_time\" content=\"2020-11-03T10:30:40+00:00\" \/>\n<meta property=\"og:image\" content=\"https:\/\/i2.wp.com\/newsestlyonnais.fr\/site\/wp-content\/uploads\/2019\/01\/NEWSESTLYONNASI-JOURNEE-CLUB-01.jpg?fit=2048%2C1536&ssl=1\" \/>\n\t<meta property=\"og:image:width\" content=\"2048\" \/>\n\t<meta property=\"og:image:height\" content=\"1536\" \/>\n\t<meta property=\"og:image:type\" content=\"image\/jpeg\" \/>\n<meta name=\"author\" content=\"R\u00e9dac. NEWS\" \/>\n<meta name=\"twitter:card\" content=\"summary_large_image\" \/>\n<meta name=\"twitter:label1\" content=\"\u00c9crit par\" \/>\n\t<meta name=\"twitter:data1\" content=\"R\u00e9dac. NEWS\" \/>\n\t<meta name=\"twitter:label2\" content=\"Dur\u00e9e de lecture estim\u00e9e\" \/>\n\t<meta name=\"twitter:data2\" content=\"1 minute\" \/>\n<script type=\"application\/ld+json\" class=\"yoast-schema-graph\">{\"@context\":\"https:\/\/schema.org\",\"@graph\":[{\"@type\":\"Article\",\"@id\":\"https:\/\/newsestlyonnais.fr\/site\/2019\/01\/27\/meyzieu-belle-reussite-de-la-premiere-journee-club-de-lal-meyzieu-basket\/#article\",\"isPartOf\":{\"@id\":\"https:\/\/newsestlyonnais.fr\/site\/2019\/01\/27\/meyzieu-belle-reussite-de-la-premiere-journee-club-de-lal-meyzieu-basket\/\"},\"author\":{\"name\":\"R\u00e9dac. NEWS\",\"@id\":\"https:\/\/newsestlyonnais.fr\/site\/#\/schema\/person\/3230d5615f390bb808365d673001e887\"},\"headline\":\"MEYZIEU | Belle r\u00e9ussite de la premi\u00e8re journ\u00e9e club de l&rsquo;AL Meyzieu Basket\",\"datePublished\":\"2019-01-27T13:52:37+00:00\",\"dateModified\":\"2020-11-03T10:30:40+00:00\",\"mainEntityOfPage\":{\"@id\":\"https:\/\/newsestlyonnais.fr\/site\/2019\/01\/27\/meyzieu-belle-reussite-de-la-premiere-journee-club-de-lal-meyzieu-basket\/\"},\"wordCount\":214,\"commentCount\":0,\"publisher\":{\"@id\":\"https:\/\/newsestlyonnais.fr\/site\/#organization\"},\"image\":{\"@id\":\"https:\/\/newsestlyonnais.fr\/site\/2019\/01\/27\/meyzieu-belle-reussite-de-la-premiere-journee-club-de-lal-meyzieu-basket\/#primaryimage\"},\"thumbnailUrl\":\"https:\/\/newsestlyonnais.fr\/site\/wp-content\/uploads\/2019\/01\/NEWSESTLYONNASI-JOURNEE-CLUB-01.jpg\",\"keywords\":[\"BASKET\",\"MEYZIEU\"],\"articleSection\":[\"Basket\",\"Basket | Hand | Volley\",\"Ev\u00e8nements divers\",\"Meyzieu\"],\"inLanguage\":\"fr-FR\",\"potentialAction\":[{\"@type\":\"CommentAction\",\"name\":\"Comment\",\"target\":[\"https:\/\/newsestlyonnais.fr\/site\/2019\/01\/27\/meyzieu-belle-reussite-de-la-premiere-journee-club-de-lal-meyzieu-basket\/#respond\"]}]},{\"@type\":\"WebPage\",\"@id\":\"https:\/\/newsestlyonnais.fr\/site\/2019\/01\/27\/meyzieu-belle-reussite-de-la-premiere-journee-club-de-lal-meyzieu-basket\/\",\"url\":\"https:\/\/newsestlyonnais.fr\/site\/2019\/01\/27\/meyzieu-belle-reussite-de-la-premiere-journee-club-de-lal-meyzieu-basket\/\",\"name\":\"MEYZIEU | Belle r\u00e9ussite de la premi\u00e8re journ\u00e9e club de l'AL Meyzieu Basket - News Est Lyonnais MEYZIEU : Belle r\u00e9ussite de la premi\u00e8re journ\u00e9e club de l'AL Meyzieu Basket\",\"isPartOf\":{\"@id\":\"https:\/\/newsestlyonnais.fr\/site\/#website\"},\"primaryImageOfPage\":{\"@id\":\"https:\/\/newsestlyonnais.fr\/site\/2019\/01\/27\/meyzieu-belle-reussite-de-la-premiere-journee-club-de-lal-meyzieu-basket\/#primaryimage\"},\"image\":{\"@id\":\"https:\/\/newsestlyonnais.fr\/site\/2019\/01\/27\/meyzieu-belle-reussite-de-la-premiere-journee-club-de-lal-meyzieu-basket\/#primaryimage\"},\"thumbnailUrl\":\"https:\/\/newsestlyonnais.fr\/site\/wp-content\/uploads\/2019\/01\/NEWSESTLYONNASI-JOURNEE-CLUB-01.jpg\",\"datePublished\":\"2019-01-27T13:52:37+00:00\",\"dateModified\":\"2020-11-03T10:30:40+00:00\",\"description\":\"MEYZIEU : Belle r\u00e9ussite de la premi\u00e8re journ\u00e9e club de l'AL Meyzieu Basket\",\"breadcrumb\":{\"@id\":\"https:\/\/newsestlyonnais.fr\/site\/2019\/01\/27\/meyzieu-belle-reussite-de-la-premiere-journee-club-de-lal-meyzieu-basket\/#breadcrumb\"},\"inLanguage\":\"fr-FR\",\"potentialAction\":[{\"@type\":\"ReadAction\",\"target\":[\"https:\/\/newsestlyonnais.fr\/site\/2019\/01\/27\/meyzieu-belle-reussite-de-la-premiere-journee-club-de-lal-meyzieu-basket\/\"]}]},{\"@type\":\"ImageObject\",\"inLanguage\":\"fr-FR\",\"@id\":\"https:\/\/newsestlyonnais.fr\/site\/2019\/01\/27\/meyzieu-belle-reussite-de-la-premiere-journee-club-de-lal-meyzieu-basket\/#primaryimage\",\"url\":\"https:\/\/newsestlyonnais.fr\/site\/wp-content\/uploads\/2019\/01\/NEWSESTLYONNASI-JOURNEE-CLUB-01.jpg\",\"contentUrl\":\"https:\/\/newsestlyonnais.fr\/site\/wp-content\/uploads\/2019\/01\/NEWSESTLYONNASI-JOURNEE-CLUB-01.jpg\",\"width\":2048,\"height\":1536,\"caption\":\"NEWSESTLYONNAIS JOURNEE CLUB 01\"},{\"@type\":\"BreadcrumbList\",\"@id\":\"https:\/\/newsestlyonnais.fr\/site\/2019\/01\/27\/meyzieu-belle-reussite-de-la-premiere-journee-club-de-lal-meyzieu-basket\/#breadcrumb\",\"itemListElement\":[{\"@type\":\"ListItem\",\"position\":1,\"name\":\"Accueil\",\"item\":\"https:\/\/newsestlyonnais.fr\/site\/\"},{\"@type\":\"ListItem\",\"position\":2,\"name\":\"MEYZIEU | Belle r\u00e9ussite de la premi\u00e8re journ\u00e9e club de l&rsquo;AL Meyzieu Basket\"}]},{\"@type\":\"WebSite\",\"@id\":\"https:\/\/newsestlyonnais.fr\/site\/#website\",\"url\":\"https:\/\/newsestlyonnais.fr\/site\/\",\"name\":\"News Est Lyonnais\",\"description\":\"L&#039;actualit\u00e9 au plus pr\u00e8s\",\"publisher\":{\"@id\":\"https:\/\/newsestlyonnais.fr\/site\/#organization\"},\"potentialAction\":[{\"@type\":\"SearchAction\",\"target\":{\"@type\":\"EntryPoint\",\"urlTemplate\":\"https:\/\/newsestlyonnais.fr\/site\/?s={search_term_string}\"},\"query-input\":{\"@type\":\"PropertyValueSpecification\",\"valueRequired\":true,\"valueName\":\"search_term_string\"}}],\"inLanguage\":\"fr-FR\"},{\"@type\":\"Organization\",\"@id\":\"https:\/\/newsestlyonnais.fr\/site\/#organization\",\"name\":\"News EST LYONNAIS\",\"url\":\"https:\/\/newsestlyonnais.fr\/site\/\",\"logo\":{\"@type\":\"ImageObject\",\"inLanguage\":\"fr-FR\",\"@id\":\"https:\/\/newsestlyonnais.fr\/site\/#\/schema\/logo\/image\/\",\"url\":\"\",\"contentUrl\":\"\",\"caption\":\"News EST LYONNAIS\"},\"image\":{\"@id\":\"https:\/\/newsestlyonnais.fr\/site\/#\/schema\/logo\/image\/\"}},{\"@type\":\"Person\",\"@id\":\"https:\/\/newsestlyonnais.fr\/site\/#\/schema\/person\/3230d5615f390bb808365d673001e887\",\"name\":\"R\u00e9dac. NEWS\",\"sameAs\":[\"http:\/\/www.newsestlyonnais.fr\",\"https:\/\/www.facebook.com\/pascal.oberson.1?fref=ts\",\"https:\/\/fr.linkedin.com\/in\/pascal-oberson-b17045113\"],\"url\":\"https:\/\/newsestlyonnais.fr\/site\/author\/nel\/\"}]}<\/script>\n<!-- \/ Yoast SEO plugin. -->","yoast_head_json":{"title":"MEYZIEU | Belle r\u00e9ussite de la premi\u00e8re journ\u00e9e club de l'AL Meyzieu Basket - News Est Lyonnais MEYZIEU : Belle r\u00e9ussite de la premi\u00e8re journ\u00e9e club de l'AL Meyzieu Basket","description":"MEYZIEU : Belle r\u00e9ussite de la premi\u00e8re journ\u00e9e club de l'AL Meyzieu Basket","robots":{"index":"index","follow":"follow","max-snippet":"max-snippet:-1","max-image-preview":"max-image-preview:large","max-video-preview":"max-video-preview:-1"},"canonical":"https:\/\/newsestlyonnais.fr\/site\/2019\/01\/27\/meyzieu-belle-reussite-de-la-premiere-journee-club-de-lal-meyzieu-basket\/","og_locale":"fr_FR","og_type":"article","og_title":"MEYZIEU | Belle r\u00e9ussite de la premi\u00e8re journ\u00e9e club de l'AL Meyzieu Basket - News Est Lyonnais MEYZIEU : Belle r\u00e9ussite de la premi\u00e8re journ\u00e9e club de l'AL Meyzieu Basket","og_description":"MEYZIEU : Belle r\u00e9ussite de la premi\u00e8re journ\u00e9e club de l'AL Meyzieu Basket","og_url":"https:\/\/newsestlyonnais.fr\/site\/2019\/01\/27\/meyzieu-belle-reussite-de-la-premiere-journee-club-de-lal-meyzieu-basket\/","og_site_name":"News Est Lyonnais","article_author":"https:\/\/www.facebook.com\/pascal.oberson.1?fref=ts","article_published_time":"2019-01-27T13:52:37+00:00","article_modified_time":"2020-11-03T10:30:40+00:00","og_image":[{"width":2048,"height":1536,"url":"https:\/\/i2.wp.com\/newsestlyonnais.fr\/site\/wp-content\/uploads\/2019\/01\/NEWSESTLYONNASI-JOURNEE-CLUB-01.jpg?fit=2048%2C1536&ssl=1","type":"image\/jpeg"}],"author":"R\u00e9dac. NEWS","twitter_card":"summary_large_image","twitter_misc":{"\u00c9crit par":"R\u00e9dac. NEWS","Dur\u00e9e de lecture estim\u00e9e":"1 minute"},"schema":{"@context":"https:\/\/schema.org","@graph":[{"@type":"Article","@id":"https:\/\/newsestlyonnais.fr\/site\/2019\/01\/27\/meyzieu-belle-reussite-de-la-premiere-journee-club-de-lal-meyzieu-basket\/#article","isPartOf":{"@id":"https:\/\/newsestlyonnais.fr\/site\/2019\/01\/27\/meyzieu-belle-reussite-de-la-premiere-journee-club-de-lal-meyzieu-basket\/"},"author":{"name":"R\u00e9dac. NEWS","@id":"https:\/\/newsestlyonnais.fr\/site\/#\/schema\/person\/3230d5615f390bb808365d673001e887"},"headline":"MEYZIEU | Belle r\u00e9ussite de la premi\u00e8re journ\u00e9e club de l&rsquo;AL Meyzieu Basket","datePublished":"2019-01-27T13:52:37+00:00","dateModified":"2020-11-03T10:30:40+00:00","mainEntityOfPage":{"@id":"https:\/\/newsestlyonnais.fr\/site\/2019\/01\/27\/meyzieu-belle-reussite-de-la-premiere-journee-club-de-lal-meyzieu-basket\/"},"wordCount":214,"commentCount":0,"publisher":{"@id":"https:\/\/newsestlyonnais.fr\/site\/#organization"},"image":{"@id":"https:\/\/newsestlyonnais.fr\/site\/2019\/01\/27\/meyzieu-belle-reussite-de-la-premiere-journee-club-de-lal-meyzieu-basket\/#primaryimage"},"thumbnailUrl":"https:\/\/newsestlyonnais.fr\/site\/wp-content\/uploads\/2019\/01\/NEWSESTLYONNASI-JOURNEE-CLUB-01.jpg","keywords":["BASKET","MEYZIEU"],"articleSection":["Basket","Basket | Hand | Volley","Ev\u00e8nements divers","Meyzieu"],"inLanguage":"fr-FR","potentialAction":[{"@type":"CommentAction","name":"Comment","target":["https:\/\/newsestlyonnais.fr\/site\/2019\/01\/27\/meyzieu-belle-reussite-de-la-premiere-journee-club-de-lal-meyzieu-basket\/#respond"]}]},{"@type":"WebPage","@id":"https:\/\/newsestlyonnais.fr\/site\/2019\/01\/27\/meyzieu-belle-reussite-de-la-premiere-journee-club-de-lal-meyzieu-basket\/","url":"https:\/\/newsestlyonnais.fr\/site\/2019\/01\/27\/meyzieu-belle-reussite-de-la-premiere-journee-club-de-lal-meyzieu-basket\/","name":"MEYZIEU | Belle r\u00e9ussite de la premi\u00e8re journ\u00e9e club de l'AL Meyzieu Basket - News Est Lyonnais MEYZIEU : Belle r\u00e9ussite de la premi\u00e8re journ\u00e9e club de l'AL Meyzieu Basket","isPartOf":{"@id":"https:\/\/newsestlyonnais.fr\/site\/#website"},"primaryImageOfPage":{"@id":"https:\/\/newsestlyonnais.fr\/site\/2019\/01\/27\/meyzieu-belle-reussite-de-la-premiere-journee-club-de-lal-meyzieu-basket\/#primaryimage"},"image":{"@id":"https:\/\/newsestlyonnais.fr\/site\/2019\/01\/27\/meyzieu-belle-reussite-de-la-premiere-journee-club-de-lal-meyzieu-basket\/#primaryimage"},"thumbnailUrl":"https:\/\/newsestlyonnais.fr\/site\/wp-content\/uploads\/2019\/01\/NEWSESTLYONNASI-JOURNEE-CLUB-01.jpg","datePublished":"2019-01-27T13:52:37+00:00","dateModified":"2020-11-03T10:30:40+00:00","description":"MEYZIEU : Belle r\u00e9ussite de la premi\u00e8re journ\u00e9e club de l'AL Meyzieu Basket","breadcrumb":{"@id":"https:\/\/newsestlyonnais.fr\/site\/2019\/01\/27\/meyzieu-belle-reussite-de-la-premiere-journee-club-de-lal-meyzieu-basket\/#breadcrumb"},"inLanguage":"fr-FR","potentialAction":[{"@type":"ReadAction","target":["https:\/\/newsestlyonnais.fr\/site\/2019\/01\/27\/meyzieu-belle-reussite-de-la-premiere-journee-club-de-lal-meyzieu-basket\/"]}]},{"@type":"ImageObject","inLanguage":"fr-FR","@id":"https:\/\/newsestlyonnais.fr\/site\/2019\/01\/27\/meyzieu-belle-reussite-de-la-premiere-journee-club-de-lal-meyzieu-basket\/#primaryimage","url":"https:\/\/newsestlyonnais.fr\/site\/wp-content\/uploads\/2019\/01\/NEWSESTLYONNASI-JOURNEE-CLUB-01.jpg","contentUrl":"https:\/\/newsestlyonnais.fr\/site\/wp-content\/uploads\/2019\/01\/NEWSESTLYONNASI-JOURNEE-CLUB-01.jpg","width":2048,"height":1536,"caption":"NEWSESTLYONNAIS JOURNEE CLUB 01"},{"@type":"BreadcrumbList","@id":"https:\/\/newsestlyonnais.fr\/site\/2019\/01\/27\/meyzieu-belle-reussite-de-la-premiere-journee-club-de-lal-meyzieu-basket\/#breadcrumb","itemListElement":[{"@type":"ListItem","position":1,"name":"Accueil","item":"https:\/\/newsestlyonnais.fr\/site\/"},{"@type":"ListItem","position":2,"name":"MEYZIEU | Belle r\u00e9ussite de la premi\u00e8re journ\u00e9e club de l&rsquo;AL Meyzieu Basket"}]},{"@type":"WebSite","@id":"https:\/\/newsestlyonnais.fr\/site\/#website","url":"https:\/\/newsestlyonnais.fr\/site\/","name":"News Est Lyonnais","description":"L&#039;actualit\u00e9 au plus pr\u00e8s","publisher":{"@id":"https:\/\/newsestlyonnais.fr\/site\/#organization"},"potentialAction":[{"@type":"SearchAction","target":{"@type":"EntryPoint","urlTemplate":"https:\/\/newsestlyonnais.fr\/site\/?s={search_term_string}"},"query-input":{"@type":"PropertyValueSpecification","valueRequired":true,"valueName":"search_term_string"}}],"inLanguage":"fr-FR"},{"@type":"Organization","@id":"https:\/\/newsestlyonnais.fr\/site\/#organization","name":"News EST LYONNAIS","url":"https:\/\/newsestlyonnais.fr\/site\/","logo":{"@type":"ImageObject","inLanguage":"fr-FR","@id":"https:\/\/newsestlyonnais.fr\/site\/#\/schema\/logo\/image\/","url":"","contentUrl":"","caption":"News EST LYONNAIS"},"image":{"@id":"https:\/\/newsestlyonnais.fr\/site\/#\/schema\/logo\/image\/"}},{"@type":"Person","@id":"https:\/\/newsestlyonnais.fr\/site\/#\/schema\/person\/3230d5615f390bb808365d673001e887","name":"R\u00e9dac. NEWS","sameAs":["http:\/\/www.newsestlyonnais.fr","https:\/\/www.facebook.com\/pascal.oberson.1?fref=ts","https:\/\/fr.linkedin.com\/in\/pascal-oberson-b17045113"],"url":"https:\/\/newsestlyonnais.fr\/site\/author\/nel\/"}]}},"_links":{"self":[{"href":"https:\/\/newsestlyonnais.fr\/site\/wp-json\/wp\/v2\/posts\/64798","targetHints":{"allow":["GET"]}}],"collection":[{"href":"https:\/\/newsestlyonnais.fr\/site\/wp-json\/wp\/v2\/posts"}],"about":[{"href":"https:\/\/newsestlyonnais.fr\/site\/wp-json\/wp\/v2\/types\/post"}],"author":[{"embeddable":true,"href":"https:\/\/newsestlyonnais.fr\/site\/wp-json\/wp\/v2\/users\/4"}],"replies":[{"embeddable":true,"href":"https:\/\/newsestlyonnais.fr\/site\/wp-json\/wp\/v2\/comments?post=64798"}],"version-history":[{"count":0,"href":"https:\/\/newsestlyonnais.fr\/site\/wp-json\/wp\/v2\/posts\/64798\/revisions"}],"wp:featuredmedia":[{"embeddable":true,"href":"https:\/\/newsestlyonnais.fr\/site\/wp-json\/wp\/v2\/media\/64802"}],"wp:attachment":[{"href":"https:\/\/newsestlyonnais.fr\/site\/wp-json\/wp\/v2\/media?parent=64798"}],"wp:term":[{"taxonomy":"category","embeddable":true,"href":"https:\/\/newsestlyonnais.fr\/site\/wp-json\/wp\/v2\/categories?post=64798"},{"taxonomy":"post_tag","embeddable":true,"href":"https:\/\/newsestlyonnais.fr\/site\/wp-json\/wp\/v2\/tags?post=64798"}],"curies":[{"name":"wp","href":"https:\/\/api.w.org\/{rel}","templated":true}]}}