{"id":64863,"date":"2019-01-28T07:46:26","date_gmt":"2019-01-28T06:46:26","guid":{"rendered":"http:\/\/newsestlyonnais.fr\/site\/?p=64863"},"modified":"2020-11-06T15:04:34","modified_gmt":"2020-11-06T14:04:34","slug":"venissieux-podiums-et-qualifs-pour-le-bkd-full-contact-au-championnat-regional-kick-light","status":"publish","type":"post","link":"https:\/\/newsestlyonnais.fr\/site\/2019\/01\/28\/venissieux-podiums-et-qualifs-pour-le-bkd-full-contact-au-championnat-regional-kick-light\/","title":{"rendered":"VENISSIEUX | Podiums, qualifs pour le BKD Full Contact au championnat r\u00e9gional Kick-Light"},"content":{"rendered":"<h4>Plusieurs comp\u00e9titeurs du BKD \u00e9taient pr\u00e9sents ce week-end au championnat r\u00e9gional Kick\u00a0 light organis\u00e9 \u00e0 l&rsquo;Isle d&rsquo;Abeau (Is\u00e8re) et qualificatif pour les championnats de France.<\/h4>\n<p class=\"ox-c73beae832-MsoNormal\">2 jours de comp\u00e9titions pour tous ces combattants (poussins \u00e0 seniors) venus s\u2019exprimer sur les 4 aires de combats mis \u00e0 disposition des <strong>551 participants<\/strong> qui ont tent\u00e9 de se qualifier pour les championnats de France.<\/p>\n<p class=\"ox-c73beae832-MsoNormal\"><span style=\"text-decoration: underline\">Les r\u00e9sultats du BKD FULL CONTACT lors de ce championnat r\u00e9gional de kick-boxing light organis\u00e9 par la Ligue Rh\u00f4ne-Alpes Auvergne de Kick Boxing, Muay Tha\u00ef &amp; Disciplines Associ\u00e9es (Lraakmda)<\/span> :<\/p>\n<ul>\n<li class=\"ox-c73beae832-MsoNormal\"><em><strong>KOSSEILA AZZOUG<\/strong><\/em> (Minime 12\/13,\u00a0 &#8211; 57 kg), 2\u00b0 et <span style=\"text-decoration: underline\">qualifi\u00e9 pour le championnat de France<\/span> \u00e0 Paris (week-end des 23 &amp; 24 mars 2019).<\/li>\n<li><strong>DIEGO CORSALETTI<\/strong> (Junior 16\/18 H,\u00a0 &#8211; 63 kg), 2\u00b0 et <span style=\"text-decoration: underline\">qualifi\u00e9 pour le championnat de France<\/span> \u00e0 Paris.<\/li>\n<li><strong>CHIARA LOMBARDI SARDELLITTI<\/strong> (Junior 16\/18 F, &#8211; 60 kg), 3\u00b0.<\/li>\n<li><strong>LUCAS LEGER<\/strong> (Senior 18\/40, &#8211; 74 kg), 2\u00b0.<\/li>\n<li><strong>JEAN ALEXANDRE NGUYEN VAN TAM<\/strong> (Senior 18\/40 H, &#8211; 89 kg) 2\u00b0.<\/li>\n<li><strong>HERVE FILLON<\/strong> (V\u00e9t\u00e9ran 41\/50 H) &#8211; 79 kg, 2\u00b0. (<em><strong><span style=\"text-decoration: underline\">PHOTO A LA UNE<\/span><\/strong><\/em>).<\/li>\n<\/ul>\n<p class=\"ox-c73beae832-MsoNormal\">\u00a0\u00bb Nos \u00e9l\u00e8ves pour leur premi\u00e8re ann\u00e9e de comp\u00e9tition avec cette nouvelle f\u00e9d\u00e9ration et sous les couleurs du BKD, se sont tr\u00e8s bien comport\u00e9s. Beaucoup de combats avec de nouvelles r\u00e8gles qu\u2019 il a fallu vite s\u2019approprier. Les r\u00e9sultats sont tr\u00e8s encourageants pour la suite. Bravo \u00e0 tous, nous sommes tr\u00e8s fiers\u00a0! Prochaine \u00e9ch\u00e9ance : la coupe de France de karat\u00e9 contact (N\u00eemes le samedi 9 f\u00e9vrier 2019)\u00a0\u00bb confiait <strong>Philippe Del Rey, directeur sportif<\/strong>, \u00e0 l&rsquo;issue de la comp\u00e9tition.<\/p>\n<div id='gallery-1' class='gallery galleryid-64863 gallery-columns-3 gallery-size-thumbnail'><figure class='gallery-item'>\n\t\t\t<div class='gallery-icon portrait'>\n\t\t\t\t<a href='https:\/\/newsestlyonnais.fr\/site\/2019\/01\/28\/venissieux-podiums-et-qualifs-pour-le-bkd-full-contact-au-championnat-regional-kick-light\/newsestlyonnais-koseila-azoug\/'><img loading=\"lazy\" decoding=\"async\" width=\"150\" height=\"150\" src=\"https:\/\/newsestlyonnais.fr\/site\/wp-content\/uploads\/2019\/01\/NEWSESTLYONNAIS-Koseila-Azoug--150x150.jpg\" class=\"attachment-thumbnail size-thumbnail\" alt=\"NEWSESTLYONNAIS Koseila Azoug\" aria-describedby=\"gallery-1-64877\" \/><\/a>\n\t\t\t<\/div>\n\t\t\t\t<figcaption class='wp-caption-text gallery-caption' id='gallery-1-64877'>\n\t\t\t\t Kosseila Azzoug 2\u00b0 et  qualifi\u00e9 \n\t\t\t\t<\/figcaption><\/figure><figure class='gallery-item'>\n\t\t\t<div class='gallery-icon portrait'>\n\t\t\t\t<a href='https:\/\/newsestlyonnais.fr\/site\/2019\/01\/28\/venissieux-podiums-et-qualifs-pour-le-bkd-full-contact-au-championnat-regional-kick-light\/newsestlyonanais-d-corsaletti-2\/'><img loading=\"lazy\" decoding=\"async\" width=\"150\" height=\"150\" src=\"https:\/\/newsestlyonnais.fr\/site\/wp-content\/uploads\/2019\/01\/NEWSESTLYONANAIS-D.-Corsaletti-2\u00b0--150x150.jpg\" class=\"attachment-thumbnail size-thumbnail\" alt=\"NEWSESTLYONNAIS D. Corsaletti 2\u00b0\" aria-describedby=\"gallery-1-64880\" \/><\/a>\n\t\t\t<\/div>\n\t\t\t\t<figcaption class='wp-caption-text gallery-caption' id='gallery-1-64880'>\n\t\t\t\tDiego Corsaletti  2\u00b0 et  qualifi\u00e9 \n\t\t\t\t<\/figcaption><\/figure><figure class='gallery-item'>\n\t\t\t<div class='gallery-icon portrait'>\n\t\t\t\t<a href='https:\/\/newsestlyonnais.fr\/site\/2019\/01\/28\/venissieux-podiums-et-qualifs-pour-le-bkd-full-contact-au-championnat-regional-kick-light\/newsestlyonnais-ja-nguen-2\/'><img loading=\"lazy\" decoding=\"async\" width=\"150\" height=\"150\" src=\"https:\/\/newsestlyonnais.fr\/site\/wp-content\/uploads\/2019\/01\/NEWSESTLYONNAIS-JA-Nguen-2\u00b0-150x150.jpg\" class=\"attachment-thumbnail size-thumbnail\" alt=\"\" aria-describedby=\"gallery-1-64878\" \/><\/a>\n\t\t\t<\/div>\n\t\t\t\t<figcaption class='wp-caption-text gallery-caption' id='gallery-1-64878'>\n\t\t\t\tJean Alexandre NGUYEN VAN TAM 2\u00b0 \n\t\t\t\t<\/figcaption><\/figure><figure class='gallery-item'>\n\t\t\t<div class='gallery-icon portrait'>\n\t\t\t\t<a href='https:\/\/newsestlyonnais.fr\/site\/2019\/01\/28\/venissieux-podiums-et-qualifs-pour-le-bkd-full-contact-au-championnat-regional-kick-light\/newsestlyonanis-c-lombardi-sardeletti-3\/'><img loading=\"lazy\" decoding=\"async\" width=\"150\" height=\"150\" src=\"https:\/\/newsestlyonnais.fr\/site\/wp-content\/uploads\/2019\/01\/NEWSESTLYONANIS-C.-Lombardi-sardeletti-3\u00b0-150x150.jpg\" class=\"attachment-thumbnail size-thumbnail\" alt=\"NEWSESTLYONANIS C. Lombardi sardeletti 3\u00b0\" aria-describedby=\"gallery-1-64882\" \/><\/a>\n\t\t\t<\/div>\n\t\t\t\t<figcaption class='wp-caption-text gallery-caption' id='gallery-1-64882'>\n\t\t\t\tChiara Lombardi-Sardellitti  3\u00b0\n\t\t\t\t<\/figcaption><\/figure>\n\t\t<\/div>\n\n","protected":false},"excerpt":{"rendered":"<p>Plusieurs comp\u00e9titeurs du BKD \u00e9taient pr\u00e9sents ce week-end au championnat r\u00e9gional Kick\u00a0 light organis\u00e9 \u00e0 l&rsquo;Isle d&rsquo;Abeau (Is\u00e8re) et qualificatif pour les championnats de France. 2 jours de comp\u00e9titions pour tous ces combattants (poussins \u00e0 seniors) venus s\u2019exprimer sur les 4 aires de combats mis \u00e0 disposition des 551 participants qui ont tent\u00e9 de se [&hellip;]<\/p>\n","protected":false},"author":4,"featured_media":64874,"comment_status":"open","ping_status":"open","sticky":false,"template":"","format":"standard","meta":{"footnotes":""},"categories":[2994,1353,1298],"tags":[2304,2067],"class_list":["post-64863","post","type-post","status-publish","format-standard","has-post-thumbnail","hentry","category-judo-karate-taekwondo-sports","category-karate","category-venissieux","tag-kick-boxing","tag-venissieux"],"yoast_head":"<!-- This site is optimized with the Yoast SEO plugin v27.2 - https:\/\/yoast.com\/product\/yoast-seo-wordpress\/ -->\n<title>VENISSIEUX | Podiums, qualifs pour le BKD Full Contact au championnat r\u00e9gional Kick-Light - News Est Lyonnais VENISSIEUX : Podiums et qualifs pour le BKD Full Contact au championnat r\u00e9gional Kick Light<\/title>\n<meta name=\"description\" content=\"VENISSIEUX : Podiums et qualifs pour le BKD Full Contact au championnat r\u00e9gional Kick Light\" \/>\n<meta name=\"robots\" content=\"index, follow, max-snippet:-1, max-image-preview:large, max-video-preview:-1\" \/>\n<link rel=\"canonical\" href=\"https:\/\/newsestlyonnais.fr\/site\/2019\/01\/28\/venissieux-podiums-et-qualifs-pour-le-bkd-full-contact-au-championnat-regional-kick-light\/\" \/>\n<meta property=\"og:locale\" content=\"fr_FR\" \/>\n<meta property=\"og:type\" content=\"article\" \/>\n<meta property=\"og:title\" content=\"VENISSIEUX | Podiums, qualifs pour le BKD Full Contact au championnat r\u00e9gional Kick-Light - News Est Lyonnais VENISSIEUX : Podiums et qualifs pour le BKD Full Contact au championnat r\u00e9gional Kick Light\" \/>\n<meta property=\"og:description\" content=\"VENISSIEUX : Podiums et qualifs pour le BKD Full Contact au championnat r\u00e9gional Kick Light\" \/>\n<meta property=\"og:url\" content=\"https:\/\/newsestlyonnais.fr\/site\/2019\/01\/28\/venissieux-podiums-et-qualifs-pour-le-bkd-full-contact-au-championnat-regional-kick-light\/\" \/>\n<meta property=\"og:site_name\" content=\"News Est Lyonnais\" \/>\n<meta property=\"article:author\" content=\"https:\/\/www.facebook.com\/pascal.oberson.1?fref=ts\" \/>\n<meta property=\"article:published_time\" content=\"2019-01-28T06:46:26+00:00\" \/>\n<meta property=\"article:modified_time\" content=\"2020-11-06T14:04:34+00:00\" \/>\n<meta property=\"og:image\" content=\"https:\/\/i0.wp.com\/newsestlyonnais.fr\/site\/wp-content\/uploads\/2019\/01\/NEWSESTLYONNAIS-Herv\u00e9-Fillon-2eme.jpg?fit=444%2C592&ssl=1\" \/>\n\t<meta property=\"og:image:width\" content=\"444\" \/>\n\t<meta property=\"og:image:height\" content=\"592\" \/>\n\t<meta property=\"og:image:type\" content=\"image\/jpeg\" \/>\n<meta name=\"author\" content=\"R\u00e9dac. NEWS\" \/>\n<meta name=\"twitter:card\" content=\"summary_large_image\" \/>\n<meta name=\"twitter:label1\" content=\"\u00c9crit par\" \/>\n\t<meta name=\"twitter:data1\" content=\"R\u00e9dac. NEWS\" \/>\n\t<meta name=\"twitter:label2\" content=\"Dur\u00e9e de lecture estim\u00e9e\" \/>\n\t<meta name=\"twitter:data2\" content=\"1 minute\" \/>\n<script type=\"application\/ld+json\" class=\"yoast-schema-graph\">{\"@context\":\"https:\/\/schema.org\",\"@graph\":[{\"@type\":\"Article\",\"@id\":\"https:\/\/newsestlyonnais.fr\/site\/2019\/01\/28\/venissieux-podiums-et-qualifs-pour-le-bkd-full-contact-au-championnat-regional-kick-light\/#article\",\"isPartOf\":{\"@id\":\"https:\/\/newsestlyonnais.fr\/site\/2019\/01\/28\/venissieux-podiums-et-qualifs-pour-le-bkd-full-contact-au-championnat-regional-kick-light\/\"},\"author\":{\"name\":\"R\u00e9dac. NEWS\",\"@id\":\"https:\/\/newsestlyonnais.fr\/site\/#\/schema\/person\/3230d5615f390bb808365d673001e887\"},\"headline\":\"VENISSIEUX | Podiums, qualifs pour le BKD Full Contact au championnat r\u00e9gional Kick-Light\",\"datePublished\":\"2019-01-28T06:46:26+00:00\",\"dateModified\":\"2020-11-06T14:04:34+00:00\",\"mainEntityOfPage\":{\"@id\":\"https:\/\/newsestlyonnais.fr\/site\/2019\/01\/28\/venissieux-podiums-et-qualifs-pour-le-bkd-full-contact-au-championnat-regional-kick-light\/\"},\"wordCount\":268,\"commentCount\":0,\"publisher\":{\"@id\":\"https:\/\/newsestlyonnais.fr\/site\/#organization\"},\"image\":{\"@id\":\"https:\/\/newsestlyonnais.fr\/site\/2019\/01\/28\/venissieux-podiums-et-qualifs-pour-le-bkd-full-contact-au-championnat-regional-kick-light\/#primaryimage\"},\"thumbnailUrl\":\"https:\/\/newsestlyonnais.fr\/site\/wp-content\/uploads\/2019\/01\/NEWSESTLYONNAIS-Herv\u00e9-Fillon-2eme.jpg\",\"keywords\":[\"KICK BOXING\",\"VENISSIEUX\"],\"articleSection\":[\"Judo| Karat\u00e9| Taekwondo\",\"Karat\u00e9\",\"V\u00e9nissieux\"],\"inLanguage\":\"fr-FR\",\"potentialAction\":[{\"@type\":\"CommentAction\",\"name\":\"Comment\",\"target\":[\"https:\/\/newsestlyonnais.fr\/site\/2019\/01\/28\/venissieux-podiums-et-qualifs-pour-le-bkd-full-contact-au-championnat-regional-kick-light\/#respond\"]}]},{\"@type\":\"WebPage\",\"@id\":\"https:\/\/newsestlyonnais.fr\/site\/2019\/01\/28\/venissieux-podiums-et-qualifs-pour-le-bkd-full-contact-au-championnat-regional-kick-light\/\",\"url\":\"https:\/\/newsestlyonnais.fr\/site\/2019\/01\/28\/venissieux-podiums-et-qualifs-pour-le-bkd-full-contact-au-championnat-regional-kick-light\/\",\"name\":\"VENISSIEUX | Podiums, qualifs pour le BKD Full Contact au championnat r\u00e9gional Kick-Light - News Est Lyonnais VENISSIEUX : Podiums et qualifs pour le BKD Full Contact au championnat r\u00e9gional Kick Light\",\"isPartOf\":{\"@id\":\"https:\/\/newsestlyonnais.fr\/site\/#website\"},\"primaryImageOfPage\":{\"@id\":\"https:\/\/newsestlyonnais.fr\/site\/2019\/01\/28\/venissieux-podiums-et-qualifs-pour-le-bkd-full-contact-au-championnat-regional-kick-light\/#primaryimage\"},\"image\":{\"@id\":\"https:\/\/newsestlyonnais.fr\/site\/2019\/01\/28\/venissieux-podiums-et-qualifs-pour-le-bkd-full-contact-au-championnat-regional-kick-light\/#primaryimage\"},\"thumbnailUrl\":\"https:\/\/newsestlyonnais.fr\/site\/wp-content\/uploads\/2019\/01\/NEWSESTLYONNAIS-Herv\u00e9-Fillon-2eme.jpg\",\"datePublished\":\"2019-01-28T06:46:26+00:00\",\"dateModified\":\"2020-11-06T14:04:34+00:00\",\"description\":\"VENISSIEUX : Podiums et qualifs pour le BKD Full Contact au championnat r\u00e9gional Kick Light\",\"breadcrumb\":{\"@id\":\"https:\/\/newsestlyonnais.fr\/site\/2019\/01\/28\/venissieux-podiums-et-qualifs-pour-le-bkd-full-contact-au-championnat-regional-kick-light\/#breadcrumb\"},\"inLanguage\":\"fr-FR\",\"potentialAction\":[{\"@type\":\"ReadAction\",\"target\":[\"https:\/\/newsestlyonnais.fr\/site\/2019\/01\/28\/venissieux-podiums-et-qualifs-pour-le-bkd-full-contact-au-championnat-regional-kick-light\/\"]}]},{\"@type\":\"ImageObject\",\"inLanguage\":\"fr-FR\",\"@id\":\"https:\/\/newsestlyonnais.fr\/site\/2019\/01\/28\/venissieux-podiums-et-qualifs-pour-le-bkd-full-contact-au-championnat-regional-kick-light\/#primaryimage\",\"url\":\"https:\/\/newsestlyonnais.fr\/site\/wp-content\/uploads\/2019\/01\/NEWSESTLYONNAIS-Herv\u00e9-Fillon-2eme.jpg\",\"contentUrl\":\"https:\/\/newsestlyonnais.fr\/site\/wp-content\/uploads\/2019\/01\/NEWSESTLYONNAIS-Herv\u00e9-Fillon-2eme.jpg\",\"width\":444,\"height\":592,\"caption\":\"NEWSESTLYONNAIS Herv\u00e9 Fillon 2eme\"},{\"@type\":\"BreadcrumbList\",\"@id\":\"https:\/\/newsestlyonnais.fr\/site\/2019\/01\/28\/venissieux-podiums-et-qualifs-pour-le-bkd-full-contact-au-championnat-regional-kick-light\/#breadcrumb\",\"itemListElement\":[{\"@type\":\"ListItem\",\"position\":1,\"name\":\"Accueil\",\"item\":\"https:\/\/newsestlyonnais.fr\/site\/\"},{\"@type\":\"ListItem\",\"position\":2,\"name\":\"VENISSIEUX | Podiums, qualifs pour le BKD Full Contact au championnat r\u00e9gional Kick-Light\"}]},{\"@type\":\"WebSite\",\"@id\":\"https:\/\/newsestlyonnais.fr\/site\/#website\",\"url\":\"https:\/\/newsestlyonnais.fr\/site\/\",\"name\":\"News Est Lyonnais\",\"description\":\"L&#039;actualit\u00e9 au plus pr\u00e8s\",\"publisher\":{\"@id\":\"https:\/\/newsestlyonnais.fr\/site\/#organization\"},\"potentialAction\":[{\"@type\":\"SearchAction\",\"target\":{\"@type\":\"EntryPoint\",\"urlTemplate\":\"https:\/\/newsestlyonnais.fr\/site\/?s={search_term_string}\"},\"query-input\":{\"@type\":\"PropertyValueSpecification\",\"valueRequired\":true,\"valueName\":\"search_term_string\"}}],\"inLanguage\":\"fr-FR\"},{\"@type\":\"Organization\",\"@id\":\"https:\/\/newsestlyonnais.fr\/site\/#organization\",\"name\":\"News EST LYONNAIS\",\"url\":\"https:\/\/newsestlyonnais.fr\/site\/\",\"logo\":{\"@type\":\"ImageObject\",\"inLanguage\":\"fr-FR\",\"@id\":\"https:\/\/newsestlyonnais.fr\/site\/#\/schema\/logo\/image\/\",\"url\":\"\",\"contentUrl\":\"\",\"caption\":\"News EST LYONNAIS\"},\"image\":{\"@id\":\"https:\/\/newsestlyonnais.fr\/site\/#\/schema\/logo\/image\/\"}},{\"@type\":\"Person\",\"@id\":\"https:\/\/newsestlyonnais.fr\/site\/#\/schema\/person\/3230d5615f390bb808365d673001e887\",\"name\":\"R\u00e9dac. NEWS\",\"sameAs\":[\"http:\/\/www.newsestlyonnais.fr\",\"https:\/\/www.facebook.com\/pascal.oberson.1?fref=ts\",\"https:\/\/fr.linkedin.com\/in\/pascal-oberson-b17045113\"],\"url\":\"https:\/\/newsestlyonnais.fr\/site\/author\/nel\/\"}]}<\/script>\n<!-- \/ Yoast SEO plugin. -->","yoast_head_json":{"title":"VENISSIEUX | Podiums, qualifs pour le BKD Full Contact au championnat r\u00e9gional Kick-Light - News Est Lyonnais VENISSIEUX : Podiums et qualifs pour le BKD Full Contact au championnat r\u00e9gional Kick Light","description":"VENISSIEUX : Podiums et qualifs pour le BKD Full Contact au championnat r\u00e9gional Kick Light","robots":{"index":"index","follow":"follow","max-snippet":"max-snippet:-1","max-image-preview":"max-image-preview:large","max-video-preview":"max-video-preview:-1"},"canonical":"https:\/\/newsestlyonnais.fr\/site\/2019\/01\/28\/venissieux-podiums-et-qualifs-pour-le-bkd-full-contact-au-championnat-regional-kick-light\/","og_locale":"fr_FR","og_type":"article","og_title":"VENISSIEUX | Podiums, qualifs pour le BKD Full Contact au championnat r\u00e9gional Kick-Light - News Est Lyonnais VENISSIEUX : Podiums et qualifs pour le BKD Full Contact au championnat r\u00e9gional Kick Light","og_description":"VENISSIEUX : Podiums et qualifs pour le BKD Full Contact au championnat r\u00e9gional Kick Light","og_url":"https:\/\/newsestlyonnais.fr\/site\/2019\/01\/28\/venissieux-podiums-et-qualifs-pour-le-bkd-full-contact-au-championnat-regional-kick-light\/","og_site_name":"News Est Lyonnais","article_author":"https:\/\/www.facebook.com\/pascal.oberson.1?fref=ts","article_published_time":"2019-01-28T06:46:26+00:00","article_modified_time":"2020-11-06T14:04:34+00:00","og_image":[{"width":444,"height":592,"url":"https:\/\/i0.wp.com\/newsestlyonnais.fr\/site\/wp-content\/uploads\/2019\/01\/NEWSESTLYONNAIS-Herv\u00e9-Fillon-2eme.jpg?fit=444%2C592&ssl=1","type":"image\/jpeg"}],"author":"R\u00e9dac. NEWS","twitter_card":"summary_large_image","twitter_misc":{"\u00c9crit par":"R\u00e9dac. NEWS","Dur\u00e9e de lecture estim\u00e9e":"1 minute"},"schema":{"@context":"https:\/\/schema.org","@graph":[{"@type":"Article","@id":"https:\/\/newsestlyonnais.fr\/site\/2019\/01\/28\/venissieux-podiums-et-qualifs-pour-le-bkd-full-contact-au-championnat-regional-kick-light\/#article","isPartOf":{"@id":"https:\/\/newsestlyonnais.fr\/site\/2019\/01\/28\/venissieux-podiums-et-qualifs-pour-le-bkd-full-contact-au-championnat-regional-kick-light\/"},"author":{"name":"R\u00e9dac. NEWS","@id":"https:\/\/newsestlyonnais.fr\/site\/#\/schema\/person\/3230d5615f390bb808365d673001e887"},"headline":"VENISSIEUX | Podiums, qualifs pour le BKD Full Contact au championnat r\u00e9gional Kick-Light","datePublished":"2019-01-28T06:46:26+00:00","dateModified":"2020-11-06T14:04:34+00:00","mainEntityOfPage":{"@id":"https:\/\/newsestlyonnais.fr\/site\/2019\/01\/28\/venissieux-podiums-et-qualifs-pour-le-bkd-full-contact-au-championnat-regional-kick-light\/"},"wordCount":268,"commentCount":0,"publisher":{"@id":"https:\/\/newsestlyonnais.fr\/site\/#organization"},"image":{"@id":"https:\/\/newsestlyonnais.fr\/site\/2019\/01\/28\/venissieux-podiums-et-qualifs-pour-le-bkd-full-contact-au-championnat-regional-kick-light\/#primaryimage"},"thumbnailUrl":"https:\/\/newsestlyonnais.fr\/site\/wp-content\/uploads\/2019\/01\/NEWSESTLYONNAIS-Herv\u00e9-Fillon-2eme.jpg","keywords":["KICK BOXING","VENISSIEUX"],"articleSection":["Judo| Karat\u00e9| Taekwondo","Karat\u00e9","V\u00e9nissieux"],"inLanguage":"fr-FR","potentialAction":[{"@type":"CommentAction","name":"Comment","target":["https:\/\/newsestlyonnais.fr\/site\/2019\/01\/28\/venissieux-podiums-et-qualifs-pour-le-bkd-full-contact-au-championnat-regional-kick-light\/#respond"]}]},{"@type":"WebPage","@id":"https:\/\/newsestlyonnais.fr\/site\/2019\/01\/28\/venissieux-podiums-et-qualifs-pour-le-bkd-full-contact-au-championnat-regional-kick-light\/","url":"https:\/\/newsestlyonnais.fr\/site\/2019\/01\/28\/venissieux-podiums-et-qualifs-pour-le-bkd-full-contact-au-championnat-regional-kick-light\/","name":"VENISSIEUX | Podiums, qualifs pour le BKD Full Contact au championnat r\u00e9gional Kick-Light - News Est Lyonnais VENISSIEUX : Podiums et qualifs pour le BKD Full Contact au championnat r\u00e9gional Kick Light","isPartOf":{"@id":"https:\/\/newsestlyonnais.fr\/site\/#website"},"primaryImageOfPage":{"@id":"https:\/\/newsestlyonnais.fr\/site\/2019\/01\/28\/venissieux-podiums-et-qualifs-pour-le-bkd-full-contact-au-championnat-regional-kick-light\/#primaryimage"},"image":{"@id":"https:\/\/newsestlyonnais.fr\/site\/2019\/01\/28\/venissieux-podiums-et-qualifs-pour-le-bkd-full-contact-au-championnat-regional-kick-light\/#primaryimage"},"thumbnailUrl":"https:\/\/newsestlyonnais.fr\/site\/wp-content\/uploads\/2019\/01\/NEWSESTLYONNAIS-Herv\u00e9-Fillon-2eme.jpg","datePublished":"2019-01-28T06:46:26+00:00","dateModified":"2020-11-06T14:04:34+00:00","description":"VENISSIEUX : Podiums et qualifs pour le BKD Full Contact au championnat r\u00e9gional Kick Light","breadcrumb":{"@id":"https:\/\/newsestlyonnais.fr\/site\/2019\/01\/28\/venissieux-podiums-et-qualifs-pour-le-bkd-full-contact-au-championnat-regional-kick-light\/#breadcrumb"},"inLanguage":"fr-FR","potentialAction":[{"@type":"ReadAction","target":["https:\/\/newsestlyonnais.fr\/site\/2019\/01\/28\/venissieux-podiums-et-qualifs-pour-le-bkd-full-contact-au-championnat-regional-kick-light\/"]}]},{"@type":"ImageObject","inLanguage":"fr-FR","@id":"https:\/\/newsestlyonnais.fr\/site\/2019\/01\/28\/venissieux-podiums-et-qualifs-pour-le-bkd-full-contact-au-championnat-regional-kick-light\/#primaryimage","url":"https:\/\/newsestlyonnais.fr\/site\/wp-content\/uploads\/2019\/01\/NEWSESTLYONNAIS-Herv\u00e9-Fillon-2eme.jpg","contentUrl":"https:\/\/newsestlyonnais.fr\/site\/wp-content\/uploads\/2019\/01\/NEWSESTLYONNAIS-Herv\u00e9-Fillon-2eme.jpg","width":444,"height":592,"caption":"NEWSESTLYONNAIS Herv\u00e9 Fillon 2eme"},{"@type":"BreadcrumbList","@id":"https:\/\/newsestlyonnais.fr\/site\/2019\/01\/28\/venissieux-podiums-et-qualifs-pour-le-bkd-full-contact-au-championnat-regional-kick-light\/#breadcrumb","itemListElement":[{"@type":"ListItem","position":1,"name":"Accueil","item":"https:\/\/newsestlyonnais.fr\/site\/"},{"@type":"ListItem","position":2,"name":"VENISSIEUX | Podiums, qualifs pour le BKD Full Contact au championnat r\u00e9gional Kick-Light"}]},{"@type":"WebSite","@id":"https:\/\/newsestlyonnais.fr\/site\/#website","url":"https:\/\/newsestlyonnais.fr\/site\/","name":"News Est Lyonnais","description":"L&#039;actualit\u00e9 au plus pr\u00e8s","publisher":{"@id":"https:\/\/newsestlyonnais.fr\/site\/#organization"},"potentialAction":[{"@type":"SearchAction","target":{"@type":"EntryPoint","urlTemplate":"https:\/\/newsestlyonnais.fr\/site\/?s={search_term_string}"},"query-input":{"@type":"PropertyValueSpecification","valueRequired":true,"valueName":"search_term_string"}}],"inLanguage":"fr-FR"},{"@type":"Organization","@id":"https:\/\/newsestlyonnais.fr\/site\/#organization","name":"News EST LYONNAIS","url":"https:\/\/newsestlyonnais.fr\/site\/","logo":{"@type":"ImageObject","inLanguage":"fr-FR","@id":"https:\/\/newsestlyonnais.fr\/site\/#\/schema\/logo\/image\/","url":"","contentUrl":"","caption":"News EST LYONNAIS"},"image":{"@id":"https:\/\/newsestlyonnais.fr\/site\/#\/schema\/logo\/image\/"}},{"@type":"Person","@id":"https:\/\/newsestlyonnais.fr\/site\/#\/schema\/person\/3230d5615f390bb808365d673001e887","name":"R\u00e9dac. NEWS","sameAs":["http:\/\/www.newsestlyonnais.fr","https:\/\/www.facebook.com\/pascal.oberson.1?fref=ts","https:\/\/fr.linkedin.com\/in\/pascal-oberson-b17045113"],"url":"https:\/\/newsestlyonnais.fr\/site\/author\/nel\/"}]}},"_links":{"self":[{"href":"https:\/\/newsestlyonnais.fr\/site\/wp-json\/wp\/v2\/posts\/64863","targetHints":{"allow":["GET"]}}],"collection":[{"href":"https:\/\/newsestlyonnais.fr\/site\/wp-json\/wp\/v2\/posts"}],"about":[{"href":"https:\/\/newsestlyonnais.fr\/site\/wp-json\/wp\/v2\/types\/post"}],"author":[{"embeddable":true,"href":"https:\/\/newsestlyonnais.fr\/site\/wp-json\/wp\/v2\/users\/4"}],"replies":[{"embeddable":true,"href":"https:\/\/newsestlyonnais.fr\/site\/wp-json\/wp\/v2\/comments?post=64863"}],"version-history":[{"count":0,"href":"https:\/\/newsestlyonnais.fr\/site\/wp-json\/wp\/v2\/posts\/64863\/revisions"}],"wp:featuredmedia":[{"embeddable":true,"href":"https:\/\/newsestlyonnais.fr\/site\/wp-json\/wp\/v2\/media\/64874"}],"wp:attachment":[{"href":"https:\/\/newsestlyonnais.fr\/site\/wp-json\/wp\/v2\/media?parent=64863"}],"wp:term":[{"taxonomy":"category","embeddable":true,"href":"https:\/\/newsestlyonnais.fr\/site\/wp-json\/wp\/v2\/categories?post=64863"},{"taxonomy":"post_tag","embeddable":true,"href":"https:\/\/newsestlyonnais.fr\/site\/wp-json\/wp\/v2\/tags?post=64863"}],"curies":[{"name":"wp","href":"https:\/\/api.w.org\/{rel}","templated":true}]}}