{"id":65254,"date":"2019-01-31T13:59:28","date_gmt":"2019-01-31T12:59:28","guid":{"rendered":"http:\/\/newsestlyonnais.fr\/site\/?p=65254"},"modified":"2020-11-09T14:09:46","modified_gmt":"2020-11-09T13:09:46","slug":"genas-spectacle-tout-public-homocordus-une-histoire-de-la-musique","status":"publish","type":"post","link":"https:\/\/newsestlyonnais.fr\/site\/2019\/01\/31\/genas-spectacle-tout-public-homocordus-une-histoire-de-la-musique\/","title":{"rendered":"GENAS | Spectacle Tout Public \u00a0\u00bb Homocordus \u00ab\u00a0une histoire de la musique"},"content":{"rendered":"<h4>Du pal\u00e9olithique \u00e0 nos jours, la compagnie Zorozora propose un voyage musical \u00e0 la fois d\u00e9cal\u00e9 et instructif avec son spectacle \u00abHomocordus,une histoire de la musique\u00bb.<\/h4>\n<ul>\n<li>Vendredi 8 f\u00e9vrier 2019, \u00e0 20 h 30 \/Neutrino Th\u00e9\u00e2tre \/\u00c0 partir de 6 ans \/ Dur\u00e9e 1 h 15.<\/li>\n<li>Tarif B : Plein 15 \u20ac \/ R\u00e9duit 12 \u20ac \/ Enfant 5,5 \u20ac<\/li>\n<li>Renseignements &amp; r\u00e9servations : Guichet unique : 04 72 47 11 11<\/li>\n<\/ul>\n","protected":false},"excerpt":{"rendered":"<p>Du pal\u00e9olithique \u00e0 nos jours, la compagnie Zorozora propose un voyage musical \u00e0 la fois d\u00e9cal\u00e9 et instructif avec son spectacle \u00abHomocordus,une histoire de la musique\u00bb. Vendredi 8 f\u00e9vrier 2019, \u00e0 20 h 30 \/Neutrino Th\u00e9\u00e2tre \/\u00c0 partir de 6 ans \/ Dur\u00e9e 1 h 15. Tarif B : Plein 15 \u20ac \/ R\u00e9duit 12 [&hellip;]<\/p>\n","protected":false},"author":4,"featured_media":0,"comment_status":"open","ping_status":"open","sticky":false,"template":"","format":"standard","meta":{"footnotes":""},"categories":[270,1598,3006],"tags":[],"class_list":["post-65254","post","type-post","status-publish","format-standard","hentry","category-cte-de-communes-c-c-e-l","category-genas","category-musique-danse-humour"],"yoast_head":"<!-- This site is optimized with the Yoast SEO plugin v27.2 - https:\/\/yoast.com\/product\/yoast-seo-wordpress\/ -->\n<title>GENAS | Spectacle Tout Public &quot; Homocordus &quot;une histoire de la musique - News Est Lyonnais genas-spectacle-tout-public-homocordus-une-histoire-de-la-musique<\/title>\n<meta name=\"description\" content=\"genas-spectacle-tout-public-homocordus-une-histoire-de-la-musique\" \/>\n<meta name=\"robots\" content=\"index, follow, max-snippet:-1, max-image-preview:large, max-video-preview:-1\" \/>\n<link rel=\"canonical\" href=\"https:\/\/newsestlyonnais.fr\/site\/2019\/01\/31\/genas-spectacle-tout-public-homocordus-une-histoire-de-la-musique\/\" \/>\n<meta property=\"og:locale\" content=\"fr_FR\" \/>\n<meta property=\"og:type\" content=\"article\" \/>\n<meta property=\"og:title\" content=\"GENAS | Spectacle Tout Public &quot; Homocordus &quot;une histoire de la musique - News Est Lyonnais genas-spectacle-tout-public-homocordus-une-histoire-de-la-musique\" \/>\n<meta property=\"og:description\" content=\"genas-spectacle-tout-public-homocordus-une-histoire-de-la-musique\" \/>\n<meta property=\"og:url\" content=\"https:\/\/newsestlyonnais.fr\/site\/2019\/01\/31\/genas-spectacle-tout-public-homocordus-une-histoire-de-la-musique\/\" \/>\n<meta property=\"og:site_name\" content=\"News Est Lyonnais\" \/>\n<meta property=\"article:author\" content=\"https:\/\/www.facebook.com\/pascal.oberson.1?fref=ts\" \/>\n<meta property=\"article:published_time\" content=\"2019-01-31T12:59:28+00:00\" \/>\n<meta property=\"article:modified_time\" content=\"2020-11-09T13:09:46+00:00\" \/>\n<meta name=\"author\" content=\"R\u00e9dac. NEWS\" \/>\n<meta name=\"twitter:card\" content=\"summary_large_image\" \/>\n<meta name=\"twitter:label1\" content=\"\u00c9crit par\" \/>\n\t<meta name=\"twitter:data1\" content=\"R\u00e9dac. NEWS\" \/>\n<script type=\"application\/ld+json\" class=\"yoast-schema-graph\">{\"@context\":\"https:\/\/schema.org\",\"@graph\":[{\"@type\":\"Article\",\"@id\":\"https:\/\/newsestlyonnais.fr\/site\/2019\/01\/31\/genas-spectacle-tout-public-homocordus-une-histoire-de-la-musique\/#article\",\"isPartOf\":{\"@id\":\"https:\/\/newsestlyonnais.fr\/site\/2019\/01\/31\/genas-spectacle-tout-public-homocordus-une-histoire-de-la-musique\/\"},\"author\":{\"name\":\"R\u00e9dac. NEWS\",\"@id\":\"https:\/\/newsestlyonnais.fr\/site\/#\/schema\/person\/3230d5615f390bb808365d673001e887\"},\"headline\":\"GENAS | Spectacle Tout Public \u00a0\u00bb Homocordus \u00ab\u00a0une histoire de la musique\",\"datePublished\":\"2019-01-31T12:59:28+00:00\",\"dateModified\":\"2020-11-09T13:09:46+00:00\",\"mainEntityOfPage\":{\"@id\":\"https:\/\/newsestlyonnais.fr\/site\/2019\/01\/31\/genas-spectacle-tout-public-homocordus-une-histoire-de-la-musique\/\"},\"wordCount\":62,\"commentCount\":0,\"publisher\":{\"@id\":\"https:\/\/newsestlyonnais.fr\/site\/#organization\"},\"articleSection\":[\"CCEL | Communes\",\"Genas\",\"Musique | Danse | Humour\"],\"inLanguage\":\"fr-FR\",\"potentialAction\":[{\"@type\":\"CommentAction\",\"name\":\"Comment\",\"target\":[\"https:\/\/newsestlyonnais.fr\/site\/2019\/01\/31\/genas-spectacle-tout-public-homocordus-une-histoire-de-la-musique\/#respond\"]}]},{\"@type\":\"WebPage\",\"@id\":\"https:\/\/newsestlyonnais.fr\/site\/2019\/01\/31\/genas-spectacle-tout-public-homocordus-une-histoire-de-la-musique\/\",\"url\":\"https:\/\/newsestlyonnais.fr\/site\/2019\/01\/31\/genas-spectacle-tout-public-homocordus-une-histoire-de-la-musique\/\",\"name\":\"GENAS | Spectacle Tout Public \\\" Homocordus \\\"une histoire de la musique - News Est Lyonnais genas-spectacle-tout-public-homocordus-une-histoire-de-la-musique\",\"isPartOf\":{\"@id\":\"https:\/\/newsestlyonnais.fr\/site\/#website\"},\"datePublished\":\"2019-01-31T12:59:28+00:00\",\"dateModified\":\"2020-11-09T13:09:46+00:00\",\"description\":\"genas-spectacle-tout-public-homocordus-une-histoire-de-la-musique\",\"breadcrumb\":{\"@id\":\"https:\/\/newsestlyonnais.fr\/site\/2019\/01\/31\/genas-spectacle-tout-public-homocordus-une-histoire-de-la-musique\/#breadcrumb\"},\"inLanguage\":\"fr-FR\",\"potentialAction\":[{\"@type\":\"ReadAction\",\"target\":[\"https:\/\/newsestlyonnais.fr\/site\/2019\/01\/31\/genas-spectacle-tout-public-homocordus-une-histoire-de-la-musique\/\"]}]},{\"@type\":\"BreadcrumbList\",\"@id\":\"https:\/\/newsestlyonnais.fr\/site\/2019\/01\/31\/genas-spectacle-tout-public-homocordus-une-histoire-de-la-musique\/#breadcrumb\",\"itemListElement\":[{\"@type\":\"ListItem\",\"position\":1,\"name\":\"Accueil\",\"item\":\"https:\/\/newsestlyonnais.fr\/site\/\"},{\"@type\":\"ListItem\",\"position\":2,\"name\":\"GENAS | Spectacle Tout Public \u00a0\u00bb Homocordus \u00ab\u00a0une histoire de la musique\"}]},{\"@type\":\"WebSite\",\"@id\":\"https:\/\/newsestlyonnais.fr\/site\/#website\",\"url\":\"https:\/\/newsestlyonnais.fr\/site\/\",\"name\":\"News Est Lyonnais\",\"description\":\"L&#039;actualit\u00e9 au plus pr\u00e8s\",\"publisher\":{\"@id\":\"https:\/\/newsestlyonnais.fr\/site\/#organization\"},\"potentialAction\":[{\"@type\":\"SearchAction\",\"target\":{\"@type\":\"EntryPoint\",\"urlTemplate\":\"https:\/\/newsestlyonnais.fr\/site\/?s={search_term_string}\"},\"query-input\":{\"@type\":\"PropertyValueSpecification\",\"valueRequired\":true,\"valueName\":\"search_term_string\"}}],\"inLanguage\":\"fr-FR\"},{\"@type\":\"Organization\",\"@id\":\"https:\/\/newsestlyonnais.fr\/site\/#organization\",\"name\":\"News EST LYONNAIS\",\"url\":\"https:\/\/newsestlyonnais.fr\/site\/\",\"logo\":{\"@type\":\"ImageObject\",\"inLanguage\":\"fr-FR\",\"@id\":\"https:\/\/newsestlyonnais.fr\/site\/#\/schema\/logo\/image\/\",\"url\":\"\",\"contentUrl\":\"\",\"caption\":\"News EST LYONNAIS\"},\"image\":{\"@id\":\"https:\/\/newsestlyonnais.fr\/site\/#\/schema\/logo\/image\/\"}},{\"@type\":\"Person\",\"@id\":\"https:\/\/newsestlyonnais.fr\/site\/#\/schema\/person\/3230d5615f390bb808365d673001e887\",\"name\":\"R\u00e9dac. NEWS\",\"sameAs\":[\"http:\/\/www.newsestlyonnais.fr\",\"https:\/\/www.facebook.com\/pascal.oberson.1?fref=ts\",\"https:\/\/fr.linkedin.com\/in\/pascal-oberson-b17045113\"],\"url\":\"https:\/\/newsestlyonnais.fr\/site\/author\/nel\/\"}]}<\/script>\n<!-- \/ Yoast SEO plugin. -->","yoast_head_json":{"title":"GENAS | Spectacle Tout Public \" Homocordus \"une histoire de la musique - News Est Lyonnais genas-spectacle-tout-public-homocordus-une-histoire-de-la-musique","description":"genas-spectacle-tout-public-homocordus-une-histoire-de-la-musique","robots":{"index":"index","follow":"follow","max-snippet":"max-snippet:-1","max-image-preview":"max-image-preview:large","max-video-preview":"max-video-preview:-1"},"canonical":"https:\/\/newsestlyonnais.fr\/site\/2019\/01\/31\/genas-spectacle-tout-public-homocordus-une-histoire-de-la-musique\/","og_locale":"fr_FR","og_type":"article","og_title":"GENAS | Spectacle Tout Public \" Homocordus \"une histoire de la musique - News Est Lyonnais genas-spectacle-tout-public-homocordus-une-histoire-de-la-musique","og_description":"genas-spectacle-tout-public-homocordus-une-histoire-de-la-musique","og_url":"https:\/\/newsestlyonnais.fr\/site\/2019\/01\/31\/genas-spectacle-tout-public-homocordus-une-histoire-de-la-musique\/","og_site_name":"News Est Lyonnais","article_author":"https:\/\/www.facebook.com\/pascal.oberson.1?fref=ts","article_published_time":"2019-01-31T12:59:28+00:00","article_modified_time":"2020-11-09T13:09:46+00:00","author":"R\u00e9dac. NEWS","twitter_card":"summary_large_image","twitter_misc":{"\u00c9crit par":"R\u00e9dac. NEWS"},"schema":{"@context":"https:\/\/schema.org","@graph":[{"@type":"Article","@id":"https:\/\/newsestlyonnais.fr\/site\/2019\/01\/31\/genas-spectacle-tout-public-homocordus-une-histoire-de-la-musique\/#article","isPartOf":{"@id":"https:\/\/newsestlyonnais.fr\/site\/2019\/01\/31\/genas-spectacle-tout-public-homocordus-une-histoire-de-la-musique\/"},"author":{"name":"R\u00e9dac. NEWS","@id":"https:\/\/newsestlyonnais.fr\/site\/#\/schema\/person\/3230d5615f390bb808365d673001e887"},"headline":"GENAS | Spectacle Tout Public \u00a0\u00bb Homocordus \u00ab\u00a0une histoire de la musique","datePublished":"2019-01-31T12:59:28+00:00","dateModified":"2020-11-09T13:09:46+00:00","mainEntityOfPage":{"@id":"https:\/\/newsestlyonnais.fr\/site\/2019\/01\/31\/genas-spectacle-tout-public-homocordus-une-histoire-de-la-musique\/"},"wordCount":62,"commentCount":0,"publisher":{"@id":"https:\/\/newsestlyonnais.fr\/site\/#organization"},"articleSection":["CCEL | Communes","Genas","Musique | Danse | Humour"],"inLanguage":"fr-FR","potentialAction":[{"@type":"CommentAction","name":"Comment","target":["https:\/\/newsestlyonnais.fr\/site\/2019\/01\/31\/genas-spectacle-tout-public-homocordus-une-histoire-de-la-musique\/#respond"]}]},{"@type":"WebPage","@id":"https:\/\/newsestlyonnais.fr\/site\/2019\/01\/31\/genas-spectacle-tout-public-homocordus-une-histoire-de-la-musique\/","url":"https:\/\/newsestlyonnais.fr\/site\/2019\/01\/31\/genas-spectacle-tout-public-homocordus-une-histoire-de-la-musique\/","name":"GENAS | Spectacle Tout Public \" Homocordus \"une histoire de la musique - News Est Lyonnais genas-spectacle-tout-public-homocordus-une-histoire-de-la-musique","isPartOf":{"@id":"https:\/\/newsestlyonnais.fr\/site\/#website"},"datePublished":"2019-01-31T12:59:28+00:00","dateModified":"2020-11-09T13:09:46+00:00","description":"genas-spectacle-tout-public-homocordus-une-histoire-de-la-musique","breadcrumb":{"@id":"https:\/\/newsestlyonnais.fr\/site\/2019\/01\/31\/genas-spectacle-tout-public-homocordus-une-histoire-de-la-musique\/#breadcrumb"},"inLanguage":"fr-FR","potentialAction":[{"@type":"ReadAction","target":["https:\/\/newsestlyonnais.fr\/site\/2019\/01\/31\/genas-spectacle-tout-public-homocordus-une-histoire-de-la-musique\/"]}]},{"@type":"BreadcrumbList","@id":"https:\/\/newsestlyonnais.fr\/site\/2019\/01\/31\/genas-spectacle-tout-public-homocordus-une-histoire-de-la-musique\/#breadcrumb","itemListElement":[{"@type":"ListItem","position":1,"name":"Accueil","item":"https:\/\/newsestlyonnais.fr\/site\/"},{"@type":"ListItem","position":2,"name":"GENAS | Spectacle Tout Public \u00a0\u00bb Homocordus \u00ab\u00a0une histoire de la musique"}]},{"@type":"WebSite","@id":"https:\/\/newsestlyonnais.fr\/site\/#website","url":"https:\/\/newsestlyonnais.fr\/site\/","name":"News Est Lyonnais","description":"L&#039;actualit\u00e9 au plus pr\u00e8s","publisher":{"@id":"https:\/\/newsestlyonnais.fr\/site\/#organization"},"potentialAction":[{"@type":"SearchAction","target":{"@type":"EntryPoint","urlTemplate":"https:\/\/newsestlyonnais.fr\/site\/?s={search_term_string}"},"query-input":{"@type":"PropertyValueSpecification","valueRequired":true,"valueName":"search_term_string"}}],"inLanguage":"fr-FR"},{"@type":"Organization","@id":"https:\/\/newsestlyonnais.fr\/site\/#organization","name":"News EST LYONNAIS","url":"https:\/\/newsestlyonnais.fr\/site\/","logo":{"@type":"ImageObject","inLanguage":"fr-FR","@id":"https:\/\/newsestlyonnais.fr\/site\/#\/schema\/logo\/image\/","url":"","contentUrl":"","caption":"News EST LYONNAIS"},"image":{"@id":"https:\/\/newsestlyonnais.fr\/site\/#\/schema\/logo\/image\/"}},{"@type":"Person","@id":"https:\/\/newsestlyonnais.fr\/site\/#\/schema\/person\/3230d5615f390bb808365d673001e887","name":"R\u00e9dac. NEWS","sameAs":["http:\/\/www.newsestlyonnais.fr","https:\/\/www.facebook.com\/pascal.oberson.1?fref=ts","https:\/\/fr.linkedin.com\/in\/pascal-oberson-b17045113"],"url":"https:\/\/newsestlyonnais.fr\/site\/author\/nel\/"}]}},"_links":{"self":[{"href":"https:\/\/newsestlyonnais.fr\/site\/wp-json\/wp\/v2\/posts\/65254","targetHints":{"allow":["GET"]}}],"collection":[{"href":"https:\/\/newsestlyonnais.fr\/site\/wp-json\/wp\/v2\/posts"}],"about":[{"href":"https:\/\/newsestlyonnais.fr\/site\/wp-json\/wp\/v2\/types\/post"}],"author":[{"embeddable":true,"href":"https:\/\/newsestlyonnais.fr\/site\/wp-json\/wp\/v2\/users\/4"}],"replies":[{"embeddable":true,"href":"https:\/\/newsestlyonnais.fr\/site\/wp-json\/wp\/v2\/comments?post=65254"}],"version-history":[{"count":0,"href":"https:\/\/newsestlyonnais.fr\/site\/wp-json\/wp\/v2\/posts\/65254\/revisions"}],"wp:attachment":[{"href":"https:\/\/newsestlyonnais.fr\/site\/wp-json\/wp\/v2\/media?parent=65254"}],"wp:term":[{"taxonomy":"category","embeddable":true,"href":"https:\/\/newsestlyonnais.fr\/site\/wp-json\/wp\/v2\/categories?post=65254"},{"taxonomy":"post_tag","embeddable":true,"href":"https:\/\/newsestlyonnais.fr\/site\/wp-json\/wp\/v2\/tags?post=65254"}],"curies":[{"name":"wp","href":"https:\/\/api.w.org\/{rel}","templated":true}]}}