{"id":65342,"date":"2019-02-01T08:05:20","date_gmt":"2019-02-01T07:05:20","guid":{"rendered":"http:\/\/newsestlyonnais.fr\/site\/?p=65342"},"modified":"2020-11-11T14:15:56","modified_gmt":"2020-11-11T13:15:56","slug":"decines-la-tete-de-riviere-daviron-aura-lieu-le-dimanche-3-mars-2019","status":"publish","type":"post","link":"https:\/\/newsestlyonnais.fr\/site\/2019\/02\/01\/decines-la-tete-de-riviere-daviron-aura-lieu-le-dimanche-3-mars-2019\/","title":{"rendered":"DECINES | T\u00eate de rivi\u00e8re d&rsquo;aviron fix\u00e9e au 3 mars 2019"},"content":{"rendered":"<h4>La comp\u00e9tition initialement pr\u00e9vue le dimanche 27 janvier dernier et annul\u00e9e pour cause de conditions climatiques tr\u00e8s d\u00e9favorables, se d\u00e9roulera finalement le dimanche 3 mars 2019 \u00e0 partir de 8 heures.<\/h4>\n<ul>\n<li>Plus d&rsquo;infos sur : <a href=\"http:\/\/www.avirondecinois.fr\" target=\"_blank\" rel=\"noopener noreferrer\">http:\/\/www.avirondecinois.fr<\/a><\/li>\n<\/ul>\n","protected":false},"excerpt":{"rendered":"<p>La comp\u00e9tition initialement pr\u00e9vue le dimanche 27 janvier dernier et annul\u00e9e pour cause de conditions climatiques tr\u00e8s d\u00e9favorables, se d\u00e9roulera finalement le dimanche 3 mars 2019 \u00e0 partir de 8 heures. Plus d&rsquo;infos sur : http:\/\/www.avirondecinois.fr<\/p>\n","protected":false},"author":4,"featured_media":0,"comment_status":"open","ping_status":"open","sticky":false,"template":"","format":"standard","meta":{"footnotes":""},"categories":[1347,2973,21],"tags":[],"class_list":["post-65342","post","type-post","status-publish","format-standard","hentry","category-aviron","category-aviron-kayak-voile-sports","category-decines-charpieu"],"yoast_head":"<!-- This site is optimized with the Yoast SEO plugin v27.2 - https:\/\/yoast.com\/product\/yoast-seo-wordpress\/ -->\n<title>DECINES | T\u00eate de rivi\u00e8re d&#039;aviron fix\u00e9e au 3 mars 2019 - News Est Lyonnais decines-la-tete-de-riviere-daviron-aura-lieu-le-dimanche-3-mars-2019<\/title>\n<meta name=\"description\" content=\"decines-la-tete-de-riviere-daviron-aura-lieu-le-dimanche-3-mars-2019\" \/>\n<meta name=\"robots\" content=\"index, follow, max-snippet:-1, max-image-preview:large, max-video-preview:-1\" \/>\n<link rel=\"canonical\" href=\"https:\/\/newsestlyonnais.fr\/site\/2019\/02\/01\/decines-la-tete-de-riviere-daviron-aura-lieu-le-dimanche-3-mars-2019\/\" \/>\n<meta property=\"og:locale\" content=\"fr_FR\" \/>\n<meta property=\"og:type\" content=\"article\" \/>\n<meta property=\"og:title\" content=\"DECINES | T\u00eate de rivi\u00e8re d&#039;aviron fix\u00e9e au 3 mars 2019 - News Est Lyonnais decines-la-tete-de-riviere-daviron-aura-lieu-le-dimanche-3-mars-2019\" \/>\n<meta property=\"og:description\" content=\"decines-la-tete-de-riviere-daviron-aura-lieu-le-dimanche-3-mars-2019\" \/>\n<meta property=\"og:url\" content=\"https:\/\/newsestlyonnais.fr\/site\/2019\/02\/01\/decines-la-tete-de-riviere-daviron-aura-lieu-le-dimanche-3-mars-2019\/\" \/>\n<meta property=\"og:site_name\" content=\"News Est Lyonnais\" \/>\n<meta property=\"article:author\" content=\"https:\/\/www.facebook.com\/pascal.oberson.1?fref=ts\" \/>\n<meta property=\"article:published_time\" content=\"2019-02-01T07:05:20+00:00\" \/>\n<meta property=\"article:modified_time\" content=\"2020-11-11T13:15:56+00:00\" \/>\n<meta name=\"author\" content=\"R\u00e9dac. NEWS\" \/>\n<meta name=\"twitter:card\" content=\"summary_large_image\" \/>\n<meta name=\"twitter:label1\" content=\"\u00c9crit par\" \/>\n\t<meta name=\"twitter:data1\" content=\"R\u00e9dac. NEWS\" \/>\n<script type=\"application\/ld+json\" class=\"yoast-schema-graph\">{\"@context\":\"https:\/\/schema.org\",\"@graph\":[{\"@type\":\"Article\",\"@id\":\"https:\/\/newsestlyonnais.fr\/site\/2019\/02\/01\/decines-la-tete-de-riviere-daviron-aura-lieu-le-dimanche-3-mars-2019\/#article\",\"isPartOf\":{\"@id\":\"https:\/\/newsestlyonnais.fr\/site\/2019\/02\/01\/decines-la-tete-de-riviere-daviron-aura-lieu-le-dimanche-3-mars-2019\/\"},\"author\":{\"name\":\"R\u00e9dac. NEWS\",\"@id\":\"https:\/\/newsestlyonnais.fr\/site\/#\/schema\/person\/3230d5615f390bb808365d673001e887\"},\"headline\":\"DECINES | T\u00eate de rivi\u00e8re d&rsquo;aviron fix\u00e9e au 3 mars 2019\",\"datePublished\":\"2019-02-01T07:05:20+00:00\",\"dateModified\":\"2020-11-11T13:15:56+00:00\",\"mainEntityOfPage\":{\"@id\":\"https:\/\/newsestlyonnais.fr\/site\/2019\/02\/01\/decines-la-tete-de-riviere-daviron-aura-lieu-le-dimanche-3-mars-2019\/\"},\"wordCount\":52,\"commentCount\":0,\"publisher\":{\"@id\":\"https:\/\/newsestlyonnais.fr\/site\/#organization\"},\"articleSection\":[\"Aviron\",\"Aviron | Kayak | Voile\",\"D\u00e9cines-Charpieu\"],\"inLanguage\":\"fr-FR\",\"potentialAction\":[{\"@type\":\"CommentAction\",\"name\":\"Comment\",\"target\":[\"https:\/\/newsestlyonnais.fr\/site\/2019\/02\/01\/decines-la-tete-de-riviere-daviron-aura-lieu-le-dimanche-3-mars-2019\/#respond\"]}]},{\"@type\":\"WebPage\",\"@id\":\"https:\/\/newsestlyonnais.fr\/site\/2019\/02\/01\/decines-la-tete-de-riviere-daviron-aura-lieu-le-dimanche-3-mars-2019\/\",\"url\":\"https:\/\/newsestlyonnais.fr\/site\/2019\/02\/01\/decines-la-tete-de-riviere-daviron-aura-lieu-le-dimanche-3-mars-2019\/\",\"name\":\"DECINES | T\u00eate de rivi\u00e8re d'aviron fix\u00e9e au 3 mars 2019 - News Est Lyonnais decines-la-tete-de-riviere-daviron-aura-lieu-le-dimanche-3-mars-2019\",\"isPartOf\":{\"@id\":\"https:\/\/newsestlyonnais.fr\/site\/#website\"},\"datePublished\":\"2019-02-01T07:05:20+00:00\",\"dateModified\":\"2020-11-11T13:15:56+00:00\",\"description\":\"decines-la-tete-de-riviere-daviron-aura-lieu-le-dimanche-3-mars-2019\",\"breadcrumb\":{\"@id\":\"https:\/\/newsestlyonnais.fr\/site\/2019\/02\/01\/decines-la-tete-de-riviere-daviron-aura-lieu-le-dimanche-3-mars-2019\/#breadcrumb\"},\"inLanguage\":\"fr-FR\",\"potentialAction\":[{\"@type\":\"ReadAction\",\"target\":[\"https:\/\/newsestlyonnais.fr\/site\/2019\/02\/01\/decines-la-tete-de-riviere-daviron-aura-lieu-le-dimanche-3-mars-2019\/\"]}]},{\"@type\":\"BreadcrumbList\",\"@id\":\"https:\/\/newsestlyonnais.fr\/site\/2019\/02\/01\/decines-la-tete-de-riviere-daviron-aura-lieu-le-dimanche-3-mars-2019\/#breadcrumb\",\"itemListElement\":[{\"@type\":\"ListItem\",\"position\":1,\"name\":\"Accueil\",\"item\":\"https:\/\/newsestlyonnais.fr\/site\/\"},{\"@type\":\"ListItem\",\"position\":2,\"name\":\"DECINES | T\u00eate de rivi\u00e8re d&rsquo;aviron fix\u00e9e au 3 mars 2019\"}]},{\"@type\":\"WebSite\",\"@id\":\"https:\/\/newsestlyonnais.fr\/site\/#website\",\"url\":\"https:\/\/newsestlyonnais.fr\/site\/\",\"name\":\"News Est Lyonnais\",\"description\":\"L&#039;actualit\u00e9 au plus pr\u00e8s\",\"publisher\":{\"@id\":\"https:\/\/newsestlyonnais.fr\/site\/#organization\"},\"potentialAction\":[{\"@type\":\"SearchAction\",\"target\":{\"@type\":\"EntryPoint\",\"urlTemplate\":\"https:\/\/newsestlyonnais.fr\/site\/?s={search_term_string}\"},\"query-input\":{\"@type\":\"PropertyValueSpecification\",\"valueRequired\":true,\"valueName\":\"search_term_string\"}}],\"inLanguage\":\"fr-FR\"},{\"@type\":\"Organization\",\"@id\":\"https:\/\/newsestlyonnais.fr\/site\/#organization\",\"name\":\"News EST LYONNAIS\",\"url\":\"https:\/\/newsestlyonnais.fr\/site\/\",\"logo\":{\"@type\":\"ImageObject\",\"inLanguage\":\"fr-FR\",\"@id\":\"https:\/\/newsestlyonnais.fr\/site\/#\/schema\/logo\/image\/\",\"url\":\"\",\"contentUrl\":\"\",\"caption\":\"News EST LYONNAIS\"},\"image\":{\"@id\":\"https:\/\/newsestlyonnais.fr\/site\/#\/schema\/logo\/image\/\"}},{\"@type\":\"Person\",\"@id\":\"https:\/\/newsestlyonnais.fr\/site\/#\/schema\/person\/3230d5615f390bb808365d673001e887\",\"name\":\"R\u00e9dac. NEWS\",\"sameAs\":[\"http:\/\/www.newsestlyonnais.fr\",\"https:\/\/www.facebook.com\/pascal.oberson.1?fref=ts\",\"https:\/\/fr.linkedin.com\/in\/pascal-oberson-b17045113\"],\"url\":\"https:\/\/newsestlyonnais.fr\/site\/author\/nel\/\"}]}<\/script>\n<!-- \/ Yoast SEO plugin. -->","yoast_head_json":{"title":"DECINES | T\u00eate de rivi\u00e8re d'aviron fix\u00e9e au 3 mars 2019 - News Est Lyonnais decines-la-tete-de-riviere-daviron-aura-lieu-le-dimanche-3-mars-2019","description":"decines-la-tete-de-riviere-daviron-aura-lieu-le-dimanche-3-mars-2019","robots":{"index":"index","follow":"follow","max-snippet":"max-snippet:-1","max-image-preview":"max-image-preview:large","max-video-preview":"max-video-preview:-1"},"canonical":"https:\/\/newsestlyonnais.fr\/site\/2019\/02\/01\/decines-la-tete-de-riviere-daviron-aura-lieu-le-dimanche-3-mars-2019\/","og_locale":"fr_FR","og_type":"article","og_title":"DECINES | T\u00eate de rivi\u00e8re d'aviron fix\u00e9e au 3 mars 2019 - News Est Lyonnais decines-la-tete-de-riviere-daviron-aura-lieu-le-dimanche-3-mars-2019","og_description":"decines-la-tete-de-riviere-daviron-aura-lieu-le-dimanche-3-mars-2019","og_url":"https:\/\/newsestlyonnais.fr\/site\/2019\/02\/01\/decines-la-tete-de-riviere-daviron-aura-lieu-le-dimanche-3-mars-2019\/","og_site_name":"News Est Lyonnais","article_author":"https:\/\/www.facebook.com\/pascal.oberson.1?fref=ts","article_published_time":"2019-02-01T07:05:20+00:00","article_modified_time":"2020-11-11T13:15:56+00:00","author":"R\u00e9dac. NEWS","twitter_card":"summary_large_image","twitter_misc":{"\u00c9crit par":"R\u00e9dac. NEWS"},"schema":{"@context":"https:\/\/schema.org","@graph":[{"@type":"Article","@id":"https:\/\/newsestlyonnais.fr\/site\/2019\/02\/01\/decines-la-tete-de-riviere-daviron-aura-lieu-le-dimanche-3-mars-2019\/#article","isPartOf":{"@id":"https:\/\/newsestlyonnais.fr\/site\/2019\/02\/01\/decines-la-tete-de-riviere-daviron-aura-lieu-le-dimanche-3-mars-2019\/"},"author":{"name":"R\u00e9dac. NEWS","@id":"https:\/\/newsestlyonnais.fr\/site\/#\/schema\/person\/3230d5615f390bb808365d673001e887"},"headline":"DECINES | T\u00eate de rivi\u00e8re d&rsquo;aviron fix\u00e9e au 3 mars 2019","datePublished":"2019-02-01T07:05:20+00:00","dateModified":"2020-11-11T13:15:56+00:00","mainEntityOfPage":{"@id":"https:\/\/newsestlyonnais.fr\/site\/2019\/02\/01\/decines-la-tete-de-riviere-daviron-aura-lieu-le-dimanche-3-mars-2019\/"},"wordCount":52,"commentCount":0,"publisher":{"@id":"https:\/\/newsestlyonnais.fr\/site\/#organization"},"articleSection":["Aviron","Aviron | Kayak | Voile","D\u00e9cines-Charpieu"],"inLanguage":"fr-FR","potentialAction":[{"@type":"CommentAction","name":"Comment","target":["https:\/\/newsestlyonnais.fr\/site\/2019\/02\/01\/decines-la-tete-de-riviere-daviron-aura-lieu-le-dimanche-3-mars-2019\/#respond"]}]},{"@type":"WebPage","@id":"https:\/\/newsestlyonnais.fr\/site\/2019\/02\/01\/decines-la-tete-de-riviere-daviron-aura-lieu-le-dimanche-3-mars-2019\/","url":"https:\/\/newsestlyonnais.fr\/site\/2019\/02\/01\/decines-la-tete-de-riviere-daviron-aura-lieu-le-dimanche-3-mars-2019\/","name":"DECINES | T\u00eate de rivi\u00e8re d'aviron fix\u00e9e au 3 mars 2019 - News Est Lyonnais decines-la-tete-de-riviere-daviron-aura-lieu-le-dimanche-3-mars-2019","isPartOf":{"@id":"https:\/\/newsestlyonnais.fr\/site\/#website"},"datePublished":"2019-02-01T07:05:20+00:00","dateModified":"2020-11-11T13:15:56+00:00","description":"decines-la-tete-de-riviere-daviron-aura-lieu-le-dimanche-3-mars-2019","breadcrumb":{"@id":"https:\/\/newsestlyonnais.fr\/site\/2019\/02\/01\/decines-la-tete-de-riviere-daviron-aura-lieu-le-dimanche-3-mars-2019\/#breadcrumb"},"inLanguage":"fr-FR","potentialAction":[{"@type":"ReadAction","target":["https:\/\/newsestlyonnais.fr\/site\/2019\/02\/01\/decines-la-tete-de-riviere-daviron-aura-lieu-le-dimanche-3-mars-2019\/"]}]},{"@type":"BreadcrumbList","@id":"https:\/\/newsestlyonnais.fr\/site\/2019\/02\/01\/decines-la-tete-de-riviere-daviron-aura-lieu-le-dimanche-3-mars-2019\/#breadcrumb","itemListElement":[{"@type":"ListItem","position":1,"name":"Accueil","item":"https:\/\/newsestlyonnais.fr\/site\/"},{"@type":"ListItem","position":2,"name":"DECINES | T\u00eate de rivi\u00e8re d&rsquo;aviron fix\u00e9e au 3 mars 2019"}]},{"@type":"WebSite","@id":"https:\/\/newsestlyonnais.fr\/site\/#website","url":"https:\/\/newsestlyonnais.fr\/site\/","name":"News Est Lyonnais","description":"L&#039;actualit\u00e9 au plus pr\u00e8s","publisher":{"@id":"https:\/\/newsestlyonnais.fr\/site\/#organization"},"potentialAction":[{"@type":"SearchAction","target":{"@type":"EntryPoint","urlTemplate":"https:\/\/newsestlyonnais.fr\/site\/?s={search_term_string}"},"query-input":{"@type":"PropertyValueSpecification","valueRequired":true,"valueName":"search_term_string"}}],"inLanguage":"fr-FR"},{"@type":"Organization","@id":"https:\/\/newsestlyonnais.fr\/site\/#organization","name":"News EST LYONNAIS","url":"https:\/\/newsestlyonnais.fr\/site\/","logo":{"@type":"ImageObject","inLanguage":"fr-FR","@id":"https:\/\/newsestlyonnais.fr\/site\/#\/schema\/logo\/image\/","url":"","contentUrl":"","caption":"News EST LYONNAIS"},"image":{"@id":"https:\/\/newsestlyonnais.fr\/site\/#\/schema\/logo\/image\/"}},{"@type":"Person","@id":"https:\/\/newsestlyonnais.fr\/site\/#\/schema\/person\/3230d5615f390bb808365d673001e887","name":"R\u00e9dac. NEWS","sameAs":["http:\/\/www.newsestlyonnais.fr","https:\/\/www.facebook.com\/pascal.oberson.1?fref=ts","https:\/\/fr.linkedin.com\/in\/pascal-oberson-b17045113"],"url":"https:\/\/newsestlyonnais.fr\/site\/author\/nel\/"}]}},"_links":{"self":[{"href":"https:\/\/newsestlyonnais.fr\/site\/wp-json\/wp\/v2\/posts\/65342","targetHints":{"allow":["GET"]}}],"collection":[{"href":"https:\/\/newsestlyonnais.fr\/site\/wp-json\/wp\/v2\/posts"}],"about":[{"href":"https:\/\/newsestlyonnais.fr\/site\/wp-json\/wp\/v2\/types\/post"}],"author":[{"embeddable":true,"href":"https:\/\/newsestlyonnais.fr\/site\/wp-json\/wp\/v2\/users\/4"}],"replies":[{"embeddable":true,"href":"https:\/\/newsestlyonnais.fr\/site\/wp-json\/wp\/v2\/comments?post=65342"}],"version-history":[{"count":0,"href":"https:\/\/newsestlyonnais.fr\/site\/wp-json\/wp\/v2\/posts\/65342\/revisions"}],"wp:attachment":[{"href":"https:\/\/newsestlyonnais.fr\/site\/wp-json\/wp\/v2\/media?parent=65342"}],"wp:term":[{"taxonomy":"category","embeddable":true,"href":"https:\/\/newsestlyonnais.fr\/site\/wp-json\/wp\/v2\/categories?post=65342"},{"taxonomy":"post_tag","embeddable":true,"href":"https:\/\/newsestlyonnais.fr\/site\/wp-json\/wp\/v2\/tags?post=65342"}],"curies":[{"name":"wp","href":"https:\/\/api.w.org\/{rel}","templated":true}]}}