{"id":65372,"date":"2019-02-01T11:48:04","date_gmt":"2019-02-01T10:48:04","guid":{"rendered":"http:\/\/newsestlyonnais.fr\/site\/?p=65372"},"modified":"2020-11-09T14:10:14","modified_gmt":"2020-11-09T13:10:14","slug":"lyon-grand-concert-du-8-a-la-maison-de-la-danse","status":"publish","type":"post","link":"https:\/\/newsestlyonnais.fr\/site\/2019\/02\/01\/lyon-grand-concert-du-8-a-la-maison-de-la-danse\/","title":{"rendered":"LYON | Grand concert du 8\u00b0 \u00e0 la Maison de la Danse"},"content":{"rendered":"<h4>La Mairie du 8\u00b0 arrondissement et l\u2019Association Musiques aux Choeurs du 8\u00b0 organisent, comme tous les ans, un grand concert rassemblant les ensembles musicaux et chorales de l\u2019arrondissement.<\/h4>\n<p>Ce spectacle musical de qualit\u00e9 se tiendra dans l\u2019enceinte de la Maison de la Danse, devant un public rassemblant un millier de personnes. De la Valse d\u2019augustin \u00e0 Yellow Submarine en passant par Claude Nougaro et Casse-noisette, la programmation sera plac\u00e9e sous le signe de l\u2019\u00e9clectisme afin qu\u2019il y en ait pour toutes les oreilles.<\/p>\n<p>Cette ann\u00e9e, la repr\u00e9sentation publique sera pr\u00e9c\u00e9d\u00e9e d\u2019une r\u00e9p\u00e9tition g\u00e9n\u00e9rale le samedi, r\u00e9serv\u00e9e aux proches des choristes et musiciens.<\/p>\n<p>Avec la participation de l\u2019\u00c9cole de musique Guy Candeloro, le jeune ballet Callabash, A l\u2019\u00e9coute du 8\u00b0, Pleins Jeux, Les Couleurs du Temps et Kalomad\u2019.<\/p>\n<ul>\n<li><em><strong>Dimanche 17 f\u00e9vrier 2019, \u00e0 15 h<\/strong><\/em> (ouverture des portes \u00e0 14 h 45), \u00e0 la Maison de la Danse, 8 avenue Jean Mermoz, Lyon 8\u00b0.<\/li>\n<li>Location des places (participation de 5 \u20ac) au guichet de la Maison de la Danse, du lundi au vendredi de 11 h 45 \u00e0 18 h 45 ou sur : <a href=\"https:\/\/billetterie.maisondeladanse.com\/content\" target=\"_blank\" rel=\"noopener noreferrer\">https:\/\/billetterie.maisondeladanse.com\/content<\/a><\/li>\n<\/ul>\n<p>&nbsp;<\/p>\n","protected":false},"excerpt":{"rendered":"<p>La Mairie du 8\u00b0 arrondissement et l\u2019Association Musiques aux Choeurs du 8\u00b0 organisent, comme tous les ans, un grand concert rassemblant les ensembles musicaux et chorales de l\u2019arrondissement. Ce spectacle musical de qualit\u00e9 se tiendra dans l\u2019enceinte de la Maison de la Danse, devant un public rassemblant un millier de personnes. De la Valse d\u2019augustin [&hellip;]<\/p>\n","protected":false},"author":4,"featured_media":65009,"comment_status":"open","ping_status":"open","sticky":false,"template":"","format":"standard","meta":{"footnotes":""},"categories":[1625,3006],"tags":[2140,2077],"class_list":["post-65372","post","type-post","status-publish","format-standard","has-post-thumbnail","hentry","category-lyon","category-musique-danse-humour","tag-concert","tag-lyon"],"yoast_head":"<!-- This site is optimized with the Yoast SEO plugin v27.2 - https:\/\/yoast.com\/product\/yoast-seo-wordpress\/ -->\n<title>LYON | Grand concert du 8\u00b0 \u00e0 la Maison de la Danse - News Est Lyonnais LYON : Grand concert du 8\u00b0 \u00e0 la Maison de la Danse<\/title>\n<meta name=\"description\" content=\"LYON : Grand concert du 8\u00b0 \u00e0 la Maison de la Danse\" \/>\n<meta name=\"robots\" content=\"index, follow, max-snippet:-1, max-image-preview:large, max-video-preview:-1\" \/>\n<link rel=\"canonical\" href=\"https:\/\/newsestlyonnais.fr\/site\/2019\/02\/01\/lyon-grand-concert-du-8-a-la-maison-de-la-danse\/\" \/>\n<meta property=\"og:locale\" content=\"fr_FR\" \/>\n<meta property=\"og:type\" content=\"article\" \/>\n<meta property=\"og:title\" content=\"LYON | Grand concert du 8\u00b0 \u00e0 la Maison de la Danse - News Est Lyonnais LYON : Grand concert du 8\u00b0 \u00e0 la Maison de la Danse\" \/>\n<meta property=\"og:description\" content=\"LYON : Grand concert du 8\u00b0 \u00e0 la Maison de la Danse\" \/>\n<meta property=\"og:url\" content=\"https:\/\/newsestlyonnais.fr\/site\/2019\/02\/01\/lyon-grand-concert-du-8-a-la-maison-de-la-danse\/\" \/>\n<meta property=\"og:site_name\" content=\"News Est Lyonnais\" \/>\n<meta property=\"article:author\" content=\"https:\/\/www.facebook.com\/pascal.oberson.1?fref=ts\" \/>\n<meta property=\"article:published_time\" content=\"2019-02-01T10:48:04+00:00\" \/>\n<meta property=\"article:modified_time\" content=\"2020-11-09T13:10:14+00:00\" \/>\n<meta property=\"og:image\" content=\"https:\/\/i1.wp.com\/newsestlyonnais.fr\/site\/wp-content\/uploads\/2019\/01\/NEWSESTLYONANIS-GD-CONCERT-LYON-8-2019.jpg?fit=796%2C459&ssl=1\" \/>\n\t<meta property=\"og:image:width\" content=\"796\" \/>\n\t<meta property=\"og:image:height\" content=\"459\" \/>\n\t<meta property=\"og:image:type\" content=\"image\/jpeg\" \/>\n<meta name=\"author\" content=\"R\u00e9dac. NEWS\" \/>\n<meta name=\"twitter:card\" content=\"summary_large_image\" \/>\n<meta name=\"twitter:label1\" content=\"\u00c9crit par\" \/>\n\t<meta name=\"twitter:data1\" content=\"R\u00e9dac. NEWS\" \/>\n\t<meta name=\"twitter:label2\" content=\"Dur\u00e9e de lecture estim\u00e9e\" \/>\n\t<meta name=\"twitter:data2\" content=\"1 minute\" \/>\n<script type=\"application\/ld+json\" class=\"yoast-schema-graph\">{\"@context\":\"https:\/\/schema.org\",\"@graph\":[{\"@type\":\"Article\",\"@id\":\"https:\/\/newsestlyonnais.fr\/site\/2019\/02\/01\/lyon-grand-concert-du-8-a-la-maison-de-la-danse\/#article\",\"isPartOf\":{\"@id\":\"https:\/\/newsestlyonnais.fr\/site\/2019\/02\/01\/lyon-grand-concert-du-8-a-la-maison-de-la-danse\/\"},\"author\":{\"name\":\"R\u00e9dac. NEWS\",\"@id\":\"https:\/\/newsestlyonnais.fr\/site\/#\/schema\/person\/3230d5615f390bb808365d673001e887\"},\"headline\":\"LYON | Grand concert du 8\u00b0 \u00e0 la Maison de la Danse\",\"datePublished\":\"2019-02-01T10:48:04+00:00\",\"dateModified\":\"2020-11-09T13:10:14+00:00\",\"mainEntityOfPage\":{\"@id\":\"https:\/\/newsestlyonnais.fr\/site\/2019\/02\/01\/lyon-grand-concert-du-8-a-la-maison-de-la-danse\/\"},\"wordCount\":198,\"commentCount\":0,\"publisher\":{\"@id\":\"https:\/\/newsestlyonnais.fr\/site\/#organization\"},\"image\":{\"@id\":\"https:\/\/newsestlyonnais.fr\/site\/2019\/02\/01\/lyon-grand-concert-du-8-a-la-maison-de-la-danse\/#primaryimage\"},\"thumbnailUrl\":\"https:\/\/newsestlyonnais.fr\/site\/wp-content\/uploads\/2019\/01\/NEWSESTLYONANIS-GD-CONCERT-LYON-8-2019.jpg\",\"keywords\":[\"CONCERT\",\"LYON\"],\"articleSection\":[\"Lyon\",\"Musique | Danse | Humour\"],\"inLanguage\":\"fr-FR\",\"potentialAction\":[{\"@type\":\"CommentAction\",\"name\":\"Comment\",\"target\":[\"https:\/\/newsestlyonnais.fr\/site\/2019\/02\/01\/lyon-grand-concert-du-8-a-la-maison-de-la-danse\/#respond\"]}]},{\"@type\":\"WebPage\",\"@id\":\"https:\/\/newsestlyonnais.fr\/site\/2019\/02\/01\/lyon-grand-concert-du-8-a-la-maison-de-la-danse\/\",\"url\":\"https:\/\/newsestlyonnais.fr\/site\/2019\/02\/01\/lyon-grand-concert-du-8-a-la-maison-de-la-danse\/\",\"name\":\"LYON | Grand concert du 8\u00b0 \u00e0 la Maison de la Danse - News Est Lyonnais LYON : Grand concert du 8\u00b0 \u00e0 la Maison de la Danse\",\"isPartOf\":{\"@id\":\"https:\/\/newsestlyonnais.fr\/site\/#website\"},\"primaryImageOfPage\":{\"@id\":\"https:\/\/newsestlyonnais.fr\/site\/2019\/02\/01\/lyon-grand-concert-du-8-a-la-maison-de-la-danse\/#primaryimage\"},\"image\":{\"@id\":\"https:\/\/newsestlyonnais.fr\/site\/2019\/02\/01\/lyon-grand-concert-du-8-a-la-maison-de-la-danse\/#primaryimage\"},\"thumbnailUrl\":\"https:\/\/newsestlyonnais.fr\/site\/wp-content\/uploads\/2019\/01\/NEWSESTLYONANIS-GD-CONCERT-LYON-8-2019.jpg\",\"datePublished\":\"2019-02-01T10:48:04+00:00\",\"dateModified\":\"2020-11-09T13:10:14+00:00\",\"description\":\"LYON : Grand concert du 8\u00b0 \u00e0 la Maison de la Danse\",\"breadcrumb\":{\"@id\":\"https:\/\/newsestlyonnais.fr\/site\/2019\/02\/01\/lyon-grand-concert-du-8-a-la-maison-de-la-danse\/#breadcrumb\"},\"inLanguage\":\"fr-FR\",\"potentialAction\":[{\"@type\":\"ReadAction\",\"target\":[\"https:\/\/newsestlyonnais.fr\/site\/2019\/02\/01\/lyon-grand-concert-du-8-a-la-maison-de-la-danse\/\"]}]},{\"@type\":\"ImageObject\",\"inLanguage\":\"fr-FR\",\"@id\":\"https:\/\/newsestlyonnais.fr\/site\/2019\/02\/01\/lyon-grand-concert-du-8-a-la-maison-de-la-danse\/#primaryimage\",\"url\":\"https:\/\/newsestlyonnais.fr\/site\/wp-content\/uploads\/2019\/01\/NEWSESTLYONANIS-GD-CONCERT-LYON-8-2019.jpg\",\"contentUrl\":\"https:\/\/newsestlyonnais.fr\/site\/wp-content\/uploads\/2019\/01\/NEWSESTLYONANIS-GD-CONCERT-LYON-8-2019.jpg\",\"width\":796,\"height\":459,\"caption\":\"Le Grand Concert\"},{\"@type\":\"BreadcrumbList\",\"@id\":\"https:\/\/newsestlyonnais.fr\/site\/2019\/02\/01\/lyon-grand-concert-du-8-a-la-maison-de-la-danse\/#breadcrumb\",\"itemListElement\":[{\"@type\":\"ListItem\",\"position\":1,\"name\":\"Accueil\",\"item\":\"https:\/\/newsestlyonnais.fr\/site\/\"},{\"@type\":\"ListItem\",\"position\":2,\"name\":\"LYON | Grand concert du 8\u00b0 \u00e0 la Maison de la Danse\"}]},{\"@type\":\"WebSite\",\"@id\":\"https:\/\/newsestlyonnais.fr\/site\/#website\",\"url\":\"https:\/\/newsestlyonnais.fr\/site\/\",\"name\":\"News Est Lyonnais\",\"description\":\"L&#039;actualit\u00e9 au plus pr\u00e8s\",\"publisher\":{\"@id\":\"https:\/\/newsestlyonnais.fr\/site\/#organization\"},\"potentialAction\":[{\"@type\":\"SearchAction\",\"target\":{\"@type\":\"EntryPoint\",\"urlTemplate\":\"https:\/\/newsestlyonnais.fr\/site\/?s={search_term_string}\"},\"query-input\":{\"@type\":\"PropertyValueSpecification\",\"valueRequired\":true,\"valueName\":\"search_term_string\"}}],\"inLanguage\":\"fr-FR\"},{\"@type\":\"Organization\",\"@id\":\"https:\/\/newsestlyonnais.fr\/site\/#organization\",\"name\":\"News EST LYONNAIS\",\"url\":\"https:\/\/newsestlyonnais.fr\/site\/\",\"logo\":{\"@type\":\"ImageObject\",\"inLanguage\":\"fr-FR\",\"@id\":\"https:\/\/newsestlyonnais.fr\/site\/#\/schema\/logo\/image\/\",\"url\":\"\",\"contentUrl\":\"\",\"caption\":\"News EST LYONNAIS\"},\"image\":{\"@id\":\"https:\/\/newsestlyonnais.fr\/site\/#\/schema\/logo\/image\/\"}},{\"@type\":\"Person\",\"@id\":\"https:\/\/newsestlyonnais.fr\/site\/#\/schema\/person\/3230d5615f390bb808365d673001e887\",\"name\":\"R\u00e9dac. NEWS\",\"sameAs\":[\"http:\/\/www.newsestlyonnais.fr\",\"https:\/\/www.facebook.com\/pascal.oberson.1?fref=ts\",\"https:\/\/fr.linkedin.com\/in\/pascal-oberson-b17045113\"],\"url\":\"https:\/\/newsestlyonnais.fr\/site\/author\/nel\/\"}]}<\/script>\n<!-- \/ Yoast SEO plugin. -->","yoast_head_json":{"title":"LYON | Grand concert du 8\u00b0 \u00e0 la Maison de la Danse - News Est Lyonnais LYON : Grand concert du 8\u00b0 \u00e0 la Maison de la Danse","description":"LYON : Grand concert du 8\u00b0 \u00e0 la Maison de la Danse","robots":{"index":"index","follow":"follow","max-snippet":"max-snippet:-1","max-image-preview":"max-image-preview:large","max-video-preview":"max-video-preview:-1"},"canonical":"https:\/\/newsestlyonnais.fr\/site\/2019\/02\/01\/lyon-grand-concert-du-8-a-la-maison-de-la-danse\/","og_locale":"fr_FR","og_type":"article","og_title":"LYON | Grand concert du 8\u00b0 \u00e0 la Maison de la Danse - News Est Lyonnais LYON : Grand concert du 8\u00b0 \u00e0 la Maison de la Danse","og_description":"LYON : Grand concert du 8\u00b0 \u00e0 la Maison de la Danse","og_url":"https:\/\/newsestlyonnais.fr\/site\/2019\/02\/01\/lyon-grand-concert-du-8-a-la-maison-de-la-danse\/","og_site_name":"News Est Lyonnais","article_author":"https:\/\/www.facebook.com\/pascal.oberson.1?fref=ts","article_published_time":"2019-02-01T10:48:04+00:00","article_modified_time":"2020-11-09T13:10:14+00:00","og_image":[{"width":796,"height":459,"url":"https:\/\/i1.wp.com\/newsestlyonnais.fr\/site\/wp-content\/uploads\/2019\/01\/NEWSESTLYONANIS-GD-CONCERT-LYON-8-2019.jpg?fit=796%2C459&ssl=1","type":"image\/jpeg"}],"author":"R\u00e9dac. NEWS","twitter_card":"summary_large_image","twitter_misc":{"\u00c9crit par":"R\u00e9dac. NEWS","Dur\u00e9e de lecture estim\u00e9e":"1 minute"},"schema":{"@context":"https:\/\/schema.org","@graph":[{"@type":"Article","@id":"https:\/\/newsestlyonnais.fr\/site\/2019\/02\/01\/lyon-grand-concert-du-8-a-la-maison-de-la-danse\/#article","isPartOf":{"@id":"https:\/\/newsestlyonnais.fr\/site\/2019\/02\/01\/lyon-grand-concert-du-8-a-la-maison-de-la-danse\/"},"author":{"name":"R\u00e9dac. NEWS","@id":"https:\/\/newsestlyonnais.fr\/site\/#\/schema\/person\/3230d5615f390bb808365d673001e887"},"headline":"LYON | Grand concert du 8\u00b0 \u00e0 la Maison de la Danse","datePublished":"2019-02-01T10:48:04+00:00","dateModified":"2020-11-09T13:10:14+00:00","mainEntityOfPage":{"@id":"https:\/\/newsestlyonnais.fr\/site\/2019\/02\/01\/lyon-grand-concert-du-8-a-la-maison-de-la-danse\/"},"wordCount":198,"commentCount":0,"publisher":{"@id":"https:\/\/newsestlyonnais.fr\/site\/#organization"},"image":{"@id":"https:\/\/newsestlyonnais.fr\/site\/2019\/02\/01\/lyon-grand-concert-du-8-a-la-maison-de-la-danse\/#primaryimage"},"thumbnailUrl":"https:\/\/newsestlyonnais.fr\/site\/wp-content\/uploads\/2019\/01\/NEWSESTLYONANIS-GD-CONCERT-LYON-8-2019.jpg","keywords":["CONCERT","LYON"],"articleSection":["Lyon","Musique | Danse | Humour"],"inLanguage":"fr-FR","potentialAction":[{"@type":"CommentAction","name":"Comment","target":["https:\/\/newsestlyonnais.fr\/site\/2019\/02\/01\/lyon-grand-concert-du-8-a-la-maison-de-la-danse\/#respond"]}]},{"@type":"WebPage","@id":"https:\/\/newsestlyonnais.fr\/site\/2019\/02\/01\/lyon-grand-concert-du-8-a-la-maison-de-la-danse\/","url":"https:\/\/newsestlyonnais.fr\/site\/2019\/02\/01\/lyon-grand-concert-du-8-a-la-maison-de-la-danse\/","name":"LYON | Grand concert du 8\u00b0 \u00e0 la Maison de la Danse - News Est Lyonnais LYON : Grand concert du 8\u00b0 \u00e0 la Maison de la Danse","isPartOf":{"@id":"https:\/\/newsestlyonnais.fr\/site\/#website"},"primaryImageOfPage":{"@id":"https:\/\/newsestlyonnais.fr\/site\/2019\/02\/01\/lyon-grand-concert-du-8-a-la-maison-de-la-danse\/#primaryimage"},"image":{"@id":"https:\/\/newsestlyonnais.fr\/site\/2019\/02\/01\/lyon-grand-concert-du-8-a-la-maison-de-la-danse\/#primaryimage"},"thumbnailUrl":"https:\/\/newsestlyonnais.fr\/site\/wp-content\/uploads\/2019\/01\/NEWSESTLYONANIS-GD-CONCERT-LYON-8-2019.jpg","datePublished":"2019-02-01T10:48:04+00:00","dateModified":"2020-11-09T13:10:14+00:00","description":"LYON : Grand concert du 8\u00b0 \u00e0 la Maison de la Danse","breadcrumb":{"@id":"https:\/\/newsestlyonnais.fr\/site\/2019\/02\/01\/lyon-grand-concert-du-8-a-la-maison-de-la-danse\/#breadcrumb"},"inLanguage":"fr-FR","potentialAction":[{"@type":"ReadAction","target":["https:\/\/newsestlyonnais.fr\/site\/2019\/02\/01\/lyon-grand-concert-du-8-a-la-maison-de-la-danse\/"]}]},{"@type":"ImageObject","inLanguage":"fr-FR","@id":"https:\/\/newsestlyonnais.fr\/site\/2019\/02\/01\/lyon-grand-concert-du-8-a-la-maison-de-la-danse\/#primaryimage","url":"https:\/\/newsestlyonnais.fr\/site\/wp-content\/uploads\/2019\/01\/NEWSESTLYONANIS-GD-CONCERT-LYON-8-2019.jpg","contentUrl":"https:\/\/newsestlyonnais.fr\/site\/wp-content\/uploads\/2019\/01\/NEWSESTLYONANIS-GD-CONCERT-LYON-8-2019.jpg","width":796,"height":459,"caption":"Le Grand Concert"},{"@type":"BreadcrumbList","@id":"https:\/\/newsestlyonnais.fr\/site\/2019\/02\/01\/lyon-grand-concert-du-8-a-la-maison-de-la-danse\/#breadcrumb","itemListElement":[{"@type":"ListItem","position":1,"name":"Accueil","item":"https:\/\/newsestlyonnais.fr\/site\/"},{"@type":"ListItem","position":2,"name":"LYON | Grand concert du 8\u00b0 \u00e0 la Maison de la Danse"}]},{"@type":"WebSite","@id":"https:\/\/newsestlyonnais.fr\/site\/#website","url":"https:\/\/newsestlyonnais.fr\/site\/","name":"News Est Lyonnais","description":"L&#039;actualit\u00e9 au plus pr\u00e8s","publisher":{"@id":"https:\/\/newsestlyonnais.fr\/site\/#organization"},"potentialAction":[{"@type":"SearchAction","target":{"@type":"EntryPoint","urlTemplate":"https:\/\/newsestlyonnais.fr\/site\/?s={search_term_string}"},"query-input":{"@type":"PropertyValueSpecification","valueRequired":true,"valueName":"search_term_string"}}],"inLanguage":"fr-FR"},{"@type":"Organization","@id":"https:\/\/newsestlyonnais.fr\/site\/#organization","name":"News EST LYONNAIS","url":"https:\/\/newsestlyonnais.fr\/site\/","logo":{"@type":"ImageObject","inLanguage":"fr-FR","@id":"https:\/\/newsestlyonnais.fr\/site\/#\/schema\/logo\/image\/","url":"","contentUrl":"","caption":"News EST LYONNAIS"},"image":{"@id":"https:\/\/newsestlyonnais.fr\/site\/#\/schema\/logo\/image\/"}},{"@type":"Person","@id":"https:\/\/newsestlyonnais.fr\/site\/#\/schema\/person\/3230d5615f390bb808365d673001e887","name":"R\u00e9dac. NEWS","sameAs":["http:\/\/www.newsestlyonnais.fr","https:\/\/www.facebook.com\/pascal.oberson.1?fref=ts","https:\/\/fr.linkedin.com\/in\/pascal-oberson-b17045113"],"url":"https:\/\/newsestlyonnais.fr\/site\/author\/nel\/"}]}},"_links":{"self":[{"href":"https:\/\/newsestlyonnais.fr\/site\/wp-json\/wp\/v2\/posts\/65372","targetHints":{"allow":["GET"]}}],"collection":[{"href":"https:\/\/newsestlyonnais.fr\/site\/wp-json\/wp\/v2\/posts"}],"about":[{"href":"https:\/\/newsestlyonnais.fr\/site\/wp-json\/wp\/v2\/types\/post"}],"author":[{"embeddable":true,"href":"https:\/\/newsestlyonnais.fr\/site\/wp-json\/wp\/v2\/users\/4"}],"replies":[{"embeddable":true,"href":"https:\/\/newsestlyonnais.fr\/site\/wp-json\/wp\/v2\/comments?post=65372"}],"version-history":[{"count":0,"href":"https:\/\/newsestlyonnais.fr\/site\/wp-json\/wp\/v2\/posts\/65372\/revisions"}],"wp:featuredmedia":[{"embeddable":true,"href":"https:\/\/newsestlyonnais.fr\/site\/wp-json\/wp\/v2\/media\/65009"}],"wp:attachment":[{"href":"https:\/\/newsestlyonnais.fr\/site\/wp-json\/wp\/v2\/media?parent=65372"}],"wp:term":[{"taxonomy":"category","embeddable":true,"href":"https:\/\/newsestlyonnais.fr\/site\/wp-json\/wp\/v2\/categories?post=65372"},{"taxonomy":"post_tag","embeddable":true,"href":"https:\/\/newsestlyonnais.fr\/site\/wp-json\/wp\/v2\/tags?post=65372"}],"curies":[{"name":"wp","href":"https:\/\/api.w.org\/{rel}","templated":true}]}}