{"id":65540,"date":"2019-02-04T08:43:19","date_gmt":"2019-02-04T07:43:19","guid":{"rendered":"http:\/\/newsestlyonnais.fr\/site\/?p=65540"},"modified":"2020-11-07T08:40:08","modified_gmt":"2020-11-07T07:40:08","slug":"mions-1-carnavelo-avec-lal-mions","status":"publish","type":"post","link":"https:\/\/newsestlyonnais.fr\/site\/2019\/02\/04\/mions-1-carnavelo-avec-lal-mions\/","title":{"rendered":"MIONS | 1\u00b0 Carnav\u00e9lo de l&rsquo;AL Mions dimanche prochain"},"content":{"rendered":"<h4>Premi\u00e8re \u00e9dition du Carnav\u00e9lo, organis\u00e9 par l&rsquo;<span class=\"_1nb_ fwn fcg\"><span class=\"fwb\">Amicale La\u00efque Mions, d<\/span><\/span>imanche 10 F\u00e9vrier.<\/h4>\n<ul>\n<li>D\u00e9part 9 h 30 de la Halle Louis Miachon pou<span class=\"text_exposed_show\">r un circuit de 10 kms autour de Mions.<\/span><\/li>\n<li><span class=\"text_exposed_show\">Arr\u00eats pr\u00e9vus dans les centres commerciaux avec Gastounets, accord\u00e9ons, et Dragons.<\/span><\/li>\n<li><span class=\"text_exposed_show\">Une balade en v\u00e9lo et en famille \u00e0 la rencontre des habitants de Mions<\/span><\/li>\n<\/ul>\n<p><em><strong>Plus d&rsquo;infos sur : <a href=\"https:\/\/www.facebook.com\/ALMIONS\/\" target=\"_blank\" rel=\"noopener noreferrer\">https:\/\/www.facebook.com\/ALMIONS\/<\/a><\/strong><\/em><\/p>\n<div id='gallery-1' class='gallery galleryid-65540 gallery-columns-3 gallery-size-thumbnail'><figure class='gallery-item'>\n\t\t\t<div class='gallery-icon portrait'>\n\t\t\t\t<a href='https:\/\/newsestlyonnais.fr\/site\/2019\/02\/04\/mions-1-carnavelo-avec-lal-mions\/newsestlyonnais-carnavelo-mions\/'><img loading=\"lazy\" decoding=\"async\" width=\"150\" height=\"150\" src=\"https:\/\/newsestlyonnais.fr\/site\/wp-content\/uploads\/2019\/02\/NEWSESTLYONNAIS-CARNAVELO-MIONS-150x150.jpg\" class=\"attachment-thumbnail size-thumbnail\" alt=\"NEWSESTLYONNAIS CARNAVELO MIONS\" \/><\/a>\n\t\t\t<\/div><\/figure>\n\t\t<\/div>\n\n","protected":false},"excerpt":{"rendered":"<p>Premi\u00e8re \u00e9dition du Carnav\u00e9lo, organis\u00e9 par l&rsquo;Amicale La\u00efque Mions, dimanche 10 F\u00e9vrier. D\u00e9part 9 h 30 de la Halle Louis Miachon pour un circuit de 10 kms autour de Mions. Arr\u00eats pr\u00e9vus dans les centres commerciaux avec Gastounets, accord\u00e9ons, et Dragons. Une balade en v\u00e9lo et en famille \u00e0 la rencontre des habitants de Mions [&hellip;]<\/p>\n","protected":false},"author":4,"featured_media":0,"comment_status":"open","ping_status":"open","sticky":false,"template":"","format":"standard","meta":{"footnotes":""},"categories":[2969,1286],"tags":[2328,2128],"class_list":["post-65540","post","type-post","status-publish","format-standard","hentry","category-cyclisme-cyclo-vtt","category-mions","tag-al-mions","tag-mions"],"yoast_head":"<!-- This site is optimized with the Yoast SEO plugin v27.2 - https:\/\/yoast.com\/product\/yoast-seo-wordpress\/ -->\n<title>MIONS | 1\u00b0 Carnav\u00e9lo de l&#039;AL Mions dimanche prochain - News Est Lyonnais mions-1-carnavelo-avec-lal-mions<\/title>\n<meta name=\"description\" content=\"mions-1-carnavelo-avec-lal-mions\" \/>\n<meta name=\"robots\" content=\"index, follow, max-snippet:-1, max-image-preview:large, max-video-preview:-1\" \/>\n<link rel=\"canonical\" href=\"https:\/\/newsestlyonnais.fr\/site\/2019\/02\/04\/mions-1-carnavelo-avec-lal-mions\/\" \/>\n<meta property=\"og:locale\" content=\"fr_FR\" \/>\n<meta property=\"og:type\" content=\"article\" \/>\n<meta property=\"og:title\" content=\"MIONS | 1\u00b0 Carnav\u00e9lo de l&#039;AL Mions dimanche prochain - News Est Lyonnais mions-1-carnavelo-avec-lal-mions\" \/>\n<meta property=\"og:description\" content=\"mions-1-carnavelo-avec-lal-mions\" \/>\n<meta property=\"og:url\" content=\"https:\/\/newsestlyonnais.fr\/site\/2019\/02\/04\/mions-1-carnavelo-avec-lal-mions\/\" \/>\n<meta property=\"og:site_name\" content=\"News Est Lyonnais\" \/>\n<meta property=\"article:author\" content=\"https:\/\/www.facebook.com\/pascal.oberson.1?fref=ts\" \/>\n<meta property=\"article:published_time\" content=\"2019-02-04T07:43:19+00:00\" \/>\n<meta property=\"article:modified_time\" content=\"2020-11-07T07:40:08+00:00\" \/>\n<meta name=\"author\" content=\"R\u00e9dac. NEWS\" \/>\n<meta name=\"twitter:card\" content=\"summary_large_image\" \/>\n<meta name=\"twitter:label1\" content=\"\u00c9crit par\" \/>\n\t<meta name=\"twitter:data1\" content=\"R\u00e9dac. NEWS\" \/>\n<script type=\"application\/ld+json\" class=\"yoast-schema-graph\">{\"@context\":\"https:\/\/schema.org\",\"@graph\":[{\"@type\":\"Article\",\"@id\":\"https:\/\/newsestlyonnais.fr\/site\/2019\/02\/04\/mions-1-carnavelo-avec-lal-mions\/#article\",\"isPartOf\":{\"@id\":\"https:\/\/newsestlyonnais.fr\/site\/2019\/02\/04\/mions-1-carnavelo-avec-lal-mions\/\"},\"author\":{\"name\":\"R\u00e9dac. NEWS\",\"@id\":\"https:\/\/newsestlyonnais.fr\/site\/#\/schema\/person\/3230d5615f390bb808365d673001e887\"},\"headline\":\"MIONS | 1\u00b0 Carnav\u00e9lo de l&rsquo;AL Mions dimanche prochain\",\"datePublished\":\"2019-02-04T07:43:19+00:00\",\"dateModified\":\"2020-11-07T07:40:08+00:00\",\"mainEntityOfPage\":{\"@id\":\"https:\/\/newsestlyonnais.fr\/site\/2019\/02\/04\/mions-1-carnavelo-avec-lal-mions\/\"},\"wordCount\":83,\"commentCount\":0,\"publisher\":{\"@id\":\"https:\/\/newsestlyonnais.fr\/site\/#organization\"},\"keywords\":[\"AL MIONS\",\"MIONS\"],\"articleSection\":[\"Cyclisme | Cyclo | Vtt\",\"Mions\"],\"inLanguage\":\"fr-FR\",\"potentialAction\":[{\"@type\":\"CommentAction\",\"name\":\"Comment\",\"target\":[\"https:\/\/newsestlyonnais.fr\/site\/2019\/02\/04\/mions-1-carnavelo-avec-lal-mions\/#respond\"]}]},{\"@type\":\"WebPage\",\"@id\":\"https:\/\/newsestlyonnais.fr\/site\/2019\/02\/04\/mions-1-carnavelo-avec-lal-mions\/\",\"url\":\"https:\/\/newsestlyonnais.fr\/site\/2019\/02\/04\/mions-1-carnavelo-avec-lal-mions\/\",\"name\":\"MIONS | 1\u00b0 Carnav\u00e9lo de l'AL Mions dimanche prochain - News Est Lyonnais mions-1-carnavelo-avec-lal-mions\",\"isPartOf\":{\"@id\":\"https:\/\/newsestlyonnais.fr\/site\/#website\"},\"datePublished\":\"2019-02-04T07:43:19+00:00\",\"dateModified\":\"2020-11-07T07:40:08+00:00\",\"description\":\"mions-1-carnavelo-avec-lal-mions\",\"breadcrumb\":{\"@id\":\"https:\/\/newsestlyonnais.fr\/site\/2019\/02\/04\/mions-1-carnavelo-avec-lal-mions\/#breadcrumb\"},\"inLanguage\":\"fr-FR\",\"potentialAction\":[{\"@type\":\"ReadAction\",\"target\":[\"https:\/\/newsestlyonnais.fr\/site\/2019\/02\/04\/mions-1-carnavelo-avec-lal-mions\/\"]}]},{\"@type\":\"BreadcrumbList\",\"@id\":\"https:\/\/newsestlyonnais.fr\/site\/2019\/02\/04\/mions-1-carnavelo-avec-lal-mions\/#breadcrumb\",\"itemListElement\":[{\"@type\":\"ListItem\",\"position\":1,\"name\":\"Accueil\",\"item\":\"https:\/\/newsestlyonnais.fr\/site\/\"},{\"@type\":\"ListItem\",\"position\":2,\"name\":\"MIONS | 1\u00b0 Carnav\u00e9lo de l&rsquo;AL Mions dimanche prochain\"}]},{\"@type\":\"WebSite\",\"@id\":\"https:\/\/newsestlyonnais.fr\/site\/#website\",\"url\":\"https:\/\/newsestlyonnais.fr\/site\/\",\"name\":\"News Est Lyonnais\",\"description\":\"L&#039;actualit\u00e9 au plus pr\u00e8s\",\"publisher\":{\"@id\":\"https:\/\/newsestlyonnais.fr\/site\/#organization\"},\"potentialAction\":[{\"@type\":\"SearchAction\",\"target\":{\"@type\":\"EntryPoint\",\"urlTemplate\":\"https:\/\/newsestlyonnais.fr\/site\/?s={search_term_string}\"},\"query-input\":{\"@type\":\"PropertyValueSpecification\",\"valueRequired\":true,\"valueName\":\"search_term_string\"}}],\"inLanguage\":\"fr-FR\"},{\"@type\":\"Organization\",\"@id\":\"https:\/\/newsestlyonnais.fr\/site\/#organization\",\"name\":\"News EST LYONNAIS\",\"url\":\"https:\/\/newsestlyonnais.fr\/site\/\",\"logo\":{\"@type\":\"ImageObject\",\"inLanguage\":\"fr-FR\",\"@id\":\"https:\/\/newsestlyonnais.fr\/site\/#\/schema\/logo\/image\/\",\"url\":\"\",\"contentUrl\":\"\",\"caption\":\"News EST LYONNAIS\"},\"image\":{\"@id\":\"https:\/\/newsestlyonnais.fr\/site\/#\/schema\/logo\/image\/\"}},{\"@type\":\"Person\",\"@id\":\"https:\/\/newsestlyonnais.fr\/site\/#\/schema\/person\/3230d5615f390bb808365d673001e887\",\"name\":\"R\u00e9dac. NEWS\",\"sameAs\":[\"http:\/\/www.newsestlyonnais.fr\",\"https:\/\/www.facebook.com\/pascal.oberson.1?fref=ts\",\"https:\/\/fr.linkedin.com\/in\/pascal-oberson-b17045113\"],\"url\":\"https:\/\/newsestlyonnais.fr\/site\/author\/nel\/\"}]}<\/script>\n<!-- \/ Yoast SEO plugin. -->","yoast_head_json":{"title":"MIONS | 1\u00b0 Carnav\u00e9lo de l'AL Mions dimanche prochain - News Est Lyonnais mions-1-carnavelo-avec-lal-mions","description":"mions-1-carnavelo-avec-lal-mions","robots":{"index":"index","follow":"follow","max-snippet":"max-snippet:-1","max-image-preview":"max-image-preview:large","max-video-preview":"max-video-preview:-1"},"canonical":"https:\/\/newsestlyonnais.fr\/site\/2019\/02\/04\/mions-1-carnavelo-avec-lal-mions\/","og_locale":"fr_FR","og_type":"article","og_title":"MIONS | 1\u00b0 Carnav\u00e9lo de l'AL Mions dimanche prochain - News Est Lyonnais mions-1-carnavelo-avec-lal-mions","og_description":"mions-1-carnavelo-avec-lal-mions","og_url":"https:\/\/newsestlyonnais.fr\/site\/2019\/02\/04\/mions-1-carnavelo-avec-lal-mions\/","og_site_name":"News Est Lyonnais","article_author":"https:\/\/www.facebook.com\/pascal.oberson.1?fref=ts","article_published_time":"2019-02-04T07:43:19+00:00","article_modified_time":"2020-11-07T07:40:08+00:00","author":"R\u00e9dac. NEWS","twitter_card":"summary_large_image","twitter_misc":{"\u00c9crit par":"R\u00e9dac. NEWS"},"schema":{"@context":"https:\/\/schema.org","@graph":[{"@type":"Article","@id":"https:\/\/newsestlyonnais.fr\/site\/2019\/02\/04\/mions-1-carnavelo-avec-lal-mions\/#article","isPartOf":{"@id":"https:\/\/newsestlyonnais.fr\/site\/2019\/02\/04\/mions-1-carnavelo-avec-lal-mions\/"},"author":{"name":"R\u00e9dac. NEWS","@id":"https:\/\/newsestlyonnais.fr\/site\/#\/schema\/person\/3230d5615f390bb808365d673001e887"},"headline":"MIONS | 1\u00b0 Carnav\u00e9lo de l&rsquo;AL Mions dimanche prochain","datePublished":"2019-02-04T07:43:19+00:00","dateModified":"2020-11-07T07:40:08+00:00","mainEntityOfPage":{"@id":"https:\/\/newsestlyonnais.fr\/site\/2019\/02\/04\/mions-1-carnavelo-avec-lal-mions\/"},"wordCount":83,"commentCount":0,"publisher":{"@id":"https:\/\/newsestlyonnais.fr\/site\/#organization"},"keywords":["AL MIONS","MIONS"],"articleSection":["Cyclisme | Cyclo | Vtt","Mions"],"inLanguage":"fr-FR","potentialAction":[{"@type":"CommentAction","name":"Comment","target":["https:\/\/newsestlyonnais.fr\/site\/2019\/02\/04\/mions-1-carnavelo-avec-lal-mions\/#respond"]}]},{"@type":"WebPage","@id":"https:\/\/newsestlyonnais.fr\/site\/2019\/02\/04\/mions-1-carnavelo-avec-lal-mions\/","url":"https:\/\/newsestlyonnais.fr\/site\/2019\/02\/04\/mions-1-carnavelo-avec-lal-mions\/","name":"MIONS | 1\u00b0 Carnav\u00e9lo de l'AL Mions dimanche prochain - News Est Lyonnais mions-1-carnavelo-avec-lal-mions","isPartOf":{"@id":"https:\/\/newsestlyonnais.fr\/site\/#website"},"datePublished":"2019-02-04T07:43:19+00:00","dateModified":"2020-11-07T07:40:08+00:00","description":"mions-1-carnavelo-avec-lal-mions","breadcrumb":{"@id":"https:\/\/newsestlyonnais.fr\/site\/2019\/02\/04\/mions-1-carnavelo-avec-lal-mions\/#breadcrumb"},"inLanguage":"fr-FR","potentialAction":[{"@type":"ReadAction","target":["https:\/\/newsestlyonnais.fr\/site\/2019\/02\/04\/mions-1-carnavelo-avec-lal-mions\/"]}]},{"@type":"BreadcrumbList","@id":"https:\/\/newsestlyonnais.fr\/site\/2019\/02\/04\/mions-1-carnavelo-avec-lal-mions\/#breadcrumb","itemListElement":[{"@type":"ListItem","position":1,"name":"Accueil","item":"https:\/\/newsestlyonnais.fr\/site\/"},{"@type":"ListItem","position":2,"name":"MIONS | 1\u00b0 Carnav\u00e9lo de l&rsquo;AL Mions dimanche prochain"}]},{"@type":"WebSite","@id":"https:\/\/newsestlyonnais.fr\/site\/#website","url":"https:\/\/newsestlyonnais.fr\/site\/","name":"News Est Lyonnais","description":"L&#039;actualit\u00e9 au plus pr\u00e8s","publisher":{"@id":"https:\/\/newsestlyonnais.fr\/site\/#organization"},"potentialAction":[{"@type":"SearchAction","target":{"@type":"EntryPoint","urlTemplate":"https:\/\/newsestlyonnais.fr\/site\/?s={search_term_string}"},"query-input":{"@type":"PropertyValueSpecification","valueRequired":true,"valueName":"search_term_string"}}],"inLanguage":"fr-FR"},{"@type":"Organization","@id":"https:\/\/newsestlyonnais.fr\/site\/#organization","name":"News EST LYONNAIS","url":"https:\/\/newsestlyonnais.fr\/site\/","logo":{"@type":"ImageObject","inLanguage":"fr-FR","@id":"https:\/\/newsestlyonnais.fr\/site\/#\/schema\/logo\/image\/","url":"","contentUrl":"","caption":"News EST LYONNAIS"},"image":{"@id":"https:\/\/newsestlyonnais.fr\/site\/#\/schema\/logo\/image\/"}},{"@type":"Person","@id":"https:\/\/newsestlyonnais.fr\/site\/#\/schema\/person\/3230d5615f390bb808365d673001e887","name":"R\u00e9dac. NEWS","sameAs":["http:\/\/www.newsestlyonnais.fr","https:\/\/www.facebook.com\/pascal.oberson.1?fref=ts","https:\/\/fr.linkedin.com\/in\/pascal-oberson-b17045113"],"url":"https:\/\/newsestlyonnais.fr\/site\/author\/nel\/"}]}},"_links":{"self":[{"href":"https:\/\/newsestlyonnais.fr\/site\/wp-json\/wp\/v2\/posts\/65540","targetHints":{"allow":["GET"]}}],"collection":[{"href":"https:\/\/newsestlyonnais.fr\/site\/wp-json\/wp\/v2\/posts"}],"about":[{"href":"https:\/\/newsestlyonnais.fr\/site\/wp-json\/wp\/v2\/types\/post"}],"author":[{"embeddable":true,"href":"https:\/\/newsestlyonnais.fr\/site\/wp-json\/wp\/v2\/users\/4"}],"replies":[{"embeddable":true,"href":"https:\/\/newsestlyonnais.fr\/site\/wp-json\/wp\/v2\/comments?post=65540"}],"version-history":[{"count":0,"href":"https:\/\/newsestlyonnais.fr\/site\/wp-json\/wp\/v2\/posts\/65540\/revisions"}],"wp:attachment":[{"href":"https:\/\/newsestlyonnais.fr\/site\/wp-json\/wp\/v2\/media?parent=65540"}],"wp:term":[{"taxonomy":"category","embeddable":true,"href":"https:\/\/newsestlyonnais.fr\/site\/wp-json\/wp\/v2\/categories?post=65540"},{"taxonomy":"post_tag","embeddable":true,"href":"https:\/\/newsestlyonnais.fr\/site\/wp-json\/wp\/v2\/tags?post=65540"}],"curies":[{"name":"wp","href":"https:\/\/api.w.org\/{rel}","templated":true}]}}