{"id":65602,"date":"2019-02-04T14:46:03","date_gmt":"2019-02-04T13:46:03","guid":{"rendered":"http:\/\/newsestlyonnais.fr\/site\/?p=65602"},"modified":"2020-11-02T13:40:59","modified_gmt":"2020-11-02T12:40:59","slug":"pusignan-le-reel-xv-remporte-le-match-au-sommet-face-a-pays-de-gex","status":"publish","type":"post","link":"https:\/\/newsestlyonnais.fr\/site\/2019\/02\/04\/pusignan-le-reel-xv-remporte-le-match-au-sommet-face-a-pays-de-gex\/","title":{"rendered":"PUSIGNAN | Le REEL XV remporte le match au sommet face \u00e0 Pays de Gex"},"content":{"rendered":"<h4><span style=\"font-family: Arial, Helvetica, sans-serif\">Match au sommet de la poule ce dimanche au stade Jean Bouin pour le REEL XV face \u00e0 un candidat \u00e0 la mont\u00e9e, l&rsquo;US Pays de GEX (Ain).<\/span><\/h4>\n<div>Une rencontre entre 2 formations invaincues apr\u00e8s 3 journ\u00e9es disput\u00e9es dans cette poule 5 de la phase 2.<\/div>\n<div><\/div>\n<div><span style=\"font-family: Arial, Helvetica, sans-serif\">L\u2019\u00e9quipe premi\u00e8re du REEL XV a fait preuve de s\u00e9rieux, d&rsquo;engagement, avec une d\u00e9fense bien en place. <\/span><span style=\"font-family: Arial, Helvetica, sans-serif\">Le terrain gras, le vent glacial n\u2019\u00e9tait pas propice au beau jeu, et pourtant les deux \u00e9quipes ont offert un spectacle agr\u00e9able. <\/span><\/div>\n<div><span style=\"font-family: Arial, Helvetica, sans-serif\">Avec un excellent arbitre \u00e0 la baguette, coh\u00e9rent et juste dans ces d\u00e9cisions, les deux \u00e9quipes ont propos\u00e9 un jeu de mouvement tourn\u00e9 sans cesse vers l&rsquo;avant.<\/span><\/div>\n<div><\/div>\n<div><span style=\"font-family: Arial, Helvetica, sans-serif\"><strong>Le score final de 23 \u00e0 12 pour le R\u00c9EL XV, lui permet de prendre provisoirement la t\u00eate du classement<\/strong> de cette poule du championnat de promotion d&rsquo;honneur de la ligue AuRA rugby.<\/span><\/div>\n<div><\/div>\n<div><span style=\"font-family: Arial, Helvetica, sans-serif\">Les dimanches qui suivent, l\u2019\u00e9quipe se d\u00e9placera \u00e0 St Rambert en Bugey, puis \u00e0 Saint-Sorlin en Valloire, avant de recevoir, le 3 mars \u00e0 Pusignan, l&rsquo;EMD Plaine de L\u2019Ain (Meximieux).<\/span><\/div>\n<div><\/div>\n<div><strong>NOTA<\/strong> : En lever de rideau, l\u2019\u00e9quipe r\u00e9serve a offert un match de qualit\u00e9 et arrach\u00e9 un match nul (10\/10) face \u00e0 GEX (B), une \u00e9quipe jeune et dynamique.<\/div>\n<div><\/div>\n","protected":false},"excerpt":{"rendered":"<p>Match au sommet de la poule ce dimanche au stade Jean Bouin pour le REEL XV face \u00e0 un candidat \u00e0 la mont\u00e9e, l&rsquo;US Pays de GEX (Ain). Une rencontre entre 2 formations invaincues apr\u00e8s 3 journ\u00e9es disput\u00e9es dans cette poule 5 de la phase 2. L\u2019\u00e9quipe premi\u00e8re du REEL XV a fait preuve de [&hellip;]<\/p>\n","protected":false},"author":4,"featured_media":0,"comment_status":"open","ping_status":"open","sticky":false,"template":"","format":"standard","meta":{"footnotes":""},"categories":[270,2996,1598,1279,2999],"tags":[],"class_list":["post-65602","post","type-post","status-publish","format-standard","hentry","category-cte-de-communes-c-c-e-l","category-football-rugby","category-genas","category-jons-pusignan","category-rugby-a-xv-sports"],"yoast_head":"<!-- This site is optimized with the Yoast SEO plugin v27.2 - https:\/\/yoast.com\/product\/yoast-seo-wordpress\/ -->\n<title>PUSIGNAN | Le REEL XV remporte le match au sommet face \u00e0 Pays de Gex - News Est Lyonnais PUSIGNAN : Le REEL XV remporte le match au sommet face \u00e0 l&#039;US Pays de Gex Rugby<\/title>\n<meta name=\"description\" content=\"PUSIGNAN : Le REEL XV remporte le match au sommet face \u00e0 l&#039;US Pays de Gex Rugby\" \/>\n<meta name=\"robots\" content=\"index, follow, max-snippet:-1, max-image-preview:large, max-video-preview:-1\" \/>\n<link rel=\"canonical\" href=\"https:\/\/newsestlyonnais.fr\/site\/2019\/02\/04\/pusignan-le-reel-xv-remporte-le-match-au-sommet-face-a-pays-de-gex\/\" \/>\n<meta property=\"og:locale\" content=\"fr_FR\" \/>\n<meta property=\"og:type\" content=\"article\" \/>\n<meta property=\"og:title\" content=\"PUSIGNAN | Le REEL XV remporte le match au sommet face \u00e0 Pays de Gex - News Est Lyonnais PUSIGNAN : Le REEL XV remporte le match au sommet face \u00e0 l&#039;US Pays de Gex Rugby\" \/>\n<meta property=\"og:description\" content=\"PUSIGNAN : Le REEL XV remporte le match au sommet face \u00e0 l&#039;US Pays de Gex Rugby\" \/>\n<meta property=\"og:url\" content=\"https:\/\/newsestlyonnais.fr\/site\/2019\/02\/04\/pusignan-le-reel-xv-remporte-le-match-au-sommet-face-a-pays-de-gex\/\" \/>\n<meta property=\"og:site_name\" content=\"News Est Lyonnais\" \/>\n<meta property=\"article:author\" content=\"https:\/\/www.facebook.com\/pascal.oberson.1?fref=ts\" \/>\n<meta property=\"article:published_time\" content=\"2019-02-04T13:46:03+00:00\" \/>\n<meta property=\"article:modified_time\" content=\"2020-11-02T12:40:59+00:00\" \/>\n<meta name=\"author\" content=\"R\u00e9dac. NEWS\" \/>\n<meta name=\"twitter:card\" content=\"summary_large_image\" \/>\n<meta name=\"twitter:label1\" content=\"\u00c9crit par\" \/>\n\t<meta name=\"twitter:data1\" content=\"R\u00e9dac. NEWS\" \/>\n\t<meta name=\"twitter:label2\" content=\"Dur\u00e9e de lecture estim\u00e9e\" \/>\n\t<meta name=\"twitter:data2\" content=\"1 minute\" \/>\n<script type=\"application\/ld+json\" class=\"yoast-schema-graph\">{\"@context\":\"https:\/\/schema.org\",\"@graph\":[{\"@type\":\"Article\",\"@id\":\"https:\/\/newsestlyonnais.fr\/site\/2019\/02\/04\/pusignan-le-reel-xv-remporte-le-match-au-sommet-face-a-pays-de-gex\/#article\",\"isPartOf\":{\"@id\":\"https:\/\/newsestlyonnais.fr\/site\/2019\/02\/04\/pusignan-le-reel-xv-remporte-le-match-au-sommet-face-a-pays-de-gex\/\"},\"author\":{\"name\":\"R\u00e9dac. NEWS\",\"@id\":\"https:\/\/newsestlyonnais.fr\/site\/#\/schema\/person\/3230d5615f390bb808365d673001e887\"},\"headline\":\"PUSIGNAN | Le REEL XV remporte le match au sommet face \u00e0 Pays de Gex\",\"datePublished\":\"2019-02-04T13:46:03+00:00\",\"dateModified\":\"2020-11-02T12:40:59+00:00\",\"mainEntityOfPage\":{\"@id\":\"https:\/\/newsestlyonnais.fr\/site\/2019\/02\/04\/pusignan-le-reel-xv-remporte-le-match-au-sommet-face-a-pays-de-gex\/\"},\"wordCount\":224,\"commentCount\":0,\"publisher\":{\"@id\":\"https:\/\/newsestlyonnais.fr\/site\/#organization\"},\"articleSection\":[\"CCEL | Communes\",\"Foot | Rugby\",\"Genas\",\"Jons | Pusignan\",\"Rugby \u00e0 XV\"],\"inLanguage\":\"fr-FR\",\"potentialAction\":[{\"@type\":\"CommentAction\",\"name\":\"Comment\",\"target\":[\"https:\/\/newsestlyonnais.fr\/site\/2019\/02\/04\/pusignan-le-reel-xv-remporte-le-match-au-sommet-face-a-pays-de-gex\/#respond\"]}]},{\"@type\":\"WebPage\",\"@id\":\"https:\/\/newsestlyonnais.fr\/site\/2019\/02\/04\/pusignan-le-reel-xv-remporte-le-match-au-sommet-face-a-pays-de-gex\/\",\"url\":\"https:\/\/newsestlyonnais.fr\/site\/2019\/02\/04\/pusignan-le-reel-xv-remporte-le-match-au-sommet-face-a-pays-de-gex\/\",\"name\":\"PUSIGNAN | Le REEL XV remporte le match au sommet face \u00e0 Pays de Gex - News Est Lyonnais PUSIGNAN : Le REEL XV remporte le match au sommet face \u00e0 l'US Pays de Gex Rugby\",\"isPartOf\":{\"@id\":\"https:\/\/newsestlyonnais.fr\/site\/#website\"},\"datePublished\":\"2019-02-04T13:46:03+00:00\",\"dateModified\":\"2020-11-02T12:40:59+00:00\",\"description\":\"PUSIGNAN : Le REEL XV remporte le match au sommet face \u00e0 l'US Pays de Gex Rugby\",\"breadcrumb\":{\"@id\":\"https:\/\/newsestlyonnais.fr\/site\/2019\/02\/04\/pusignan-le-reel-xv-remporte-le-match-au-sommet-face-a-pays-de-gex\/#breadcrumb\"},\"inLanguage\":\"fr-FR\",\"potentialAction\":[{\"@type\":\"ReadAction\",\"target\":[\"https:\/\/newsestlyonnais.fr\/site\/2019\/02\/04\/pusignan-le-reel-xv-remporte-le-match-au-sommet-face-a-pays-de-gex\/\"]}]},{\"@type\":\"BreadcrumbList\",\"@id\":\"https:\/\/newsestlyonnais.fr\/site\/2019\/02\/04\/pusignan-le-reel-xv-remporte-le-match-au-sommet-face-a-pays-de-gex\/#breadcrumb\",\"itemListElement\":[{\"@type\":\"ListItem\",\"position\":1,\"name\":\"Accueil\",\"item\":\"https:\/\/newsestlyonnais.fr\/site\/\"},{\"@type\":\"ListItem\",\"position\":2,\"name\":\"PUSIGNAN | Le REEL XV remporte le match au sommet face \u00e0 Pays de Gex\"}]},{\"@type\":\"WebSite\",\"@id\":\"https:\/\/newsestlyonnais.fr\/site\/#website\",\"url\":\"https:\/\/newsestlyonnais.fr\/site\/\",\"name\":\"News Est Lyonnais\",\"description\":\"L&#039;actualit\u00e9 au plus pr\u00e8s\",\"publisher\":{\"@id\":\"https:\/\/newsestlyonnais.fr\/site\/#organization\"},\"potentialAction\":[{\"@type\":\"SearchAction\",\"target\":{\"@type\":\"EntryPoint\",\"urlTemplate\":\"https:\/\/newsestlyonnais.fr\/site\/?s={search_term_string}\"},\"query-input\":{\"@type\":\"PropertyValueSpecification\",\"valueRequired\":true,\"valueName\":\"search_term_string\"}}],\"inLanguage\":\"fr-FR\"},{\"@type\":\"Organization\",\"@id\":\"https:\/\/newsestlyonnais.fr\/site\/#organization\",\"name\":\"News EST LYONNAIS\",\"url\":\"https:\/\/newsestlyonnais.fr\/site\/\",\"logo\":{\"@type\":\"ImageObject\",\"inLanguage\":\"fr-FR\",\"@id\":\"https:\/\/newsestlyonnais.fr\/site\/#\/schema\/logo\/image\/\",\"url\":\"\",\"contentUrl\":\"\",\"caption\":\"News EST LYONNAIS\"},\"image\":{\"@id\":\"https:\/\/newsestlyonnais.fr\/site\/#\/schema\/logo\/image\/\"}},{\"@type\":\"Person\",\"@id\":\"https:\/\/newsestlyonnais.fr\/site\/#\/schema\/person\/3230d5615f390bb808365d673001e887\",\"name\":\"R\u00e9dac. NEWS\",\"sameAs\":[\"http:\/\/www.newsestlyonnais.fr\",\"https:\/\/www.facebook.com\/pascal.oberson.1?fref=ts\",\"https:\/\/fr.linkedin.com\/in\/pascal-oberson-b17045113\"],\"url\":\"https:\/\/newsestlyonnais.fr\/site\/author\/nel\/\"}]}<\/script>\n<!-- \/ Yoast SEO plugin. -->","yoast_head_json":{"title":"PUSIGNAN | Le REEL XV remporte le match au sommet face \u00e0 Pays de Gex - News Est Lyonnais PUSIGNAN : Le REEL XV remporte le match au sommet face \u00e0 l'US Pays de Gex Rugby","description":"PUSIGNAN : Le REEL XV remporte le match au sommet face \u00e0 l'US Pays de Gex Rugby","robots":{"index":"index","follow":"follow","max-snippet":"max-snippet:-1","max-image-preview":"max-image-preview:large","max-video-preview":"max-video-preview:-1"},"canonical":"https:\/\/newsestlyonnais.fr\/site\/2019\/02\/04\/pusignan-le-reel-xv-remporte-le-match-au-sommet-face-a-pays-de-gex\/","og_locale":"fr_FR","og_type":"article","og_title":"PUSIGNAN | Le REEL XV remporte le match au sommet face \u00e0 Pays de Gex - News Est Lyonnais PUSIGNAN : Le REEL XV remporte le match au sommet face \u00e0 l'US Pays de Gex Rugby","og_description":"PUSIGNAN : Le REEL XV remporte le match au sommet face \u00e0 l'US Pays de Gex Rugby","og_url":"https:\/\/newsestlyonnais.fr\/site\/2019\/02\/04\/pusignan-le-reel-xv-remporte-le-match-au-sommet-face-a-pays-de-gex\/","og_site_name":"News Est Lyonnais","article_author":"https:\/\/www.facebook.com\/pascal.oberson.1?fref=ts","article_published_time":"2019-02-04T13:46:03+00:00","article_modified_time":"2020-11-02T12:40:59+00:00","author":"R\u00e9dac. NEWS","twitter_card":"summary_large_image","twitter_misc":{"\u00c9crit par":"R\u00e9dac. NEWS","Dur\u00e9e de lecture estim\u00e9e":"1 minute"},"schema":{"@context":"https:\/\/schema.org","@graph":[{"@type":"Article","@id":"https:\/\/newsestlyonnais.fr\/site\/2019\/02\/04\/pusignan-le-reel-xv-remporte-le-match-au-sommet-face-a-pays-de-gex\/#article","isPartOf":{"@id":"https:\/\/newsestlyonnais.fr\/site\/2019\/02\/04\/pusignan-le-reel-xv-remporte-le-match-au-sommet-face-a-pays-de-gex\/"},"author":{"name":"R\u00e9dac. NEWS","@id":"https:\/\/newsestlyonnais.fr\/site\/#\/schema\/person\/3230d5615f390bb808365d673001e887"},"headline":"PUSIGNAN | Le REEL XV remporte le match au sommet face \u00e0 Pays de Gex","datePublished":"2019-02-04T13:46:03+00:00","dateModified":"2020-11-02T12:40:59+00:00","mainEntityOfPage":{"@id":"https:\/\/newsestlyonnais.fr\/site\/2019\/02\/04\/pusignan-le-reel-xv-remporte-le-match-au-sommet-face-a-pays-de-gex\/"},"wordCount":224,"commentCount":0,"publisher":{"@id":"https:\/\/newsestlyonnais.fr\/site\/#organization"},"articleSection":["CCEL | Communes","Foot | Rugby","Genas","Jons | Pusignan","Rugby \u00e0 XV"],"inLanguage":"fr-FR","potentialAction":[{"@type":"CommentAction","name":"Comment","target":["https:\/\/newsestlyonnais.fr\/site\/2019\/02\/04\/pusignan-le-reel-xv-remporte-le-match-au-sommet-face-a-pays-de-gex\/#respond"]}]},{"@type":"WebPage","@id":"https:\/\/newsestlyonnais.fr\/site\/2019\/02\/04\/pusignan-le-reel-xv-remporte-le-match-au-sommet-face-a-pays-de-gex\/","url":"https:\/\/newsestlyonnais.fr\/site\/2019\/02\/04\/pusignan-le-reel-xv-remporte-le-match-au-sommet-face-a-pays-de-gex\/","name":"PUSIGNAN | Le REEL XV remporte le match au sommet face \u00e0 Pays de Gex - News Est Lyonnais PUSIGNAN : Le REEL XV remporte le match au sommet face \u00e0 l'US Pays de Gex Rugby","isPartOf":{"@id":"https:\/\/newsestlyonnais.fr\/site\/#website"},"datePublished":"2019-02-04T13:46:03+00:00","dateModified":"2020-11-02T12:40:59+00:00","description":"PUSIGNAN : Le REEL XV remporte le match au sommet face \u00e0 l'US Pays de Gex Rugby","breadcrumb":{"@id":"https:\/\/newsestlyonnais.fr\/site\/2019\/02\/04\/pusignan-le-reel-xv-remporte-le-match-au-sommet-face-a-pays-de-gex\/#breadcrumb"},"inLanguage":"fr-FR","potentialAction":[{"@type":"ReadAction","target":["https:\/\/newsestlyonnais.fr\/site\/2019\/02\/04\/pusignan-le-reel-xv-remporte-le-match-au-sommet-face-a-pays-de-gex\/"]}]},{"@type":"BreadcrumbList","@id":"https:\/\/newsestlyonnais.fr\/site\/2019\/02\/04\/pusignan-le-reel-xv-remporte-le-match-au-sommet-face-a-pays-de-gex\/#breadcrumb","itemListElement":[{"@type":"ListItem","position":1,"name":"Accueil","item":"https:\/\/newsestlyonnais.fr\/site\/"},{"@type":"ListItem","position":2,"name":"PUSIGNAN | Le REEL XV remporte le match au sommet face \u00e0 Pays de Gex"}]},{"@type":"WebSite","@id":"https:\/\/newsestlyonnais.fr\/site\/#website","url":"https:\/\/newsestlyonnais.fr\/site\/","name":"News Est Lyonnais","description":"L&#039;actualit\u00e9 au plus pr\u00e8s","publisher":{"@id":"https:\/\/newsestlyonnais.fr\/site\/#organization"},"potentialAction":[{"@type":"SearchAction","target":{"@type":"EntryPoint","urlTemplate":"https:\/\/newsestlyonnais.fr\/site\/?s={search_term_string}"},"query-input":{"@type":"PropertyValueSpecification","valueRequired":true,"valueName":"search_term_string"}}],"inLanguage":"fr-FR"},{"@type":"Organization","@id":"https:\/\/newsestlyonnais.fr\/site\/#organization","name":"News EST LYONNAIS","url":"https:\/\/newsestlyonnais.fr\/site\/","logo":{"@type":"ImageObject","inLanguage":"fr-FR","@id":"https:\/\/newsestlyonnais.fr\/site\/#\/schema\/logo\/image\/","url":"","contentUrl":"","caption":"News EST LYONNAIS"},"image":{"@id":"https:\/\/newsestlyonnais.fr\/site\/#\/schema\/logo\/image\/"}},{"@type":"Person","@id":"https:\/\/newsestlyonnais.fr\/site\/#\/schema\/person\/3230d5615f390bb808365d673001e887","name":"R\u00e9dac. NEWS","sameAs":["http:\/\/www.newsestlyonnais.fr","https:\/\/www.facebook.com\/pascal.oberson.1?fref=ts","https:\/\/fr.linkedin.com\/in\/pascal-oberson-b17045113"],"url":"https:\/\/newsestlyonnais.fr\/site\/author\/nel\/"}]}},"_links":{"self":[{"href":"https:\/\/newsestlyonnais.fr\/site\/wp-json\/wp\/v2\/posts\/65602","targetHints":{"allow":["GET"]}}],"collection":[{"href":"https:\/\/newsestlyonnais.fr\/site\/wp-json\/wp\/v2\/posts"}],"about":[{"href":"https:\/\/newsestlyonnais.fr\/site\/wp-json\/wp\/v2\/types\/post"}],"author":[{"embeddable":true,"href":"https:\/\/newsestlyonnais.fr\/site\/wp-json\/wp\/v2\/users\/4"}],"replies":[{"embeddable":true,"href":"https:\/\/newsestlyonnais.fr\/site\/wp-json\/wp\/v2\/comments?post=65602"}],"version-history":[{"count":0,"href":"https:\/\/newsestlyonnais.fr\/site\/wp-json\/wp\/v2\/posts\/65602\/revisions"}],"wp:attachment":[{"href":"https:\/\/newsestlyonnais.fr\/site\/wp-json\/wp\/v2\/media?parent=65602"}],"wp:term":[{"taxonomy":"category","embeddable":true,"href":"https:\/\/newsestlyonnais.fr\/site\/wp-json\/wp\/v2\/categories?post=65602"},{"taxonomy":"post_tag","embeddable":true,"href":"https:\/\/newsestlyonnais.fr\/site\/wp-json\/wp\/v2\/tags?post=65602"}],"curies":[{"name":"wp","href":"https:\/\/api.w.org\/{rel}","templated":true}]}}