{"id":65654,"date":"2019-02-05T07:19:37","date_gmt":"2019-02-05T06:19:37","guid":{"rendered":"http:\/\/newsestlyonnais.fr\/site\/?p=65654"},"modified":"2020-11-16T11:36:37","modified_gmt":"2020-11-16T10:36:37","slug":"mions-festigones-2019-le-festival-a-vivre-en-famille","status":"publish","type":"post","link":"https:\/\/newsestlyonnais.fr\/site\/2019\/02\/05\/mions-festigones-2019-le-festival-a-vivre-en-famille\/","title":{"rendered":"MIONS | Festi\u2019G\u00f4nes 2019, le Festival \u00e0 vivre en famille"},"content":{"rendered":"<h4><em><strong>Une 9\u00b0 \u00e9dition plac\u00e9e sous le signe d\u2019avant-premi\u00e8res, du cirque, du num\u00e9rique et d\u2019ateliers in\u00e9dits !<br \/>\n<\/strong><\/em><\/h4>\n<p><span style=\"text-decoration: underline\"><strong><em>AU PROGRAMME :<\/em><\/strong><\/span><\/p>\n<ul>\n<li>4 SPECTACLES,<\/li>\n<li>4 FILMS,<\/li>\n<li>ATELIERS CR\u00c9ATIFS,<\/li>\n<li>EXPO,<\/li>\n<li>VEILL\u00c9E PYJAMA,<\/li>\n<li>CONTES<\/li>\n<li>SURPRISES\u2026.<\/li>\n<\/ul>\n<h3><strong>Du 19\/02 au 1\/03 <em>(vacances scolaires)<\/em> au centre culturel Jean- Moulin.<\/strong><\/h3>\n<ul>\n<li><strong>Plus d&rsquo;infos sur<\/strong> : <a href=\"http:\/\/www.mions.fr\/wp-content\/uploads\/2019\/01\/Festigones-2019-210x435-WEB.pdf\" target=\"_blank\" rel=\"noopener noreferrer\">http:\/\/www.mions.fr\/wp-content\/uploads\/2019\/01\/Festigones-2019-210&#215;435-WEB.pdf<\/a><\/li>\n<\/ul>\n<p>&nbsp;<\/p>\n<figure id=\"attachment_65626\" aria-describedby=\"caption-attachment-65626\" style=\"width: 224px\" class=\"wp-caption aligncenter\"><img loading=\"lazy\" decoding=\"async\" class=\"size-medium wp-image-65626\" src=\"https:\/\/newsestlyonnais.fr\/site\/medias\/2019\/02\/NEWSESTLYONNAIS-Festigones-2019-224x300.jpg\" alt=\"NEWSESTLYONNAIS Festigones-2019\" width=\"224\" height=\"300\" srcset=\"https:\/\/newsestlyonnais.fr\/site\/wp-content\/uploads\/2019\/02\/NEWSESTLYONNAIS-Festigones-2019-224x300.jpg 224w, https:\/\/newsestlyonnais.fr\/site\/wp-content\/uploads\/2019\/02\/NEWSESTLYONNAIS-Festigones-2019-560x750.jpg 560w, https:\/\/newsestlyonnais.fr\/site\/wp-content\/uploads\/2019\/02\/NEWSESTLYONNAIS-Festigones-2019-600x804.jpg 600w, https:\/\/newsestlyonnais.fr\/site\/wp-content\/uploads\/2019\/02\/NEWSESTLYONNAIS-Festigones-2019.jpg 764w\" sizes=\"auto, (max-width: 224px) 100vw, 224px\" \/><figcaption id=\"caption-attachment-65626\" class=\"wp-caption-text\">FESTI GONES 2019<\/figcaption><\/figure>\n","protected":false},"excerpt":{"rendered":"<p>Une 9\u00b0 \u00e9dition plac\u00e9e sous le signe d\u2019avant-premi\u00e8res, du cirque, du num\u00e9rique et d\u2019ateliers in\u00e9dits !<\/p>\n","protected":false},"author":4,"featured_media":65626,"comment_status":"open","ping_status":"open","sticky":false,"template":"","format":"standard","meta":{"footnotes":""},"categories":[171,1286],"tags":[2123,2128],"class_list":["post-65654","post","type-post","status-publish","format-standard","has-post-thumbnail","hentry","category-enfance-jeunesse","category-mions","tag-festival","tag-mions"],"yoast_head":"<!-- This site is optimized with the Yoast SEO plugin v27.2 - https:\/\/yoast.com\/product\/yoast-seo-wordpress\/ -->\n<title>MIONS | Festi\u2019G\u00f4nes 2019, le Festival \u00e0 vivre en famille - News Est Lyonnais MIONS : Festi\u2019G\u00f4nes 2019, le Festival \u00e0 vivre en famille<\/title>\n<meta name=\"description\" content=\"MIONS : Festi\u2019G\u00f4nes 2019, le Festival \u00e0 vivre en famille\" \/>\n<meta name=\"robots\" content=\"index, follow, max-snippet:-1, max-image-preview:large, max-video-preview:-1\" \/>\n<link rel=\"canonical\" href=\"https:\/\/newsestlyonnais.fr\/site\/2019\/02\/05\/mions-festigones-2019-le-festival-a-vivre-en-famille\/\" \/>\n<meta property=\"og:locale\" content=\"fr_FR\" \/>\n<meta property=\"og:type\" content=\"article\" \/>\n<meta property=\"og:title\" content=\"MIONS | Festi\u2019G\u00f4nes 2019, le Festival \u00e0 vivre en famille - News Est Lyonnais MIONS : Festi\u2019G\u00f4nes 2019, le Festival \u00e0 vivre en famille\" \/>\n<meta property=\"og:description\" content=\"MIONS : Festi\u2019G\u00f4nes 2019, le Festival \u00e0 vivre en famille\" \/>\n<meta property=\"og:url\" content=\"https:\/\/newsestlyonnais.fr\/site\/2019\/02\/05\/mions-festigones-2019-le-festival-a-vivre-en-famille\/\" \/>\n<meta property=\"og:site_name\" content=\"News Est Lyonnais\" \/>\n<meta property=\"article:author\" content=\"https:\/\/www.facebook.com\/pascal.oberson.1?fref=ts\" \/>\n<meta property=\"article:published_time\" content=\"2019-02-05T06:19:37+00:00\" \/>\n<meta property=\"article:modified_time\" content=\"2020-11-16T10:36:37+00:00\" \/>\n<meta property=\"og:image\" content=\"https:\/\/i0.wp.com\/newsestlyonnais.fr\/site\/wp-content\/uploads\/2019\/02\/NEWSESTLYONNAIS-Festigones-2019.jpg?fit=764%2C1024&ssl=1\" \/>\n\t<meta property=\"og:image:width\" content=\"764\" \/>\n\t<meta property=\"og:image:height\" content=\"1024\" \/>\n\t<meta property=\"og:image:type\" content=\"image\/jpeg\" \/>\n<meta name=\"author\" content=\"R\u00e9dac. NEWS\" \/>\n<meta name=\"twitter:card\" content=\"summary_large_image\" \/>\n<meta name=\"twitter:label1\" content=\"\u00c9crit par\" \/>\n\t<meta name=\"twitter:data1\" content=\"R\u00e9dac. NEWS\" \/>\n<script type=\"application\/ld+json\" class=\"yoast-schema-graph\">{\"@context\":\"https:\/\/schema.org\",\"@graph\":[{\"@type\":\"Article\",\"@id\":\"https:\/\/newsestlyonnais.fr\/site\/2019\/02\/05\/mions-festigones-2019-le-festival-a-vivre-en-famille\/#article\",\"isPartOf\":{\"@id\":\"https:\/\/newsestlyonnais.fr\/site\/2019\/02\/05\/mions-festigones-2019-le-festival-a-vivre-en-famille\/\"},\"author\":{\"name\":\"R\u00e9dac. NEWS\",\"@id\":\"https:\/\/newsestlyonnais.fr\/site\/#\/schema\/person\/3230d5615f390bb808365d673001e887\"},\"headline\":\"MIONS | Festi\u2019G\u00f4nes 2019, le Festival \u00e0 vivre en famille\",\"datePublished\":\"2019-02-05T06:19:37+00:00\",\"dateModified\":\"2020-11-16T10:36:37+00:00\",\"mainEntityOfPage\":{\"@id\":\"https:\/\/newsestlyonnais.fr\/site\/2019\/02\/05\/mions-festigones-2019-le-festival-a-vivre-en-famille\/\"},\"wordCount\":76,\"commentCount\":0,\"publisher\":{\"@id\":\"https:\/\/newsestlyonnais.fr\/site\/#organization\"},\"image\":{\"@id\":\"https:\/\/newsestlyonnais.fr\/site\/2019\/02\/05\/mions-festigones-2019-le-festival-a-vivre-en-famille\/#primaryimage\"},\"thumbnailUrl\":\"https:\/\/newsestlyonnais.fr\/site\/wp-content\/uploads\/2019\/02\/NEWSESTLYONNAIS-Festigones-2019.jpg\",\"keywords\":[\"FESTIVAL\",\"MIONS\"],\"articleSection\":[\"Enfance | Jeunesse\",\"Mions\"],\"inLanguage\":\"fr-FR\",\"potentialAction\":[{\"@type\":\"CommentAction\",\"name\":\"Comment\",\"target\":[\"https:\/\/newsestlyonnais.fr\/site\/2019\/02\/05\/mions-festigones-2019-le-festival-a-vivre-en-famille\/#respond\"]}]},{\"@type\":\"WebPage\",\"@id\":\"https:\/\/newsestlyonnais.fr\/site\/2019\/02\/05\/mions-festigones-2019-le-festival-a-vivre-en-famille\/\",\"url\":\"https:\/\/newsestlyonnais.fr\/site\/2019\/02\/05\/mions-festigones-2019-le-festival-a-vivre-en-famille\/\",\"name\":\"MIONS | Festi\u2019G\u00f4nes 2019, le Festival \u00e0 vivre en famille - News Est Lyonnais MIONS : Festi\u2019G\u00f4nes 2019, le Festival \u00e0 vivre en famille\",\"isPartOf\":{\"@id\":\"https:\/\/newsestlyonnais.fr\/site\/#website\"},\"primaryImageOfPage\":{\"@id\":\"https:\/\/newsestlyonnais.fr\/site\/2019\/02\/05\/mions-festigones-2019-le-festival-a-vivre-en-famille\/#primaryimage\"},\"image\":{\"@id\":\"https:\/\/newsestlyonnais.fr\/site\/2019\/02\/05\/mions-festigones-2019-le-festival-a-vivre-en-famille\/#primaryimage\"},\"thumbnailUrl\":\"https:\/\/newsestlyonnais.fr\/site\/wp-content\/uploads\/2019\/02\/NEWSESTLYONNAIS-Festigones-2019.jpg\",\"datePublished\":\"2019-02-05T06:19:37+00:00\",\"dateModified\":\"2020-11-16T10:36:37+00:00\",\"description\":\"MIONS : Festi\u2019G\u00f4nes 2019, le Festival \u00e0 vivre en famille\",\"breadcrumb\":{\"@id\":\"https:\/\/newsestlyonnais.fr\/site\/2019\/02\/05\/mions-festigones-2019-le-festival-a-vivre-en-famille\/#breadcrumb\"},\"inLanguage\":\"fr-FR\",\"potentialAction\":[{\"@type\":\"ReadAction\",\"target\":[\"https:\/\/newsestlyonnais.fr\/site\/2019\/02\/05\/mions-festigones-2019-le-festival-a-vivre-en-famille\/\"]}]},{\"@type\":\"ImageObject\",\"inLanguage\":\"fr-FR\",\"@id\":\"https:\/\/newsestlyonnais.fr\/site\/2019\/02\/05\/mions-festigones-2019-le-festival-a-vivre-en-famille\/#primaryimage\",\"url\":\"https:\/\/newsestlyonnais.fr\/site\/wp-content\/uploads\/2019\/02\/NEWSESTLYONNAIS-Festigones-2019.jpg\",\"contentUrl\":\"https:\/\/newsestlyonnais.fr\/site\/wp-content\/uploads\/2019\/02\/NEWSESTLYONNAIS-Festigones-2019.jpg\",\"width\":764,\"height\":1024,\"caption\":\"FESTI GONES 2019\"},{\"@type\":\"BreadcrumbList\",\"@id\":\"https:\/\/newsestlyonnais.fr\/site\/2019\/02\/05\/mions-festigones-2019-le-festival-a-vivre-en-famille\/#breadcrumb\",\"itemListElement\":[{\"@type\":\"ListItem\",\"position\":1,\"name\":\"Accueil\",\"item\":\"https:\/\/newsestlyonnais.fr\/site\/\"},{\"@type\":\"ListItem\",\"position\":2,\"name\":\"MIONS | Festi\u2019G\u00f4nes 2019, le Festival \u00e0 vivre en famille\"}]},{\"@type\":\"WebSite\",\"@id\":\"https:\/\/newsestlyonnais.fr\/site\/#website\",\"url\":\"https:\/\/newsestlyonnais.fr\/site\/\",\"name\":\"News Est Lyonnais\",\"description\":\"L&#039;actualit\u00e9 au plus pr\u00e8s\",\"publisher\":{\"@id\":\"https:\/\/newsestlyonnais.fr\/site\/#organization\"},\"potentialAction\":[{\"@type\":\"SearchAction\",\"target\":{\"@type\":\"EntryPoint\",\"urlTemplate\":\"https:\/\/newsestlyonnais.fr\/site\/?s={search_term_string}\"},\"query-input\":{\"@type\":\"PropertyValueSpecification\",\"valueRequired\":true,\"valueName\":\"search_term_string\"}}],\"inLanguage\":\"fr-FR\"},{\"@type\":\"Organization\",\"@id\":\"https:\/\/newsestlyonnais.fr\/site\/#organization\",\"name\":\"News EST LYONNAIS\",\"url\":\"https:\/\/newsestlyonnais.fr\/site\/\",\"logo\":{\"@type\":\"ImageObject\",\"inLanguage\":\"fr-FR\",\"@id\":\"https:\/\/newsestlyonnais.fr\/site\/#\/schema\/logo\/image\/\",\"url\":\"\",\"contentUrl\":\"\",\"caption\":\"News EST LYONNAIS\"},\"image\":{\"@id\":\"https:\/\/newsestlyonnais.fr\/site\/#\/schema\/logo\/image\/\"}},{\"@type\":\"Person\",\"@id\":\"https:\/\/newsestlyonnais.fr\/site\/#\/schema\/person\/3230d5615f390bb808365d673001e887\",\"name\":\"R\u00e9dac. NEWS\",\"sameAs\":[\"http:\/\/www.newsestlyonnais.fr\",\"https:\/\/www.facebook.com\/pascal.oberson.1?fref=ts\",\"https:\/\/fr.linkedin.com\/in\/pascal-oberson-b17045113\"],\"url\":\"https:\/\/newsestlyonnais.fr\/site\/author\/nel\/\"}]}<\/script>\n<!-- \/ Yoast SEO plugin. -->","yoast_head_json":{"title":"MIONS | Festi\u2019G\u00f4nes 2019, le Festival \u00e0 vivre en famille - News Est Lyonnais MIONS : Festi\u2019G\u00f4nes 2019, le Festival \u00e0 vivre en famille","description":"MIONS : Festi\u2019G\u00f4nes 2019, le Festival \u00e0 vivre en famille","robots":{"index":"index","follow":"follow","max-snippet":"max-snippet:-1","max-image-preview":"max-image-preview:large","max-video-preview":"max-video-preview:-1"},"canonical":"https:\/\/newsestlyonnais.fr\/site\/2019\/02\/05\/mions-festigones-2019-le-festival-a-vivre-en-famille\/","og_locale":"fr_FR","og_type":"article","og_title":"MIONS | Festi\u2019G\u00f4nes 2019, le Festival \u00e0 vivre en famille - News Est Lyonnais MIONS : Festi\u2019G\u00f4nes 2019, le Festival \u00e0 vivre en famille","og_description":"MIONS : Festi\u2019G\u00f4nes 2019, le Festival \u00e0 vivre en famille","og_url":"https:\/\/newsestlyonnais.fr\/site\/2019\/02\/05\/mions-festigones-2019-le-festival-a-vivre-en-famille\/","og_site_name":"News Est Lyonnais","article_author":"https:\/\/www.facebook.com\/pascal.oberson.1?fref=ts","article_published_time":"2019-02-05T06:19:37+00:00","article_modified_time":"2020-11-16T10:36:37+00:00","og_image":[{"width":764,"height":1024,"url":"https:\/\/i0.wp.com\/newsestlyonnais.fr\/site\/wp-content\/uploads\/2019\/02\/NEWSESTLYONNAIS-Festigones-2019.jpg?fit=764%2C1024&ssl=1","type":"image\/jpeg"}],"author":"R\u00e9dac. NEWS","twitter_card":"summary_large_image","twitter_misc":{"\u00c9crit par":"R\u00e9dac. NEWS"},"schema":{"@context":"https:\/\/schema.org","@graph":[{"@type":"Article","@id":"https:\/\/newsestlyonnais.fr\/site\/2019\/02\/05\/mions-festigones-2019-le-festival-a-vivre-en-famille\/#article","isPartOf":{"@id":"https:\/\/newsestlyonnais.fr\/site\/2019\/02\/05\/mions-festigones-2019-le-festival-a-vivre-en-famille\/"},"author":{"name":"R\u00e9dac. NEWS","@id":"https:\/\/newsestlyonnais.fr\/site\/#\/schema\/person\/3230d5615f390bb808365d673001e887"},"headline":"MIONS | Festi\u2019G\u00f4nes 2019, le Festival \u00e0 vivre en famille","datePublished":"2019-02-05T06:19:37+00:00","dateModified":"2020-11-16T10:36:37+00:00","mainEntityOfPage":{"@id":"https:\/\/newsestlyonnais.fr\/site\/2019\/02\/05\/mions-festigones-2019-le-festival-a-vivre-en-famille\/"},"wordCount":76,"commentCount":0,"publisher":{"@id":"https:\/\/newsestlyonnais.fr\/site\/#organization"},"image":{"@id":"https:\/\/newsestlyonnais.fr\/site\/2019\/02\/05\/mions-festigones-2019-le-festival-a-vivre-en-famille\/#primaryimage"},"thumbnailUrl":"https:\/\/newsestlyonnais.fr\/site\/wp-content\/uploads\/2019\/02\/NEWSESTLYONNAIS-Festigones-2019.jpg","keywords":["FESTIVAL","MIONS"],"articleSection":["Enfance | Jeunesse","Mions"],"inLanguage":"fr-FR","potentialAction":[{"@type":"CommentAction","name":"Comment","target":["https:\/\/newsestlyonnais.fr\/site\/2019\/02\/05\/mions-festigones-2019-le-festival-a-vivre-en-famille\/#respond"]}]},{"@type":"WebPage","@id":"https:\/\/newsestlyonnais.fr\/site\/2019\/02\/05\/mions-festigones-2019-le-festival-a-vivre-en-famille\/","url":"https:\/\/newsestlyonnais.fr\/site\/2019\/02\/05\/mions-festigones-2019-le-festival-a-vivre-en-famille\/","name":"MIONS | Festi\u2019G\u00f4nes 2019, le Festival \u00e0 vivre en famille - News Est Lyonnais MIONS : Festi\u2019G\u00f4nes 2019, le Festival \u00e0 vivre en famille","isPartOf":{"@id":"https:\/\/newsestlyonnais.fr\/site\/#website"},"primaryImageOfPage":{"@id":"https:\/\/newsestlyonnais.fr\/site\/2019\/02\/05\/mions-festigones-2019-le-festival-a-vivre-en-famille\/#primaryimage"},"image":{"@id":"https:\/\/newsestlyonnais.fr\/site\/2019\/02\/05\/mions-festigones-2019-le-festival-a-vivre-en-famille\/#primaryimage"},"thumbnailUrl":"https:\/\/newsestlyonnais.fr\/site\/wp-content\/uploads\/2019\/02\/NEWSESTLYONNAIS-Festigones-2019.jpg","datePublished":"2019-02-05T06:19:37+00:00","dateModified":"2020-11-16T10:36:37+00:00","description":"MIONS : Festi\u2019G\u00f4nes 2019, le Festival \u00e0 vivre en famille","breadcrumb":{"@id":"https:\/\/newsestlyonnais.fr\/site\/2019\/02\/05\/mions-festigones-2019-le-festival-a-vivre-en-famille\/#breadcrumb"},"inLanguage":"fr-FR","potentialAction":[{"@type":"ReadAction","target":["https:\/\/newsestlyonnais.fr\/site\/2019\/02\/05\/mions-festigones-2019-le-festival-a-vivre-en-famille\/"]}]},{"@type":"ImageObject","inLanguage":"fr-FR","@id":"https:\/\/newsestlyonnais.fr\/site\/2019\/02\/05\/mions-festigones-2019-le-festival-a-vivre-en-famille\/#primaryimage","url":"https:\/\/newsestlyonnais.fr\/site\/wp-content\/uploads\/2019\/02\/NEWSESTLYONNAIS-Festigones-2019.jpg","contentUrl":"https:\/\/newsestlyonnais.fr\/site\/wp-content\/uploads\/2019\/02\/NEWSESTLYONNAIS-Festigones-2019.jpg","width":764,"height":1024,"caption":"FESTI GONES 2019"},{"@type":"BreadcrumbList","@id":"https:\/\/newsestlyonnais.fr\/site\/2019\/02\/05\/mions-festigones-2019-le-festival-a-vivre-en-famille\/#breadcrumb","itemListElement":[{"@type":"ListItem","position":1,"name":"Accueil","item":"https:\/\/newsestlyonnais.fr\/site\/"},{"@type":"ListItem","position":2,"name":"MIONS | Festi\u2019G\u00f4nes 2019, le Festival \u00e0 vivre en famille"}]},{"@type":"WebSite","@id":"https:\/\/newsestlyonnais.fr\/site\/#website","url":"https:\/\/newsestlyonnais.fr\/site\/","name":"News Est Lyonnais","description":"L&#039;actualit\u00e9 au plus pr\u00e8s","publisher":{"@id":"https:\/\/newsestlyonnais.fr\/site\/#organization"},"potentialAction":[{"@type":"SearchAction","target":{"@type":"EntryPoint","urlTemplate":"https:\/\/newsestlyonnais.fr\/site\/?s={search_term_string}"},"query-input":{"@type":"PropertyValueSpecification","valueRequired":true,"valueName":"search_term_string"}}],"inLanguage":"fr-FR"},{"@type":"Organization","@id":"https:\/\/newsestlyonnais.fr\/site\/#organization","name":"News EST LYONNAIS","url":"https:\/\/newsestlyonnais.fr\/site\/","logo":{"@type":"ImageObject","inLanguage":"fr-FR","@id":"https:\/\/newsestlyonnais.fr\/site\/#\/schema\/logo\/image\/","url":"","contentUrl":"","caption":"News EST LYONNAIS"},"image":{"@id":"https:\/\/newsestlyonnais.fr\/site\/#\/schema\/logo\/image\/"}},{"@type":"Person","@id":"https:\/\/newsestlyonnais.fr\/site\/#\/schema\/person\/3230d5615f390bb808365d673001e887","name":"R\u00e9dac. NEWS","sameAs":["http:\/\/www.newsestlyonnais.fr","https:\/\/www.facebook.com\/pascal.oberson.1?fref=ts","https:\/\/fr.linkedin.com\/in\/pascal-oberson-b17045113"],"url":"https:\/\/newsestlyonnais.fr\/site\/author\/nel\/"}]}},"_links":{"self":[{"href":"https:\/\/newsestlyonnais.fr\/site\/wp-json\/wp\/v2\/posts\/65654","targetHints":{"allow":["GET"]}}],"collection":[{"href":"https:\/\/newsestlyonnais.fr\/site\/wp-json\/wp\/v2\/posts"}],"about":[{"href":"https:\/\/newsestlyonnais.fr\/site\/wp-json\/wp\/v2\/types\/post"}],"author":[{"embeddable":true,"href":"https:\/\/newsestlyonnais.fr\/site\/wp-json\/wp\/v2\/users\/4"}],"replies":[{"embeddable":true,"href":"https:\/\/newsestlyonnais.fr\/site\/wp-json\/wp\/v2\/comments?post=65654"}],"version-history":[{"count":0,"href":"https:\/\/newsestlyonnais.fr\/site\/wp-json\/wp\/v2\/posts\/65654\/revisions"}],"wp:featuredmedia":[{"embeddable":true,"href":"https:\/\/newsestlyonnais.fr\/site\/wp-json\/wp\/v2\/media\/65626"}],"wp:attachment":[{"href":"https:\/\/newsestlyonnais.fr\/site\/wp-json\/wp\/v2\/media?parent=65654"}],"wp:term":[{"taxonomy":"category","embeddable":true,"href":"https:\/\/newsestlyonnais.fr\/site\/wp-json\/wp\/v2\/categories?post=65654"},{"taxonomy":"post_tag","embeddable":true,"href":"https:\/\/newsestlyonnais.fr\/site\/wp-json\/wp\/v2\/tags?post=65654"}],"curies":[{"name":"wp","href":"https:\/\/api.w.org\/{rel}","templated":true}]}}