{"id":65663,"date":"2019-02-05T07:45:32","date_gmt":"2019-02-05T06:45:32","guid":{"rendered":"http:\/\/newsestlyonnais.fr\/site\/?p=65663"},"modified":"2020-11-20T13:18:19","modified_gmt":"2020-11-20T12:18:19","slug":"vaulx-en-velin-lartistorium-expose-du-1-fevrier-a-fin-mars-2019-sur-les-murs-du-prestantine","status":"publish","type":"post","link":"https:\/\/newsestlyonnais.fr\/site\/2019\/02\/05\/vaulx-en-velin-lartistorium-expose-du-1-fevrier-a-fin-mars-2019-sur-les-murs-du-prestantine\/","title":{"rendered":"VAULX-EN-VELIN | L&rsquo;Artistorium expose sur les murs du Prestantine"},"content":{"rendered":"<h4>L&rsquo;Artistorium expose du 1\u00b0 F\u00e9vrier \u00e0 fin Mars 2019 sur les murs du Restaurant \u00a0\u00bb Prestantine \u00a0\u00bb au village<br \/>\nsur le th\u00e8me\u00a0\u00bb les bateaux au port \u00a0\u00bb des travaux des participants aux cours de peinture du samedi matin.<\/h4>\n<ul>\n<li>Ouvert du lundi au vendredi \u00e0 midi<\/li>\n<li>ARTISTORIUM, 1 All\u00e9e de la Boule en Soie \u00e0 Vaulx en Velin.<\/li>\n<li>Contacts : artistorium@orange.fr ou secr\u00e9tariat : 06 70 28 17 27<\/li>\n<li><a href=\"http:\/\/www.artistorium-asso.com\" target=\"_blank\" rel=\"noopener noreferrer\">http:\/\/www.artistorium-asso.com<\/a> et page Facebook<\/li>\n<\/ul>\n","protected":false},"excerpt":{"rendered":"<p>L&rsquo;Artistorium expose du 1\u00b0 F\u00e9vrier \u00e0 fin Mars 2019 sur les murs du Restaurant \u00a0\u00bb Prestantine \u00a0\u00bb au village sur le th\u00e8me\u00a0\u00bb les bateaux au port \u00a0\u00bb des travaux des participants aux cours de peinture du samedi matin. Ouvert du lundi au vendredi \u00e0 midi ARTISTORIUM, 1 All\u00e9e de la Boule en Soie \u00e0 Vaulx [&hellip;]<\/p>\n","protected":false},"author":4,"featured_media":0,"comment_status":"open","ping_status":"open","sticky":false,"template":"","format":"standard","meta":{"footnotes":""},"categories":[3443,3329,3007,28],"tags":[],"class_list":["post-65663","post","type-post","status-publish","format-standard","hentry","category-aviation-nautisme","category-expos-foires-musees-salons","category-peinture-photo-sculpture","category-vaulx-en-velin"],"yoast_head":"<!-- This site is optimized with the Yoast SEO plugin v27.2 - https:\/\/yoast.com\/product\/yoast-seo-wordpress\/ -->\n<title>VAULX-EN-VELIN | L&#039;Artistorium expose sur les murs du Prestantine - News Est Lyonnais vaulx-en-velin-lartistorium-expose-du-1-fevrier-a-fin-mars-2019-sur-les-murs-du-prestantine<\/title>\n<meta name=\"description\" content=\"vaulx-en-velin-lartistorium-expose-du-1-fevrier-a-fin-mars-2019-sur-les-murs-du-prestantine\" \/>\n<meta name=\"robots\" content=\"index, follow, max-snippet:-1, max-image-preview:large, max-video-preview:-1\" \/>\n<link rel=\"canonical\" href=\"https:\/\/newsestlyonnais.fr\/site\/2019\/02\/05\/vaulx-en-velin-lartistorium-expose-du-1-fevrier-a-fin-mars-2019-sur-les-murs-du-prestantine\/\" \/>\n<meta property=\"og:locale\" content=\"fr_FR\" \/>\n<meta property=\"og:type\" content=\"article\" \/>\n<meta property=\"og:title\" content=\"VAULX-EN-VELIN | L&#039;Artistorium expose sur les murs du Prestantine - News Est Lyonnais vaulx-en-velin-lartistorium-expose-du-1-fevrier-a-fin-mars-2019-sur-les-murs-du-prestantine\" \/>\n<meta property=\"og:description\" content=\"vaulx-en-velin-lartistorium-expose-du-1-fevrier-a-fin-mars-2019-sur-les-murs-du-prestantine\" \/>\n<meta property=\"og:url\" content=\"https:\/\/newsestlyonnais.fr\/site\/2019\/02\/05\/vaulx-en-velin-lartistorium-expose-du-1-fevrier-a-fin-mars-2019-sur-les-murs-du-prestantine\/\" \/>\n<meta property=\"og:site_name\" content=\"News Est Lyonnais\" \/>\n<meta property=\"article:author\" content=\"https:\/\/www.facebook.com\/pascal.oberson.1?fref=ts\" \/>\n<meta property=\"article:published_time\" content=\"2019-02-05T06:45:32+00:00\" \/>\n<meta property=\"article:modified_time\" content=\"2020-11-20T12:18:19+00:00\" \/>\n<meta name=\"author\" content=\"R\u00e9dac. NEWS\" \/>\n<meta name=\"twitter:card\" content=\"summary_large_image\" \/>\n<meta name=\"twitter:label1\" content=\"\u00c9crit par\" \/>\n\t<meta name=\"twitter:data1\" content=\"R\u00e9dac. NEWS\" \/>\n<script type=\"application\/ld+json\" class=\"yoast-schema-graph\">{\"@context\":\"https:\/\/schema.org\",\"@graph\":[{\"@type\":\"Article\",\"@id\":\"https:\/\/newsestlyonnais.fr\/site\/2019\/02\/05\/vaulx-en-velin-lartistorium-expose-du-1-fevrier-a-fin-mars-2019-sur-les-murs-du-prestantine\/#article\",\"isPartOf\":{\"@id\":\"https:\/\/newsestlyonnais.fr\/site\/2019\/02\/05\/vaulx-en-velin-lartistorium-expose-du-1-fevrier-a-fin-mars-2019-sur-les-murs-du-prestantine\/\"},\"author\":{\"name\":\"R\u00e9dac. NEWS\",\"@id\":\"https:\/\/newsestlyonnais.fr\/site\/#\/schema\/person\/3230d5615f390bb808365d673001e887\"},\"headline\":\"VAULX-EN-VELIN | L&rsquo;Artistorium expose sur les murs du Prestantine\",\"datePublished\":\"2019-02-05T06:45:32+00:00\",\"dateModified\":\"2020-11-20T12:18:19+00:00\",\"mainEntityOfPage\":{\"@id\":\"https:\/\/newsestlyonnais.fr\/site\/2019\/02\/05\/vaulx-en-velin-lartistorium-expose-du-1-fevrier-a-fin-mars-2019-sur-les-murs-du-prestantine\/\"},\"wordCount\":75,\"commentCount\":0,\"publisher\":{\"@id\":\"https:\/\/newsestlyonnais.fr\/site\/#organization\"},\"articleSection\":[\"Aviation | Nautisme\",\"Expos | Foires | Mus\u00e9es | Salons\",\"Peinture | Photo | Sculpture\",\"Vaulx-en-Velin\"],\"inLanguage\":\"fr-FR\",\"potentialAction\":[{\"@type\":\"CommentAction\",\"name\":\"Comment\",\"target\":[\"https:\/\/newsestlyonnais.fr\/site\/2019\/02\/05\/vaulx-en-velin-lartistorium-expose-du-1-fevrier-a-fin-mars-2019-sur-les-murs-du-prestantine\/#respond\"]}]},{\"@type\":\"WebPage\",\"@id\":\"https:\/\/newsestlyonnais.fr\/site\/2019\/02\/05\/vaulx-en-velin-lartistorium-expose-du-1-fevrier-a-fin-mars-2019-sur-les-murs-du-prestantine\/\",\"url\":\"https:\/\/newsestlyonnais.fr\/site\/2019\/02\/05\/vaulx-en-velin-lartistorium-expose-du-1-fevrier-a-fin-mars-2019-sur-les-murs-du-prestantine\/\",\"name\":\"VAULX-EN-VELIN | L'Artistorium expose sur les murs du Prestantine - News Est Lyonnais vaulx-en-velin-lartistorium-expose-du-1-fevrier-a-fin-mars-2019-sur-les-murs-du-prestantine\",\"isPartOf\":{\"@id\":\"https:\/\/newsestlyonnais.fr\/site\/#website\"},\"datePublished\":\"2019-02-05T06:45:32+00:00\",\"dateModified\":\"2020-11-20T12:18:19+00:00\",\"description\":\"vaulx-en-velin-lartistorium-expose-du-1-fevrier-a-fin-mars-2019-sur-les-murs-du-prestantine\",\"breadcrumb\":{\"@id\":\"https:\/\/newsestlyonnais.fr\/site\/2019\/02\/05\/vaulx-en-velin-lartistorium-expose-du-1-fevrier-a-fin-mars-2019-sur-les-murs-du-prestantine\/#breadcrumb\"},\"inLanguage\":\"fr-FR\",\"potentialAction\":[{\"@type\":\"ReadAction\",\"target\":[\"https:\/\/newsestlyonnais.fr\/site\/2019\/02\/05\/vaulx-en-velin-lartistorium-expose-du-1-fevrier-a-fin-mars-2019-sur-les-murs-du-prestantine\/\"]}]},{\"@type\":\"BreadcrumbList\",\"@id\":\"https:\/\/newsestlyonnais.fr\/site\/2019\/02\/05\/vaulx-en-velin-lartistorium-expose-du-1-fevrier-a-fin-mars-2019-sur-les-murs-du-prestantine\/#breadcrumb\",\"itemListElement\":[{\"@type\":\"ListItem\",\"position\":1,\"name\":\"Accueil\",\"item\":\"https:\/\/newsestlyonnais.fr\/site\/\"},{\"@type\":\"ListItem\",\"position\":2,\"name\":\"VAULX-EN-VELIN | L&rsquo;Artistorium expose sur les murs du Prestantine\"}]},{\"@type\":\"WebSite\",\"@id\":\"https:\/\/newsestlyonnais.fr\/site\/#website\",\"url\":\"https:\/\/newsestlyonnais.fr\/site\/\",\"name\":\"News Est Lyonnais\",\"description\":\"L&#039;actualit\u00e9 au plus pr\u00e8s\",\"publisher\":{\"@id\":\"https:\/\/newsestlyonnais.fr\/site\/#organization\"},\"potentialAction\":[{\"@type\":\"SearchAction\",\"target\":{\"@type\":\"EntryPoint\",\"urlTemplate\":\"https:\/\/newsestlyonnais.fr\/site\/?s={search_term_string}\"},\"query-input\":{\"@type\":\"PropertyValueSpecification\",\"valueRequired\":true,\"valueName\":\"search_term_string\"}}],\"inLanguage\":\"fr-FR\"},{\"@type\":\"Organization\",\"@id\":\"https:\/\/newsestlyonnais.fr\/site\/#organization\",\"name\":\"News EST LYONNAIS\",\"url\":\"https:\/\/newsestlyonnais.fr\/site\/\",\"logo\":{\"@type\":\"ImageObject\",\"inLanguage\":\"fr-FR\",\"@id\":\"https:\/\/newsestlyonnais.fr\/site\/#\/schema\/logo\/image\/\",\"url\":\"\",\"contentUrl\":\"\",\"caption\":\"News EST LYONNAIS\"},\"image\":{\"@id\":\"https:\/\/newsestlyonnais.fr\/site\/#\/schema\/logo\/image\/\"}},{\"@type\":\"Person\",\"@id\":\"https:\/\/newsestlyonnais.fr\/site\/#\/schema\/person\/3230d5615f390bb808365d673001e887\",\"name\":\"R\u00e9dac. NEWS\",\"sameAs\":[\"http:\/\/www.newsestlyonnais.fr\",\"https:\/\/www.facebook.com\/pascal.oberson.1?fref=ts\",\"https:\/\/fr.linkedin.com\/in\/pascal-oberson-b17045113\"],\"url\":\"https:\/\/newsestlyonnais.fr\/site\/author\/nel\/\"}]}<\/script>\n<!-- \/ Yoast SEO plugin. -->","yoast_head_json":{"title":"VAULX-EN-VELIN | L'Artistorium expose sur les murs du Prestantine - News Est Lyonnais vaulx-en-velin-lartistorium-expose-du-1-fevrier-a-fin-mars-2019-sur-les-murs-du-prestantine","description":"vaulx-en-velin-lartistorium-expose-du-1-fevrier-a-fin-mars-2019-sur-les-murs-du-prestantine","robots":{"index":"index","follow":"follow","max-snippet":"max-snippet:-1","max-image-preview":"max-image-preview:large","max-video-preview":"max-video-preview:-1"},"canonical":"https:\/\/newsestlyonnais.fr\/site\/2019\/02\/05\/vaulx-en-velin-lartistorium-expose-du-1-fevrier-a-fin-mars-2019-sur-les-murs-du-prestantine\/","og_locale":"fr_FR","og_type":"article","og_title":"VAULX-EN-VELIN | L'Artistorium expose sur les murs du Prestantine - News Est Lyonnais vaulx-en-velin-lartistorium-expose-du-1-fevrier-a-fin-mars-2019-sur-les-murs-du-prestantine","og_description":"vaulx-en-velin-lartistorium-expose-du-1-fevrier-a-fin-mars-2019-sur-les-murs-du-prestantine","og_url":"https:\/\/newsestlyonnais.fr\/site\/2019\/02\/05\/vaulx-en-velin-lartistorium-expose-du-1-fevrier-a-fin-mars-2019-sur-les-murs-du-prestantine\/","og_site_name":"News Est Lyonnais","article_author":"https:\/\/www.facebook.com\/pascal.oberson.1?fref=ts","article_published_time":"2019-02-05T06:45:32+00:00","article_modified_time":"2020-11-20T12:18:19+00:00","author":"R\u00e9dac. NEWS","twitter_card":"summary_large_image","twitter_misc":{"\u00c9crit par":"R\u00e9dac. NEWS"},"schema":{"@context":"https:\/\/schema.org","@graph":[{"@type":"Article","@id":"https:\/\/newsestlyonnais.fr\/site\/2019\/02\/05\/vaulx-en-velin-lartistorium-expose-du-1-fevrier-a-fin-mars-2019-sur-les-murs-du-prestantine\/#article","isPartOf":{"@id":"https:\/\/newsestlyonnais.fr\/site\/2019\/02\/05\/vaulx-en-velin-lartistorium-expose-du-1-fevrier-a-fin-mars-2019-sur-les-murs-du-prestantine\/"},"author":{"name":"R\u00e9dac. NEWS","@id":"https:\/\/newsestlyonnais.fr\/site\/#\/schema\/person\/3230d5615f390bb808365d673001e887"},"headline":"VAULX-EN-VELIN | L&rsquo;Artistorium expose sur les murs du Prestantine","datePublished":"2019-02-05T06:45:32+00:00","dateModified":"2020-11-20T12:18:19+00:00","mainEntityOfPage":{"@id":"https:\/\/newsestlyonnais.fr\/site\/2019\/02\/05\/vaulx-en-velin-lartistorium-expose-du-1-fevrier-a-fin-mars-2019-sur-les-murs-du-prestantine\/"},"wordCount":75,"commentCount":0,"publisher":{"@id":"https:\/\/newsestlyonnais.fr\/site\/#organization"},"articleSection":["Aviation | Nautisme","Expos | Foires | Mus\u00e9es | Salons","Peinture | Photo | Sculpture","Vaulx-en-Velin"],"inLanguage":"fr-FR","potentialAction":[{"@type":"CommentAction","name":"Comment","target":["https:\/\/newsestlyonnais.fr\/site\/2019\/02\/05\/vaulx-en-velin-lartistorium-expose-du-1-fevrier-a-fin-mars-2019-sur-les-murs-du-prestantine\/#respond"]}]},{"@type":"WebPage","@id":"https:\/\/newsestlyonnais.fr\/site\/2019\/02\/05\/vaulx-en-velin-lartistorium-expose-du-1-fevrier-a-fin-mars-2019-sur-les-murs-du-prestantine\/","url":"https:\/\/newsestlyonnais.fr\/site\/2019\/02\/05\/vaulx-en-velin-lartistorium-expose-du-1-fevrier-a-fin-mars-2019-sur-les-murs-du-prestantine\/","name":"VAULX-EN-VELIN | L'Artistorium expose sur les murs du Prestantine - News Est Lyonnais vaulx-en-velin-lartistorium-expose-du-1-fevrier-a-fin-mars-2019-sur-les-murs-du-prestantine","isPartOf":{"@id":"https:\/\/newsestlyonnais.fr\/site\/#website"},"datePublished":"2019-02-05T06:45:32+00:00","dateModified":"2020-11-20T12:18:19+00:00","description":"vaulx-en-velin-lartistorium-expose-du-1-fevrier-a-fin-mars-2019-sur-les-murs-du-prestantine","breadcrumb":{"@id":"https:\/\/newsestlyonnais.fr\/site\/2019\/02\/05\/vaulx-en-velin-lartistorium-expose-du-1-fevrier-a-fin-mars-2019-sur-les-murs-du-prestantine\/#breadcrumb"},"inLanguage":"fr-FR","potentialAction":[{"@type":"ReadAction","target":["https:\/\/newsestlyonnais.fr\/site\/2019\/02\/05\/vaulx-en-velin-lartistorium-expose-du-1-fevrier-a-fin-mars-2019-sur-les-murs-du-prestantine\/"]}]},{"@type":"BreadcrumbList","@id":"https:\/\/newsestlyonnais.fr\/site\/2019\/02\/05\/vaulx-en-velin-lartistorium-expose-du-1-fevrier-a-fin-mars-2019-sur-les-murs-du-prestantine\/#breadcrumb","itemListElement":[{"@type":"ListItem","position":1,"name":"Accueil","item":"https:\/\/newsestlyonnais.fr\/site\/"},{"@type":"ListItem","position":2,"name":"VAULX-EN-VELIN | L&rsquo;Artistorium expose sur les murs du Prestantine"}]},{"@type":"WebSite","@id":"https:\/\/newsestlyonnais.fr\/site\/#website","url":"https:\/\/newsestlyonnais.fr\/site\/","name":"News Est Lyonnais","description":"L&#039;actualit\u00e9 au plus pr\u00e8s","publisher":{"@id":"https:\/\/newsestlyonnais.fr\/site\/#organization"},"potentialAction":[{"@type":"SearchAction","target":{"@type":"EntryPoint","urlTemplate":"https:\/\/newsestlyonnais.fr\/site\/?s={search_term_string}"},"query-input":{"@type":"PropertyValueSpecification","valueRequired":true,"valueName":"search_term_string"}}],"inLanguage":"fr-FR"},{"@type":"Organization","@id":"https:\/\/newsestlyonnais.fr\/site\/#organization","name":"News EST LYONNAIS","url":"https:\/\/newsestlyonnais.fr\/site\/","logo":{"@type":"ImageObject","inLanguage":"fr-FR","@id":"https:\/\/newsestlyonnais.fr\/site\/#\/schema\/logo\/image\/","url":"","contentUrl":"","caption":"News EST LYONNAIS"},"image":{"@id":"https:\/\/newsestlyonnais.fr\/site\/#\/schema\/logo\/image\/"}},{"@type":"Person","@id":"https:\/\/newsestlyonnais.fr\/site\/#\/schema\/person\/3230d5615f390bb808365d673001e887","name":"R\u00e9dac. NEWS","sameAs":["http:\/\/www.newsestlyonnais.fr","https:\/\/www.facebook.com\/pascal.oberson.1?fref=ts","https:\/\/fr.linkedin.com\/in\/pascal-oberson-b17045113"],"url":"https:\/\/newsestlyonnais.fr\/site\/author\/nel\/"}]}},"_links":{"self":[{"href":"https:\/\/newsestlyonnais.fr\/site\/wp-json\/wp\/v2\/posts\/65663","targetHints":{"allow":["GET"]}}],"collection":[{"href":"https:\/\/newsestlyonnais.fr\/site\/wp-json\/wp\/v2\/posts"}],"about":[{"href":"https:\/\/newsestlyonnais.fr\/site\/wp-json\/wp\/v2\/types\/post"}],"author":[{"embeddable":true,"href":"https:\/\/newsestlyonnais.fr\/site\/wp-json\/wp\/v2\/users\/4"}],"replies":[{"embeddable":true,"href":"https:\/\/newsestlyonnais.fr\/site\/wp-json\/wp\/v2\/comments?post=65663"}],"version-history":[{"count":0,"href":"https:\/\/newsestlyonnais.fr\/site\/wp-json\/wp\/v2\/posts\/65663\/revisions"}],"wp:attachment":[{"href":"https:\/\/newsestlyonnais.fr\/site\/wp-json\/wp\/v2\/media?parent=65663"}],"wp:term":[{"taxonomy":"category","embeddable":true,"href":"https:\/\/newsestlyonnais.fr\/site\/wp-json\/wp\/v2\/categories?post=65663"},{"taxonomy":"post_tag","embeddable":true,"href":"https:\/\/newsestlyonnais.fr\/site\/wp-json\/wp\/v2\/tags?post=65663"}],"curies":[{"name":"wp","href":"https:\/\/api.w.org\/{rel}","templated":true}]}}