{"id":65672,"date":"2019-02-05T08:22:41","date_gmt":"2019-02-05T07:22:41","guid":{"rendered":"http:\/\/newsestlyonnais.fr\/site\/?p=65672"},"modified":"2020-05-20T18:00:49","modified_gmt":"2020-05-20T17:00:49","slug":"colombier-saugnieu-la-municipalite-a-cree-sa-page-facebook","status":"publish","type":"post","link":"https:\/\/newsestlyonnais.fr\/site\/2019\/02\/05\/colombier-saugnieu-la-municipalite-a-cree-sa-page-facebook\/","title":{"rendered":"COLOMBIER-SAUGNIEU | La municipalit\u00e9 cr\u00e9e sa page Facebook"},"content":{"rendered":"<h4>La municipalit\u00e9 de Colombier Saugnieu a cr\u00e9\u00e9 sa page Facebook pour diversifier et compl\u00e9ter son offre de communication.<\/h4>\n<p>Et \u00e9galement afin de pouvoir ainsi offrir une information plus dynamique, permettant d\u2019interagir entre habitant.e.s, fans et l\u2019institution autour principalement des festivit\u00e9s et de l\u2019animation du territoire.<\/p>\n<ul>\n<li><em><strong>Page<\/strong><\/em> : Village de Colombier Saugnieu<\/li>\n<li><a href=\"https:\/\/www.facebook.com\/Village-de-Colombier-Saugnieu-268043920742010\/\" target=\"_blank\" rel=\"noopener noreferrer\">https:\/\/www.facebook.com\/Village-de-Colombier-Saugnieu-268043920742010\/<\/a><\/li>\n<\/ul>\n","protected":false},"excerpt":{"rendered":"<p>La municipalit\u00e9 de Colombier Saugnieu a cr\u00e9\u00e9 sa page Facebook pour diversifier et compl\u00e9ter son offre de communication. Et \u00e9galement afin de pouvoir ainsi offrir une information plus dynamique, permettant d\u2019interagir entre habitant.e.s, fans et l\u2019institution autour principalement des festivit\u00e9s et de l\u2019animation du territoire. Page : Village de Colombier Saugnieu https:\/\/www.facebook.com\/Village-de-Colombier-Saugnieu-268043920742010\/<\/p>\n","protected":false},"author":4,"featured_media":0,"comment_status":"open","ping_status":"open","sticky":false,"template":"","format":"standard","meta":{"footnotes":""},"categories":[2217,270,1280,2172],"tags":[],"class_list":["post-65672","post","type-post","status-publish","format-standard","hentry","category-breves-de-lest-lyonnais","category-cte-de-communes-c-c-e-l","category-colombier-saugnieu","category-informatique-numerique"],"yoast_head":"<!-- This site is optimized with the Yoast SEO plugin v27.2 - https:\/\/yoast.com\/product\/yoast-seo-wordpress\/ -->\n<title>COLOMBIER-SAUGNIEU | La municipalit\u00e9 cr\u00e9e sa page Facebook - News Est Lyonnais<\/title>\n<meta name=\"description\" content=\"colombier-saugnieu-la-municipalite-a-cree-sa-page-facebook\" \/>\n<meta name=\"robots\" content=\"index, follow, max-snippet:-1, max-image-preview:large, max-video-preview:-1\" \/>\n<link rel=\"canonical\" href=\"https:\/\/newsestlyonnais.fr\/site\/2019\/02\/05\/colombier-saugnieu-la-municipalite-a-cree-sa-page-facebook\/\" \/>\n<meta property=\"og:locale\" content=\"fr_FR\" \/>\n<meta property=\"og:type\" content=\"article\" \/>\n<meta property=\"og:title\" content=\"COLOMBIER-SAUGNIEU | La municipalit\u00e9 cr\u00e9e sa page Facebook - News Est Lyonnais\" \/>\n<meta property=\"og:description\" content=\"colombier-saugnieu-la-municipalite-a-cree-sa-page-facebook\" \/>\n<meta property=\"og:url\" content=\"https:\/\/newsestlyonnais.fr\/site\/2019\/02\/05\/colombier-saugnieu-la-municipalite-a-cree-sa-page-facebook\/\" \/>\n<meta property=\"og:site_name\" content=\"News Est Lyonnais\" \/>\n<meta property=\"article:author\" content=\"https:\/\/www.facebook.com\/pascal.oberson.1?fref=ts\" \/>\n<meta property=\"article:published_time\" content=\"2019-02-05T07:22:41+00:00\" \/>\n<meta property=\"article:modified_time\" content=\"2020-05-20T17:00:49+00:00\" \/>\n<meta name=\"author\" content=\"R\u00e9dac. NEWS\" \/>\n<meta name=\"twitter:card\" content=\"summary_large_image\" \/>\n<meta name=\"twitter:label1\" content=\"\u00c9crit par\" \/>\n\t<meta name=\"twitter:data1\" content=\"R\u00e9dac. NEWS\" \/>\n<script type=\"application\/ld+json\" class=\"yoast-schema-graph\">{\"@context\":\"https:\/\/schema.org\",\"@graph\":[{\"@type\":\"Article\",\"@id\":\"https:\/\/newsestlyonnais.fr\/site\/2019\/02\/05\/colombier-saugnieu-la-municipalite-a-cree-sa-page-facebook\/#article\",\"isPartOf\":{\"@id\":\"https:\/\/newsestlyonnais.fr\/site\/2019\/02\/05\/colombier-saugnieu-la-municipalite-a-cree-sa-page-facebook\/\"},\"author\":{\"name\":\"R\u00e9dac. NEWS\",\"@id\":\"https:\/\/newsestlyonnais.fr\/site\/#\/schema\/person\/3230d5615f390bb808365d673001e887\"},\"headline\":\"COLOMBIER-SAUGNIEU | La municipalit\u00e9 cr\u00e9e sa page Facebook\",\"datePublished\":\"2019-02-05T07:22:41+00:00\",\"dateModified\":\"2020-05-20T17:00:49+00:00\",\"mainEntityOfPage\":{\"@id\":\"https:\/\/newsestlyonnais.fr\/site\/2019\/02\/05\/colombier-saugnieu-la-municipalite-a-cree-sa-page-facebook\/\"},\"wordCount\":70,\"commentCount\":0,\"publisher\":{\"@id\":\"https:\/\/newsestlyonnais.fr\/site\/#organization\"},\"articleSection\":[\"Br\u00e8ves de l'Est lyonnais\",\"CCEL | Communes\",\"Colombier-Saugnieu\",\"Informatique | Num\u00e9rique\"],\"inLanguage\":\"fr-FR\",\"potentialAction\":[{\"@type\":\"CommentAction\",\"name\":\"Comment\",\"target\":[\"https:\/\/newsestlyonnais.fr\/site\/2019\/02\/05\/colombier-saugnieu-la-municipalite-a-cree-sa-page-facebook\/#respond\"]}]},{\"@type\":\"WebPage\",\"@id\":\"https:\/\/newsestlyonnais.fr\/site\/2019\/02\/05\/colombier-saugnieu-la-municipalite-a-cree-sa-page-facebook\/\",\"url\":\"https:\/\/newsestlyonnais.fr\/site\/2019\/02\/05\/colombier-saugnieu-la-municipalite-a-cree-sa-page-facebook\/\",\"name\":\"COLOMBIER-SAUGNIEU | La municipalit\u00e9 cr\u00e9e sa page Facebook - News Est Lyonnais\",\"isPartOf\":{\"@id\":\"https:\/\/newsestlyonnais.fr\/site\/#website\"},\"datePublished\":\"2019-02-05T07:22:41+00:00\",\"dateModified\":\"2020-05-20T17:00:49+00:00\",\"description\":\"colombier-saugnieu-la-municipalite-a-cree-sa-page-facebook\",\"breadcrumb\":{\"@id\":\"https:\/\/newsestlyonnais.fr\/site\/2019\/02\/05\/colombier-saugnieu-la-municipalite-a-cree-sa-page-facebook\/#breadcrumb\"},\"inLanguage\":\"fr-FR\",\"potentialAction\":[{\"@type\":\"ReadAction\",\"target\":[\"https:\/\/newsestlyonnais.fr\/site\/2019\/02\/05\/colombier-saugnieu-la-municipalite-a-cree-sa-page-facebook\/\"]}]},{\"@type\":\"BreadcrumbList\",\"@id\":\"https:\/\/newsestlyonnais.fr\/site\/2019\/02\/05\/colombier-saugnieu-la-municipalite-a-cree-sa-page-facebook\/#breadcrumb\",\"itemListElement\":[{\"@type\":\"ListItem\",\"position\":1,\"name\":\"Accueil\",\"item\":\"https:\/\/newsestlyonnais.fr\/site\/\"},{\"@type\":\"ListItem\",\"position\":2,\"name\":\"COLOMBIER-SAUGNIEU | La municipalit\u00e9 cr\u00e9e sa page Facebook\"}]},{\"@type\":\"WebSite\",\"@id\":\"https:\/\/newsestlyonnais.fr\/site\/#website\",\"url\":\"https:\/\/newsestlyonnais.fr\/site\/\",\"name\":\"News Est Lyonnais\",\"description\":\"L&#039;actualit\u00e9 au plus pr\u00e8s\",\"publisher\":{\"@id\":\"https:\/\/newsestlyonnais.fr\/site\/#organization\"},\"potentialAction\":[{\"@type\":\"SearchAction\",\"target\":{\"@type\":\"EntryPoint\",\"urlTemplate\":\"https:\/\/newsestlyonnais.fr\/site\/?s={search_term_string}\"},\"query-input\":{\"@type\":\"PropertyValueSpecification\",\"valueRequired\":true,\"valueName\":\"search_term_string\"}}],\"inLanguage\":\"fr-FR\"},{\"@type\":\"Organization\",\"@id\":\"https:\/\/newsestlyonnais.fr\/site\/#organization\",\"name\":\"News EST LYONNAIS\",\"url\":\"https:\/\/newsestlyonnais.fr\/site\/\",\"logo\":{\"@type\":\"ImageObject\",\"inLanguage\":\"fr-FR\",\"@id\":\"https:\/\/newsestlyonnais.fr\/site\/#\/schema\/logo\/image\/\",\"url\":\"\",\"contentUrl\":\"\",\"caption\":\"News EST LYONNAIS\"},\"image\":{\"@id\":\"https:\/\/newsestlyonnais.fr\/site\/#\/schema\/logo\/image\/\"}},{\"@type\":\"Person\",\"@id\":\"https:\/\/newsestlyonnais.fr\/site\/#\/schema\/person\/3230d5615f390bb808365d673001e887\",\"name\":\"R\u00e9dac. NEWS\",\"sameAs\":[\"http:\/\/www.newsestlyonnais.fr\",\"https:\/\/www.facebook.com\/pascal.oberson.1?fref=ts\",\"https:\/\/fr.linkedin.com\/in\/pascal-oberson-b17045113\"],\"url\":\"https:\/\/newsestlyonnais.fr\/site\/author\/nel\/\"}]}<\/script>\n<!-- \/ Yoast SEO plugin. -->","yoast_head_json":{"title":"COLOMBIER-SAUGNIEU | La municipalit\u00e9 cr\u00e9e sa page Facebook - News Est Lyonnais","description":"colombier-saugnieu-la-municipalite-a-cree-sa-page-facebook","robots":{"index":"index","follow":"follow","max-snippet":"max-snippet:-1","max-image-preview":"max-image-preview:large","max-video-preview":"max-video-preview:-1"},"canonical":"https:\/\/newsestlyonnais.fr\/site\/2019\/02\/05\/colombier-saugnieu-la-municipalite-a-cree-sa-page-facebook\/","og_locale":"fr_FR","og_type":"article","og_title":"COLOMBIER-SAUGNIEU | La municipalit\u00e9 cr\u00e9e sa page Facebook - News Est Lyonnais","og_description":"colombier-saugnieu-la-municipalite-a-cree-sa-page-facebook","og_url":"https:\/\/newsestlyonnais.fr\/site\/2019\/02\/05\/colombier-saugnieu-la-municipalite-a-cree-sa-page-facebook\/","og_site_name":"News Est Lyonnais","article_author":"https:\/\/www.facebook.com\/pascal.oberson.1?fref=ts","article_published_time":"2019-02-05T07:22:41+00:00","article_modified_time":"2020-05-20T17:00:49+00:00","author":"R\u00e9dac. NEWS","twitter_card":"summary_large_image","twitter_misc":{"\u00c9crit par":"R\u00e9dac. NEWS"},"schema":{"@context":"https:\/\/schema.org","@graph":[{"@type":"Article","@id":"https:\/\/newsestlyonnais.fr\/site\/2019\/02\/05\/colombier-saugnieu-la-municipalite-a-cree-sa-page-facebook\/#article","isPartOf":{"@id":"https:\/\/newsestlyonnais.fr\/site\/2019\/02\/05\/colombier-saugnieu-la-municipalite-a-cree-sa-page-facebook\/"},"author":{"name":"R\u00e9dac. NEWS","@id":"https:\/\/newsestlyonnais.fr\/site\/#\/schema\/person\/3230d5615f390bb808365d673001e887"},"headline":"COLOMBIER-SAUGNIEU | La municipalit\u00e9 cr\u00e9e sa page Facebook","datePublished":"2019-02-05T07:22:41+00:00","dateModified":"2020-05-20T17:00:49+00:00","mainEntityOfPage":{"@id":"https:\/\/newsestlyonnais.fr\/site\/2019\/02\/05\/colombier-saugnieu-la-municipalite-a-cree-sa-page-facebook\/"},"wordCount":70,"commentCount":0,"publisher":{"@id":"https:\/\/newsestlyonnais.fr\/site\/#organization"},"articleSection":["Br\u00e8ves de l'Est lyonnais","CCEL | Communes","Colombier-Saugnieu","Informatique | Num\u00e9rique"],"inLanguage":"fr-FR","potentialAction":[{"@type":"CommentAction","name":"Comment","target":["https:\/\/newsestlyonnais.fr\/site\/2019\/02\/05\/colombier-saugnieu-la-municipalite-a-cree-sa-page-facebook\/#respond"]}]},{"@type":"WebPage","@id":"https:\/\/newsestlyonnais.fr\/site\/2019\/02\/05\/colombier-saugnieu-la-municipalite-a-cree-sa-page-facebook\/","url":"https:\/\/newsestlyonnais.fr\/site\/2019\/02\/05\/colombier-saugnieu-la-municipalite-a-cree-sa-page-facebook\/","name":"COLOMBIER-SAUGNIEU | La municipalit\u00e9 cr\u00e9e sa page Facebook - News Est Lyonnais","isPartOf":{"@id":"https:\/\/newsestlyonnais.fr\/site\/#website"},"datePublished":"2019-02-05T07:22:41+00:00","dateModified":"2020-05-20T17:00:49+00:00","description":"colombier-saugnieu-la-municipalite-a-cree-sa-page-facebook","breadcrumb":{"@id":"https:\/\/newsestlyonnais.fr\/site\/2019\/02\/05\/colombier-saugnieu-la-municipalite-a-cree-sa-page-facebook\/#breadcrumb"},"inLanguage":"fr-FR","potentialAction":[{"@type":"ReadAction","target":["https:\/\/newsestlyonnais.fr\/site\/2019\/02\/05\/colombier-saugnieu-la-municipalite-a-cree-sa-page-facebook\/"]}]},{"@type":"BreadcrumbList","@id":"https:\/\/newsestlyonnais.fr\/site\/2019\/02\/05\/colombier-saugnieu-la-municipalite-a-cree-sa-page-facebook\/#breadcrumb","itemListElement":[{"@type":"ListItem","position":1,"name":"Accueil","item":"https:\/\/newsestlyonnais.fr\/site\/"},{"@type":"ListItem","position":2,"name":"COLOMBIER-SAUGNIEU | La municipalit\u00e9 cr\u00e9e sa page Facebook"}]},{"@type":"WebSite","@id":"https:\/\/newsestlyonnais.fr\/site\/#website","url":"https:\/\/newsestlyonnais.fr\/site\/","name":"News Est Lyonnais","description":"L&#039;actualit\u00e9 au plus pr\u00e8s","publisher":{"@id":"https:\/\/newsestlyonnais.fr\/site\/#organization"},"potentialAction":[{"@type":"SearchAction","target":{"@type":"EntryPoint","urlTemplate":"https:\/\/newsestlyonnais.fr\/site\/?s={search_term_string}"},"query-input":{"@type":"PropertyValueSpecification","valueRequired":true,"valueName":"search_term_string"}}],"inLanguage":"fr-FR"},{"@type":"Organization","@id":"https:\/\/newsestlyonnais.fr\/site\/#organization","name":"News EST LYONNAIS","url":"https:\/\/newsestlyonnais.fr\/site\/","logo":{"@type":"ImageObject","inLanguage":"fr-FR","@id":"https:\/\/newsestlyonnais.fr\/site\/#\/schema\/logo\/image\/","url":"","contentUrl":"","caption":"News EST LYONNAIS"},"image":{"@id":"https:\/\/newsestlyonnais.fr\/site\/#\/schema\/logo\/image\/"}},{"@type":"Person","@id":"https:\/\/newsestlyonnais.fr\/site\/#\/schema\/person\/3230d5615f390bb808365d673001e887","name":"R\u00e9dac. NEWS","sameAs":["http:\/\/www.newsestlyonnais.fr","https:\/\/www.facebook.com\/pascal.oberson.1?fref=ts","https:\/\/fr.linkedin.com\/in\/pascal-oberson-b17045113"],"url":"https:\/\/newsestlyonnais.fr\/site\/author\/nel\/"}]}},"_links":{"self":[{"href":"https:\/\/newsestlyonnais.fr\/site\/wp-json\/wp\/v2\/posts\/65672","targetHints":{"allow":["GET"]}}],"collection":[{"href":"https:\/\/newsestlyonnais.fr\/site\/wp-json\/wp\/v2\/posts"}],"about":[{"href":"https:\/\/newsestlyonnais.fr\/site\/wp-json\/wp\/v2\/types\/post"}],"author":[{"embeddable":true,"href":"https:\/\/newsestlyonnais.fr\/site\/wp-json\/wp\/v2\/users\/4"}],"replies":[{"embeddable":true,"href":"https:\/\/newsestlyonnais.fr\/site\/wp-json\/wp\/v2\/comments?post=65672"}],"version-history":[{"count":0,"href":"https:\/\/newsestlyonnais.fr\/site\/wp-json\/wp\/v2\/posts\/65672\/revisions"}],"wp:attachment":[{"href":"https:\/\/newsestlyonnais.fr\/site\/wp-json\/wp\/v2\/media?parent=65672"}],"wp:term":[{"taxonomy":"category","embeddable":true,"href":"https:\/\/newsestlyonnais.fr\/site\/wp-json\/wp\/v2\/categories?post=65672"},{"taxonomy":"post_tag","embeddable":true,"href":"https:\/\/newsestlyonnais.fr\/site\/wp-json\/wp\/v2\/tags?post=65672"}],"curies":[{"name":"wp","href":"https:\/\/api.w.org\/{rel}","templated":true}]}}